{"id":9795,"date":"2024-06-01T00:01:00","date_gmt":"2024-05-31T22:01:00","guid":{"rendered":"https:\/\/www.dominiqueduvivier.com\/?p=9795"},"modified":"2025-02-13T17:08:41","modified_gmt":"2025-02-13T16:08:41","slug":"le-nouveau-double-fond-est-arrive-2","status":"publish","type":"post","link":"https:\/\/www.dominiqueduvivier.com\/index.php\/2024\/06\/01\/le-nouveau-double-fond-est-arrive-2\/","title":{"rendered":"Le nouveau DOUBLE FOND est arriv\u00e9"},"content":{"rendered":"\n<p>Aujourd&rsquo;hui, jour pour jour, il y a 36 ans Le Double Fond ouvrait ses portes <br>C&rsquo;\u00e9tait le 1er juin 1988.<br>C&rsquo;\u00e9tait mon r\u00eave : cr\u00e9er un lieu enti\u00e8rement consacr\u00e9 \u00e0 l\u2019art magique <br>En 2024 les plus importants travaux jamais r\u00e9alis\u00e9s au Double Fond sont mis en \u0153uvre : apr\u00e8s un mois de travaux, le nouvel am\u00e9nagement s\u2019est d\u00e9voil\u00e9 d\u2019abord sous les yeux \u00e9mus de toute l\u2019\u00e9quipe puis sous les yeux \u00e9bahis du public !<\/p>\n\n\n\n<iframe loading=\"lazy\" width=\"464\" height=\"825\" src=\"https:\/\/www.youtube.com\/embed\/CRHUxxUoLqw\" title=\"\" frameborder=\"0\" allow=\"accelerometer; autoplay; clipboard-write; encrypted-media; gyroscope; picture-in-picture; web-share\" referrerpolicy=\"strict-origin-when-cross-origin\" allowfullscreen=\"\"><\/iframe>\n","protected":false},"excerpt":{"rendered":"<p>Aujourd&rsquo;hui, jour pour jour, il y a 36 ans Le Double Fond ouvrait ses portes C&rsquo;\u00e9tait le 1er juin 1988.C&rsquo;\u00e9tait mon r\u00eave : cr\u00e9er un lieu enti\u00e8rement consacr\u00e9 \u00e0 l\u2019art magique En 2024 les plus importants travaux jamais r\u00e9alis\u00e9s au Double Fond sont mis en \u0153uvre : apr\u00e8s un mois de travaux, le nouvel am\u00e9nagement &hellip;<\/p>\n","protected":false},"author":2,"featured_media":9793,"comment_status":"open","ping_status":"open","sticky":false,"template":"","format":"standard","meta":{"_monsterinsights_skip_tracking":false,"_monsterinsights_sitenote_active":false,"_monsterinsights_sitenote_note":"","_monsterinsights_sitenote_category":0,"ngg_post_thumbnail":0},"categories":[4,6],"tags":[334,98,99,27,332,335,333],"yoast_head":"<!-- This site is optimized with the Yoast SEO plugin v17.9 - https:\/\/yoast.com\/wordpress\/plugins\/seo\/ -->\n<title>Le nouveau DOUBLE FOND est arriv\u00e9 - Entretiens avec Dominique Duvivier - Toute la magie de Dominique Duvivier<\/title>\n<meta name=\"robots\" content=\"index, follow, max-snippet:-1, max-image-preview:large, max-video-preview:-1\" \/>\n<link rel=\"canonical\" href=\"https:\/\/www.dominiqueduvivier.com\/index.php\/2024\/06\/01\/le-nouveau-double-fond-est-arrive-2\/\" \/>\n<meta property=\"og:locale\" content=\"fr_FR\" \/>\n<meta property=\"og:type\" content=\"article\" \/>\n<meta property=\"og:title\" content=\"Le nouveau DOUBLE FOND est arriv\u00e9 - Entretiens avec Dominique Duvivier - Toute la magie de Dominique Duvivier\" \/>\n<meta property=\"og:description\" content=\"Aujourd&rsquo;hui, jour pour jour, il y a 36 ans Le Double Fond ouvrait ses portes C&rsquo;\u00e9tait le 1er juin 1988.C&rsquo;\u00e9tait mon r\u00eave : cr\u00e9er un lieu enti\u00e8rement consacr\u00e9 \u00e0 l\u2019art magique En 2024 les plus importants travaux jamais r\u00e9alis\u00e9s au Double Fond sont mis en \u0153uvre : apr\u00e8s un mois de travaux, le nouvel am\u00e9nagement &hellip;\" \/>\n<meta property=\"og:url\" content=\"https:\/\/www.dominiqueduvivier.com\/index.php\/2024\/06\/01\/le-nouveau-double-fond-est-arrive-2\/\" \/>\n<meta property=\"og:site_name\" content=\"Entretiens avec Dominique Duvivier - Toute la magie de Dominique Duvivier\" \/>\n<meta property=\"article:publisher\" content=\"https:\/\/www.facebook.com\/dominique.duvivier.1232\/\" \/>\n<meta property=\"article:published_time\" content=\"2024-05-31T22:01:00+00:00\" \/>\n<meta property=\"article:modified_time\" content=\"2025-02-13T16:08:41+00:00\" \/>\n<meta property=\"og:image\" content=\"https:\/\/www.dominiqueduvivier.com\/wp-content\/uploads\/2024\/05\/Le-Double-Fond-Paris-9.jpg\" \/>\n\t<meta property=\"og:image:width\" content=\"1024\" \/>\n\t<meta property=\"og:image:height\" content=\"683\" \/>\n\t<meta property=\"og:image:type\" content=\"image\/jpeg\" \/>\n<meta name=\"twitter:card\" content=\"summary_large_image\" \/>\n<meta name=\"twitter:creator\" content=\"@DDUVIVIER\" \/>\n<meta name=\"twitter:site\" content=\"@DDUVIVIER\" \/>\n<meta name=\"twitter:label1\" content=\"\u00c9crit par\" \/>\n\t<meta name=\"twitter:data1\" content=\"Dominique Duvivier\" \/>\n\t<meta name=\"twitter:label2\" content=\"Dur\u00e9e de lecture estim\u00e9e\" \/>\n\t<meta name=\"twitter:data2\" content=\"1 minute\" \/>\n<script type=\"application\/ld+json\" class=\"yoast-schema-graph\">{\"@context\":\"https:\/\/schema.org\",\"@graph\":[{\"@type\":\"WebSite\",\"@id\":\"https:\/\/www.dominiqueduvivier.com\/#website\",\"url\":\"https:\/\/www.dominiqueduvivier.com\/\",\"name\":\"Entretiens avec Dominique Duvivier - Toute la magie de Dominique Duvivier\",\"description\":\"Dominique Duvivier | Magicien\",\"potentialAction\":[{\"@type\":\"SearchAction\",\"target\":{\"@type\":\"EntryPoint\",\"urlTemplate\":\"https:\/\/www.dominiqueduvivier.com\/?s={search_term_string}\"},\"query-input\":\"required name=search_term_string\"}],\"inLanguage\":\"fr-FR\"},{\"@type\":\"ImageObject\",\"@id\":\"https:\/\/www.dominiqueduvivier.com\/index.php\/2024\/06\/01\/le-nouveau-double-fond-est-arrive-2\/#primaryimage\",\"inLanguage\":\"fr-FR\",\"url\":\"https:\/\/www.dominiqueduvivier.com\/wp-content\/uploads\/2024\/05\/Le-Double-Fond-Paris-9.jpg\",\"contentUrl\":\"https:\/\/www.dominiqueduvivier.com\/wp-content\/uploads\/2024\/05\/Le-Double-Fond-Paris-9.jpg\",\"width\":1024,\"height\":683},{\"@type\":\"WebPage\",\"@id\":\"https:\/\/www.dominiqueduvivier.com\/index.php\/2024\/06\/01\/le-nouveau-double-fond-est-arrive-2\/#webpage\",\"url\":\"https:\/\/www.dominiqueduvivier.com\/index.php\/2024\/06\/01\/le-nouveau-double-fond-est-arrive-2\/\",\"name\":\"Le nouveau DOUBLE FOND est arriv\\u00e9 - Entretiens avec Dominique Duvivier - Toute la magie de Dominique Duvivier\",\"isPartOf\":{\"@id\":\"https:\/\/www.dominiqueduvivier.com\/#website\"},\"primaryImageOfPage\":{\"@id\":\"https:\/\/www.dominiqueduvivier.com\/index.php\/2024\/06\/01\/le-nouveau-double-fond-est-arrive-2\/#primaryimage\"},\"datePublished\":\"2024-05-31T22:01:00+00:00\",\"dateModified\":\"2025-02-13T16:08:41+00:00\",\"author\":{\"@id\":\"https:\/\/www.dominiqueduvivier.com\/#\/schema\/person\/677c0bd6d5c5d21949cab39bb529a81c\"},\"breadcrumb\":{\"@id\":\"https:\/\/www.dominiqueduvivier.com\/index.php\/2024\/06\/01\/le-nouveau-double-fond-est-arrive-2\/#breadcrumb\"},\"inLanguage\":\"fr-FR\",\"potentialAction\":[{\"@type\":\"ReadAction\",\"target\":[\"https:\/\/www.dominiqueduvivier.com\/index.php\/2024\/06\/01\/le-nouveau-double-fond-est-arrive-2\/\"]}]},{\"@type\":\"BreadcrumbList\",\"@id\":\"https:\/\/www.dominiqueduvivier.com\/index.php\/2024\/06\/01\/le-nouveau-double-fond-est-arrive-2\/#breadcrumb\",\"itemListElement\":[{\"@type\":\"ListItem\",\"position\":1,\"name\":\"Accueil\",\"item\":\"https:\/\/www.dominiqueduvivier.com\/\"},{\"@type\":\"ListItem\",\"position\":2,\"name\":\"Le nouveau DOUBLE FOND est arriv\\u00e9\"}]},{\"@type\":\"Person\",\"@id\":\"https:\/\/www.dominiqueduvivier.com\/#\/schema\/person\/677c0bd6d5c5d21949cab39bb529a81c\",\"name\":\"Dominique Duvivier\",\"image\":{\"@type\":\"ImageObject\",\"@id\":\"https:\/\/www.dominiqueduvivier.com\/#personlogo\",\"inLanguage\":\"fr-FR\",\"url\":\"https:\/\/www.dominiqueduvivier.com\/wp-content\/uploads\/2019\/04\/Double-Fond-1-2-excl-groupes-10-150x150.jpg\",\"contentUrl\":\"https:\/\/www.dominiqueduvivier.com\/wp-content\/uploads\/2019\/04\/Double-Fond-1-2-excl-groupes-10-150x150.jpg\",\"caption\":\"Dominique Duvivier\"},\"description\":\"\\u2663\\ufe0f Magicien. \\u2666\\ufe0f Ma\\u00eetre de l\\u2019art du #CloseUp. \\u2665\\ufe0f Cr\\u00e9ateur de tours et professeur. \\u2660\\ufe0f Fondateur @ledoublefond et directeur de Mayette Magie.\",\"url\":\"https:\/\/www.dominiqueduvivier.com\/index.php\/author\/dominique-duvivier\/\"}]}<\/script>\n<!-- \/ Yoast SEO plugin. -->","yoast_head_json":{"title":"Le nouveau DOUBLE FOND est arriv\u00e9 - Entretiens avec Dominique Duvivier - Toute la magie de Dominique Duvivier","robots":{"index":"index","follow":"follow","max-snippet":"max-snippet:-1","max-image-preview":"max-image-preview:large","max-video-preview":"max-video-preview:-1"},"canonical":"https:\/\/www.dominiqueduvivier.com\/index.php\/2024\/06\/01\/le-nouveau-double-fond-est-arrive-2\/","og_locale":"fr_FR","og_type":"article","og_title":"Le nouveau DOUBLE FOND est arriv\u00e9 - Entretiens avec Dominique Duvivier - Toute la magie de Dominique Duvivier","og_description":"Aujourd&rsquo;hui, jour pour jour, il y a 36 ans Le Double Fond ouvrait ses portes C&rsquo;\u00e9tait le 1er juin 1988.C&rsquo;\u00e9tait mon r\u00eave : cr\u00e9er un lieu enti\u00e8rement consacr\u00e9 \u00e0 l\u2019art magique En 2024 les plus importants travaux jamais r\u00e9alis\u00e9s au Double Fond sont mis en \u0153uvre : apr\u00e8s un mois de travaux, le nouvel am\u00e9nagement &hellip;","og_url":"https:\/\/www.dominiqueduvivier.com\/index.php\/2024\/06\/01\/le-nouveau-double-fond-est-arrive-2\/","og_site_name":"Entretiens avec Dominique Duvivier - Toute la magie de Dominique Duvivier","article_publisher":"https:\/\/www.facebook.com\/dominique.duvivier.1232\/","article_published_time":"2024-05-31T22:01:00+00:00","article_modified_time":"2025-02-13T16:08:41+00:00","og_image":[{"width":1024,"height":683,"url":"https:\/\/www.dominiqueduvivier.com\/wp-content\/uploads\/2024\/05\/Le-Double-Fond-Paris-9.jpg","type":"image\/jpeg"}],"twitter_card":"summary_large_image","twitter_creator":"@DDUVIVIER","twitter_site":"@DDUVIVIER","twitter_misc":{"\u00c9crit par":"Dominique Duvivier","Dur\u00e9e de lecture estim\u00e9e":"1 minute"},"schema":{"@context":"https:\/\/schema.org","@graph":[{"@type":"WebSite","@id":"https:\/\/www.dominiqueduvivier.com\/#website","url":"https:\/\/www.dominiqueduvivier.com\/","name":"Entretiens avec Dominique Duvivier - Toute la magie de Dominique Duvivier","description":"Dominique Duvivier | Magicien","potentialAction":[{"@type":"SearchAction","target":{"@type":"EntryPoint","urlTemplate":"https:\/\/www.dominiqueduvivier.com\/?s={search_term_string}"},"query-input":"required name=search_term_string"}],"inLanguage":"fr-FR"},{"@type":"ImageObject","@id":"https:\/\/www.dominiqueduvivier.com\/index.php\/2024\/06\/01\/le-nouveau-double-fond-est-arrive-2\/#primaryimage","inLanguage":"fr-FR","url":"https:\/\/www.dominiqueduvivier.com\/wp-content\/uploads\/2024\/05\/Le-Double-Fond-Paris-9.jpg","contentUrl":"https:\/\/www.dominiqueduvivier.com\/wp-content\/uploads\/2024\/05\/Le-Double-Fond-Paris-9.jpg","width":1024,"height":683},{"@type":"WebPage","@id":"https:\/\/www.dominiqueduvivier.com\/index.php\/2024\/06\/01\/le-nouveau-double-fond-est-arrive-2\/#webpage","url":"https:\/\/www.dominiqueduvivier.com\/index.php\/2024\/06\/01\/le-nouveau-double-fond-est-arrive-2\/","name":"Le nouveau DOUBLE FOND est arriv\u00e9 - Entretiens avec Dominique Duvivier - Toute la magie de Dominique Duvivier","isPartOf":{"@id":"https:\/\/www.dominiqueduvivier.com\/#website"},"primaryImageOfPage":{"@id":"https:\/\/www.dominiqueduvivier.com\/index.php\/2024\/06\/01\/le-nouveau-double-fond-est-arrive-2\/#primaryimage"},"datePublished":"2024-05-31T22:01:00+00:00","dateModified":"2025-02-13T16:08:41+00:00","author":{"@id":"https:\/\/www.dominiqueduvivier.com\/#\/schema\/person\/677c0bd6d5c5d21949cab39bb529a81c"},"breadcrumb":{"@id":"https:\/\/www.dominiqueduvivier.com\/index.php\/2024\/06\/01\/le-nouveau-double-fond-est-arrive-2\/#breadcrumb"},"inLanguage":"fr-FR","potentialAction":[{"@type":"ReadAction","target":["https:\/\/www.dominiqueduvivier.com\/index.php\/2024\/06\/01\/le-nouveau-double-fond-est-arrive-2\/"]}]},{"@type":"BreadcrumbList","@id":"https:\/\/www.dominiqueduvivier.com\/index.php\/2024\/06\/01\/le-nouveau-double-fond-est-arrive-2\/#breadcrumb","itemListElement":[{"@type":"ListItem","position":1,"name":"Accueil","item":"https:\/\/www.dominiqueduvivier.com\/"},{"@type":"ListItem","position":2,"name":"Le nouveau DOUBLE FOND est arriv\u00e9"}]},{"@type":"Person","@id":"https:\/\/www.dominiqueduvivier.com\/#\/schema\/person\/677c0bd6d5c5d21949cab39bb529a81c","name":"Dominique Duvivier","image":{"@type":"ImageObject","@id":"https:\/\/www.dominiqueduvivier.com\/#personlogo","inLanguage":"fr-FR","url":"https:\/\/www.dominiqueduvivier.com\/wp-content\/uploads\/2019\/04\/Double-Fond-1-2-excl-groupes-10-150x150.jpg","contentUrl":"https:\/\/www.dominiqueduvivier.com\/wp-content\/uploads\/2019\/04\/Double-Fond-1-2-excl-groupes-10-150x150.jpg","caption":"Dominique Duvivier"},"description":"\u2663\ufe0f Magicien. \u2666\ufe0f Ma\u00eetre de l\u2019art du #CloseUp. \u2665\ufe0f Cr\u00e9ateur de tours et professeur. \u2660\ufe0f Fondateur @ledoublefond et directeur de Mayette Magie.","url":"https:\/\/www.dominiqueduvivier.com\/index.php\/author\/dominique-duvivier\/"}]}},"_links":{"self":[{"href":"https:\/\/www.dominiqueduvivier.com\/index.php\/wp-json\/wp\/v2\/posts\/9795"}],"collection":[{"href":"https:\/\/www.dominiqueduvivier.com\/index.php\/wp-json\/wp\/v2\/posts"}],"about":[{"href":"https:\/\/www.dominiqueduvivier.com\/index.php\/wp-json\/wp\/v2\/types\/post"}],"author":[{"embeddable":true,"href":"https:\/\/www.dominiqueduvivier.com\/index.php\/wp-json\/wp\/v2\/users\/2"}],"replies":[{"embeddable":true,"href":"https:\/\/www.dominiqueduvivier.com\/index.php\/wp-json\/wp\/v2\/comments?post=9795"}],"version-history":[{"count":3,"href":"https:\/\/www.dominiqueduvivier.com\/index.php\/wp-json\/wp\/v2\/posts\/9795\/revisions"}],"predecessor-version":[{"id":10046,"href":"https:\/\/www.dominiqueduvivier.com\/index.php\/wp-json\/wp\/v2\/posts\/9795\/revisions\/10046"}],"wp:featuredmedia":[{"embeddable":true,"href":"https:\/\/www.dominiqueduvivier.com\/index.php\/wp-json\/wp\/v2\/media\/9793"}],"wp:attachment":[{"href":"https:\/\/www.dominiqueduvivier.com\/index.php\/wp-json\/wp\/v2\/media?parent=9795"}],"wp:term":[{"taxonomy":"category","embeddable":true,"href":"https:\/\/www.dominiqueduvivier.com\/index.php\/wp-json\/wp\/v2\/categories?post=9795"},{"taxonomy":"post_tag","embeddable":true,"href":"https:\/\/www.dominiqueduvivier.com\/index.php\/wp-json\/wp\/v2\/tags?post=9795"}],"curies":[{"name":"wp","href":"https:\/\/api.w.org\/{rel}","templated":true}]}}