{"id":9444,"date":"2024-01-08T00:01:00","date_gmt":"2024-01-07T23:01:00","guid":{"rendered":"https:\/\/www.dominiqueduvivier.com\/?p=9444"},"modified":"2025-02-13T17:03:21","modified_gmt":"2025-02-13T16:03:21","slug":"emission-radio-notre-dame-lame-des-lieux-le-double-fond","status":"publish","type":"post","link":"https:\/\/www.dominiqueduvivier.com\/index.php\/2024\/01\/08\/emission-radio-notre-dame-lame-des-lieux-le-double-fond\/","title":{"rendered":"Emission Radio Notre Dame l&rsquo;\u00e2me des lieux      LE DOUBLE FOND"},"content":{"rendered":"\n<p>Plongez dans le coeur de l&rsquo;histoire du Double Fond. <\/p>\n\n\n\n<p>Merci \u00e0 Louis-Marie Picard et Radio Notre-Dame qui sont venus nous rendre visite pour l\u2019enregistrement de leur \u00e9mission <\/p>\n\n\n\n<p>Bonne \u00e9coute <\/p>\n\n\n\n<figure class=\"wp-block-embed is-type-video is-provider-youtube wp-block-embed-youtube wp-embed-aspect-16-9 wp-has-aspect-ratio\"><div class=\"wp-block-embed__wrapper\">\n<iframe loading=\"lazy\" title=\"Emission Radio Notre Dame l&#039;\u00e2me des lieux LE DOUBLE FOND\" width=\"500\" height=\"281\" src=\"https:\/\/www.youtube.com\/embed\/XkbTUZR25Fk?feature=oembed\" frameborder=\"0\" allow=\"accelerometer; autoplay; clipboard-write; encrypted-media; gyroscope; picture-in-picture; web-share\" allowfullscreen><\/iframe>\n<\/div><\/figure>\n","protected":false},"excerpt":{"rendered":"<p>Plongez dans le coeur de l&rsquo;histoire du Double Fond. Merci \u00e0 Louis-Marie Picard et Radio Notre-Dame qui sont venus nous rendre visite pour l\u2019enregistrement de leur \u00e9mission Bonne \u00e9coute<\/p>\n","protected":false},"author":2,"featured_media":9445,"comment_status":"open","ping_status":"open","sticky":false,"template":"","format":"standard","meta":{"_monsterinsights_skip_tracking":false,"_monsterinsights_sitenote_active":false,"_monsterinsights_sitenote_note":"","_monsterinsights_sitenote_category":0,"ngg_post_thumbnail":0},"categories":[216,6],"tags":[15,98,99,27,317,313,116],"yoast_head":"<!-- This site is optimized with the Yoast SEO plugin v17.9 - https:\/\/yoast.com\/wordpress\/plugins\/seo\/ -->\n<title>Emission Radio Notre Dame l&#039;\u00e2me des lieux   LE DOUBLE FOND - Entretiens avec Dominique Duvivier - Toute la magie de Dominique Duvivier<\/title>\n<meta name=\"robots\" content=\"index, follow, max-snippet:-1, max-image-preview:large, max-video-preview:-1\" \/>\n<link rel=\"canonical\" href=\"https:\/\/www.dominiqueduvivier.com\/index.php\/2024\/01\/08\/emission-radio-notre-dame-lame-des-lieux-le-double-fond\/\" \/>\n<meta property=\"og:locale\" content=\"fr_FR\" \/>\n<meta property=\"og:type\" content=\"article\" \/>\n<meta property=\"og:title\" content=\"Emission Radio Notre Dame l&#039;\u00e2me des lieux   LE DOUBLE FOND - Entretiens avec Dominique Duvivier - Toute la magie de Dominique Duvivier\" \/>\n<meta property=\"og:description\" content=\"Plongez dans le coeur de l&rsquo;histoire du Double Fond. Merci \u00e0 Louis-Marie Picard et Radio Notre-Dame qui sont venus nous rendre visite pour l\u2019enregistrement de leur \u00e9mission Bonne \u00e9coute\" \/>\n<meta property=\"og:url\" content=\"https:\/\/www.dominiqueduvivier.com\/index.php\/2024\/01\/08\/emission-radio-notre-dame-lame-des-lieux-le-double-fond\/\" \/>\n<meta property=\"og:site_name\" content=\"Entretiens avec Dominique Duvivier - Toute la magie de Dominique Duvivier\" \/>\n<meta property=\"article:publisher\" content=\"https:\/\/www.facebook.com\/dominique.duvivier.1232\/\" \/>\n<meta property=\"article:published_time\" content=\"2024-01-07T23:01:00+00:00\" \/>\n<meta property=\"article:modified_time\" content=\"2025-02-13T16:03:21+00:00\" \/>\n<meta property=\"og:image\" content=\"https:\/\/www.dominiqueduvivier.com\/wp-content\/uploads\/2023\/12\/2023-12-28_10h23_24-1.png\" \/>\n\t<meta property=\"og:image:width\" content=\"1919\" \/>\n\t<meta property=\"og:image:height\" content=\"1079\" \/>\n\t<meta property=\"og:image:type\" content=\"image\/png\" \/>\n<meta name=\"twitter:card\" content=\"summary_large_image\" \/>\n<meta name=\"twitter:creator\" content=\"@DDUVIVIER\" \/>\n<meta name=\"twitter:site\" content=\"@DDUVIVIER\" \/>\n<meta name=\"twitter:label1\" content=\"\u00c9crit par\" \/>\n\t<meta name=\"twitter:data1\" content=\"Dominique Duvivier\" \/>\n\t<meta name=\"twitter:label2\" content=\"Dur\u00e9e de lecture estim\u00e9e\" \/>\n\t<meta name=\"twitter:data2\" content=\"1 minute\" \/>\n<script type=\"application\/ld+json\" class=\"yoast-schema-graph\">{\"@context\":\"https:\/\/schema.org\",\"@graph\":[{\"@type\":\"WebSite\",\"@id\":\"https:\/\/www.dominiqueduvivier.com\/#website\",\"url\":\"https:\/\/www.dominiqueduvivier.com\/\",\"name\":\"Entretiens avec Dominique Duvivier - Toute la magie de Dominique Duvivier\",\"description\":\"Dominique Duvivier | Magicien\",\"potentialAction\":[{\"@type\":\"SearchAction\",\"target\":{\"@type\":\"EntryPoint\",\"urlTemplate\":\"https:\/\/www.dominiqueduvivier.com\/?s={search_term_string}\"},\"query-input\":\"required name=search_term_string\"}],\"inLanguage\":\"fr-FR\"},{\"@type\":\"ImageObject\",\"@id\":\"https:\/\/www.dominiqueduvivier.com\/index.php\/2024\/01\/08\/emission-radio-notre-dame-lame-des-lieux-le-double-fond\/#primaryimage\",\"inLanguage\":\"fr-FR\",\"url\":\"https:\/\/www.dominiqueduvivier.com\/wp-content\/uploads\/2023\/12\/2023-12-28_10h23_24-1.png\",\"contentUrl\":\"https:\/\/www.dominiqueduvivier.com\/wp-content\/uploads\/2023\/12\/2023-12-28_10h23_24-1.png\",\"width\":1919,\"height\":1079},{\"@type\":\"WebPage\",\"@id\":\"https:\/\/www.dominiqueduvivier.com\/index.php\/2024\/01\/08\/emission-radio-notre-dame-lame-des-lieux-le-double-fond\/#webpage\",\"url\":\"https:\/\/www.dominiqueduvivier.com\/index.php\/2024\/01\/08\/emission-radio-notre-dame-lame-des-lieux-le-double-fond\/\",\"name\":\"Emission Radio Notre Dame l'\\u00e2me des lieux LE DOUBLE FOND - Entretiens avec Dominique Duvivier - Toute la magie de Dominique Duvivier\",\"isPartOf\":{\"@id\":\"https:\/\/www.dominiqueduvivier.com\/#website\"},\"primaryImageOfPage\":{\"@id\":\"https:\/\/www.dominiqueduvivier.com\/index.php\/2024\/01\/08\/emission-radio-notre-dame-lame-des-lieux-le-double-fond\/#primaryimage\"},\"datePublished\":\"2024-01-07T23:01:00+00:00\",\"dateModified\":\"2025-02-13T16:03:21+00:00\",\"author\":{\"@id\":\"https:\/\/www.dominiqueduvivier.com\/#\/schema\/person\/677c0bd6d5c5d21949cab39bb529a81c\"},\"breadcrumb\":{\"@id\":\"https:\/\/www.dominiqueduvivier.com\/index.php\/2024\/01\/08\/emission-radio-notre-dame-lame-des-lieux-le-double-fond\/#breadcrumb\"},\"inLanguage\":\"fr-FR\",\"potentialAction\":[{\"@type\":\"ReadAction\",\"target\":[\"https:\/\/www.dominiqueduvivier.com\/index.php\/2024\/01\/08\/emission-radio-notre-dame-lame-des-lieux-le-double-fond\/\"]}]},{\"@type\":\"BreadcrumbList\",\"@id\":\"https:\/\/www.dominiqueduvivier.com\/index.php\/2024\/01\/08\/emission-radio-notre-dame-lame-des-lieux-le-double-fond\/#breadcrumb\",\"itemListElement\":[{\"@type\":\"ListItem\",\"position\":1,\"name\":\"Accueil\",\"item\":\"https:\/\/www.dominiqueduvivier.com\/\"},{\"@type\":\"ListItem\",\"position\":2,\"name\":\"Emission Radio Notre Dame l&#8217;\\u00e2me des lieux LE DOUBLE FOND\"}]},{\"@type\":\"Person\",\"@id\":\"https:\/\/www.dominiqueduvivier.com\/#\/schema\/person\/677c0bd6d5c5d21949cab39bb529a81c\",\"name\":\"Dominique Duvivier\",\"image\":{\"@type\":\"ImageObject\",\"@id\":\"https:\/\/www.dominiqueduvivier.com\/#personlogo\",\"inLanguage\":\"fr-FR\",\"url\":\"https:\/\/www.dominiqueduvivier.com\/wp-content\/uploads\/2019\/04\/Double-Fond-1-2-excl-groupes-10-150x150.jpg\",\"contentUrl\":\"https:\/\/www.dominiqueduvivier.com\/wp-content\/uploads\/2019\/04\/Double-Fond-1-2-excl-groupes-10-150x150.jpg\",\"caption\":\"Dominique Duvivier\"},\"description\":\"\\u2663\\ufe0f Magicien. \\u2666\\ufe0f Ma\\u00eetre de l\\u2019art du #CloseUp. \\u2665\\ufe0f Cr\\u00e9ateur de tours et professeur. \\u2660\\ufe0f Fondateur @ledoublefond et directeur de Mayette Magie.\",\"url\":\"https:\/\/www.dominiqueduvivier.com\/index.php\/author\/dominique-duvivier\/\"}]}<\/script>\n<!-- \/ Yoast SEO plugin. -->","yoast_head_json":{"title":"Emission Radio Notre Dame l'\u00e2me des lieux   LE DOUBLE FOND - Entretiens avec Dominique Duvivier - Toute la magie de Dominique Duvivier","robots":{"index":"index","follow":"follow","max-snippet":"max-snippet:-1","max-image-preview":"max-image-preview:large","max-video-preview":"max-video-preview:-1"},"canonical":"https:\/\/www.dominiqueduvivier.com\/index.php\/2024\/01\/08\/emission-radio-notre-dame-lame-des-lieux-le-double-fond\/","og_locale":"fr_FR","og_type":"article","og_title":"Emission Radio Notre Dame l'\u00e2me des lieux   LE DOUBLE FOND - Entretiens avec Dominique Duvivier - Toute la magie de Dominique Duvivier","og_description":"Plongez dans le coeur de l&rsquo;histoire du Double Fond. Merci \u00e0 Louis-Marie Picard et Radio Notre-Dame qui sont venus nous rendre visite pour l\u2019enregistrement de leur \u00e9mission Bonne \u00e9coute","og_url":"https:\/\/www.dominiqueduvivier.com\/index.php\/2024\/01\/08\/emission-radio-notre-dame-lame-des-lieux-le-double-fond\/","og_site_name":"Entretiens avec Dominique Duvivier - Toute la magie de Dominique Duvivier","article_publisher":"https:\/\/www.facebook.com\/dominique.duvivier.1232\/","article_published_time":"2024-01-07T23:01:00+00:00","article_modified_time":"2025-02-13T16:03:21+00:00","og_image":[{"width":1919,"height":1079,"url":"https:\/\/www.dominiqueduvivier.com\/wp-content\/uploads\/2023\/12\/2023-12-28_10h23_24-1.png","type":"image\/png"}],"twitter_card":"summary_large_image","twitter_creator":"@DDUVIVIER","twitter_site":"@DDUVIVIER","twitter_misc":{"\u00c9crit par":"Dominique Duvivier","Dur\u00e9e de lecture estim\u00e9e":"1 minute"},"schema":{"@context":"https:\/\/schema.org","@graph":[{"@type":"WebSite","@id":"https:\/\/www.dominiqueduvivier.com\/#website","url":"https:\/\/www.dominiqueduvivier.com\/","name":"Entretiens avec Dominique Duvivier - Toute la magie de Dominique Duvivier","description":"Dominique Duvivier | Magicien","potentialAction":[{"@type":"SearchAction","target":{"@type":"EntryPoint","urlTemplate":"https:\/\/www.dominiqueduvivier.com\/?s={search_term_string}"},"query-input":"required name=search_term_string"}],"inLanguage":"fr-FR"},{"@type":"ImageObject","@id":"https:\/\/www.dominiqueduvivier.com\/index.php\/2024\/01\/08\/emission-radio-notre-dame-lame-des-lieux-le-double-fond\/#primaryimage","inLanguage":"fr-FR","url":"https:\/\/www.dominiqueduvivier.com\/wp-content\/uploads\/2023\/12\/2023-12-28_10h23_24-1.png","contentUrl":"https:\/\/www.dominiqueduvivier.com\/wp-content\/uploads\/2023\/12\/2023-12-28_10h23_24-1.png","width":1919,"height":1079},{"@type":"WebPage","@id":"https:\/\/www.dominiqueduvivier.com\/index.php\/2024\/01\/08\/emission-radio-notre-dame-lame-des-lieux-le-double-fond\/#webpage","url":"https:\/\/www.dominiqueduvivier.com\/index.php\/2024\/01\/08\/emission-radio-notre-dame-lame-des-lieux-le-double-fond\/","name":"Emission Radio Notre Dame l'\u00e2me des lieux LE DOUBLE FOND - Entretiens avec Dominique Duvivier - Toute la magie de Dominique Duvivier","isPartOf":{"@id":"https:\/\/www.dominiqueduvivier.com\/#website"},"primaryImageOfPage":{"@id":"https:\/\/www.dominiqueduvivier.com\/index.php\/2024\/01\/08\/emission-radio-notre-dame-lame-des-lieux-le-double-fond\/#primaryimage"},"datePublished":"2024-01-07T23:01:00+00:00","dateModified":"2025-02-13T16:03:21+00:00","author":{"@id":"https:\/\/www.dominiqueduvivier.com\/#\/schema\/person\/677c0bd6d5c5d21949cab39bb529a81c"},"breadcrumb":{"@id":"https:\/\/www.dominiqueduvivier.com\/index.php\/2024\/01\/08\/emission-radio-notre-dame-lame-des-lieux-le-double-fond\/#breadcrumb"},"inLanguage":"fr-FR","potentialAction":[{"@type":"ReadAction","target":["https:\/\/www.dominiqueduvivier.com\/index.php\/2024\/01\/08\/emission-radio-notre-dame-lame-des-lieux-le-double-fond\/"]}]},{"@type":"BreadcrumbList","@id":"https:\/\/www.dominiqueduvivier.com\/index.php\/2024\/01\/08\/emission-radio-notre-dame-lame-des-lieux-le-double-fond\/#breadcrumb","itemListElement":[{"@type":"ListItem","position":1,"name":"Accueil","item":"https:\/\/www.dominiqueduvivier.com\/"},{"@type":"ListItem","position":2,"name":"Emission Radio Notre Dame l&#8217;\u00e2me des lieux LE DOUBLE FOND"}]},{"@type":"Person","@id":"https:\/\/www.dominiqueduvivier.com\/#\/schema\/person\/677c0bd6d5c5d21949cab39bb529a81c","name":"Dominique Duvivier","image":{"@type":"ImageObject","@id":"https:\/\/www.dominiqueduvivier.com\/#personlogo","inLanguage":"fr-FR","url":"https:\/\/www.dominiqueduvivier.com\/wp-content\/uploads\/2019\/04\/Double-Fond-1-2-excl-groupes-10-150x150.jpg","contentUrl":"https:\/\/www.dominiqueduvivier.com\/wp-content\/uploads\/2019\/04\/Double-Fond-1-2-excl-groupes-10-150x150.jpg","caption":"Dominique Duvivier"},"description":"\u2663\ufe0f Magicien. \u2666\ufe0f Ma\u00eetre de l\u2019art du #CloseUp. \u2665\ufe0f Cr\u00e9ateur de tours et professeur. \u2660\ufe0f Fondateur @ledoublefond et directeur de Mayette Magie.","url":"https:\/\/www.dominiqueduvivier.com\/index.php\/author\/dominique-duvivier\/"}]}},"_links":{"self":[{"href":"https:\/\/www.dominiqueduvivier.com\/index.php\/wp-json\/wp\/v2\/posts\/9444"}],"collection":[{"href":"https:\/\/www.dominiqueduvivier.com\/index.php\/wp-json\/wp\/v2\/posts"}],"about":[{"href":"https:\/\/www.dominiqueduvivier.com\/index.php\/wp-json\/wp\/v2\/types\/post"}],"author":[{"embeddable":true,"href":"https:\/\/www.dominiqueduvivier.com\/index.php\/wp-json\/wp\/v2\/users\/2"}],"replies":[{"embeddable":true,"href":"https:\/\/www.dominiqueduvivier.com\/index.php\/wp-json\/wp\/v2\/comments?post=9444"}],"version-history":[{"count":2,"href":"https:\/\/www.dominiqueduvivier.com\/index.php\/wp-json\/wp\/v2\/posts\/9444\/revisions"}],"predecessor-version":[{"id":9763,"href":"https:\/\/www.dominiqueduvivier.com\/index.php\/wp-json\/wp\/v2\/posts\/9444\/revisions\/9763"}],"wp:featuredmedia":[{"embeddable":true,"href":"https:\/\/www.dominiqueduvivier.com\/index.php\/wp-json\/wp\/v2\/media\/9445"}],"wp:attachment":[{"href":"https:\/\/www.dominiqueduvivier.com\/index.php\/wp-json\/wp\/v2\/media?parent=9444"}],"wp:term":[{"taxonomy":"category","embeddable":true,"href":"https:\/\/www.dominiqueduvivier.com\/index.php\/wp-json\/wp\/v2\/categories?post=9444"},{"taxonomy":"post_tag","embeddable":true,"href":"https:\/\/www.dominiqueduvivier.com\/index.php\/wp-json\/wp\/v2\/tags?post=9444"}],"curies":[{"name":"wp","href":"https:\/\/api.w.org\/{rel}","templated":true}]}}