{"id":9303,"date":"2023-07-31T00:01:00","date_gmt":"2023-07-30T22:01:00","guid":{"rendered":"https:\/\/www.dominiqueduvivier.com\/?p=9303"},"modified":"2024-04-04T13:04:17","modified_gmt":"2024-04-04T11:04:17","slug":"podcast-et-si-cetait-vrai-emission-hors-serie-n25","status":"publish","type":"post","link":"https:\/\/www.dominiqueduvivier.com\/index.php\/2023\/07\/31\/podcast-et-si-cetait-vrai-emission-hors-serie-n25\/","title":{"rendered":"Podcast \u00ab\u00a0Et si c&rsquo;\u00e9tait vrai ?\u00a0\u00bb \u00e9mission Hors-S\u00e9rie n\u00b025"},"content":{"rendered":"\n<figure class=\"wp-block-image alignfull size-large\"><img loading=\"lazy\" width=\"600\" height=\"200\" src=\"https:\/\/www.dominiqueduvivier.com\/wp-content\/uploads\/2020\/12\/banniere-podcast-et-si-c\u00e9tait-vrai-71.jpg\" alt=\"\" class=\"wp-image-8157\" srcset=\"https:\/\/www.dominiqueduvivier.com\/wp-content\/uploads\/2020\/12\/banniere-podcast-et-si-c\u00e9tait-vrai-71.jpg 600w, https:\/\/www.dominiqueduvivier.com\/wp-content\/uploads\/2020\/12\/banniere-podcast-et-si-c\u00e9tait-vrai-71-300x100.jpg 300w\" sizes=\"(max-width: 600px) 100vw, 600px\" \/><\/figure>\n\n\n\n<p>Cher.e.s ami.e.s,<\/p>\n\n\n\n<p><br>Voici la 25\u00e8me \u00e9mission hors-s\u00e9rie de mon podcast, enregistr\u00e9e le 1er juillet 2023.<\/p>\n\n\n\n<p>Pour commencer, un petit point d\u2019actualit\u00e9 pour nos auditeurs.<\/p>\n\n\n\n<p>Dans ce podcast, accompagn\u00e9 de Lionel, j\u2019explique la conception de mon spectacle \u00ab\u00a0Magie \u00e0 la carte\u00a0\u00bb&nbsp;que je joue en duo avec @<a href=\"http:\/\/www.alexandraduvivier.com\">AlexandraDuvivieroff<\/a>&nbsp;!<\/p>\n\n\n\n<p>Nous \u00e9voquons \u00e9galement mes inspirations cin\u00e9matographiques qui m\u2019ont le plus marqu\u00e9 dans le temps.<\/p>\n\n\n\n<p><br>L\u2019\u00e9dition a aussi \u00e9t\u00e9 enregistr\u00e9e en vid\u00e9o, et \u00e0 retrouver sur : <a href=\"http:\/\/www.doublefond.tv\" target=\"_blank\" rel=\"noreferrer noopener\">http:\/\/www.doublefond.tv<\/a><\/p>\n\n\n\n<p>\u00c0 d\u00e9couvrir aussi sur Spotify, Deezer, Amazon Music, Apple Podcast et toutes les plateformes. \ud83c\udfa7<\/p>\n\n\n\n<p><br><\/p>\n\n\n\n<p>Prenez place ais\u00e9ment, et offrez une oreille attentive \u00e0 cet \u00e9change que j\u2019ai ador\u00e9 enregistrer.<\/p>\n\n\n\n<p>Merveilleuse \u00e9coute ! \ud83d\ude01<\/p>\n\n\n\n<p>Et si c\u2019\u00e9tait vous qui me posiez des questions&nbsp;? Envoyez-moi un mail \u00e0 <a href=\"mailto:dominiqueduvivier@doublefond.com\">dominiqueduvivier@doublefond.com<\/a> et vos questions seront abord\u00e9es lors de la prochaine session d\u2019enregistrement de podcasts&nbsp;\ud83d\ude09<\/p>\n\n\n\n<p>A vous de jouer&nbsp;!<\/p>\n\n\n\n<p>Pour \u00e9couter mon podcast sur d\u2019autres plateformes :<\/p>\n\n\n\n<div class=\"wp-block-image\"><figure class=\"aligncenter size-large is-resized\"><a href=\"https:\/\/podcasts.apple.com\/fr\/podcast\/et-si-c%C3%A9tait-vrai-entretiens-magiques-avec-dominique\/id488572020?l=en?l=en\"><img loading=\"lazy\" src=\"https:\/\/www.dominiqueduvivier.com\/wp-content\/uploads\/2021\/07\/1200px-Podcasts_iOS.svg-1-1024x1024.png\" alt=\"\" class=\"wp-image-8515\" width=\"133\" height=\"133\" srcset=\"https:\/\/www.dominiqueduvivier.com\/wp-content\/uploads\/2021\/07\/1200px-Podcasts_iOS.svg-1-1024x1024.png 1024w, https:\/\/www.dominiqueduvivier.com\/wp-content\/uploads\/2021\/07\/1200px-Podcasts_iOS.svg-1-300x300.png 300w, https:\/\/www.dominiqueduvivier.com\/wp-content\/uploads\/2021\/07\/1200px-Podcasts_iOS.svg-1-150x150.png 150w, https:\/\/www.dominiqueduvivier.com\/wp-content\/uploads\/2021\/07\/1200px-Podcasts_iOS.svg-1-768x768.png 768w, https:\/\/www.dominiqueduvivier.com\/wp-content\/uploads\/2021\/07\/1200px-Podcasts_iOS.svg-1.png 1200w\" sizes=\"(max-width: 133px) 100vw, 133px\" \/><\/a><figcaption>Apple Podcast<\/figcaption><\/figure><\/div>\n\n\n\n<div class=\"wp-block-image\"><figure class=\"aligncenter size-large is-resized\"><a href=\"https:\/\/www.deezer.com\/fr\/show\/2657032\"><img loading=\"lazy\" src=\"https:\/\/www.dominiqueduvivier.com\/wp-content\/uploads\/2021\/07\/deezer-logo-circle.png\" alt=\"\" class=\"wp-image-8518\" width=\"133\" height=\"133\" srcset=\"https:\/\/www.dominiqueduvivier.com\/wp-content\/uploads\/2021\/07\/deezer-logo-circle.png 485w, https:\/\/www.dominiqueduvivier.com\/wp-content\/uploads\/2021\/07\/deezer-logo-circle-300x300.png 300w, https:\/\/www.dominiqueduvivier.com\/wp-content\/uploads\/2021\/07\/deezer-logo-circle-150x150.png 150w\" sizes=\"(max-width: 133px) 100vw, 133px\" \/><\/a><figcaption>Deezer<\/figcaption><\/figure><\/div>\n\n\n\n<div class=\"wp-block-image is-style-default\"><figure class=\"aligncenter size-large is-resized\"><a href=\"https:\/\/open.spotify.com\/show\/2SE8N9mUEoVAZUmCR6RTJi?si=S7NfvQCoSeycOWUdzDemRQ&amp;nd=1\"><img loading=\"lazy\" src=\"https:\/\/www.dominiqueduvivier.com\/wp-content\/uploads\/2021\/05\/Spotify-Logo.png\" alt=\"\" class=\"wp-image-8438\" width=\"133\" height=\"133\" srcset=\"https:\/\/www.dominiqueduvivier.com\/wp-content\/uploads\/2021\/05\/Spotify-Logo.png 300w, https:\/\/www.dominiqueduvivier.com\/wp-content\/uploads\/2021\/05\/Spotify-Logo-150x150.png 150w\" sizes=\"(max-width: 133px) 100vw, 133px\" \/><\/a><figcaption>Spotify<\/figcaption><\/figure><\/div>\n\n\n\n<div class=\"wp-block-image\"><figure class=\"aligncenter size-large is-resized\"><a href=\"https:\/\/podcastaddict.com\/podcast\/32427\"><img loading=\"lazy\" src=\"https:\/\/www.dominiqueduvivier.com\/wp-content\/uploads\/2021\/05\/Podcast-Addict-Logo.png\" alt=\"\" class=\"wp-image-8442\" width=\"133\" height=\"133\" srcset=\"https:\/\/www.dominiqueduvivier.com\/wp-content\/uploads\/2021\/05\/Podcast-Addict-Logo.png 512w, https:\/\/www.dominiqueduvivier.com\/wp-content\/uploads\/2021\/05\/Podcast-Addict-Logo-300x300.png 300w, https:\/\/www.dominiqueduvivier.com\/wp-content\/uploads\/2021\/05\/Podcast-Addict-Logo-150x150.png 150w\" sizes=\"(max-width: 133px) 100vw, 133px\" \/><\/a><figcaption>Podcast Addict<\/figcaption><\/figure><\/div>\n\n\n\n<div class=\"wp-block-image\"><figure class=\"aligncenter size-large is-resized\"><a href=\"https:\/\/music.amazon.fr\/podcasts\/1787a721-0f09-4da2-b355-8fa0053bb2db\/Et-si-ctait-vrai-Entretiens-magiques-avec-Dominique-Duvivier\"><img loading=\"lazy\" src=\"https:\/\/www.dominiqueduvivier.com\/wp-content\/uploads\/2021\/05\/Amazon-Music-Logo.png\" alt=\"\" class=\"wp-image-8441\" width=\"133\" height=\"133\" srcset=\"https:\/\/www.dominiqueduvivier.com\/wp-content\/uploads\/2021\/05\/Amazon-Music-Logo.png 512w, https:\/\/www.dominiqueduvivier.com\/wp-content\/uploads\/2021\/05\/Amazon-Music-Logo-300x300.png 300w, https:\/\/www.dominiqueduvivier.com\/wp-content\/uploads\/2021\/05\/Amazon-Music-Logo-150x150.png 150w\" sizes=\"(max-width: 133px) 100vw, 133px\" \/><\/a><figcaption>Amazon Music<\/figcaption><\/figure><\/div>\n\n\n\n<p><\/p>\n","protected":false},"excerpt":{"rendered":"<p>Cher.e.s ami.e.s, Voici la 25\u00e8me \u00e9mission hors-s\u00e9rie de mon podcast, enregistr\u00e9e le 1er juillet 2023. Pour commencer, un petit point d\u2019actualit\u00e9 pour nos auditeurs. Dans ce podcast, accompagn\u00e9 de Lionel, j\u2019explique la conception de mon spectacle \u00ab\u00a0Magie \u00e0 la carte\u00a0\u00bb&nbsp;que je joue en duo avec @AlexandraDuvivieroff&nbsp;! Nous \u00e9voquons \u00e9galement mes inspirations cin\u00e9matographiques qui m\u2019ont le &hellip;<\/p>\n","protected":false},"author":2,"featured_media":9725,"comment_status":"open","ping_status":"open","sticky":false,"template":"","format":"standard","meta":{"_monsterinsights_skip_tracking":false,"_monsterinsights_sitenote_active":false,"_monsterinsights_sitenote_note":"","_monsterinsights_sitenote_category":0,"ngg_post_thumbnail":0},"categories":[5],"tags":[107,14,153,17,109,101,97,108,133,98,99,27,95,139,141,29,30,105],"yoast_head":"<!-- This site is optimized with the Yoast SEO plugin v17.9 - https:\/\/yoast.com\/wordpress\/plugins\/seo\/ -->\n<title>Podcast &quot;Et si c&#039;\u00e9tait vrai ?&quot; \u00e9mission Hors-S\u00e9rie n\u00b025 - Entretiens avec Dominique Duvivier - Toute la magie de Dominique Duvivier<\/title>\n<meta name=\"description\" content=\"Voici la 117 \u00e8me \u00e9mission de mon podcast, enregistr\u00e9e le 6 novembre 2021.\" \/>\n<meta name=\"robots\" content=\"index, follow, max-snippet:-1, max-image-preview:large, max-video-preview:-1\" \/>\n<link rel=\"canonical\" href=\"https:\/\/www.dominiqueduvivier.com\/index.php\/2023\/07\/31\/podcast-et-si-cetait-vrai-emission-hors-serie-n25\/\" \/>\n<meta property=\"og:locale\" content=\"fr_FR\" \/>\n<meta property=\"og:type\" content=\"article\" \/>\n<meta property=\"og:title\" content=\"Podcast &quot;Et si c&#039;\u00e9tait vrai ?&quot; \u00e9mission Hors-S\u00e9rie n\u00b025 - Entretiens avec Dominique Duvivier - Toute la magie de Dominique Duvivier\" \/>\n<meta property=\"og:description\" content=\"Voici la 117 \u00e8me \u00e9mission de mon podcast, enregistr\u00e9e le 6 novembre 2021.\" \/>\n<meta property=\"og:url\" content=\"https:\/\/www.dominiqueduvivier.com\/index.php\/2023\/07\/31\/podcast-et-si-cetait-vrai-emission-hors-serie-n25\/\" \/>\n<meta property=\"og:site_name\" content=\"Entretiens avec Dominique Duvivier - Toute la magie de Dominique Duvivier\" \/>\n<meta property=\"article:publisher\" content=\"https:\/\/www.facebook.com\/dominique.duvivier.1232\/\" \/>\n<meta property=\"article:published_time\" content=\"2023-07-30T22:01:00+00:00\" \/>\n<meta property=\"article:modified_time\" content=\"2024-04-04T11:04:17+00:00\" \/>\n<meta property=\"og:image\" content=\"https:\/\/www.dominiqueduvivier.com\/wp-content\/uploads\/2023\/07\/Visuel-Et-si-cetait-vrai_HS25-scaled.jpg\" \/>\n\t<meta property=\"og:image:width\" content=\"2560\" \/>\n\t<meta property=\"og:image:height\" content=\"1708\" \/>\n\t<meta property=\"og:image:type\" content=\"image\/jpeg\" \/>\n<meta name=\"twitter:card\" content=\"summary_large_image\" \/>\n<meta name=\"twitter:creator\" content=\"@DDUVIVIER\" \/>\n<meta name=\"twitter:site\" content=\"@DDUVIVIER\" \/>\n<meta name=\"twitter:label1\" content=\"\u00c9crit par\" \/>\n\t<meta name=\"twitter:data1\" content=\"Dominique Duvivier\" \/>\n\t<meta name=\"twitter:label2\" content=\"Dur\u00e9e de lecture estim\u00e9e\" \/>\n\t<meta name=\"twitter:data2\" content=\"2 minutes\" \/>\n<script type=\"application\/ld+json\" class=\"yoast-schema-graph\">{\"@context\":\"https:\/\/schema.org\",\"@graph\":[{\"@type\":\"WebSite\",\"@id\":\"https:\/\/www.dominiqueduvivier.com\/#website\",\"url\":\"https:\/\/www.dominiqueduvivier.com\/\",\"name\":\"Entretiens avec Dominique Duvivier - Toute la magie de Dominique Duvivier\",\"description\":\"Dominique Duvivier | Magicien\",\"potentialAction\":[{\"@type\":\"SearchAction\",\"target\":{\"@type\":\"EntryPoint\",\"urlTemplate\":\"https:\/\/www.dominiqueduvivier.com\/?s={search_term_string}\"},\"query-input\":\"required name=search_term_string\"}],\"inLanguage\":\"fr-FR\"},{\"@type\":\"ImageObject\",\"@id\":\"https:\/\/www.dominiqueduvivier.com\/index.php\/2023\/07\/31\/podcast-et-si-cetait-vrai-emission-hors-serie-n25\/#primaryimage\",\"inLanguage\":\"fr-FR\",\"url\":\"https:\/\/www.dominiqueduvivier.com\/wp-content\/uploads\/2023\/07\/Visuel-Et-si-cetait-vrai_HS25-scaled.jpg\",\"contentUrl\":\"https:\/\/www.dominiqueduvivier.com\/wp-content\/uploads\/2023\/07\/Visuel-Et-si-cetait-vrai_HS25-scaled.jpg\",\"width\":2560,\"height\":1708},{\"@type\":\"WebPage\",\"@id\":\"https:\/\/www.dominiqueduvivier.com\/index.php\/2023\/07\/31\/podcast-et-si-cetait-vrai-emission-hors-serie-n25\/#webpage\",\"url\":\"https:\/\/www.dominiqueduvivier.com\/index.php\/2023\/07\/31\/podcast-et-si-cetait-vrai-emission-hors-serie-n25\/\",\"name\":\"Podcast \\\"Et si c'\\u00e9tait vrai ?\\\" \\u00e9mission Hors-S\\u00e9rie n\\u00b025 - Entretiens avec Dominique Duvivier - Toute la magie de Dominique Duvivier\",\"isPartOf\":{\"@id\":\"https:\/\/www.dominiqueduvivier.com\/#website\"},\"primaryImageOfPage\":{\"@id\":\"https:\/\/www.dominiqueduvivier.com\/index.php\/2023\/07\/31\/podcast-et-si-cetait-vrai-emission-hors-serie-n25\/#primaryimage\"},\"datePublished\":\"2023-07-30T22:01:00+00:00\",\"dateModified\":\"2024-04-04T11:04:17+00:00\",\"author\":{\"@id\":\"https:\/\/www.dominiqueduvivier.com\/#\/schema\/person\/677c0bd6d5c5d21949cab39bb529a81c\"},\"description\":\"Voici la 117 \\u00e8me \\u00e9mission de mon podcast, enregistr\\u00e9e le 6 novembre 2021.\",\"breadcrumb\":{\"@id\":\"https:\/\/www.dominiqueduvivier.com\/index.php\/2023\/07\/31\/podcast-et-si-cetait-vrai-emission-hors-serie-n25\/#breadcrumb\"},\"inLanguage\":\"fr-FR\",\"potentialAction\":[{\"@type\":\"ReadAction\",\"target\":[\"https:\/\/www.dominiqueduvivier.com\/index.php\/2023\/07\/31\/podcast-et-si-cetait-vrai-emission-hors-serie-n25\/\"]}]},{\"@type\":\"BreadcrumbList\",\"@id\":\"https:\/\/www.dominiqueduvivier.com\/index.php\/2023\/07\/31\/podcast-et-si-cetait-vrai-emission-hors-serie-n25\/#breadcrumb\",\"itemListElement\":[{\"@type\":\"ListItem\",\"position\":1,\"name\":\"Accueil\",\"item\":\"https:\/\/www.dominiqueduvivier.com\/\"},{\"@type\":\"ListItem\",\"position\":2,\"name\":\"Podcast &#8220;Et si c&#8217;\\u00e9tait vrai ?&#8221; \\u00e9mission Hors-S\\u00e9rie n\\u00b025\"}]},{\"@type\":\"Person\",\"@id\":\"https:\/\/www.dominiqueduvivier.com\/#\/schema\/person\/677c0bd6d5c5d21949cab39bb529a81c\",\"name\":\"Dominique Duvivier\",\"image\":{\"@type\":\"ImageObject\",\"@id\":\"https:\/\/www.dominiqueduvivier.com\/#personlogo\",\"inLanguage\":\"fr-FR\",\"url\":\"https:\/\/www.dominiqueduvivier.com\/wp-content\/uploads\/2019\/04\/Double-Fond-1-2-excl-groupes-10-150x150.jpg\",\"contentUrl\":\"https:\/\/www.dominiqueduvivier.com\/wp-content\/uploads\/2019\/04\/Double-Fond-1-2-excl-groupes-10-150x150.jpg\",\"caption\":\"Dominique Duvivier\"},\"description\":\"\\u2663\\ufe0f Magicien. \\u2666\\ufe0f Ma\\u00eetre de l\\u2019art du #CloseUp. \\u2665\\ufe0f Cr\\u00e9ateur de tours et professeur. \\u2660\\ufe0f Fondateur @ledoublefond et directeur de Mayette Magie.\",\"url\":\"https:\/\/www.dominiqueduvivier.com\/index.php\/author\/dominique-duvivier\/\"}]}<\/script>\n<!-- \/ Yoast SEO plugin. -->","yoast_head_json":{"title":"Podcast \"Et si c'\u00e9tait vrai ?\" \u00e9mission Hors-S\u00e9rie n\u00b025 - Entretiens avec Dominique Duvivier - Toute la magie de Dominique Duvivier","description":"Voici la 117 \u00e8me \u00e9mission de mon podcast, enregistr\u00e9e le 6 novembre 2021.","robots":{"index":"index","follow":"follow","max-snippet":"max-snippet:-1","max-image-preview":"max-image-preview:large","max-video-preview":"max-video-preview:-1"},"canonical":"https:\/\/www.dominiqueduvivier.com\/index.php\/2023\/07\/31\/podcast-et-si-cetait-vrai-emission-hors-serie-n25\/","og_locale":"fr_FR","og_type":"article","og_title":"Podcast \"Et si c'\u00e9tait vrai ?\" \u00e9mission Hors-S\u00e9rie n\u00b025 - Entretiens avec Dominique Duvivier - Toute la magie de Dominique Duvivier","og_description":"Voici la 117 \u00e8me \u00e9mission de mon podcast, enregistr\u00e9e le 6 novembre 2021.","og_url":"https:\/\/www.dominiqueduvivier.com\/index.php\/2023\/07\/31\/podcast-et-si-cetait-vrai-emission-hors-serie-n25\/","og_site_name":"Entretiens avec Dominique Duvivier - Toute la magie de Dominique Duvivier","article_publisher":"https:\/\/www.facebook.com\/dominique.duvivier.1232\/","article_published_time":"2023-07-30T22:01:00+00:00","article_modified_time":"2024-04-04T11:04:17+00:00","og_image":[{"width":2560,"height":1708,"url":"https:\/\/www.dominiqueduvivier.com\/wp-content\/uploads\/2023\/07\/Visuel-Et-si-cetait-vrai_HS25-scaled.jpg","type":"image\/jpeg"}],"twitter_card":"summary_large_image","twitter_creator":"@DDUVIVIER","twitter_site":"@DDUVIVIER","twitter_misc":{"\u00c9crit par":"Dominique Duvivier","Dur\u00e9e de lecture estim\u00e9e":"2 minutes"},"schema":{"@context":"https:\/\/schema.org","@graph":[{"@type":"WebSite","@id":"https:\/\/www.dominiqueduvivier.com\/#website","url":"https:\/\/www.dominiqueduvivier.com\/","name":"Entretiens avec Dominique Duvivier - Toute la magie de Dominique Duvivier","description":"Dominique Duvivier | Magicien","potentialAction":[{"@type":"SearchAction","target":{"@type":"EntryPoint","urlTemplate":"https:\/\/www.dominiqueduvivier.com\/?s={search_term_string}"},"query-input":"required name=search_term_string"}],"inLanguage":"fr-FR"},{"@type":"ImageObject","@id":"https:\/\/www.dominiqueduvivier.com\/index.php\/2023\/07\/31\/podcast-et-si-cetait-vrai-emission-hors-serie-n25\/#primaryimage","inLanguage":"fr-FR","url":"https:\/\/www.dominiqueduvivier.com\/wp-content\/uploads\/2023\/07\/Visuel-Et-si-cetait-vrai_HS25-scaled.jpg","contentUrl":"https:\/\/www.dominiqueduvivier.com\/wp-content\/uploads\/2023\/07\/Visuel-Et-si-cetait-vrai_HS25-scaled.jpg","width":2560,"height":1708},{"@type":"WebPage","@id":"https:\/\/www.dominiqueduvivier.com\/index.php\/2023\/07\/31\/podcast-et-si-cetait-vrai-emission-hors-serie-n25\/#webpage","url":"https:\/\/www.dominiqueduvivier.com\/index.php\/2023\/07\/31\/podcast-et-si-cetait-vrai-emission-hors-serie-n25\/","name":"Podcast \"Et si c'\u00e9tait vrai ?\" \u00e9mission Hors-S\u00e9rie n\u00b025 - Entretiens avec Dominique Duvivier - Toute la magie de Dominique Duvivier","isPartOf":{"@id":"https:\/\/www.dominiqueduvivier.com\/#website"},"primaryImageOfPage":{"@id":"https:\/\/www.dominiqueduvivier.com\/index.php\/2023\/07\/31\/podcast-et-si-cetait-vrai-emission-hors-serie-n25\/#primaryimage"},"datePublished":"2023-07-30T22:01:00+00:00","dateModified":"2024-04-04T11:04:17+00:00","author":{"@id":"https:\/\/www.dominiqueduvivier.com\/#\/schema\/person\/677c0bd6d5c5d21949cab39bb529a81c"},"description":"Voici la 117 \u00e8me \u00e9mission de mon podcast, enregistr\u00e9e le 6 novembre 2021.","breadcrumb":{"@id":"https:\/\/www.dominiqueduvivier.com\/index.php\/2023\/07\/31\/podcast-et-si-cetait-vrai-emission-hors-serie-n25\/#breadcrumb"},"inLanguage":"fr-FR","potentialAction":[{"@type":"ReadAction","target":["https:\/\/www.dominiqueduvivier.com\/index.php\/2023\/07\/31\/podcast-et-si-cetait-vrai-emission-hors-serie-n25\/"]}]},{"@type":"BreadcrumbList","@id":"https:\/\/www.dominiqueduvivier.com\/index.php\/2023\/07\/31\/podcast-et-si-cetait-vrai-emission-hors-serie-n25\/#breadcrumb","itemListElement":[{"@type":"ListItem","position":1,"name":"Accueil","item":"https:\/\/www.dominiqueduvivier.com\/"},{"@type":"ListItem","position":2,"name":"Podcast &#8220;Et si c&#8217;\u00e9tait vrai ?&#8221; \u00e9mission Hors-S\u00e9rie n\u00b025"}]},{"@type":"Person","@id":"https:\/\/www.dominiqueduvivier.com\/#\/schema\/person\/677c0bd6d5c5d21949cab39bb529a81c","name":"Dominique Duvivier","image":{"@type":"ImageObject","@id":"https:\/\/www.dominiqueduvivier.com\/#personlogo","inLanguage":"fr-FR","url":"https:\/\/www.dominiqueduvivier.com\/wp-content\/uploads\/2019\/04\/Double-Fond-1-2-excl-groupes-10-150x150.jpg","contentUrl":"https:\/\/www.dominiqueduvivier.com\/wp-content\/uploads\/2019\/04\/Double-Fond-1-2-excl-groupes-10-150x150.jpg","caption":"Dominique Duvivier"},"description":"\u2663\ufe0f Magicien. \u2666\ufe0f Ma\u00eetre de l\u2019art du #CloseUp. \u2665\ufe0f Cr\u00e9ateur de tours et professeur. \u2660\ufe0f Fondateur @ledoublefond et directeur de Mayette Magie.","url":"https:\/\/www.dominiqueduvivier.com\/index.php\/author\/dominique-duvivier\/"}]}},"_links":{"self":[{"href":"https:\/\/www.dominiqueduvivier.com\/index.php\/wp-json\/wp\/v2\/posts\/9303"}],"collection":[{"href":"https:\/\/www.dominiqueduvivier.com\/index.php\/wp-json\/wp\/v2\/posts"}],"about":[{"href":"https:\/\/www.dominiqueduvivier.com\/index.php\/wp-json\/wp\/v2\/types\/post"}],"author":[{"embeddable":true,"href":"https:\/\/www.dominiqueduvivier.com\/index.php\/wp-json\/wp\/v2\/users\/2"}],"replies":[{"embeddable":true,"href":"https:\/\/www.dominiqueduvivier.com\/index.php\/wp-json\/wp\/v2\/comments?post=9303"}],"version-history":[{"count":4,"href":"https:\/\/www.dominiqueduvivier.com\/index.php\/wp-json\/wp\/v2\/posts\/9303\/revisions"}],"predecessor-version":[{"id":9310,"href":"https:\/\/www.dominiqueduvivier.com\/index.php\/wp-json\/wp\/v2\/posts\/9303\/revisions\/9310"}],"wp:featuredmedia":[{"embeddable":true,"href":"https:\/\/www.dominiqueduvivier.com\/index.php\/wp-json\/wp\/v2\/media\/9725"}],"wp:attachment":[{"href":"https:\/\/www.dominiqueduvivier.com\/index.php\/wp-json\/wp\/v2\/media?parent=9303"}],"wp:term":[{"taxonomy":"category","embeddable":true,"href":"https:\/\/www.dominiqueduvivier.com\/index.php\/wp-json\/wp\/v2\/categories?post=9303"},{"taxonomy":"post_tag","embeddable":true,"href":"https:\/\/www.dominiqueduvivier.com\/index.php\/wp-json\/wp\/v2\/tags?post=9303"}],"curies":[{"name":"wp","href":"https:\/\/api.w.org\/{rel}","templated":true}]}}