{"id":9289,"date":"2023-07-17T00:01:00","date_gmt":"2023-07-16T22:01:00","guid":{"rendered":"https:\/\/www.dominiqueduvivier.com\/?p=9289"},"modified":"2023-07-13T13:18:07","modified_gmt":"2023-07-13T11:18:07","slug":"telerama-parle-de-nous","status":"publish","type":"post","link":"https:\/\/www.dominiqueduvivier.com\/index.php\/2023\/07\/17\/telerama-parle-de-nous\/","title":{"rendered":"T\u00e9l\u00e9rama parle de nous !"},"content":{"rendered":"\n<figure class=\"wp-block-image size-full\"><img loading=\"lazy\" width=\"724\" height=\"1024\" src=\"https:\/\/www.dominiqueduvivier.com\/wp-content\/uploads\/2023\/07\/Mise-en-page-Telerama-724x1024-1.jpg\" alt=\"\" class=\"wp-image-9294\" srcset=\"https:\/\/www.dominiqueduvivier.com\/wp-content\/uploads\/2023\/07\/Mise-en-page-Telerama-724x1024-1.jpg 724w, https:\/\/www.dominiqueduvivier.com\/wp-content\/uploads\/2023\/07\/Mise-en-page-Telerama-724x1024-1-212x300.jpg 212w\" sizes=\"(max-width: 724px) 100vw, 724px\" \/><\/figure>\n\n\n\n<p><\/p>\n\n\n\n<p>Waouh !! Nous avons obtenu les 4 fameux TTTT !! \ud83c\udf8a\ud83c\udf89\u2728<br>Merci pour votre note MAXIMALE et vos commentaires T\u00e9l\u00e9rama ! \ud83d\ude0d\ud83d\ude18\u2764<br>Nous sommes trop trop contents !<br>Venez nous voir :<br>\u2022 Vendredi 21 juillet<br>\u2022 Vendredi 13 octobre<br>\u2022 Vendredi 27 octobre<br>\u2022 Vendredi 3 novembre<br>\u2022 Vendredi 10 novembre<\/p>\n\n\n\n<p><br>\ud83c\udf1e Quelle date vous conviendrait le mieux ?<\/p>\n","protected":false},"excerpt":{"rendered":"<p>Waouh !! Nous avons obtenu les 4 fameux TTTT !! \ud83c\udf8a\ud83c\udf89\u2728Merci pour votre note MAXIMALE et vos commentaires T\u00e9l\u00e9rama ! \ud83d\ude0d\ud83d\ude18\u2764Nous sommes trop trop contents !Venez nous voir :\u2022 Vendredi 21 juillet\u2022 Vendredi 13 octobre\u2022 Vendredi 27 octobre\u2022 Vendredi 3 novembre\u2022 Vendredi 10 novembre \ud83c\udf1e Quelle date vous conviendrait le mieux ?<\/p>\n","protected":false},"author":2,"featured_media":9294,"comment_status":"open","ping_status":"open","sticky":false,"template":"","format":"standard","meta":{"_monsterinsights_skip_tracking":false,"_monsterinsights_sitenote_active":false,"_monsterinsights_sitenote_note":"","_monsterinsights_sitenote_category":0,"ngg_post_thumbnail":0},"categories":[216,3,215],"tags":[114,112,292,101,97,98,111,117,83,110,291],"yoast_head":"<!-- This site is optimized with the Yoast SEO plugin v17.9 - https:\/\/yoast.com\/wordpress\/plugins\/seo\/ -->\n<title>T\u00e9l\u00e9rama parle de nous ! - Entretiens avec Dominique Duvivier - Toute la magie de Dominique Duvivier<\/title>\n<meta name=\"robots\" content=\"index, follow, max-snippet:-1, max-image-preview:large, max-video-preview:-1\" \/>\n<link rel=\"canonical\" href=\"https:\/\/www.dominiqueduvivier.com\/index.php\/2023\/07\/17\/telerama-parle-de-nous\/\" \/>\n<meta property=\"og:locale\" content=\"fr_FR\" \/>\n<meta property=\"og:type\" content=\"article\" \/>\n<meta property=\"og:title\" content=\"T\u00e9l\u00e9rama parle de nous ! - Entretiens avec Dominique Duvivier - Toute la magie de Dominique Duvivier\" \/>\n<meta property=\"og:description\" content=\"Waouh !! Nous avons obtenu les 4 fameux TTTT !! \ud83c\udf8a\ud83c\udf89\u2728Merci pour votre note MAXIMALE et vos commentaires T\u00e9l\u00e9rama ! \ud83d\ude0d\ud83d\ude18\u2764Nous sommes trop trop contents !Venez nous voir :\u2022 Vendredi 21 juillet\u2022 Vendredi 13 octobre\u2022 Vendredi 27 octobre\u2022 Vendredi 3 novembre\u2022 Vendredi 10 novembre \ud83c\udf1e Quelle date vous conviendrait le mieux ?\" \/>\n<meta property=\"og:url\" content=\"https:\/\/www.dominiqueduvivier.com\/index.php\/2023\/07\/17\/telerama-parle-de-nous\/\" \/>\n<meta property=\"og:site_name\" content=\"Entretiens avec Dominique Duvivier - Toute la magie de Dominique Duvivier\" \/>\n<meta property=\"article:publisher\" content=\"https:\/\/www.facebook.com\/dominique.duvivier.1232\/\" \/>\n<meta property=\"article:published_time\" content=\"2023-07-16T22:01:00+00:00\" \/>\n<meta property=\"article:modified_time\" content=\"2023-07-13T11:18:07+00:00\" \/>\n<meta property=\"og:image\" content=\"https:\/\/www.dominiqueduvivier.com\/wp-content\/uploads\/2023\/07\/Mise-en-page-Telerama-724x1024-1.jpg\" \/>\n\t<meta property=\"og:image:width\" content=\"724\" \/>\n\t<meta property=\"og:image:height\" content=\"1024\" \/>\n\t<meta property=\"og:image:type\" content=\"image\/jpeg\" \/>\n<meta name=\"twitter:card\" content=\"summary_large_image\" \/>\n<meta name=\"twitter:creator\" content=\"@DDUVIVIER\" \/>\n<meta name=\"twitter:site\" content=\"@DDUVIVIER\" \/>\n<meta name=\"twitter:label1\" content=\"\u00c9crit par\" \/>\n\t<meta name=\"twitter:data1\" content=\"Dominique Duvivier\" \/>\n\t<meta name=\"twitter:label2\" content=\"Dur\u00e9e de lecture estim\u00e9e\" \/>\n\t<meta name=\"twitter:data2\" content=\"1 minute\" \/>\n<script type=\"application\/ld+json\" class=\"yoast-schema-graph\">{\"@context\":\"https:\/\/schema.org\",\"@graph\":[{\"@type\":\"WebSite\",\"@id\":\"https:\/\/www.dominiqueduvivier.com\/#website\",\"url\":\"https:\/\/www.dominiqueduvivier.com\/\",\"name\":\"Entretiens avec Dominique Duvivier - Toute la magie de Dominique Duvivier\",\"description\":\"Dominique Duvivier | Magicien\",\"potentialAction\":[{\"@type\":\"SearchAction\",\"target\":{\"@type\":\"EntryPoint\",\"urlTemplate\":\"https:\/\/www.dominiqueduvivier.com\/?s={search_term_string}\"},\"query-input\":\"required name=search_term_string\"}],\"inLanguage\":\"fr-FR\"},{\"@type\":\"ImageObject\",\"@id\":\"https:\/\/www.dominiqueduvivier.com\/index.php\/2023\/07\/17\/telerama-parle-de-nous\/#primaryimage\",\"inLanguage\":\"fr-FR\",\"url\":\"https:\/\/www.dominiqueduvivier.com\/wp-content\/uploads\/2023\/07\/Mise-en-page-Telerama-724x1024-1.jpg\",\"contentUrl\":\"https:\/\/www.dominiqueduvivier.com\/wp-content\/uploads\/2023\/07\/Mise-en-page-Telerama-724x1024-1.jpg\",\"width\":724,\"height\":1024},{\"@type\":\"WebPage\",\"@id\":\"https:\/\/www.dominiqueduvivier.com\/index.php\/2023\/07\/17\/telerama-parle-de-nous\/#webpage\",\"url\":\"https:\/\/www.dominiqueduvivier.com\/index.php\/2023\/07\/17\/telerama-parle-de-nous\/\",\"name\":\"T\\u00e9l\\u00e9rama parle de nous ! - Entretiens avec Dominique Duvivier - Toute la magie de Dominique Duvivier\",\"isPartOf\":{\"@id\":\"https:\/\/www.dominiqueduvivier.com\/#website\"},\"primaryImageOfPage\":{\"@id\":\"https:\/\/www.dominiqueduvivier.com\/index.php\/2023\/07\/17\/telerama-parle-de-nous\/#primaryimage\"},\"datePublished\":\"2023-07-16T22:01:00+00:00\",\"dateModified\":\"2023-07-13T11:18:07+00:00\",\"author\":{\"@id\":\"https:\/\/www.dominiqueduvivier.com\/#\/schema\/person\/677c0bd6d5c5d21949cab39bb529a81c\"},\"breadcrumb\":{\"@id\":\"https:\/\/www.dominiqueduvivier.com\/index.php\/2023\/07\/17\/telerama-parle-de-nous\/#breadcrumb\"},\"inLanguage\":\"fr-FR\",\"potentialAction\":[{\"@type\":\"ReadAction\",\"target\":[\"https:\/\/www.dominiqueduvivier.com\/index.php\/2023\/07\/17\/telerama-parle-de-nous\/\"]}]},{\"@type\":\"BreadcrumbList\",\"@id\":\"https:\/\/www.dominiqueduvivier.com\/index.php\/2023\/07\/17\/telerama-parle-de-nous\/#breadcrumb\",\"itemListElement\":[{\"@type\":\"ListItem\",\"position\":1,\"name\":\"Accueil\",\"item\":\"https:\/\/www.dominiqueduvivier.com\/\"},{\"@type\":\"ListItem\",\"position\":2,\"name\":\"T\\u00e9l\\u00e9rama parle de nous !\"}]},{\"@type\":\"Person\",\"@id\":\"https:\/\/www.dominiqueduvivier.com\/#\/schema\/person\/677c0bd6d5c5d21949cab39bb529a81c\",\"name\":\"Dominique Duvivier\",\"image\":{\"@type\":\"ImageObject\",\"@id\":\"https:\/\/www.dominiqueduvivier.com\/#personlogo\",\"inLanguage\":\"fr-FR\",\"url\":\"https:\/\/www.dominiqueduvivier.com\/wp-content\/uploads\/2019\/04\/Double-Fond-1-2-excl-groupes-10-150x150.jpg\",\"contentUrl\":\"https:\/\/www.dominiqueduvivier.com\/wp-content\/uploads\/2019\/04\/Double-Fond-1-2-excl-groupes-10-150x150.jpg\",\"caption\":\"Dominique Duvivier\"},\"description\":\"\\u2663\\ufe0f Magicien. \\u2666\\ufe0f Ma\\u00eetre de l\\u2019art du #CloseUp. \\u2665\\ufe0f Cr\\u00e9ateur de tours et professeur. \\u2660\\ufe0f Fondateur @ledoublefond et directeur de Mayette Magie.\",\"url\":\"https:\/\/www.dominiqueduvivier.com\/index.php\/author\/dominique-duvivier\/\"}]}<\/script>\n<!-- \/ Yoast SEO plugin. -->","yoast_head_json":{"title":"T\u00e9l\u00e9rama parle de nous ! - Entretiens avec Dominique Duvivier - Toute la magie de Dominique Duvivier","robots":{"index":"index","follow":"follow","max-snippet":"max-snippet:-1","max-image-preview":"max-image-preview:large","max-video-preview":"max-video-preview:-1"},"canonical":"https:\/\/www.dominiqueduvivier.com\/index.php\/2023\/07\/17\/telerama-parle-de-nous\/","og_locale":"fr_FR","og_type":"article","og_title":"T\u00e9l\u00e9rama parle de nous ! - Entretiens avec Dominique Duvivier - Toute la magie de Dominique Duvivier","og_description":"Waouh !! Nous avons obtenu les 4 fameux TTTT !! \ud83c\udf8a\ud83c\udf89\u2728Merci pour votre note MAXIMALE et vos commentaires T\u00e9l\u00e9rama ! \ud83d\ude0d\ud83d\ude18\u2764Nous sommes trop trop contents !Venez nous voir :\u2022 Vendredi 21 juillet\u2022 Vendredi 13 octobre\u2022 Vendredi 27 octobre\u2022 Vendredi 3 novembre\u2022 Vendredi 10 novembre \ud83c\udf1e Quelle date vous conviendrait le mieux ?","og_url":"https:\/\/www.dominiqueduvivier.com\/index.php\/2023\/07\/17\/telerama-parle-de-nous\/","og_site_name":"Entretiens avec Dominique Duvivier - Toute la magie de Dominique Duvivier","article_publisher":"https:\/\/www.facebook.com\/dominique.duvivier.1232\/","article_published_time":"2023-07-16T22:01:00+00:00","article_modified_time":"2023-07-13T11:18:07+00:00","og_image":[{"width":724,"height":1024,"url":"https:\/\/www.dominiqueduvivier.com\/wp-content\/uploads\/2023\/07\/Mise-en-page-Telerama-724x1024-1.jpg","type":"image\/jpeg"}],"twitter_card":"summary_large_image","twitter_creator":"@DDUVIVIER","twitter_site":"@DDUVIVIER","twitter_misc":{"\u00c9crit par":"Dominique Duvivier","Dur\u00e9e de lecture estim\u00e9e":"1 minute"},"schema":{"@context":"https:\/\/schema.org","@graph":[{"@type":"WebSite","@id":"https:\/\/www.dominiqueduvivier.com\/#website","url":"https:\/\/www.dominiqueduvivier.com\/","name":"Entretiens avec Dominique Duvivier - Toute la magie de Dominique Duvivier","description":"Dominique Duvivier | Magicien","potentialAction":[{"@type":"SearchAction","target":{"@type":"EntryPoint","urlTemplate":"https:\/\/www.dominiqueduvivier.com\/?s={search_term_string}"},"query-input":"required name=search_term_string"}],"inLanguage":"fr-FR"},{"@type":"ImageObject","@id":"https:\/\/www.dominiqueduvivier.com\/index.php\/2023\/07\/17\/telerama-parle-de-nous\/#primaryimage","inLanguage":"fr-FR","url":"https:\/\/www.dominiqueduvivier.com\/wp-content\/uploads\/2023\/07\/Mise-en-page-Telerama-724x1024-1.jpg","contentUrl":"https:\/\/www.dominiqueduvivier.com\/wp-content\/uploads\/2023\/07\/Mise-en-page-Telerama-724x1024-1.jpg","width":724,"height":1024},{"@type":"WebPage","@id":"https:\/\/www.dominiqueduvivier.com\/index.php\/2023\/07\/17\/telerama-parle-de-nous\/#webpage","url":"https:\/\/www.dominiqueduvivier.com\/index.php\/2023\/07\/17\/telerama-parle-de-nous\/","name":"T\u00e9l\u00e9rama parle de nous ! - Entretiens avec Dominique Duvivier - Toute la magie de Dominique Duvivier","isPartOf":{"@id":"https:\/\/www.dominiqueduvivier.com\/#website"},"primaryImageOfPage":{"@id":"https:\/\/www.dominiqueduvivier.com\/index.php\/2023\/07\/17\/telerama-parle-de-nous\/#primaryimage"},"datePublished":"2023-07-16T22:01:00+00:00","dateModified":"2023-07-13T11:18:07+00:00","author":{"@id":"https:\/\/www.dominiqueduvivier.com\/#\/schema\/person\/677c0bd6d5c5d21949cab39bb529a81c"},"breadcrumb":{"@id":"https:\/\/www.dominiqueduvivier.com\/index.php\/2023\/07\/17\/telerama-parle-de-nous\/#breadcrumb"},"inLanguage":"fr-FR","potentialAction":[{"@type":"ReadAction","target":["https:\/\/www.dominiqueduvivier.com\/index.php\/2023\/07\/17\/telerama-parle-de-nous\/"]}]},{"@type":"BreadcrumbList","@id":"https:\/\/www.dominiqueduvivier.com\/index.php\/2023\/07\/17\/telerama-parle-de-nous\/#breadcrumb","itemListElement":[{"@type":"ListItem","position":1,"name":"Accueil","item":"https:\/\/www.dominiqueduvivier.com\/"},{"@type":"ListItem","position":2,"name":"T\u00e9l\u00e9rama parle de nous !"}]},{"@type":"Person","@id":"https:\/\/www.dominiqueduvivier.com\/#\/schema\/person\/677c0bd6d5c5d21949cab39bb529a81c","name":"Dominique Duvivier","image":{"@type":"ImageObject","@id":"https:\/\/www.dominiqueduvivier.com\/#personlogo","inLanguage":"fr-FR","url":"https:\/\/www.dominiqueduvivier.com\/wp-content\/uploads\/2019\/04\/Double-Fond-1-2-excl-groupes-10-150x150.jpg","contentUrl":"https:\/\/www.dominiqueduvivier.com\/wp-content\/uploads\/2019\/04\/Double-Fond-1-2-excl-groupes-10-150x150.jpg","caption":"Dominique Duvivier"},"description":"\u2663\ufe0f Magicien. \u2666\ufe0f Ma\u00eetre de l\u2019art du #CloseUp. \u2665\ufe0f Cr\u00e9ateur de tours et professeur. \u2660\ufe0f Fondateur @ledoublefond et directeur de Mayette Magie.","url":"https:\/\/www.dominiqueduvivier.com\/index.php\/author\/dominique-duvivier\/"}]}},"_links":{"self":[{"href":"https:\/\/www.dominiqueduvivier.com\/index.php\/wp-json\/wp\/v2\/posts\/9289"}],"collection":[{"href":"https:\/\/www.dominiqueduvivier.com\/index.php\/wp-json\/wp\/v2\/posts"}],"about":[{"href":"https:\/\/www.dominiqueduvivier.com\/index.php\/wp-json\/wp\/v2\/types\/post"}],"author":[{"embeddable":true,"href":"https:\/\/www.dominiqueduvivier.com\/index.php\/wp-json\/wp\/v2\/users\/2"}],"replies":[{"embeddable":true,"href":"https:\/\/www.dominiqueduvivier.com\/index.php\/wp-json\/wp\/v2\/comments?post=9289"}],"version-history":[{"count":3,"href":"https:\/\/www.dominiqueduvivier.com\/index.php\/wp-json\/wp\/v2\/posts\/9289\/revisions"}],"predecessor-version":[{"id":9298,"href":"https:\/\/www.dominiqueduvivier.com\/index.php\/wp-json\/wp\/v2\/posts\/9289\/revisions\/9298"}],"wp:featuredmedia":[{"embeddable":true,"href":"https:\/\/www.dominiqueduvivier.com\/index.php\/wp-json\/wp\/v2\/media\/9294"}],"wp:attachment":[{"href":"https:\/\/www.dominiqueduvivier.com\/index.php\/wp-json\/wp\/v2\/media?parent=9289"}],"wp:term":[{"taxonomy":"category","embeddable":true,"href":"https:\/\/www.dominiqueduvivier.com\/index.php\/wp-json\/wp\/v2\/categories?post=9289"},{"taxonomy":"post_tag","embeddable":true,"href":"https:\/\/www.dominiqueduvivier.com\/index.php\/wp-json\/wp\/v2\/tags?post=9289"}],"curies":[{"name":"wp","href":"https:\/\/api.w.org\/{rel}","templated":true}]}}