{"id":9091,"date":"2022-11-28T00:01:00","date_gmt":"2022-11-27T23:01:00","guid":{"rendered":"https:\/\/www.dominiqueduvivier.com\/?p=9091"},"modified":"2022-12-02T13:24:56","modified_gmt":"2022-12-02T12:24:56","slug":"pour-la-premiere-fois-en-france-un-livre-edite-sur-ma-magie","status":"publish","type":"post","link":"https:\/\/www.dominiqueduvivier.com\/index.php\/2022\/11\/28\/pour-la-premiere-fois-en-france-un-livre-edite-sur-ma-magie\/","title":{"rendered":"Pour la premi\u00e8re fois en France un livre \u00e9dit\u00e9 sur ma magie :)"},"content":{"rendered":"\n<figure class=\"wp-block-embed is-type-video is-provider-youtube wp-block-embed-youtube wp-embed-aspect-16-9 wp-has-aspect-ratio\"><div class=\"wp-block-embed__wrapper\">\n<iframe loading=\"lazy\" title=\"Ludo pr\u00e9sente le livre &quot;DUVIVIER&quot; au congr\u00e8s FFAP 2022\" width=\"500\" height=\"281\" src=\"https:\/\/www.youtube.com\/embed\/y0wwiH4U1lY?feature=oembed\" frameborder=\"0\" allow=\"accelerometer; autoplay; clipboard-write; encrypted-media; gyroscope; picture-in-picture\" allowfullscreen><\/iframe>\n<\/div><\/figure>\n\n\n\n<p>Mon livre \u00ab DUVIVIER \u00bb aux Editions Marchand de trucs est sorti ! \ud83e\udd14<\/p>\n\n\n\n<p>Vous pouvez commander votre exemplaire ici : <a href=\"https:\/\/mayette.com\/fr\/livres\/2584-duvivier\" target=\"_blank\" rel=\"noreferrer noopener\">https:\/\/mayette.com\/fr\/livres\/2584-duvivier <\/a><\/p>\n\n\n\n<p>Au passage, si vous souhaitez, pensez \u00e0 demander une d\u00e9dicace !<\/p>\n\n\n\n<p><br>Plus d\u2019infos aussi ici : <a href=\"https:\/\/artefake.fr\/dominique-duvivier-2\/\" target=\"_blank\" rel=\"noreferrer noopener\">https:\/\/artefake.fr\/dominique-duvivier-2\/<\/a><\/p>\n\n\n\n<p>\ud83d\udcd3Pour la premi\u00e8re fois en France un livre \u00e9dit\u00e9 sur ma magie<br>\ud83d\udcd3345 pages<br>\ud83d\udcd320 tours in\u00e9dits et vari\u00e9s : cartes, pi\u00e8ces, objets, portefeuille\u2026<br>\ud83d\udcd3Des photos provenant de mes archives personnelles, des anecdotes, des surprises\u2026<\/p>\n\n\n\n<p><br>Qui veut son livre d\u00e9dicac\u00e9 ?\ud83d\udcd6<\/p>\n\n\n\n<p><\/p>\n\n\n\n<p>Merci \u00e0 Jean-Luc Muller pour cette vid\u00e9o !<\/p>\n","protected":false},"excerpt":{"rendered":"<p>Mon livre \u00ab DUVIVIER \u00bb aux Editions Marchand de trucs est sorti ! \ud83e\udd14 Vous pouvez commander votre exemplaire ici : https:\/\/mayette.com\/fr\/livres\/2584-duvivier Au passage, si vous souhaitez, pensez \u00e0 demander une d\u00e9dicace ! Plus d\u2019infos aussi ici : https:\/\/artefake.fr\/dominique-duvivier-2\/ \ud83d\udcd3Pour la premi\u00e8re fois en France un livre \u00e9dit\u00e9 sur ma magie\ud83d\udcd3345 pages\ud83d\udcd320 tours in\u00e9dits et &hellip;<\/p>\n","protected":false},"author":2,"featured_media":9092,"comment_status":"open","ping_status":"open","sticky":false,"template":"","format":"standard","meta":{"_monsterinsights_skip_tracking":false,"_monsterinsights_sitenote_active":false,"_monsterinsights_sitenote_note":"","_monsterinsights_sitenote_category":0,"ngg_post_thumbnail":0},"categories":[215],"tags":[278,14,15,18,279,97,98,99,27,281,282,280],"yoast_head":"<!-- This site is optimized with the Yoast SEO plugin v17.9 - https:\/\/yoast.com\/wordpress\/plugins\/seo\/ -->\n<title>Pour la premi\u00e8re fois en France un livre \u00e9dit\u00e9 sur ma magie :) - Entretiens avec Dominique Duvivier - Toute la magie de Dominique Duvivier<\/title>\n<meta name=\"robots\" content=\"index, follow, max-snippet:-1, max-image-preview:large, max-video-preview:-1\" \/>\n<link rel=\"canonical\" href=\"https:\/\/www.dominiqueduvivier.com\/index.php\/2022\/11\/28\/pour-la-premiere-fois-en-france-un-livre-edite-sur-ma-magie\/\" \/>\n<meta property=\"og:locale\" content=\"fr_FR\" \/>\n<meta property=\"og:type\" content=\"article\" \/>\n<meta property=\"og:title\" content=\"Pour la premi\u00e8re fois en France un livre \u00e9dit\u00e9 sur ma magie :) - Entretiens avec Dominique Duvivier - Toute la magie de Dominique Duvivier\" \/>\n<meta property=\"og:description\" content=\"Mon livre \u00ab DUVIVIER \u00bb aux Editions Marchand de trucs est sorti ! \ud83e\udd14 Vous pouvez commander votre exemplaire ici : https:\/\/mayette.com\/fr\/livres\/2584-duvivier Au passage, si vous souhaitez, pensez \u00e0 demander une d\u00e9dicace ! Plus d\u2019infos aussi ici : https:\/\/artefake.fr\/dominique-duvivier-2\/ \ud83d\udcd3Pour la premi\u00e8re fois en France un livre \u00e9dit\u00e9 sur ma magie\ud83d\udcd3345 pages\ud83d\udcd320 tours in\u00e9dits et &hellip;\" \/>\n<meta property=\"og:url\" content=\"https:\/\/www.dominiqueduvivier.com\/index.php\/2022\/11\/28\/pour-la-premiere-fois-en-france-un-livre-edite-sur-ma-magie\/\" \/>\n<meta property=\"og:site_name\" content=\"Entretiens avec Dominique Duvivier - Toute la magie de Dominique Duvivier\" \/>\n<meta property=\"article:publisher\" content=\"https:\/\/www.facebook.com\/dominique.duvivier.1232\/\" \/>\n<meta property=\"article:published_time\" content=\"2022-11-27T23:01:00+00:00\" \/>\n<meta property=\"article:modified_time\" content=\"2022-12-02T12:24:56+00:00\" \/>\n<meta property=\"og:image\" content=\"https:\/\/www.dominiqueduvivier.com\/wp-content\/uploads\/2022\/11\/Capture-decran-2022-11-25-164248.png\" \/>\n\t<meta property=\"og:image:width\" content=\"1076\" \/>\n\t<meta property=\"og:image:height\" content=\"646\" \/>\n\t<meta property=\"og:image:type\" content=\"image\/png\" \/>\n<meta name=\"twitter:card\" content=\"summary_large_image\" \/>\n<meta name=\"twitter:creator\" content=\"@DDUVIVIER\" \/>\n<meta name=\"twitter:site\" content=\"@DDUVIVIER\" \/>\n<meta name=\"twitter:label1\" content=\"\u00c9crit par\" \/>\n\t<meta name=\"twitter:data1\" content=\"Dominique Duvivier\" \/>\n\t<meta name=\"twitter:label2\" content=\"Dur\u00e9e de lecture estim\u00e9e\" \/>\n\t<meta name=\"twitter:data2\" content=\"1 minute\" \/>\n<script type=\"application\/ld+json\" class=\"yoast-schema-graph\">{\"@context\":\"https:\/\/schema.org\",\"@graph\":[{\"@type\":\"WebSite\",\"@id\":\"https:\/\/www.dominiqueduvivier.com\/#website\",\"url\":\"https:\/\/www.dominiqueduvivier.com\/\",\"name\":\"Entretiens avec Dominique Duvivier - Toute la magie de Dominique Duvivier\",\"description\":\"Dominique Duvivier | Magicien\",\"potentialAction\":[{\"@type\":\"SearchAction\",\"target\":{\"@type\":\"EntryPoint\",\"urlTemplate\":\"https:\/\/www.dominiqueduvivier.com\/?s={search_term_string}\"},\"query-input\":\"required name=search_term_string\"}],\"inLanguage\":\"fr-FR\"},{\"@type\":\"ImageObject\",\"@id\":\"https:\/\/www.dominiqueduvivier.com\/index.php\/2022\/11\/28\/pour-la-premiere-fois-en-france-un-livre-edite-sur-ma-magie\/#primaryimage\",\"inLanguage\":\"fr-FR\",\"url\":\"https:\/\/www.dominiqueduvivier.com\/wp-content\/uploads\/2022\/11\/Capture-decran-2022-11-25-164248.png\",\"contentUrl\":\"https:\/\/www.dominiqueduvivier.com\/wp-content\/uploads\/2022\/11\/Capture-decran-2022-11-25-164248.png\",\"width\":1076,\"height\":646},{\"@type\":\"WebPage\",\"@id\":\"https:\/\/www.dominiqueduvivier.com\/index.php\/2022\/11\/28\/pour-la-premiere-fois-en-france-un-livre-edite-sur-ma-magie\/#webpage\",\"url\":\"https:\/\/www.dominiqueduvivier.com\/index.php\/2022\/11\/28\/pour-la-premiere-fois-en-france-un-livre-edite-sur-ma-magie\/\",\"name\":\"Pour la premi\\u00e8re fois en France un livre \\u00e9dit\\u00e9 sur ma magie :) - Entretiens avec Dominique Duvivier - Toute la magie de Dominique Duvivier\",\"isPartOf\":{\"@id\":\"https:\/\/www.dominiqueduvivier.com\/#website\"},\"primaryImageOfPage\":{\"@id\":\"https:\/\/www.dominiqueduvivier.com\/index.php\/2022\/11\/28\/pour-la-premiere-fois-en-france-un-livre-edite-sur-ma-magie\/#primaryimage\"},\"datePublished\":\"2022-11-27T23:01:00+00:00\",\"dateModified\":\"2022-12-02T12:24:56+00:00\",\"author\":{\"@id\":\"https:\/\/www.dominiqueduvivier.com\/#\/schema\/person\/677c0bd6d5c5d21949cab39bb529a81c\"},\"breadcrumb\":{\"@id\":\"https:\/\/www.dominiqueduvivier.com\/index.php\/2022\/11\/28\/pour-la-premiere-fois-en-france-un-livre-edite-sur-ma-magie\/#breadcrumb\"},\"inLanguage\":\"fr-FR\",\"potentialAction\":[{\"@type\":\"ReadAction\",\"target\":[\"https:\/\/www.dominiqueduvivier.com\/index.php\/2022\/11\/28\/pour-la-premiere-fois-en-france-un-livre-edite-sur-ma-magie\/\"]}]},{\"@type\":\"BreadcrumbList\",\"@id\":\"https:\/\/www.dominiqueduvivier.com\/index.php\/2022\/11\/28\/pour-la-premiere-fois-en-france-un-livre-edite-sur-ma-magie\/#breadcrumb\",\"itemListElement\":[{\"@type\":\"ListItem\",\"position\":1,\"name\":\"Accueil\",\"item\":\"https:\/\/www.dominiqueduvivier.com\/\"},{\"@type\":\"ListItem\",\"position\":2,\"name\":\"Pour la premi\\u00e8re fois en France un livre \\u00e9dit\\u00e9 sur ma magie :)\"}]},{\"@type\":\"Person\",\"@id\":\"https:\/\/www.dominiqueduvivier.com\/#\/schema\/person\/677c0bd6d5c5d21949cab39bb529a81c\",\"name\":\"Dominique Duvivier\",\"image\":{\"@type\":\"ImageObject\",\"@id\":\"https:\/\/www.dominiqueduvivier.com\/#personlogo\",\"inLanguage\":\"fr-FR\",\"url\":\"https:\/\/www.dominiqueduvivier.com\/wp-content\/uploads\/2019\/04\/Double-Fond-1-2-excl-groupes-10-150x150.jpg\",\"contentUrl\":\"https:\/\/www.dominiqueduvivier.com\/wp-content\/uploads\/2019\/04\/Double-Fond-1-2-excl-groupes-10-150x150.jpg\",\"caption\":\"Dominique Duvivier\"},\"description\":\"\\u2663\\ufe0f Magicien. \\u2666\\ufe0f Ma\\u00eetre de l\\u2019art du #CloseUp. \\u2665\\ufe0f Cr\\u00e9ateur de tours et professeur. \\u2660\\ufe0f Fondateur @ledoublefond et directeur de Mayette Magie.\",\"url\":\"https:\/\/www.dominiqueduvivier.com\/index.php\/author\/dominique-duvivier\/\"}]}<\/script>\n<!-- \/ Yoast SEO plugin. -->","yoast_head_json":{"title":"Pour la premi\u00e8re fois en France un livre \u00e9dit\u00e9 sur ma magie :) - Entretiens avec Dominique Duvivier - Toute la magie de Dominique Duvivier","robots":{"index":"index","follow":"follow","max-snippet":"max-snippet:-1","max-image-preview":"max-image-preview:large","max-video-preview":"max-video-preview:-1"},"canonical":"https:\/\/www.dominiqueduvivier.com\/index.php\/2022\/11\/28\/pour-la-premiere-fois-en-france-un-livre-edite-sur-ma-magie\/","og_locale":"fr_FR","og_type":"article","og_title":"Pour la premi\u00e8re fois en France un livre \u00e9dit\u00e9 sur ma magie :) - Entretiens avec Dominique Duvivier - Toute la magie de Dominique Duvivier","og_description":"Mon livre \u00ab DUVIVIER \u00bb aux Editions Marchand de trucs est sorti ! \ud83e\udd14 Vous pouvez commander votre exemplaire ici : https:\/\/mayette.com\/fr\/livres\/2584-duvivier Au passage, si vous souhaitez, pensez \u00e0 demander une d\u00e9dicace ! Plus d\u2019infos aussi ici : https:\/\/artefake.fr\/dominique-duvivier-2\/ \ud83d\udcd3Pour la premi\u00e8re fois en France un livre \u00e9dit\u00e9 sur ma magie\ud83d\udcd3345 pages\ud83d\udcd320 tours in\u00e9dits et &hellip;","og_url":"https:\/\/www.dominiqueduvivier.com\/index.php\/2022\/11\/28\/pour-la-premiere-fois-en-france-un-livre-edite-sur-ma-magie\/","og_site_name":"Entretiens avec Dominique Duvivier - Toute la magie de Dominique Duvivier","article_publisher":"https:\/\/www.facebook.com\/dominique.duvivier.1232\/","article_published_time":"2022-11-27T23:01:00+00:00","article_modified_time":"2022-12-02T12:24:56+00:00","og_image":[{"width":1076,"height":646,"url":"https:\/\/www.dominiqueduvivier.com\/wp-content\/uploads\/2022\/11\/Capture-decran-2022-11-25-164248.png","type":"image\/png"}],"twitter_card":"summary_large_image","twitter_creator":"@DDUVIVIER","twitter_site":"@DDUVIVIER","twitter_misc":{"\u00c9crit par":"Dominique Duvivier","Dur\u00e9e de lecture estim\u00e9e":"1 minute"},"schema":{"@context":"https:\/\/schema.org","@graph":[{"@type":"WebSite","@id":"https:\/\/www.dominiqueduvivier.com\/#website","url":"https:\/\/www.dominiqueduvivier.com\/","name":"Entretiens avec Dominique Duvivier - Toute la magie de Dominique Duvivier","description":"Dominique Duvivier | Magicien","potentialAction":[{"@type":"SearchAction","target":{"@type":"EntryPoint","urlTemplate":"https:\/\/www.dominiqueduvivier.com\/?s={search_term_string}"},"query-input":"required name=search_term_string"}],"inLanguage":"fr-FR"},{"@type":"ImageObject","@id":"https:\/\/www.dominiqueduvivier.com\/index.php\/2022\/11\/28\/pour-la-premiere-fois-en-france-un-livre-edite-sur-ma-magie\/#primaryimage","inLanguage":"fr-FR","url":"https:\/\/www.dominiqueduvivier.com\/wp-content\/uploads\/2022\/11\/Capture-decran-2022-11-25-164248.png","contentUrl":"https:\/\/www.dominiqueduvivier.com\/wp-content\/uploads\/2022\/11\/Capture-decran-2022-11-25-164248.png","width":1076,"height":646},{"@type":"WebPage","@id":"https:\/\/www.dominiqueduvivier.com\/index.php\/2022\/11\/28\/pour-la-premiere-fois-en-france-un-livre-edite-sur-ma-magie\/#webpage","url":"https:\/\/www.dominiqueduvivier.com\/index.php\/2022\/11\/28\/pour-la-premiere-fois-en-france-un-livre-edite-sur-ma-magie\/","name":"Pour la premi\u00e8re fois en France un livre \u00e9dit\u00e9 sur ma magie :) - Entretiens avec Dominique Duvivier - Toute la magie de Dominique Duvivier","isPartOf":{"@id":"https:\/\/www.dominiqueduvivier.com\/#website"},"primaryImageOfPage":{"@id":"https:\/\/www.dominiqueduvivier.com\/index.php\/2022\/11\/28\/pour-la-premiere-fois-en-france-un-livre-edite-sur-ma-magie\/#primaryimage"},"datePublished":"2022-11-27T23:01:00+00:00","dateModified":"2022-12-02T12:24:56+00:00","author":{"@id":"https:\/\/www.dominiqueduvivier.com\/#\/schema\/person\/677c0bd6d5c5d21949cab39bb529a81c"},"breadcrumb":{"@id":"https:\/\/www.dominiqueduvivier.com\/index.php\/2022\/11\/28\/pour-la-premiere-fois-en-france-un-livre-edite-sur-ma-magie\/#breadcrumb"},"inLanguage":"fr-FR","potentialAction":[{"@type":"ReadAction","target":["https:\/\/www.dominiqueduvivier.com\/index.php\/2022\/11\/28\/pour-la-premiere-fois-en-france-un-livre-edite-sur-ma-magie\/"]}]},{"@type":"BreadcrumbList","@id":"https:\/\/www.dominiqueduvivier.com\/index.php\/2022\/11\/28\/pour-la-premiere-fois-en-france-un-livre-edite-sur-ma-magie\/#breadcrumb","itemListElement":[{"@type":"ListItem","position":1,"name":"Accueil","item":"https:\/\/www.dominiqueduvivier.com\/"},{"@type":"ListItem","position":2,"name":"Pour la premi\u00e8re fois en France un livre \u00e9dit\u00e9 sur ma magie :)"}]},{"@type":"Person","@id":"https:\/\/www.dominiqueduvivier.com\/#\/schema\/person\/677c0bd6d5c5d21949cab39bb529a81c","name":"Dominique Duvivier","image":{"@type":"ImageObject","@id":"https:\/\/www.dominiqueduvivier.com\/#personlogo","inLanguage":"fr-FR","url":"https:\/\/www.dominiqueduvivier.com\/wp-content\/uploads\/2019\/04\/Double-Fond-1-2-excl-groupes-10-150x150.jpg","contentUrl":"https:\/\/www.dominiqueduvivier.com\/wp-content\/uploads\/2019\/04\/Double-Fond-1-2-excl-groupes-10-150x150.jpg","caption":"Dominique Duvivier"},"description":"\u2663\ufe0f Magicien. \u2666\ufe0f Ma\u00eetre de l\u2019art du #CloseUp. \u2665\ufe0f Cr\u00e9ateur de tours et professeur. \u2660\ufe0f Fondateur @ledoublefond et directeur de Mayette Magie.","url":"https:\/\/www.dominiqueduvivier.com\/index.php\/author\/dominique-duvivier\/"}]}},"_links":{"self":[{"href":"https:\/\/www.dominiqueduvivier.com\/index.php\/wp-json\/wp\/v2\/posts\/9091"}],"collection":[{"href":"https:\/\/www.dominiqueduvivier.com\/index.php\/wp-json\/wp\/v2\/posts"}],"about":[{"href":"https:\/\/www.dominiqueduvivier.com\/index.php\/wp-json\/wp\/v2\/types\/post"}],"author":[{"embeddable":true,"href":"https:\/\/www.dominiqueduvivier.com\/index.php\/wp-json\/wp\/v2\/users\/2"}],"replies":[{"embeddable":true,"href":"https:\/\/www.dominiqueduvivier.com\/index.php\/wp-json\/wp\/v2\/comments?post=9091"}],"version-history":[{"count":1,"href":"https:\/\/www.dominiqueduvivier.com\/index.php\/wp-json\/wp\/v2\/posts\/9091\/revisions"}],"predecessor-version":[{"id":9093,"href":"https:\/\/www.dominiqueduvivier.com\/index.php\/wp-json\/wp\/v2\/posts\/9091\/revisions\/9093"}],"wp:featuredmedia":[{"embeddable":true,"href":"https:\/\/www.dominiqueduvivier.com\/index.php\/wp-json\/wp\/v2\/media\/9092"}],"wp:attachment":[{"href":"https:\/\/www.dominiqueduvivier.com\/index.php\/wp-json\/wp\/v2\/media?parent=9091"}],"wp:term":[{"taxonomy":"category","embeddable":true,"href":"https:\/\/www.dominiqueduvivier.com\/index.php\/wp-json\/wp\/v2\/categories?post=9091"},{"taxonomy":"post_tag","embeddable":true,"href":"https:\/\/www.dominiqueduvivier.com\/index.php\/wp-json\/wp\/v2\/tags?post=9091"}],"curies":[{"name":"wp","href":"https:\/\/api.w.org\/{rel}","templated":true}]}}