{"id":9016,"date":"2022-09-19T00:01:00","date_gmt":"2022-09-18T22:01:00","guid":{"rendered":"https:\/\/www.dominiqueduvivier.com\/?p=9016"},"modified":"2022-09-17T23:22:22","modified_gmt":"2022-09-17T21:22:22","slug":"podcast-et-si-cetait-vrai-emission-n105","status":"publish","type":"post","link":"https:\/\/www.dominiqueduvivier.com\/index.php\/2022\/09\/19\/podcast-et-si-cetait-vrai-emission-n105\/","title":{"rendered":"Podcast \u201cEt si c\u2019\u00e9tait vrai ?\u201d\u00e9mission n\u00b0105"},"content":{"rendered":"\n<figure class=\"wp-block-image size-full is-resized\"><img loading=\"lazy\" src=\"https:\/\/www.dominiqueduvivier.com\/wp-content\/uploads\/2022\/09\/banniere-podcast-et-si-cetait-vrai-71.jpg\" alt=\"\" class=\"wp-image-9018\" width=\"841\" height=\"280\" srcset=\"https:\/\/www.dominiqueduvivier.com\/wp-content\/uploads\/2022\/09\/banniere-podcast-et-si-cetait-vrai-71.jpg 600w, https:\/\/www.dominiqueduvivier.com\/wp-content\/uploads\/2022\/09\/banniere-podcast-et-si-cetait-vrai-71-300x100.jpg 300w\" sizes=\"(max-width: 841px) 100vw, 841px\" \/><\/figure>\n\n\n\n<p>Cher.e.s ami.e.s,<\/p>\n\n\n\n<p>Voici la 105\u00e8me \u00e9mission de mon podcast. Cette \u00e9mission a \u00e9t\u00e9 enregistr\u00e9e le 28 novembre 2020.<\/p>\n\n\n\n<p>Cette \u00e9dition a \u00e9t\u00e9 aussi enregistr\u00e9e en vid\u00e9o, \u00e0 retrouver sur : <a href=\"http:\/\/www.doublefond.tv\" target=\"_blank\" rel=\"noreferrer noopener\">www.doublefond.tv<\/a><\/p>\n\n\n\n<p>Installez-vous comme d\u2019habitude, confortablement et profitez !<\/p>\n\n\n\n<p>Vous pouvez retrouver mon podcast sur Google Podcast, Pocket Cast, Listen Note, PLayer FM et Podcast Index.<\/p>\n\n\n\n<p>Pour \u00e9couter mon podcast sur d\u2019autres plateformes :<\/p>\n\n\n\n<div id=\"block-14c1ff7e-0bb9-4d0f-889c-0de433e8883f\" class=\"wp-block-image\"><figure class=\"aligncenter is-resized\"><a href=\"https:\/\/podcasts.apple.com\/fr\/podcast\/et-si-c%C3%A9tait-vrai-entretiens-magiques-avec-dominique\/id488572020?l=en?l=en\"><img loading=\"lazy\" src=\"https:\/\/www.dominiqueduvivier.com\/wp-content\/uploads\/2021\/07\/1200px-Podcasts_iOS.svg-1-1024x1024.png\" alt=\"L\u2019attribut alt de cette image est vide, son nom de fichier est 1200px-Podcasts_iOS.svg-1-1024x1024.png.\" width=\"116\" height=\"116\"\/><\/a><figcaption>Apple Podcast<\/figcaption><\/figure><\/div>\n\n\n\n<div id=\"block-f0030f79-b60f-4d47-a32d-f21ccb04e8b8\" class=\"wp-block-image\"><figure class=\"aligncenter is-resized\"><a href=\"https:\/\/www.deezer.com\/fr\/show\/2657032\"><img loading=\"lazy\" src=\"https:\/\/www.dominiqueduvivier.com\/wp-content\/uploads\/2021\/07\/deezer-logo-circle.png\" alt=\"L\u2019attribut alt de cette image est vide, son nom de fichier est deezer-logo-circle.png.\" width=\"117\" height=\"117\"\/><\/a><figcaption>Deezer<\/figcaption><\/figure><\/div>\n\n\n\n<div id=\"block-c54c3fd7-bbdc-4c8e-a185-d98bdc910d36\" class=\"wp-block-image\"><figure class=\"aligncenter is-resized\"><a href=\"https:\/\/open.spotify.com\/show\/2SE8N9mUEoVAZUmCR6RTJi?si=S7NfvQCoSeycOWUdzDemRQ&amp;nd=1\"><img loading=\"lazy\" src=\"https:\/\/www.dominiqueduvivier.com\/wp-content\/uploads\/2021\/05\/Spotify-Logo.png\" alt=\"L\u2019attribut alt de cette image est vide, son nom de fichier est Spotify-Logo.png.\" width=\"122\" height=\"122\"\/><\/a><figcaption>Spotify<\/figcaption><\/figure><\/div>\n\n\n\n<div id=\"block-18efaeb0-237c-42f8-a4c1-8333f7773305\" class=\"wp-block-image\"><figure class=\"aligncenter is-resized\"><a href=\"https:\/\/podcastaddict.com\/podcast\/3334927\"><img loading=\"lazy\" src=\"https:\/\/www.dominiqueduvivier.com\/wp-content\/uploads\/2021\/05\/Podcast-Addict-Logo.png\" alt=\"L\u2019attribut alt de cette image est vide, son nom de fichier est Podcast-Addict-Logo.png.\" width=\"110\" height=\"110\"\/><\/a><figcaption>Podcast Addict<\/figcaption><\/figure><\/div>\n\n\n\n<div id=\"block-f319d5bb-5130-47dd-b984-97997cd56257\" class=\"wp-block-image\"><figure class=\"aligncenter is-resized\"><a href=\"https:\/\/music.amazon.fr\/podcasts\/1787a721-0f09-4da2-b355-8fa0053bb2db\/et-si-c'%C3%A9tait-vrai---entretiens-magiques-avec-dominique-duvivier\"><img loading=\"lazy\" src=\"https:\/\/www.dominiqueduvivier.com\/wp-content\/uploads\/2021\/05\/Amazon-Music-Logo.png\" alt=\"L\u2019attribut alt de cette image est vide, son nom de fichier est Amazon-Music-Logo.png.\" width=\"112\" height=\"112\"\/><\/a><figcaption>Amazon Music<\/figcaption><\/figure><\/div>\n","protected":false},"excerpt":{"rendered":"<p>Cher.e.s ami.e.s, Voici la 105\u00e8me \u00e9mission de mon podcast. Cette \u00e9mission a \u00e9t\u00e9 enregistr\u00e9e le 28 novembre 2020. Cette \u00e9dition a \u00e9t\u00e9 aussi enregistr\u00e9e en vid\u00e9o, \u00e0 retrouver sur : www.doublefond.tv Installez-vous comme d\u2019habitude, confortablement et profitez ! Vous pouvez retrouver mon podcast sur Google Podcast, Pocket Cast, Listen Note, PLayer FM et Podcast Index. &hellip;<\/p>\n","protected":false},"author":2,"featured_media":9020,"comment_status":"open","ping_status":"open","sticky":false,"template":"","format":"standard","meta":{"_monsterinsights_skip_tracking":false,"_monsterinsights_sitenote_active":false,"_monsterinsights_sitenote_note":"","_monsterinsights_sitenote_category":0,"ngg_post_thumbnail":0},"categories":[1,5],"tags":[15,18,271,99,27,141],"yoast_head":"<!-- This site is optimized with the Yoast SEO plugin v17.9 - https:\/\/yoast.com\/wordpress\/plugins\/seo\/ -->\n<title>Podcast \u201cEt si c\u2019\u00e9tait vrai ?\u201d\u00e9mission n\u00b0105 - Dominique Duvivier<\/title>\n<meta name=\"description\" content=\"Voici la 105\u00e8me \u00e9mission de mon podcast. Cette \u00e9mission a \u00e9t\u00e9 enregistr\u00e9e le 28 novembre 2020. Cette \u00e9dition a \u00e9t\u00e9 enregistr\u00e9e en vid\u00e9o, \u00e0 retrouver sur : www.doublefond.tv\" \/>\n<meta name=\"robots\" content=\"index, follow, max-snippet:-1, max-image-preview:large, max-video-preview:-1\" \/>\n<link rel=\"canonical\" href=\"https:\/\/www.dominiqueduvivier.com\/index.php\/2022\/09\/19\/podcast-et-si-cetait-vrai-emission-n105\/\" \/>\n<meta property=\"og:locale\" content=\"fr_FR\" \/>\n<meta property=\"og:type\" content=\"article\" \/>\n<meta property=\"og:title\" content=\"Podcast \u201cEt si c\u2019\u00e9tait vrai ?\u201d\u00e9mission n\u00b0105 - Dominique Duvivier\" \/>\n<meta property=\"og:description\" content=\"Voici la 105\u00e8me \u00e9mission de mon podcast. Cette \u00e9mission a \u00e9t\u00e9 enregistr\u00e9e le 28 novembre 2020. Cette \u00e9dition a \u00e9t\u00e9 enregistr\u00e9e en vid\u00e9o, \u00e0 retrouver sur : www.doublefond.tv\" \/>\n<meta property=\"og:url\" content=\"https:\/\/www.dominiqueduvivier.com\/index.php\/2022\/09\/19\/podcast-et-si-cetait-vrai-emission-n105\/\" \/>\n<meta property=\"og:site_name\" content=\"Entretiens avec Dominique Duvivier - Toute la magie de Dominique Duvivier\" \/>\n<meta property=\"article:publisher\" content=\"https:\/\/www.facebook.com\/dominique.duvivier.1232\/\" \/>\n<meta property=\"article:published_time\" content=\"2022-09-18T22:01:00+00:00\" \/>\n<meta property=\"article:modified_time\" content=\"2022-09-17T21:22:22+00:00\" \/>\n<meta property=\"og:image\" content=\"https:\/\/www.dominiqueduvivier.com\/wp-content\/uploads\/2022\/09\/Visuel_Et_si_cetait_vrai_n_105-scaled.jpg\" \/>\n\t<meta property=\"og:image:width\" content=\"2560\" \/>\n\t<meta property=\"og:image:height\" content=\"1708\" \/>\n\t<meta property=\"og:image:type\" content=\"image\/jpeg\" \/>\n<meta name=\"twitter:card\" content=\"summary_large_image\" \/>\n<meta name=\"twitter:creator\" content=\"@DDUVIVIER\" \/>\n<meta name=\"twitter:site\" content=\"@DDUVIVIER\" \/>\n<meta name=\"twitter:label1\" content=\"\u00c9crit par\" \/>\n\t<meta name=\"twitter:data1\" content=\"Dominique Duvivier\" \/>\n\t<meta name=\"twitter:label2\" content=\"Dur\u00e9e de lecture estim\u00e9e\" \/>\n\t<meta name=\"twitter:data2\" content=\"2 minutes\" \/>\n<script type=\"application\/ld+json\" class=\"yoast-schema-graph\">{\"@context\":\"https:\/\/schema.org\",\"@graph\":[{\"@type\":\"WebSite\",\"@id\":\"https:\/\/www.dominiqueduvivier.com\/#website\",\"url\":\"https:\/\/www.dominiqueduvivier.com\/\",\"name\":\"Entretiens avec Dominique Duvivier - Toute la magie de Dominique Duvivier\",\"description\":\"Dominique Duvivier | Magicien\",\"potentialAction\":[{\"@type\":\"SearchAction\",\"target\":{\"@type\":\"EntryPoint\",\"urlTemplate\":\"https:\/\/www.dominiqueduvivier.com\/?s={search_term_string}\"},\"query-input\":\"required name=search_term_string\"}],\"inLanguage\":\"fr-FR\"},{\"@type\":\"ImageObject\",\"@id\":\"https:\/\/www.dominiqueduvivier.com\/index.php\/2022\/09\/19\/podcast-et-si-cetait-vrai-emission-n105\/#primaryimage\",\"inLanguage\":\"fr-FR\",\"url\":\"https:\/\/www.dominiqueduvivier.com\/wp-content\/uploads\/2022\/09\/Visuel_Et_si_cetait_vrai_n_105-scaled.jpg\",\"contentUrl\":\"https:\/\/www.dominiqueduvivier.com\/wp-content\/uploads\/2022\/09\/Visuel_Et_si_cetait_vrai_n_105-scaled.jpg\",\"width\":2560,\"height\":1708},{\"@type\":\"WebPage\",\"@id\":\"https:\/\/www.dominiqueduvivier.com\/index.php\/2022\/09\/19\/podcast-et-si-cetait-vrai-emission-n105\/#webpage\",\"url\":\"https:\/\/www.dominiqueduvivier.com\/index.php\/2022\/09\/19\/podcast-et-si-cetait-vrai-emission-n105\/\",\"name\":\"Podcast \\u201cEt si c\\u2019\\u00e9tait vrai ?\\u201d\\u00e9mission n\\u00b0105 - Dominique Duvivier\",\"isPartOf\":{\"@id\":\"https:\/\/www.dominiqueduvivier.com\/#website\"},\"primaryImageOfPage\":{\"@id\":\"https:\/\/www.dominiqueduvivier.com\/index.php\/2022\/09\/19\/podcast-et-si-cetait-vrai-emission-n105\/#primaryimage\"},\"datePublished\":\"2022-09-18T22:01:00+00:00\",\"dateModified\":\"2022-09-17T21:22:22+00:00\",\"author\":{\"@id\":\"https:\/\/www.dominiqueduvivier.com\/#\/schema\/person\/677c0bd6d5c5d21949cab39bb529a81c\"},\"description\":\"Voici la 105\\u00e8me \\u00e9mission de mon podcast. Cette \\u00e9mission a \\u00e9t\\u00e9 enregistr\\u00e9e le 28 novembre 2020. Cette \\u00e9dition a \\u00e9t\\u00e9 enregistr\\u00e9e en vid\\u00e9o, \\u00e0 retrouver sur : www.doublefond.tv\",\"breadcrumb\":{\"@id\":\"https:\/\/www.dominiqueduvivier.com\/index.php\/2022\/09\/19\/podcast-et-si-cetait-vrai-emission-n105\/#breadcrumb\"},\"inLanguage\":\"fr-FR\",\"potentialAction\":[{\"@type\":\"ReadAction\",\"target\":[\"https:\/\/www.dominiqueduvivier.com\/index.php\/2022\/09\/19\/podcast-et-si-cetait-vrai-emission-n105\/\"]}]},{\"@type\":\"BreadcrumbList\",\"@id\":\"https:\/\/www.dominiqueduvivier.com\/index.php\/2022\/09\/19\/podcast-et-si-cetait-vrai-emission-n105\/#breadcrumb\",\"itemListElement\":[{\"@type\":\"ListItem\",\"position\":1,\"name\":\"Accueil\",\"item\":\"https:\/\/www.dominiqueduvivier.com\/\"},{\"@type\":\"ListItem\",\"position\":2,\"name\":\"Podcast \\u201cEt si c\\u2019\\u00e9tait vrai ?\\u201d\\u00e9mission n\\u00b0105\"}]},{\"@type\":\"Person\",\"@id\":\"https:\/\/www.dominiqueduvivier.com\/#\/schema\/person\/677c0bd6d5c5d21949cab39bb529a81c\",\"name\":\"Dominique Duvivier\",\"image\":{\"@type\":\"ImageObject\",\"@id\":\"https:\/\/www.dominiqueduvivier.com\/#personlogo\",\"inLanguage\":\"fr-FR\",\"url\":\"https:\/\/www.dominiqueduvivier.com\/wp-content\/uploads\/2019\/04\/Double-Fond-1-2-excl-groupes-10-150x150.jpg\",\"contentUrl\":\"https:\/\/www.dominiqueduvivier.com\/wp-content\/uploads\/2019\/04\/Double-Fond-1-2-excl-groupes-10-150x150.jpg\",\"caption\":\"Dominique Duvivier\"},\"description\":\"\\u2663\\ufe0f Magicien. \\u2666\\ufe0f Ma\\u00eetre de l\\u2019art du #CloseUp. \\u2665\\ufe0f Cr\\u00e9ateur de tours et professeur. \\u2660\\ufe0f Fondateur @ledoublefond et directeur de Mayette Magie.\",\"url\":\"https:\/\/www.dominiqueduvivier.com\/index.php\/author\/dominique-duvivier\/\"}]}<\/script>\n<!-- \/ Yoast SEO plugin. -->","yoast_head_json":{"title":"Podcast \u201cEt si c\u2019\u00e9tait vrai ?\u201d\u00e9mission n\u00b0105 - Dominique Duvivier","description":"Voici la 105\u00e8me \u00e9mission de mon podcast. Cette \u00e9mission a \u00e9t\u00e9 enregistr\u00e9e le 28 novembre 2020. Cette \u00e9dition a \u00e9t\u00e9 enregistr\u00e9e en vid\u00e9o, \u00e0 retrouver sur : www.doublefond.tv","robots":{"index":"index","follow":"follow","max-snippet":"max-snippet:-1","max-image-preview":"max-image-preview:large","max-video-preview":"max-video-preview:-1"},"canonical":"https:\/\/www.dominiqueduvivier.com\/index.php\/2022\/09\/19\/podcast-et-si-cetait-vrai-emission-n105\/","og_locale":"fr_FR","og_type":"article","og_title":"Podcast \u201cEt si c\u2019\u00e9tait vrai ?\u201d\u00e9mission n\u00b0105 - Dominique Duvivier","og_description":"Voici la 105\u00e8me \u00e9mission de mon podcast. Cette \u00e9mission a \u00e9t\u00e9 enregistr\u00e9e le 28 novembre 2020. Cette \u00e9dition a \u00e9t\u00e9 enregistr\u00e9e en vid\u00e9o, \u00e0 retrouver sur : www.doublefond.tv","og_url":"https:\/\/www.dominiqueduvivier.com\/index.php\/2022\/09\/19\/podcast-et-si-cetait-vrai-emission-n105\/","og_site_name":"Entretiens avec Dominique Duvivier - Toute la magie de Dominique Duvivier","article_publisher":"https:\/\/www.facebook.com\/dominique.duvivier.1232\/","article_published_time":"2022-09-18T22:01:00+00:00","article_modified_time":"2022-09-17T21:22:22+00:00","og_image":[{"width":2560,"height":1708,"url":"https:\/\/www.dominiqueduvivier.com\/wp-content\/uploads\/2022\/09\/Visuel_Et_si_cetait_vrai_n_105-scaled.jpg","type":"image\/jpeg"}],"twitter_card":"summary_large_image","twitter_creator":"@DDUVIVIER","twitter_site":"@DDUVIVIER","twitter_misc":{"\u00c9crit par":"Dominique Duvivier","Dur\u00e9e de lecture estim\u00e9e":"2 minutes"},"schema":{"@context":"https:\/\/schema.org","@graph":[{"@type":"WebSite","@id":"https:\/\/www.dominiqueduvivier.com\/#website","url":"https:\/\/www.dominiqueduvivier.com\/","name":"Entretiens avec Dominique Duvivier - Toute la magie de Dominique Duvivier","description":"Dominique Duvivier | Magicien","potentialAction":[{"@type":"SearchAction","target":{"@type":"EntryPoint","urlTemplate":"https:\/\/www.dominiqueduvivier.com\/?s={search_term_string}"},"query-input":"required name=search_term_string"}],"inLanguage":"fr-FR"},{"@type":"ImageObject","@id":"https:\/\/www.dominiqueduvivier.com\/index.php\/2022\/09\/19\/podcast-et-si-cetait-vrai-emission-n105\/#primaryimage","inLanguage":"fr-FR","url":"https:\/\/www.dominiqueduvivier.com\/wp-content\/uploads\/2022\/09\/Visuel_Et_si_cetait_vrai_n_105-scaled.jpg","contentUrl":"https:\/\/www.dominiqueduvivier.com\/wp-content\/uploads\/2022\/09\/Visuel_Et_si_cetait_vrai_n_105-scaled.jpg","width":2560,"height":1708},{"@type":"WebPage","@id":"https:\/\/www.dominiqueduvivier.com\/index.php\/2022\/09\/19\/podcast-et-si-cetait-vrai-emission-n105\/#webpage","url":"https:\/\/www.dominiqueduvivier.com\/index.php\/2022\/09\/19\/podcast-et-si-cetait-vrai-emission-n105\/","name":"Podcast \u201cEt si c\u2019\u00e9tait vrai ?\u201d\u00e9mission n\u00b0105 - Dominique Duvivier","isPartOf":{"@id":"https:\/\/www.dominiqueduvivier.com\/#website"},"primaryImageOfPage":{"@id":"https:\/\/www.dominiqueduvivier.com\/index.php\/2022\/09\/19\/podcast-et-si-cetait-vrai-emission-n105\/#primaryimage"},"datePublished":"2022-09-18T22:01:00+00:00","dateModified":"2022-09-17T21:22:22+00:00","author":{"@id":"https:\/\/www.dominiqueduvivier.com\/#\/schema\/person\/677c0bd6d5c5d21949cab39bb529a81c"},"description":"Voici la 105\u00e8me \u00e9mission de mon podcast. Cette \u00e9mission a \u00e9t\u00e9 enregistr\u00e9e le 28 novembre 2020. Cette \u00e9dition a \u00e9t\u00e9 enregistr\u00e9e en vid\u00e9o, \u00e0 retrouver sur : www.doublefond.tv","breadcrumb":{"@id":"https:\/\/www.dominiqueduvivier.com\/index.php\/2022\/09\/19\/podcast-et-si-cetait-vrai-emission-n105\/#breadcrumb"},"inLanguage":"fr-FR","potentialAction":[{"@type":"ReadAction","target":["https:\/\/www.dominiqueduvivier.com\/index.php\/2022\/09\/19\/podcast-et-si-cetait-vrai-emission-n105\/"]}]},{"@type":"BreadcrumbList","@id":"https:\/\/www.dominiqueduvivier.com\/index.php\/2022\/09\/19\/podcast-et-si-cetait-vrai-emission-n105\/#breadcrumb","itemListElement":[{"@type":"ListItem","position":1,"name":"Accueil","item":"https:\/\/www.dominiqueduvivier.com\/"},{"@type":"ListItem","position":2,"name":"Podcast \u201cEt si c\u2019\u00e9tait vrai ?\u201d\u00e9mission n\u00b0105"}]},{"@type":"Person","@id":"https:\/\/www.dominiqueduvivier.com\/#\/schema\/person\/677c0bd6d5c5d21949cab39bb529a81c","name":"Dominique Duvivier","image":{"@type":"ImageObject","@id":"https:\/\/www.dominiqueduvivier.com\/#personlogo","inLanguage":"fr-FR","url":"https:\/\/www.dominiqueduvivier.com\/wp-content\/uploads\/2019\/04\/Double-Fond-1-2-excl-groupes-10-150x150.jpg","contentUrl":"https:\/\/www.dominiqueduvivier.com\/wp-content\/uploads\/2019\/04\/Double-Fond-1-2-excl-groupes-10-150x150.jpg","caption":"Dominique Duvivier"},"description":"\u2663\ufe0f Magicien. \u2666\ufe0f Ma\u00eetre de l\u2019art du #CloseUp. \u2665\ufe0f Cr\u00e9ateur de tours et professeur. \u2660\ufe0f Fondateur @ledoublefond et directeur de Mayette Magie.","url":"https:\/\/www.dominiqueduvivier.com\/index.php\/author\/dominique-duvivier\/"}]}},"_links":{"self":[{"href":"https:\/\/www.dominiqueduvivier.com\/index.php\/wp-json\/wp\/v2\/posts\/9016"}],"collection":[{"href":"https:\/\/www.dominiqueduvivier.com\/index.php\/wp-json\/wp\/v2\/posts"}],"about":[{"href":"https:\/\/www.dominiqueduvivier.com\/index.php\/wp-json\/wp\/v2\/types\/post"}],"author":[{"embeddable":true,"href":"https:\/\/www.dominiqueduvivier.com\/index.php\/wp-json\/wp\/v2\/users\/2"}],"replies":[{"embeddable":true,"href":"https:\/\/www.dominiqueduvivier.com\/index.php\/wp-json\/wp\/v2\/comments?post=9016"}],"version-history":[{"count":13,"href":"https:\/\/www.dominiqueduvivier.com\/index.php\/wp-json\/wp\/v2\/posts\/9016\/revisions"}],"predecessor-version":[{"id":9033,"href":"https:\/\/www.dominiqueduvivier.com\/index.php\/wp-json\/wp\/v2\/posts\/9016\/revisions\/9033"}],"wp:featuredmedia":[{"embeddable":true,"href":"https:\/\/www.dominiqueduvivier.com\/index.php\/wp-json\/wp\/v2\/media\/9020"}],"wp:attachment":[{"href":"https:\/\/www.dominiqueduvivier.com\/index.php\/wp-json\/wp\/v2\/media?parent=9016"}],"wp:term":[{"taxonomy":"category","embeddable":true,"href":"https:\/\/www.dominiqueduvivier.com\/index.php\/wp-json\/wp\/v2\/categories?post=9016"},{"taxonomy":"post_tag","embeddable":true,"href":"https:\/\/www.dominiqueduvivier.com\/index.php\/wp-json\/wp\/v2\/tags?post=9016"}],"curies":[{"name":"wp","href":"https:\/\/api.w.org\/{rel}","templated":true}]}}