{"id":8909,"date":"2022-05-16T00:01:00","date_gmt":"2022-05-15T22:01:00","guid":{"rendered":"https:\/\/www.dominiqueduvivier.com\/?p=8909"},"modified":"2022-05-13T18:07:07","modified_gmt":"2022-05-13T16:07:07","slug":"magiphageuh-n77-la-theorie-du-temps-la-parenthese-de-loubli","status":"publish","type":"post","link":"https:\/\/www.dominiqueduvivier.com\/index.php\/2022\/05\/16\/magiphageuh-n77-la-theorie-du-temps-la-parenthese-de-loubli\/","title":{"rendered":"MAGIPHAGEUH n\u00b077 : LA THEORIE DU TEMPS \/ LA PARENTHESE DE L\u2019OUBLI"},"content":{"rendered":"\n<h3><a><\/a><a>LA THEORIE DU TEMPS \/ LA PARENTHESE DE L\u2019OUBLI<\/a><\/h3>\n\n\n\n<p>La parenth\u00e8se de l&rsquo;oubli pourrait \u00e9galement s&rsquo;appeler \u00ab\u00a0misdirection temporelle\u00a0\u00bb. Le principe&nbsp;? Monter un effet, laisser mijoter, puis le climax arrive et percute le mental du public ! Entre l&rsquo;effet et le climax, il s&rsquo;est pass\u00e9 un laps de temps qui a permis de faire oublier un certain nombre d&rsquo;\u00e9l\u00e9ments permettant de construire ce qui sera plus tard la fin attendue. Souvent, cette fabrication de l&rsquo;effet s&rsquo;est d\u00e9roul\u00e9e devant les yeux m\u00eame des spectateurs sans qu&rsquo;ils se doutent le moins du monde de ce qu\u2019il se trame. C\u2019est une arme terriblement efficace que j\u2019utilise \u00e9norm\u00e9ment dans ma magie\u2026 mais c\u2019est pas une technique qui n\u2019est pas facile \u00e0 exprimer j\u2019avoue&nbsp;! Il ne s\u2019agit pas de la notion de \u00ab&nbsp;temps fort\/temps faible&nbsp;\u00bb parfaitement d\u00e9finie notamment par Tony Slydini. La \u00ab&nbsp;parenth\u00e8se de l&rsquo;oubli&nbsp;\u00bb va au-del\u00e0&nbsp;: elle met en \u00ab&nbsp;stand-by&nbsp;\u00bb le d\u00e9roulement logique du tour pour y revenir au galop. Le subterfuge est invisible puisqu&rsquo;il s&rsquo;effectue souvent, je le confirme, au nez et \u00e0 la barbe du convive. En l\u2019occurrence, c\u2019est le texte, le sc\u00e9nario et le jeu de sc\u00e8ne qui sont les ingr\u00e9dients miracle&nbsp;: une bonne coordination de ces \u00e9l\u00e9ments et hop&nbsp;! vous allez pouvoir vous payer le luxe de changer un objet devant les yeux des gens sans artifice ou technique de magiciens conventionnels. J\u2019adore&nbsp;! C\u2019est la raison pour laquelle j\u2019insiste tant et toujours sur le jeu d\u2019acteur et toutes les modulations qu\u2019il faut apporter aux routines. Car c\u2019est pr\u00e9cis\u00e9ment l\u00e0 que peut se cacher cette arme magique magnifique qu\u2019est la parenth\u00e8se de l\u2019oubli. Mais ce n\u2019est qu\u2019\u00e0 condition d\u2019installer un univers assez riche et puissant, que les spectateurs peuvent en \u00eatre \u00ab&nbsp;victimes&nbsp;\u00bb&nbsp;: dans un tour bien construit, on suit le narrateur\/magicien, il parle, il agit, il pratique des gestes non magiques mix\u00e9s avec des gestes magiques. Son jeu verbal et corporel suit le propos. Sa couleur rythmique transporte peu \u00e0 peu le public. Son tempo commence \u00e0 l\u2019envahir. Et quand le public est \u00ab\u00a0m\u00fbr\u00a0\u00bb, alors tout devient anodin et donc possible pour le magicien&nbsp;! Si vous diss\u00e9quez un geste, une action en les sortant du contexte, vous pouvez vous demander&nbsp;: comment se fait-il que cela puisse passer ? Pourtant, c\u2019est possible\u2026 L\u2019id\u00e9e c\u2019est d\u2019arriver \u00e0 un point o\u00f9 le spectateur est tellement \u00ab&nbsp;rassasi\u00e9&nbsp;\u00bb qu\u2019il en devient aveugle, sourd et muet pour quelques secondes&nbsp;: l\u00e0, on peut agir et la magie op\u00e8re&nbsp;! Il y a pas mal de personnes qui sont assez critiques vis-\u00e0-vis de mon style de magie (pour ne pas dire hostiles) en la taxant de \u00ab&nbsp;bavarde&nbsp;\u00bb (sur le mode \u00ab&nbsp;il parle pendant des heures&nbsp;pour un effet magique\u2026&nbsp;\u00bb etc.). Chacun pense ce qu\u2019il veut, mais je doute qu\u2019elles comprennent la force de ce concept hallucinant qu\u2019est la parenth\u00e8se de l\u2019oubli\u2026 A bon entendeur salut&nbsp;!<\/p>\n","protected":false},"excerpt":{"rendered":"<p>LA THEORIE DU TEMPS \/ LA PARENTHESE DE L\u2019OUBLI La parenth\u00e8se de l&rsquo;oubli pourrait \u00e9galement s&rsquo;appeler \u00ab\u00a0misdirection temporelle\u00a0\u00bb. Le principe&nbsp;? Monter un effet, laisser mijoter, puis le climax arrive et percute le mental du public ! Entre l&rsquo;effet et le climax, il s&rsquo;est pass\u00e9 un laps de temps qui a permis de faire oublier un &hellip;<\/p>\n","protected":false},"author":2,"featured_media":8910,"comment_status":"open","ping_status":"open","sticky":false,"template":"","format":"standard","meta":{"_monsterinsights_skip_tracking":false,"_monsterinsights_sitenote_active":false,"_monsterinsights_sitenote_note":"","_monsterinsights_sitenote_category":0,"ngg_post_thumbnail":0},"categories":[1],"tags":[12,221,14,109,97,239,27,233,236,238,237,234],"yoast_head":"<!-- This site is optimized with the Yoast SEO plugin v17.9 - https:\/\/yoast.com\/wordpress\/plugins\/seo\/ -->\n<title>MAGIPHAGEUH n\u00b077 : LA THEORIE DU TEMPS \/ LA PARENTHESE DE L\u2019OUBLI - Entretiens avec Dominique Duvivier - Toute la magie de Dominique Duvivier<\/title>\n<meta name=\"robots\" content=\"index, follow, max-snippet:-1, max-image-preview:large, max-video-preview:-1\" \/>\n<link rel=\"canonical\" href=\"https:\/\/www.dominiqueduvivier.com\/index.php\/2022\/05\/16\/magiphageuh-n77-la-theorie-du-temps-la-parenthese-de-loubli\/\" \/>\n<meta property=\"og:locale\" content=\"fr_FR\" \/>\n<meta property=\"og:type\" content=\"article\" \/>\n<meta property=\"og:title\" content=\"MAGIPHAGEUH n\u00b077 : LA THEORIE DU TEMPS \/ LA PARENTHESE DE L\u2019OUBLI - Entretiens avec Dominique Duvivier - Toute la magie de Dominique Duvivier\" \/>\n<meta property=\"og:description\" content=\"LA THEORIE DU TEMPS \/ LA PARENTHESE DE L\u2019OUBLI La parenth\u00e8se de l&rsquo;oubli pourrait \u00e9galement s&rsquo;appeler \u00ab\u00a0misdirection temporelle\u00a0\u00bb. Le principe&nbsp;? Monter un effet, laisser mijoter, puis le climax arrive et percute le mental du public ! Entre l&rsquo;effet et le climax, il s&rsquo;est pass\u00e9 un laps de temps qui a permis de faire oublier un &hellip;\" \/>\n<meta property=\"og:url\" content=\"https:\/\/www.dominiqueduvivier.com\/index.php\/2022\/05\/16\/magiphageuh-n77-la-theorie-du-temps-la-parenthese-de-loubli\/\" \/>\n<meta property=\"og:site_name\" content=\"Entretiens avec Dominique Duvivier - Toute la magie de Dominique Duvivier\" \/>\n<meta property=\"article:publisher\" content=\"https:\/\/www.facebook.com\/dominique.duvivier.1232\/\" \/>\n<meta property=\"article:published_time\" content=\"2022-05-15T22:01:00+00:00\" \/>\n<meta property=\"article:modified_time\" content=\"2022-05-13T16:07:07+00:00\" \/>\n<meta property=\"og:image\" content=\"https:\/\/www.dominiqueduvivier.com\/wp-content\/uploads\/2022\/05\/Blog-scaled.jpg\" \/>\n\t<meta property=\"og:image:width\" content=\"1707\" \/>\n\t<meta property=\"og:image:height\" content=\"2560\" \/>\n\t<meta property=\"og:image:type\" content=\"image\/jpeg\" \/>\n<meta name=\"twitter:card\" content=\"summary_large_image\" \/>\n<meta name=\"twitter:creator\" content=\"@DDUVIVIER\" \/>\n<meta name=\"twitter:site\" content=\"@DDUVIVIER\" \/>\n<meta name=\"twitter:label1\" content=\"\u00c9crit par\" \/>\n\t<meta name=\"twitter:data1\" content=\"Dominique Duvivier\" \/>\n\t<meta name=\"twitter:label2\" content=\"Dur\u00e9e de lecture estim\u00e9e\" \/>\n\t<meta name=\"twitter:data2\" content=\"3 minutes\" \/>\n<script type=\"application\/ld+json\" class=\"yoast-schema-graph\">{\"@context\":\"https:\/\/schema.org\",\"@graph\":[{\"@type\":\"WebSite\",\"@id\":\"https:\/\/www.dominiqueduvivier.com\/#website\",\"url\":\"https:\/\/www.dominiqueduvivier.com\/\",\"name\":\"Entretiens avec Dominique Duvivier - Toute la magie de Dominique Duvivier\",\"description\":\"Dominique Duvivier | Magicien\",\"potentialAction\":[{\"@type\":\"SearchAction\",\"target\":{\"@type\":\"EntryPoint\",\"urlTemplate\":\"https:\/\/www.dominiqueduvivier.com\/?s={search_term_string}\"},\"query-input\":\"required name=search_term_string\"}],\"inLanguage\":\"fr-FR\"},{\"@type\":\"ImageObject\",\"@id\":\"https:\/\/www.dominiqueduvivier.com\/index.php\/2022\/05\/16\/magiphageuh-n77-la-theorie-du-temps-la-parenthese-de-loubli\/#primaryimage\",\"inLanguage\":\"fr-FR\",\"url\":\"https:\/\/www.dominiqueduvivier.com\/wp-content\/uploads\/2022\/05\/Blog-scaled.jpg\",\"contentUrl\":\"https:\/\/www.dominiqueduvivier.com\/wp-content\/uploads\/2022\/05\/Blog-scaled.jpg\",\"width\":1707,\"height\":2560},{\"@type\":\"WebPage\",\"@id\":\"https:\/\/www.dominiqueduvivier.com\/index.php\/2022\/05\/16\/magiphageuh-n77-la-theorie-du-temps-la-parenthese-de-loubli\/#webpage\",\"url\":\"https:\/\/www.dominiqueduvivier.com\/index.php\/2022\/05\/16\/magiphageuh-n77-la-theorie-du-temps-la-parenthese-de-loubli\/\",\"name\":\"MAGIPHAGEUH n\\u00b077 : LA THEORIE DU TEMPS \/ LA PARENTHESE DE L\\u2019OUBLI - Entretiens avec Dominique Duvivier - Toute la magie de Dominique Duvivier\",\"isPartOf\":{\"@id\":\"https:\/\/www.dominiqueduvivier.com\/#website\"},\"primaryImageOfPage\":{\"@id\":\"https:\/\/www.dominiqueduvivier.com\/index.php\/2022\/05\/16\/magiphageuh-n77-la-theorie-du-temps-la-parenthese-de-loubli\/#primaryimage\"},\"datePublished\":\"2022-05-15T22:01:00+00:00\",\"dateModified\":\"2022-05-13T16:07:07+00:00\",\"author\":{\"@id\":\"https:\/\/www.dominiqueduvivier.com\/#\/schema\/person\/677c0bd6d5c5d21949cab39bb529a81c\"},\"breadcrumb\":{\"@id\":\"https:\/\/www.dominiqueduvivier.com\/index.php\/2022\/05\/16\/magiphageuh-n77-la-theorie-du-temps-la-parenthese-de-loubli\/#breadcrumb\"},\"inLanguage\":\"fr-FR\",\"potentialAction\":[{\"@type\":\"ReadAction\",\"target\":[\"https:\/\/www.dominiqueduvivier.com\/index.php\/2022\/05\/16\/magiphageuh-n77-la-theorie-du-temps-la-parenthese-de-loubli\/\"]}]},{\"@type\":\"BreadcrumbList\",\"@id\":\"https:\/\/www.dominiqueduvivier.com\/index.php\/2022\/05\/16\/magiphageuh-n77-la-theorie-du-temps-la-parenthese-de-loubli\/#breadcrumb\",\"itemListElement\":[{\"@type\":\"ListItem\",\"position\":1,\"name\":\"Accueil\",\"item\":\"https:\/\/www.dominiqueduvivier.com\/\"},{\"@type\":\"ListItem\",\"position\":2,\"name\":\"MAGIPHAGEUH n\\u00b077 : LA THEORIE DU TEMPS \/ LA PARENTHESE DE L\\u2019OUBLI\"}]},{\"@type\":\"Person\",\"@id\":\"https:\/\/www.dominiqueduvivier.com\/#\/schema\/person\/677c0bd6d5c5d21949cab39bb529a81c\",\"name\":\"Dominique Duvivier\",\"image\":{\"@type\":\"ImageObject\",\"@id\":\"https:\/\/www.dominiqueduvivier.com\/#personlogo\",\"inLanguage\":\"fr-FR\",\"url\":\"https:\/\/www.dominiqueduvivier.com\/wp-content\/uploads\/2019\/04\/Double-Fond-1-2-excl-groupes-10-150x150.jpg\",\"contentUrl\":\"https:\/\/www.dominiqueduvivier.com\/wp-content\/uploads\/2019\/04\/Double-Fond-1-2-excl-groupes-10-150x150.jpg\",\"caption\":\"Dominique Duvivier\"},\"description\":\"\\u2663\\ufe0f Magicien. \\u2666\\ufe0f Ma\\u00eetre de l\\u2019art du #CloseUp. \\u2665\\ufe0f Cr\\u00e9ateur de tours et professeur. \\u2660\\ufe0f Fondateur @ledoublefond et directeur de Mayette Magie.\",\"url\":\"https:\/\/www.dominiqueduvivier.com\/index.php\/author\/dominique-duvivier\/\"}]}<\/script>\n<!-- \/ Yoast SEO plugin. -->","yoast_head_json":{"title":"MAGIPHAGEUH n\u00b077 : LA THEORIE DU TEMPS \/ LA PARENTHESE DE L\u2019OUBLI - Entretiens avec Dominique Duvivier - Toute la magie de Dominique Duvivier","robots":{"index":"index","follow":"follow","max-snippet":"max-snippet:-1","max-image-preview":"max-image-preview:large","max-video-preview":"max-video-preview:-1"},"canonical":"https:\/\/www.dominiqueduvivier.com\/index.php\/2022\/05\/16\/magiphageuh-n77-la-theorie-du-temps-la-parenthese-de-loubli\/","og_locale":"fr_FR","og_type":"article","og_title":"MAGIPHAGEUH n\u00b077 : LA THEORIE DU TEMPS \/ LA PARENTHESE DE L\u2019OUBLI - Entretiens avec Dominique Duvivier - Toute la magie de Dominique Duvivier","og_description":"LA THEORIE DU TEMPS \/ LA PARENTHESE DE L\u2019OUBLI La parenth\u00e8se de l&rsquo;oubli pourrait \u00e9galement s&rsquo;appeler \u00ab\u00a0misdirection temporelle\u00a0\u00bb. Le principe&nbsp;? Monter un effet, laisser mijoter, puis le climax arrive et percute le mental du public ! Entre l&rsquo;effet et le climax, il s&rsquo;est pass\u00e9 un laps de temps qui a permis de faire oublier un &hellip;","og_url":"https:\/\/www.dominiqueduvivier.com\/index.php\/2022\/05\/16\/magiphageuh-n77-la-theorie-du-temps-la-parenthese-de-loubli\/","og_site_name":"Entretiens avec Dominique Duvivier - Toute la magie de Dominique Duvivier","article_publisher":"https:\/\/www.facebook.com\/dominique.duvivier.1232\/","article_published_time":"2022-05-15T22:01:00+00:00","article_modified_time":"2022-05-13T16:07:07+00:00","og_image":[{"width":1707,"height":2560,"url":"https:\/\/www.dominiqueduvivier.com\/wp-content\/uploads\/2022\/05\/Blog-scaled.jpg","type":"image\/jpeg"}],"twitter_card":"summary_large_image","twitter_creator":"@DDUVIVIER","twitter_site":"@DDUVIVIER","twitter_misc":{"\u00c9crit par":"Dominique Duvivier","Dur\u00e9e de lecture estim\u00e9e":"3 minutes"},"schema":{"@context":"https:\/\/schema.org","@graph":[{"@type":"WebSite","@id":"https:\/\/www.dominiqueduvivier.com\/#website","url":"https:\/\/www.dominiqueduvivier.com\/","name":"Entretiens avec Dominique Duvivier - Toute la magie de Dominique Duvivier","description":"Dominique Duvivier | Magicien","potentialAction":[{"@type":"SearchAction","target":{"@type":"EntryPoint","urlTemplate":"https:\/\/www.dominiqueduvivier.com\/?s={search_term_string}"},"query-input":"required name=search_term_string"}],"inLanguage":"fr-FR"},{"@type":"ImageObject","@id":"https:\/\/www.dominiqueduvivier.com\/index.php\/2022\/05\/16\/magiphageuh-n77-la-theorie-du-temps-la-parenthese-de-loubli\/#primaryimage","inLanguage":"fr-FR","url":"https:\/\/www.dominiqueduvivier.com\/wp-content\/uploads\/2022\/05\/Blog-scaled.jpg","contentUrl":"https:\/\/www.dominiqueduvivier.com\/wp-content\/uploads\/2022\/05\/Blog-scaled.jpg","width":1707,"height":2560},{"@type":"WebPage","@id":"https:\/\/www.dominiqueduvivier.com\/index.php\/2022\/05\/16\/magiphageuh-n77-la-theorie-du-temps-la-parenthese-de-loubli\/#webpage","url":"https:\/\/www.dominiqueduvivier.com\/index.php\/2022\/05\/16\/magiphageuh-n77-la-theorie-du-temps-la-parenthese-de-loubli\/","name":"MAGIPHAGEUH n\u00b077 : LA THEORIE DU TEMPS \/ LA PARENTHESE DE L\u2019OUBLI - Entretiens avec Dominique Duvivier - Toute la magie de Dominique Duvivier","isPartOf":{"@id":"https:\/\/www.dominiqueduvivier.com\/#website"},"primaryImageOfPage":{"@id":"https:\/\/www.dominiqueduvivier.com\/index.php\/2022\/05\/16\/magiphageuh-n77-la-theorie-du-temps-la-parenthese-de-loubli\/#primaryimage"},"datePublished":"2022-05-15T22:01:00+00:00","dateModified":"2022-05-13T16:07:07+00:00","author":{"@id":"https:\/\/www.dominiqueduvivier.com\/#\/schema\/person\/677c0bd6d5c5d21949cab39bb529a81c"},"breadcrumb":{"@id":"https:\/\/www.dominiqueduvivier.com\/index.php\/2022\/05\/16\/magiphageuh-n77-la-theorie-du-temps-la-parenthese-de-loubli\/#breadcrumb"},"inLanguage":"fr-FR","potentialAction":[{"@type":"ReadAction","target":["https:\/\/www.dominiqueduvivier.com\/index.php\/2022\/05\/16\/magiphageuh-n77-la-theorie-du-temps-la-parenthese-de-loubli\/"]}]},{"@type":"BreadcrumbList","@id":"https:\/\/www.dominiqueduvivier.com\/index.php\/2022\/05\/16\/magiphageuh-n77-la-theorie-du-temps-la-parenthese-de-loubli\/#breadcrumb","itemListElement":[{"@type":"ListItem","position":1,"name":"Accueil","item":"https:\/\/www.dominiqueduvivier.com\/"},{"@type":"ListItem","position":2,"name":"MAGIPHAGEUH n\u00b077 : LA THEORIE DU TEMPS \/ LA PARENTHESE DE L\u2019OUBLI"}]},{"@type":"Person","@id":"https:\/\/www.dominiqueduvivier.com\/#\/schema\/person\/677c0bd6d5c5d21949cab39bb529a81c","name":"Dominique Duvivier","image":{"@type":"ImageObject","@id":"https:\/\/www.dominiqueduvivier.com\/#personlogo","inLanguage":"fr-FR","url":"https:\/\/www.dominiqueduvivier.com\/wp-content\/uploads\/2019\/04\/Double-Fond-1-2-excl-groupes-10-150x150.jpg","contentUrl":"https:\/\/www.dominiqueduvivier.com\/wp-content\/uploads\/2019\/04\/Double-Fond-1-2-excl-groupes-10-150x150.jpg","caption":"Dominique Duvivier"},"description":"\u2663\ufe0f Magicien. \u2666\ufe0f Ma\u00eetre de l\u2019art du #CloseUp. \u2665\ufe0f Cr\u00e9ateur de tours et professeur. \u2660\ufe0f Fondateur @ledoublefond et directeur de Mayette Magie.","url":"https:\/\/www.dominiqueduvivier.com\/index.php\/author\/dominique-duvivier\/"}]}},"_links":{"self":[{"href":"https:\/\/www.dominiqueduvivier.com\/index.php\/wp-json\/wp\/v2\/posts\/8909"}],"collection":[{"href":"https:\/\/www.dominiqueduvivier.com\/index.php\/wp-json\/wp\/v2\/posts"}],"about":[{"href":"https:\/\/www.dominiqueduvivier.com\/index.php\/wp-json\/wp\/v2\/types\/post"}],"author":[{"embeddable":true,"href":"https:\/\/www.dominiqueduvivier.com\/index.php\/wp-json\/wp\/v2\/users\/2"}],"replies":[{"embeddable":true,"href":"https:\/\/www.dominiqueduvivier.com\/index.php\/wp-json\/wp\/v2\/comments?post=8909"}],"version-history":[{"count":1,"href":"https:\/\/www.dominiqueduvivier.com\/index.php\/wp-json\/wp\/v2\/posts\/8909\/revisions"}],"predecessor-version":[{"id":8911,"href":"https:\/\/www.dominiqueduvivier.com\/index.php\/wp-json\/wp\/v2\/posts\/8909\/revisions\/8911"}],"wp:featuredmedia":[{"embeddable":true,"href":"https:\/\/www.dominiqueduvivier.com\/index.php\/wp-json\/wp\/v2\/media\/8910"}],"wp:attachment":[{"href":"https:\/\/www.dominiqueduvivier.com\/index.php\/wp-json\/wp\/v2\/media?parent=8909"}],"wp:term":[{"taxonomy":"category","embeddable":true,"href":"https:\/\/www.dominiqueduvivier.com\/index.php\/wp-json\/wp\/v2\/categories?post=8909"},{"taxonomy":"post_tag","embeddable":true,"href":"https:\/\/www.dominiqueduvivier.com\/index.php\/wp-json\/wp\/v2\/tags?post=8909"}],"curies":[{"name":"wp","href":"https:\/\/api.w.org\/{rel}","templated":true}]}}