{"id":8624,"date":"2021-10-04T00:01:00","date_gmt":"2021-10-03T22:01:00","guid":{"rendered":"https:\/\/www.dominiqueduvivier.com\/?p=8624"},"modified":"2021-10-01T11:49:24","modified_gmt":"2021-10-01T09:49:24","slug":"podcast-et-si-cetait-vrai-emission-n87","status":"publish","type":"post","link":"https:\/\/www.dominiqueduvivier.com\/index.php\/2021\/10\/04\/podcast-et-si-cetait-vrai-emission-n87\/","title":{"rendered":"Podcast \u00ab\u00a0Et si c&rsquo;\u00e9tait vrai ?\u00a0\u00bb \u00e9mission n\u00b087"},"content":{"rendered":"\n<figure class=\"wp-block-image alignfull size-large\"><img loading=\"lazy\" width=\"600\" height=\"200\" src=\"https:\/\/www.dominiqueduvivier.com\/wp-content\/uploads\/2020\/12\/banniere-podcast-et-si-c\u00e9tait-vrai-71.jpg\" alt=\"\" class=\"wp-image-8157\" srcset=\"https:\/\/www.dominiqueduvivier.com\/wp-content\/uploads\/2020\/12\/banniere-podcast-et-si-c\u00e9tait-vrai-71.jpg 600w, https:\/\/www.dominiqueduvivier.com\/wp-content\/uploads\/2020\/12\/banniere-podcast-et-si-c\u00e9tait-vrai-71-300x100.jpg 300w\" sizes=\"(max-width: 600px) 100vw, 600px\" \/><\/figure>\n\n\n\n<p>Cher.e.s ami.e.s,<\/p>\n\n\n\n<p>Voici la 87\u00e8me \u00e9mission de mon podcast. Cette \u00e9mission a \u00e9t\u00e9 enregistr\u00e9e en janvier 2019.<\/p>\n\n\n\n<p>Cette semaine nous sommes en compagnie d&rsquo;Adeline, notre gestionnaire, elle fait mille choses : relation client, gestion du personnel, gestion financi\u00e8re, marketing et communication, une personne indispensable en soit ! Nous sommes \u00e9galement accompagn\u00e9s de Sophie notre accessoiriste, habilleuse et maquilleuse, elle assure la bonne tenue de nos spectacles, elle est la petite main invisible sans qui rien ne serait possible !<\/p>\n\n\n\n<p>Installez-vous comme d\u2019habitude, confortablement.<\/p>\n\n\n\n<p>Bonne lecture audio !<\/p>\n\n\n\n<p>Vous pouvez retrouver mon podcast sur Google Podcast, Pocket Cast, Listen Note, PLayer FM et Podcast Index.<\/p>\n\n\n\n<p>Pour \u00e9couter mon podcast sur d\u2019autres plateformes :<\/p>\n\n\n\n<div class=\"wp-block-image\"><figure class=\"aligncenter size-large is-resized\"><a href=\"https:\/\/podcasts.apple.com\/fr\/podcast\/et-si-c%C3%A9tait-vrai-entretiens-magiques-avec-dominique\/id488572020?l=en?l=en\"><img loading=\"lazy\" src=\"https:\/\/www.dominiqueduvivier.com\/wp-content\/uploads\/2021\/07\/1200px-Podcasts_iOS.svg-1-1024x1024.png\" alt=\"\" class=\"wp-image-8515\" width=\"133\" height=\"133\" srcset=\"https:\/\/www.dominiqueduvivier.com\/wp-content\/uploads\/2021\/07\/1200px-Podcasts_iOS.svg-1-1024x1024.png 1024w, https:\/\/www.dominiqueduvivier.com\/wp-content\/uploads\/2021\/07\/1200px-Podcasts_iOS.svg-1-300x300.png 300w, https:\/\/www.dominiqueduvivier.com\/wp-content\/uploads\/2021\/07\/1200px-Podcasts_iOS.svg-1-150x150.png 150w, https:\/\/www.dominiqueduvivier.com\/wp-content\/uploads\/2021\/07\/1200px-Podcasts_iOS.svg-1-768x768.png 768w, https:\/\/www.dominiqueduvivier.com\/wp-content\/uploads\/2021\/07\/1200px-Podcasts_iOS.svg-1.png 1200w\" sizes=\"(max-width: 133px) 100vw, 133px\" \/><\/a><figcaption>Apple Podcast<\/figcaption><\/figure><\/div>\n\n\n\n<div class=\"wp-block-image\"><figure class=\"aligncenter size-large is-resized\"><a href=\"https:\/\/www.deezer.com\/fr\/show\/2657032\"><img loading=\"lazy\" src=\"https:\/\/www.dominiqueduvivier.com\/wp-content\/uploads\/2021\/07\/deezer-logo-circle.png\" alt=\"\" class=\"wp-image-8518\" width=\"133\" height=\"133\" srcset=\"https:\/\/www.dominiqueduvivier.com\/wp-content\/uploads\/2021\/07\/deezer-logo-circle.png 485w, https:\/\/www.dominiqueduvivier.com\/wp-content\/uploads\/2021\/07\/deezer-logo-circle-300x300.png 300w, https:\/\/www.dominiqueduvivier.com\/wp-content\/uploads\/2021\/07\/deezer-logo-circle-150x150.png 150w\" sizes=\"(max-width: 133px) 100vw, 133px\" \/><\/a><figcaption>Deezer<\/figcaption><\/figure><\/div>\n\n\n\n<div class=\"wp-block-image\"><figure class=\"aligncenter size-large is-resized\"><a href=\"https:\/\/open.spotify.com\/show\/2SE8N9mUEoVAZUmCR6RTJi?si=S7NfvQCoSeycOWUdzDemRQ&amp;nd=1\"><img loading=\"lazy\" src=\"https:\/\/www.dominiqueduvivier.com\/wp-content\/uploads\/2021\/05\/Spotify-Logo.png\" alt=\"\" class=\"wp-image-8438\" width=\"133\" height=\"133\" srcset=\"https:\/\/www.dominiqueduvivier.com\/wp-content\/uploads\/2021\/05\/Spotify-Logo.png 300w, https:\/\/www.dominiqueduvivier.com\/wp-content\/uploads\/2021\/05\/Spotify-Logo-150x150.png 150w\" sizes=\"(max-width: 133px) 100vw, 133px\" \/><\/a><figcaption>Spotify<\/figcaption><\/figure><\/div>\n\n\n\n<div class=\"wp-block-image\"><figure class=\"aligncenter size-large is-resized\"><a href=\"https:\/\/podcastaddict.com\/podcast\/32427\"><img loading=\"lazy\" src=\"https:\/\/www.dominiqueduvivier.com\/wp-content\/uploads\/2021\/05\/Podcast-Addict-Logo.png\" alt=\"\" class=\"wp-image-8442\" width=\"133\" height=\"133\" srcset=\"https:\/\/www.dominiqueduvivier.com\/wp-content\/uploads\/2021\/05\/Podcast-Addict-Logo.png 512w, https:\/\/www.dominiqueduvivier.com\/wp-content\/uploads\/2021\/05\/Podcast-Addict-Logo-300x300.png 300w, https:\/\/www.dominiqueduvivier.com\/wp-content\/uploads\/2021\/05\/Podcast-Addict-Logo-150x150.png 150w\" sizes=\"(max-width: 133px) 100vw, 133px\" \/><\/a><figcaption>Podcast Addict<\/figcaption><\/figure><\/div>\n\n\n\n<div class=\"wp-block-image\"><figure class=\"aligncenter size-large is-resized\"><a href=\"https:\/\/music.amazon.fr\/podcasts\/1787a721-0f09-4da2-b355-8fa0053bb2db\/Et-si-ctait-vrai-Entretiens-magiques-avec-Dominique-Duvivier\"><img loading=\"lazy\" src=\"https:\/\/www.dominiqueduvivier.com\/wp-content\/uploads\/2021\/05\/Amazon-Music-Logo.png\" alt=\"\" class=\"wp-image-8441\" width=\"133\" height=\"133\" srcset=\"https:\/\/www.dominiqueduvivier.com\/wp-content\/uploads\/2021\/05\/Amazon-Music-Logo.png 512w, https:\/\/www.dominiqueduvivier.com\/wp-content\/uploads\/2021\/05\/Amazon-Music-Logo-300x300.png 300w, https:\/\/www.dominiqueduvivier.com\/wp-content\/uploads\/2021\/05\/Amazon-Music-Logo-150x150.png 150w\" sizes=\"(max-width: 133px) 100vw, 133px\" \/><\/a><figcaption>Amazon Music<\/figcaption><\/figure><\/div>\n\n\n\n<p><\/p>\n<div class=\"powerpress_player\" id=\"powerpress_player_7702\"><!--[if lt IE 9]><script>document.createElement('audio');<\/script><![endif]-->\n<audio class=\"wp-audio-shortcode\" id=\"audio-8624-1\" preload=\"none\" style=\"width: 100%;\" controls=\"controls\"><source type=\"audio\/mpeg\" src=\"https:\/\/www.dominiqueduvivier.com\/podcast\/etsicetaitvrai087.mp3?_=1\" \/><a href=\"https:\/\/www.dominiqueduvivier.com\/podcast\/etsicetaitvrai087.mp3\">https:\/\/www.dominiqueduvivier.com\/podcast\/etsicetaitvrai087.mp3<\/a><\/audio><\/div><p class=\"powerpress_links powerpress_links_mp3\">Podcast: <a href=\"https:\/\/www.dominiqueduvivier.com\/podcast\/etsicetaitvrai087.mp3\" class=\"powerpress_link_pinw\" target=\"_blank\" title=\"Play in new window\" onclick=\"return powerpress_pinw('https:\/\/www.dominiqueduvivier.com\/?powerpress_pinw=8624-podcast');\" rel=\"nofollow\">Play in new window<\/a> | <a href=\"https:\/\/www.dominiqueduvivier.com\/podcast\/etsicetaitvrai087.mp3\" class=\"powerpress_link_d\" title=\"Download\" rel=\"nofollow\" download=\"etsicetaitvrai087.mp3\">Download<\/a><\/p>","protected":false},"excerpt":{"rendered":"<p>Cher.e.s ami.e.s, Voici la 87\u00e8me \u00e9mission de mon podcast. Cette \u00e9mission a \u00e9t\u00e9 enregistr\u00e9e en janvier 2019. Cette semaine nous sommes en compagnie d&rsquo;Adeline, notre gestionnaire, elle fait mille choses : relation client, gestion du personnel, gestion financi\u00e8re, marketing et communication, une personne indispensable en soit ! Nous sommes \u00e9galement accompagn\u00e9s de Sophie notre accessoiriste, &hellip;<\/p>\n","protected":false},"author":2,"featured_media":8625,"comment_status":"open","ping_status":"open","sticky":false,"template":"","format":"standard","meta":{"_monsterinsights_skip_tracking":false,"_monsterinsights_sitenote_active":false,"_monsterinsights_sitenote_note":"","_monsterinsights_sitenote_category":0,"ngg_post_thumbnail":0},"categories":[1,5],"tags":[107,14,153,17,109,101,97,108,133,98,99,27,95,139,141,29,30,105],"yoast_head":"<!-- This site is optimized with the Yoast SEO plugin v17.9 - https:\/\/yoast.com\/wordpress\/plugins\/seo\/ -->\n<title>Podcast &quot;Et si c&#039;\u00e9tait vrai ?&quot; \u00e9mission n\u00b087 - Entretiens avec Dominique Duvivier - Toute la magie de Dominique Duvivier<\/title>\n<meta name=\"robots\" content=\"index, follow, max-snippet:-1, max-image-preview:large, max-video-preview:-1\" \/>\n<link rel=\"canonical\" href=\"https:\/\/www.dominiqueduvivier.com\/index.php\/2021\/10\/04\/podcast-et-si-cetait-vrai-emission-n87\/\" \/>\n<meta property=\"og:locale\" content=\"fr_FR\" \/>\n<meta property=\"og:type\" content=\"article\" \/>\n<meta property=\"og:title\" content=\"Podcast &quot;Et si c&#039;\u00e9tait vrai ?&quot; \u00e9mission n\u00b087 - Entretiens avec Dominique Duvivier - Toute la magie de Dominique Duvivier\" \/>\n<meta property=\"og:description\" content=\"Cher.e.s ami.e.s, Voici la 87\u00e8me \u00e9mission de mon podcast. Cette \u00e9mission a \u00e9t\u00e9 enregistr\u00e9e en janvier 2019. Cette semaine nous sommes en compagnie d&rsquo;Adeline, notre gestionnaire, elle fait mille choses : relation client, gestion du personnel, gestion financi\u00e8re, marketing et communication, une personne indispensable en soit ! Nous sommes \u00e9galement accompagn\u00e9s de Sophie notre accessoiriste, &hellip;\" \/>\n<meta property=\"og:url\" content=\"https:\/\/www.dominiqueduvivier.com\/index.php\/2021\/10\/04\/podcast-et-si-cetait-vrai-emission-n87\/\" \/>\n<meta property=\"og:site_name\" content=\"Entretiens avec Dominique Duvivier - Toute la magie de Dominique Duvivier\" \/>\n<meta property=\"article:publisher\" content=\"https:\/\/www.facebook.com\/dominique.duvivier.1232\/\" \/>\n<meta property=\"article:published_time\" content=\"2021-10-03T22:01:00+00:00\" \/>\n<meta property=\"article:modified_time\" content=\"2021-10-01T09:49:24+00:00\" \/>\n<meta property=\"og:image\" content=\"https:\/\/www.dominiqueduvivier.com\/wp-content\/uploads\/2021\/10\/Visuel-Et-si-cetait-vrai-n\u00b087-1024x683.png\" \/>\n\t<meta property=\"og:image:width\" content=\"1024\" \/>\n\t<meta property=\"og:image:height\" content=\"683\" \/>\n\t<meta property=\"og:image:type\" content=\"image\/png\" \/>\n<meta name=\"twitter:card\" content=\"summary_large_image\" \/>\n<meta name=\"twitter:creator\" content=\"@DDUVIVIER\" \/>\n<meta name=\"twitter:site\" content=\"@DDUVIVIER\" \/>\n<meta name=\"twitter:label1\" content=\"\u00c9crit par\" \/>\n\t<meta name=\"twitter:data1\" content=\"Dominique Duvivier\" \/>\n\t<meta name=\"twitter:label2\" content=\"Dur\u00e9e de lecture estim\u00e9e\" \/>\n\t<meta name=\"twitter:data2\" content=\"2 minutes\" \/>\n<script type=\"application\/ld+json\" class=\"yoast-schema-graph\">{\"@context\":\"https:\/\/schema.org\",\"@graph\":[{\"@type\":\"WebSite\",\"@id\":\"https:\/\/www.dominiqueduvivier.com\/#website\",\"url\":\"https:\/\/www.dominiqueduvivier.com\/\",\"name\":\"Entretiens avec Dominique Duvivier - Toute la magie de Dominique Duvivier\",\"description\":\"Dominique Duvivier | Magicien\",\"potentialAction\":[{\"@type\":\"SearchAction\",\"target\":{\"@type\":\"EntryPoint\",\"urlTemplate\":\"https:\/\/www.dominiqueduvivier.com\/?s={search_term_string}\"},\"query-input\":\"required name=search_term_string\"}],\"inLanguage\":\"fr-FR\"},{\"@type\":\"ImageObject\",\"@id\":\"https:\/\/www.dominiqueduvivier.com\/index.php\/2021\/10\/04\/podcast-et-si-cetait-vrai-emission-n87\/#primaryimage\",\"inLanguage\":\"fr-FR\",\"url\":\"https:\/\/www.dominiqueduvivier.com\/wp-content\/uploads\/2021\/10\/Visuel-Et-si-cetait-vrai-n\\u00b087.png\",\"contentUrl\":\"https:\/\/www.dominiqueduvivier.com\/wp-content\/uploads\/2021\/10\/Visuel-Et-si-cetait-vrai-n\\u00b087.png\",\"width\":5000,\"height\":3335},{\"@type\":\"WebPage\",\"@id\":\"https:\/\/www.dominiqueduvivier.com\/index.php\/2021\/10\/04\/podcast-et-si-cetait-vrai-emission-n87\/#webpage\",\"url\":\"https:\/\/www.dominiqueduvivier.com\/index.php\/2021\/10\/04\/podcast-et-si-cetait-vrai-emission-n87\/\",\"name\":\"Podcast \\\"Et si c'\\u00e9tait vrai ?\\\" \\u00e9mission n\\u00b087 - Entretiens avec Dominique Duvivier - Toute la magie de Dominique Duvivier\",\"isPartOf\":{\"@id\":\"https:\/\/www.dominiqueduvivier.com\/#website\"},\"primaryImageOfPage\":{\"@id\":\"https:\/\/www.dominiqueduvivier.com\/index.php\/2021\/10\/04\/podcast-et-si-cetait-vrai-emission-n87\/#primaryimage\"},\"datePublished\":\"2021-10-03T22:01:00+00:00\",\"dateModified\":\"2021-10-01T09:49:24+00:00\",\"author\":{\"@id\":\"https:\/\/www.dominiqueduvivier.com\/#\/schema\/person\/677c0bd6d5c5d21949cab39bb529a81c\"},\"breadcrumb\":{\"@id\":\"https:\/\/www.dominiqueduvivier.com\/index.php\/2021\/10\/04\/podcast-et-si-cetait-vrai-emission-n87\/#breadcrumb\"},\"inLanguage\":\"fr-FR\",\"potentialAction\":[{\"@type\":\"ReadAction\",\"target\":[\"https:\/\/www.dominiqueduvivier.com\/index.php\/2021\/10\/04\/podcast-et-si-cetait-vrai-emission-n87\/\"]}]},{\"@type\":\"BreadcrumbList\",\"@id\":\"https:\/\/www.dominiqueduvivier.com\/index.php\/2021\/10\/04\/podcast-et-si-cetait-vrai-emission-n87\/#breadcrumb\",\"itemListElement\":[{\"@type\":\"ListItem\",\"position\":1,\"name\":\"Accueil\",\"item\":\"https:\/\/www.dominiqueduvivier.com\/\"},{\"@type\":\"ListItem\",\"position\":2,\"name\":\"Podcast &#8220;Et si c&#8217;\\u00e9tait vrai ?&#8221; \\u00e9mission n\\u00b087\"}]},{\"@type\":\"Person\",\"@id\":\"https:\/\/www.dominiqueduvivier.com\/#\/schema\/person\/677c0bd6d5c5d21949cab39bb529a81c\",\"name\":\"Dominique Duvivier\",\"image\":{\"@type\":\"ImageObject\",\"@id\":\"https:\/\/www.dominiqueduvivier.com\/#personlogo\",\"inLanguage\":\"fr-FR\",\"url\":\"https:\/\/www.dominiqueduvivier.com\/wp-content\/uploads\/2019\/04\/Double-Fond-1-2-excl-groupes-10-150x150.jpg\",\"contentUrl\":\"https:\/\/www.dominiqueduvivier.com\/wp-content\/uploads\/2019\/04\/Double-Fond-1-2-excl-groupes-10-150x150.jpg\",\"caption\":\"Dominique Duvivier\"},\"description\":\"\\u2663\\ufe0f Magicien. \\u2666\\ufe0f Ma\\u00eetre de l\\u2019art du #CloseUp. \\u2665\\ufe0f Cr\\u00e9ateur de tours et professeur. \\u2660\\ufe0f Fondateur @ledoublefond et directeur de Mayette Magie.\",\"url\":\"https:\/\/www.dominiqueduvivier.com\/index.php\/author\/dominique-duvivier\/\"}]}<\/script>\n<!-- \/ Yoast SEO plugin. -->","yoast_head_json":{"title":"Podcast \"Et si c'\u00e9tait vrai ?\" \u00e9mission n\u00b087 - Entretiens avec Dominique Duvivier - Toute la magie de Dominique Duvivier","robots":{"index":"index","follow":"follow","max-snippet":"max-snippet:-1","max-image-preview":"max-image-preview:large","max-video-preview":"max-video-preview:-1"},"canonical":"https:\/\/www.dominiqueduvivier.com\/index.php\/2021\/10\/04\/podcast-et-si-cetait-vrai-emission-n87\/","og_locale":"fr_FR","og_type":"article","og_title":"Podcast \"Et si c'\u00e9tait vrai ?\" \u00e9mission n\u00b087 - Entretiens avec Dominique Duvivier - Toute la magie de Dominique Duvivier","og_description":"Cher.e.s ami.e.s, Voici la 87\u00e8me \u00e9mission de mon podcast. Cette \u00e9mission a \u00e9t\u00e9 enregistr\u00e9e en janvier 2019. Cette semaine nous sommes en compagnie d&rsquo;Adeline, notre gestionnaire, elle fait mille choses : relation client, gestion du personnel, gestion financi\u00e8re, marketing et communication, une personne indispensable en soit ! Nous sommes \u00e9galement accompagn\u00e9s de Sophie notre accessoiriste, &hellip;","og_url":"https:\/\/www.dominiqueduvivier.com\/index.php\/2021\/10\/04\/podcast-et-si-cetait-vrai-emission-n87\/","og_site_name":"Entretiens avec Dominique Duvivier - Toute la magie de Dominique Duvivier","article_publisher":"https:\/\/www.facebook.com\/dominique.duvivier.1232\/","article_published_time":"2021-10-03T22:01:00+00:00","article_modified_time":"2021-10-01T09:49:24+00:00","og_image":[{"width":1024,"height":683,"url":"https:\/\/www.dominiqueduvivier.com\/wp-content\/uploads\/2021\/10\/Visuel-Et-si-cetait-vrai-n\u00b087-1024x683.png","type":"image\/png"}],"twitter_card":"summary_large_image","twitter_creator":"@DDUVIVIER","twitter_site":"@DDUVIVIER","twitter_misc":{"\u00c9crit par":"Dominique Duvivier","Dur\u00e9e de lecture estim\u00e9e":"2 minutes"},"schema":{"@context":"https:\/\/schema.org","@graph":[{"@type":"WebSite","@id":"https:\/\/www.dominiqueduvivier.com\/#website","url":"https:\/\/www.dominiqueduvivier.com\/","name":"Entretiens avec Dominique Duvivier - Toute la magie de Dominique Duvivier","description":"Dominique Duvivier | Magicien","potentialAction":[{"@type":"SearchAction","target":{"@type":"EntryPoint","urlTemplate":"https:\/\/www.dominiqueduvivier.com\/?s={search_term_string}"},"query-input":"required name=search_term_string"}],"inLanguage":"fr-FR"},{"@type":"ImageObject","@id":"https:\/\/www.dominiqueduvivier.com\/index.php\/2021\/10\/04\/podcast-et-si-cetait-vrai-emission-n87\/#primaryimage","inLanguage":"fr-FR","url":"https:\/\/www.dominiqueduvivier.com\/wp-content\/uploads\/2021\/10\/Visuel-Et-si-cetait-vrai-n\u00b087.png","contentUrl":"https:\/\/www.dominiqueduvivier.com\/wp-content\/uploads\/2021\/10\/Visuel-Et-si-cetait-vrai-n\u00b087.png","width":5000,"height":3335},{"@type":"WebPage","@id":"https:\/\/www.dominiqueduvivier.com\/index.php\/2021\/10\/04\/podcast-et-si-cetait-vrai-emission-n87\/#webpage","url":"https:\/\/www.dominiqueduvivier.com\/index.php\/2021\/10\/04\/podcast-et-si-cetait-vrai-emission-n87\/","name":"Podcast \"Et si c'\u00e9tait vrai ?\" \u00e9mission n\u00b087 - Entretiens avec Dominique Duvivier - Toute la magie de Dominique Duvivier","isPartOf":{"@id":"https:\/\/www.dominiqueduvivier.com\/#website"},"primaryImageOfPage":{"@id":"https:\/\/www.dominiqueduvivier.com\/index.php\/2021\/10\/04\/podcast-et-si-cetait-vrai-emission-n87\/#primaryimage"},"datePublished":"2021-10-03T22:01:00+00:00","dateModified":"2021-10-01T09:49:24+00:00","author":{"@id":"https:\/\/www.dominiqueduvivier.com\/#\/schema\/person\/677c0bd6d5c5d21949cab39bb529a81c"},"breadcrumb":{"@id":"https:\/\/www.dominiqueduvivier.com\/index.php\/2021\/10\/04\/podcast-et-si-cetait-vrai-emission-n87\/#breadcrumb"},"inLanguage":"fr-FR","potentialAction":[{"@type":"ReadAction","target":["https:\/\/www.dominiqueduvivier.com\/index.php\/2021\/10\/04\/podcast-et-si-cetait-vrai-emission-n87\/"]}]},{"@type":"BreadcrumbList","@id":"https:\/\/www.dominiqueduvivier.com\/index.php\/2021\/10\/04\/podcast-et-si-cetait-vrai-emission-n87\/#breadcrumb","itemListElement":[{"@type":"ListItem","position":1,"name":"Accueil","item":"https:\/\/www.dominiqueduvivier.com\/"},{"@type":"ListItem","position":2,"name":"Podcast &#8220;Et si c&#8217;\u00e9tait vrai ?&#8221; \u00e9mission n\u00b087"}]},{"@type":"Person","@id":"https:\/\/www.dominiqueduvivier.com\/#\/schema\/person\/677c0bd6d5c5d21949cab39bb529a81c","name":"Dominique Duvivier","image":{"@type":"ImageObject","@id":"https:\/\/www.dominiqueduvivier.com\/#personlogo","inLanguage":"fr-FR","url":"https:\/\/www.dominiqueduvivier.com\/wp-content\/uploads\/2019\/04\/Double-Fond-1-2-excl-groupes-10-150x150.jpg","contentUrl":"https:\/\/www.dominiqueduvivier.com\/wp-content\/uploads\/2019\/04\/Double-Fond-1-2-excl-groupes-10-150x150.jpg","caption":"Dominique Duvivier"},"description":"\u2663\ufe0f Magicien. \u2666\ufe0f Ma\u00eetre de l\u2019art du #CloseUp. \u2665\ufe0f Cr\u00e9ateur de tours et professeur. \u2660\ufe0f Fondateur @ledoublefond et directeur de Mayette Magie.","url":"https:\/\/www.dominiqueduvivier.com\/index.php\/author\/dominique-duvivier\/"}]}},"_links":{"self":[{"href":"https:\/\/www.dominiqueduvivier.com\/index.php\/wp-json\/wp\/v2\/posts\/8624"}],"collection":[{"href":"https:\/\/www.dominiqueduvivier.com\/index.php\/wp-json\/wp\/v2\/posts"}],"about":[{"href":"https:\/\/www.dominiqueduvivier.com\/index.php\/wp-json\/wp\/v2\/types\/post"}],"author":[{"embeddable":true,"href":"https:\/\/www.dominiqueduvivier.com\/index.php\/wp-json\/wp\/v2\/users\/2"}],"replies":[{"embeddable":true,"href":"https:\/\/www.dominiqueduvivier.com\/index.php\/wp-json\/wp\/v2\/comments?post=8624"}],"version-history":[{"count":1,"href":"https:\/\/www.dominiqueduvivier.com\/index.php\/wp-json\/wp\/v2\/posts\/8624\/revisions"}],"predecessor-version":[{"id":8626,"href":"https:\/\/www.dominiqueduvivier.com\/index.php\/wp-json\/wp\/v2\/posts\/8624\/revisions\/8626"}],"wp:featuredmedia":[{"embeddable":true,"href":"https:\/\/www.dominiqueduvivier.com\/index.php\/wp-json\/wp\/v2\/media\/8625"}],"wp:attachment":[{"href":"https:\/\/www.dominiqueduvivier.com\/index.php\/wp-json\/wp\/v2\/media?parent=8624"}],"wp:term":[{"taxonomy":"category","embeddable":true,"href":"https:\/\/www.dominiqueduvivier.com\/index.php\/wp-json\/wp\/v2\/categories?post=8624"},{"taxonomy":"post_tag","embeddable":true,"href":"https:\/\/www.dominiqueduvivier.com\/index.php\/wp-json\/wp\/v2\/tags?post=8624"}],"curies":[{"name":"wp","href":"https:\/\/api.w.org\/{rel}","templated":true}]}}