{"id":8446,"date":"2021-05-28T13:41:28","date_gmt":"2021-05-28T11:41:28","guid":{"rendered":"https:\/\/www.dominiqueduvivier.com\/?p=8446"},"modified":"2021-06-17T09:54:44","modified_gmt":"2021-06-17T07:54:44","slug":"article-culture-matin-sur-double-fond-tv","status":"publish","type":"post","link":"https:\/\/www.dominiqueduvivier.com\/index.php\/2021\/05\/28\/article-culture-matin-sur-double-fond-tv\/","title":{"rendered":"Article Culture Matin sur Double Fond TV"},"content":{"rendered":"\n<figure class=\"wp-block-image size-large\"><img src=\"https:\/\/www.dominiqueduvivier.com\/wp-content\/uploads\/2021\/05\/Culture-Matin-Double-Fond-TV-03.05.2021-page-001-724x1024.jpg\" alt=\"\" class=\"wp-image-8447\"\/><\/figure>\n\n\n\n<figure class=\"wp-block-image size-large\"><img src=\"https:\/\/www.dominiqueduvivier.com\/wp-content\/uploads\/2021\/05\/Culture-Matin-Double-Fond-TV-03.05.2021-page-002-724x1024.jpg\" alt=\"\" class=\"wp-image-8448\"\/><\/figure>\n\n\n\n<p>\u00ab\u00a0Double Fond TV, une initiative ambitieuse m\u00ealant livestream et formation\u00a0\u00bb Culture Matin \u00ab\u00a0Nous avons tourn\u00e9 tout le r\u00e9pertoire de tours de magie avec 25 magiciens, sur place lorsque c&rsquo;\u00e9tait possible ou en ligne s&rsquo;ils \u00e9taient \u00e0 l&rsquo;\u00e9tranger\u00a0\u00bb Adeline Galland pour Culture Matin. <\/p>\n\n\n\n<p>Pour vous inscrire : <a rel=\"noreferrer noopener\" href=\"http:\/\/www.doublefond.tv\/\" target=\"_blank\">www.doublefond.tv<\/a>.. <\/p>\n","protected":false},"excerpt":{"rendered":"<p>\u00ab\u00a0Double Fond TV, une initiative ambitieuse m\u00ealant livestream et formation\u00a0\u00bb Culture Matin \u00ab\u00a0Nous avons tourn\u00e9 tout le r\u00e9pertoire de tours de magie avec 25 magiciens, sur place lorsque c&rsquo;\u00e9tait possible ou en ligne s&rsquo;ils \u00e9taient \u00e0 l&rsquo;\u00e9tranger\u00a0\u00bb Adeline Galland pour Culture Matin. Pour vous inscrire : www.doublefond.tv..<\/p>\n","protected":false},"author":2,"featured_media":0,"comment_status":"open","ping_status":"open","sticky":false,"template":"","format":"standard","meta":{"_monsterinsights_skip_tracking":false,"_monsterinsights_sitenote_active":false,"_monsterinsights_sitenote_note":"","_monsterinsights_sitenote_category":0,"ngg_post_thumbnail":0},"categories":[4],"tags":[71,135,107,14,109,136,101,97,134,133,137,98,99,27,140,95,28,139,105,138],"yoast_head":"<!-- This site is optimized with the Yoast SEO plugin v17.9 - https:\/\/yoast.com\/wordpress\/plugins\/seo\/ -->\n<title>Article Culture Matin sur Double Fond TV - Entretiens avec Dominique Duvivier - Toute la magie de Dominique Duvivier<\/title>\n<meta name=\"robots\" content=\"index, follow, max-snippet:-1, max-image-preview:large, max-video-preview:-1\" \/>\n<link rel=\"canonical\" href=\"https:\/\/www.dominiqueduvivier.com\/index.php\/2021\/05\/28\/article-culture-matin-sur-double-fond-tv\/\" \/>\n<meta property=\"og:locale\" content=\"fr_FR\" \/>\n<meta property=\"og:type\" content=\"article\" \/>\n<meta property=\"og:title\" content=\"Article Culture Matin sur Double Fond TV - Entretiens avec Dominique Duvivier - Toute la magie de Dominique Duvivier\" \/>\n<meta property=\"og:description\" content=\"\u00ab\u00a0Double Fond TV, une initiative ambitieuse m\u00ealant livestream et formation\u00a0\u00bb Culture Matin \u00ab\u00a0Nous avons tourn\u00e9 tout le r\u00e9pertoire de tours de magie avec 25 magiciens, sur place lorsque c&rsquo;\u00e9tait possible ou en ligne s&rsquo;ils \u00e9taient \u00e0 l&rsquo;\u00e9tranger\u00a0\u00bb Adeline Galland pour Culture Matin. Pour vous inscrire : www.doublefond.tv..\" \/>\n<meta property=\"og:url\" content=\"https:\/\/www.dominiqueduvivier.com\/index.php\/2021\/05\/28\/article-culture-matin-sur-double-fond-tv\/\" \/>\n<meta property=\"og:site_name\" content=\"Entretiens avec Dominique Duvivier - Toute la magie de Dominique Duvivier\" \/>\n<meta property=\"article:publisher\" content=\"https:\/\/www.facebook.com\/dominique.duvivier.1232\/\" \/>\n<meta property=\"article:published_time\" content=\"2021-05-28T11:41:28+00:00\" \/>\n<meta property=\"article:modified_time\" content=\"2021-06-17T07:54:44+00:00\" \/>\n<meta property=\"og:image\" content=\"https:\/\/www.dominiqueduvivier.com\/wp-content\/uploads\/2021\/05\/Culture-Matin-Double-Fond-TV-03.05.2021-page-001-724x1024.jpg\" \/>\n<meta name=\"twitter:card\" content=\"summary_large_image\" \/>\n<meta name=\"twitter:creator\" content=\"@DDUVIVIER\" \/>\n<meta name=\"twitter:site\" content=\"@DDUVIVIER\" \/>\n<meta name=\"twitter:label1\" content=\"\u00c9crit par\" \/>\n\t<meta name=\"twitter:data1\" content=\"Dominique Duvivier\" \/>\n<script type=\"application\/ld+json\" class=\"yoast-schema-graph\">{\"@context\":\"https:\/\/schema.org\",\"@graph\":[{\"@type\":\"WebSite\",\"@id\":\"https:\/\/www.dominiqueduvivier.com\/#website\",\"url\":\"https:\/\/www.dominiqueduvivier.com\/\",\"name\":\"Entretiens avec Dominique Duvivier - Toute la magie de Dominique Duvivier\",\"description\":\"Dominique Duvivier | Magicien\",\"potentialAction\":[{\"@type\":\"SearchAction\",\"target\":{\"@type\":\"EntryPoint\",\"urlTemplate\":\"https:\/\/www.dominiqueduvivier.com\/?s={search_term_string}\"},\"query-input\":\"required name=search_term_string\"}],\"inLanguage\":\"fr-FR\"},{\"@type\":\"ImageObject\",\"@id\":\"https:\/\/www.dominiqueduvivier.com\/index.php\/2021\/05\/28\/article-culture-matin-sur-double-fond-tv\/#primaryimage\",\"inLanguage\":\"fr-FR\",\"url\":\"https:\/\/www.dominiqueduvivier.com\/wp-content\/uploads\/2021\/05\/Culture-Matin-Double-Fond-TV-03.05.2021-page-001-724x1024.jpg\",\"contentUrl\":\"https:\/\/www.dominiqueduvivier.com\/wp-content\/uploads\/2021\/05\/Culture-Matin-Double-Fond-TV-03.05.2021-page-001-724x1024.jpg\"},{\"@type\":\"WebPage\",\"@id\":\"https:\/\/www.dominiqueduvivier.com\/index.php\/2021\/05\/28\/article-culture-matin-sur-double-fond-tv\/#webpage\",\"url\":\"https:\/\/www.dominiqueduvivier.com\/index.php\/2021\/05\/28\/article-culture-matin-sur-double-fond-tv\/\",\"name\":\"Article Culture Matin sur Double Fond TV - Entretiens avec Dominique Duvivier - Toute la magie de Dominique Duvivier\",\"isPartOf\":{\"@id\":\"https:\/\/www.dominiqueduvivier.com\/#website\"},\"primaryImageOfPage\":{\"@id\":\"https:\/\/www.dominiqueduvivier.com\/index.php\/2021\/05\/28\/article-culture-matin-sur-double-fond-tv\/#primaryimage\"},\"datePublished\":\"2021-05-28T11:41:28+00:00\",\"dateModified\":\"2021-06-17T07:54:44+00:00\",\"author\":{\"@id\":\"https:\/\/www.dominiqueduvivier.com\/#\/schema\/person\/677c0bd6d5c5d21949cab39bb529a81c\"},\"breadcrumb\":{\"@id\":\"https:\/\/www.dominiqueduvivier.com\/index.php\/2021\/05\/28\/article-culture-matin-sur-double-fond-tv\/#breadcrumb\"},\"inLanguage\":\"fr-FR\",\"potentialAction\":[{\"@type\":\"ReadAction\",\"target\":[\"https:\/\/www.dominiqueduvivier.com\/index.php\/2021\/05\/28\/article-culture-matin-sur-double-fond-tv\/\"]}]},{\"@type\":\"BreadcrumbList\",\"@id\":\"https:\/\/www.dominiqueduvivier.com\/index.php\/2021\/05\/28\/article-culture-matin-sur-double-fond-tv\/#breadcrumb\",\"itemListElement\":[{\"@type\":\"ListItem\",\"position\":1,\"name\":\"Accueil\",\"item\":\"https:\/\/www.dominiqueduvivier.com\/\"},{\"@type\":\"ListItem\",\"position\":2,\"name\":\"Article Culture Matin sur Double Fond TV\"}]},{\"@type\":\"Person\",\"@id\":\"https:\/\/www.dominiqueduvivier.com\/#\/schema\/person\/677c0bd6d5c5d21949cab39bb529a81c\",\"name\":\"Dominique Duvivier\",\"image\":{\"@type\":\"ImageObject\",\"@id\":\"https:\/\/www.dominiqueduvivier.com\/#personlogo\",\"inLanguage\":\"fr-FR\",\"url\":\"https:\/\/www.dominiqueduvivier.com\/wp-content\/uploads\/2019\/04\/Double-Fond-1-2-excl-groupes-10-150x150.jpg\",\"contentUrl\":\"https:\/\/www.dominiqueduvivier.com\/wp-content\/uploads\/2019\/04\/Double-Fond-1-2-excl-groupes-10-150x150.jpg\",\"caption\":\"Dominique Duvivier\"},\"description\":\"\\u2663\\ufe0f Magicien. \\u2666\\ufe0f Ma\\u00eetre de l\\u2019art du #CloseUp. \\u2665\\ufe0f Cr\\u00e9ateur de tours et professeur. \\u2660\\ufe0f Fondateur @ledoublefond et directeur de Mayette Magie.\",\"url\":\"https:\/\/www.dominiqueduvivier.com\/index.php\/author\/dominique-duvivier\/\"}]}<\/script>\n<!-- \/ Yoast SEO plugin. -->","yoast_head_json":{"title":"Article Culture Matin sur Double Fond TV - Entretiens avec Dominique Duvivier - Toute la magie de Dominique Duvivier","robots":{"index":"index","follow":"follow","max-snippet":"max-snippet:-1","max-image-preview":"max-image-preview:large","max-video-preview":"max-video-preview:-1"},"canonical":"https:\/\/www.dominiqueduvivier.com\/index.php\/2021\/05\/28\/article-culture-matin-sur-double-fond-tv\/","og_locale":"fr_FR","og_type":"article","og_title":"Article Culture Matin sur Double Fond TV - Entretiens avec Dominique Duvivier - Toute la magie de Dominique Duvivier","og_description":"\u00ab\u00a0Double Fond TV, une initiative ambitieuse m\u00ealant livestream et formation\u00a0\u00bb Culture Matin \u00ab\u00a0Nous avons tourn\u00e9 tout le r\u00e9pertoire de tours de magie avec 25 magiciens, sur place lorsque c&rsquo;\u00e9tait possible ou en ligne s&rsquo;ils \u00e9taient \u00e0 l&rsquo;\u00e9tranger\u00a0\u00bb Adeline Galland pour Culture Matin. Pour vous inscrire : www.doublefond.tv..","og_url":"https:\/\/www.dominiqueduvivier.com\/index.php\/2021\/05\/28\/article-culture-matin-sur-double-fond-tv\/","og_site_name":"Entretiens avec Dominique Duvivier - Toute la magie de Dominique Duvivier","article_publisher":"https:\/\/www.facebook.com\/dominique.duvivier.1232\/","article_published_time":"2021-05-28T11:41:28+00:00","article_modified_time":"2021-06-17T07:54:44+00:00","og_image":[{"url":"https:\/\/www.dominiqueduvivier.com\/wp-content\/uploads\/2021\/05\/Culture-Matin-Double-Fond-TV-03.05.2021-page-001-724x1024.jpg"}],"twitter_card":"summary_large_image","twitter_creator":"@DDUVIVIER","twitter_site":"@DDUVIVIER","twitter_misc":{"\u00c9crit par":"Dominique Duvivier"},"schema":{"@context":"https:\/\/schema.org","@graph":[{"@type":"WebSite","@id":"https:\/\/www.dominiqueduvivier.com\/#website","url":"https:\/\/www.dominiqueduvivier.com\/","name":"Entretiens avec Dominique Duvivier - Toute la magie de Dominique Duvivier","description":"Dominique Duvivier | Magicien","potentialAction":[{"@type":"SearchAction","target":{"@type":"EntryPoint","urlTemplate":"https:\/\/www.dominiqueduvivier.com\/?s={search_term_string}"},"query-input":"required name=search_term_string"}],"inLanguage":"fr-FR"},{"@type":"ImageObject","@id":"https:\/\/www.dominiqueduvivier.com\/index.php\/2021\/05\/28\/article-culture-matin-sur-double-fond-tv\/#primaryimage","inLanguage":"fr-FR","url":"https:\/\/www.dominiqueduvivier.com\/wp-content\/uploads\/2021\/05\/Culture-Matin-Double-Fond-TV-03.05.2021-page-001-724x1024.jpg","contentUrl":"https:\/\/www.dominiqueduvivier.com\/wp-content\/uploads\/2021\/05\/Culture-Matin-Double-Fond-TV-03.05.2021-page-001-724x1024.jpg"},{"@type":"WebPage","@id":"https:\/\/www.dominiqueduvivier.com\/index.php\/2021\/05\/28\/article-culture-matin-sur-double-fond-tv\/#webpage","url":"https:\/\/www.dominiqueduvivier.com\/index.php\/2021\/05\/28\/article-culture-matin-sur-double-fond-tv\/","name":"Article Culture Matin sur Double Fond TV - Entretiens avec Dominique Duvivier - Toute la magie de Dominique Duvivier","isPartOf":{"@id":"https:\/\/www.dominiqueduvivier.com\/#website"},"primaryImageOfPage":{"@id":"https:\/\/www.dominiqueduvivier.com\/index.php\/2021\/05\/28\/article-culture-matin-sur-double-fond-tv\/#primaryimage"},"datePublished":"2021-05-28T11:41:28+00:00","dateModified":"2021-06-17T07:54:44+00:00","author":{"@id":"https:\/\/www.dominiqueduvivier.com\/#\/schema\/person\/677c0bd6d5c5d21949cab39bb529a81c"},"breadcrumb":{"@id":"https:\/\/www.dominiqueduvivier.com\/index.php\/2021\/05\/28\/article-culture-matin-sur-double-fond-tv\/#breadcrumb"},"inLanguage":"fr-FR","potentialAction":[{"@type":"ReadAction","target":["https:\/\/www.dominiqueduvivier.com\/index.php\/2021\/05\/28\/article-culture-matin-sur-double-fond-tv\/"]}]},{"@type":"BreadcrumbList","@id":"https:\/\/www.dominiqueduvivier.com\/index.php\/2021\/05\/28\/article-culture-matin-sur-double-fond-tv\/#breadcrumb","itemListElement":[{"@type":"ListItem","position":1,"name":"Accueil","item":"https:\/\/www.dominiqueduvivier.com\/"},{"@type":"ListItem","position":2,"name":"Article Culture Matin sur Double Fond TV"}]},{"@type":"Person","@id":"https:\/\/www.dominiqueduvivier.com\/#\/schema\/person\/677c0bd6d5c5d21949cab39bb529a81c","name":"Dominique Duvivier","image":{"@type":"ImageObject","@id":"https:\/\/www.dominiqueduvivier.com\/#personlogo","inLanguage":"fr-FR","url":"https:\/\/www.dominiqueduvivier.com\/wp-content\/uploads\/2019\/04\/Double-Fond-1-2-excl-groupes-10-150x150.jpg","contentUrl":"https:\/\/www.dominiqueduvivier.com\/wp-content\/uploads\/2019\/04\/Double-Fond-1-2-excl-groupes-10-150x150.jpg","caption":"Dominique Duvivier"},"description":"\u2663\ufe0f Magicien. \u2666\ufe0f Ma\u00eetre de l\u2019art du #CloseUp. \u2665\ufe0f Cr\u00e9ateur de tours et professeur. \u2660\ufe0f Fondateur @ledoublefond et directeur de Mayette Magie.","url":"https:\/\/www.dominiqueduvivier.com\/index.php\/author\/dominique-duvivier\/"}]}},"_links":{"self":[{"href":"https:\/\/www.dominiqueduvivier.com\/index.php\/wp-json\/wp\/v2\/posts\/8446"}],"collection":[{"href":"https:\/\/www.dominiqueduvivier.com\/index.php\/wp-json\/wp\/v2\/posts"}],"about":[{"href":"https:\/\/www.dominiqueduvivier.com\/index.php\/wp-json\/wp\/v2\/types\/post"}],"author":[{"embeddable":true,"href":"https:\/\/www.dominiqueduvivier.com\/index.php\/wp-json\/wp\/v2\/users\/2"}],"replies":[{"embeddable":true,"href":"https:\/\/www.dominiqueduvivier.com\/index.php\/wp-json\/wp\/v2\/comments?post=8446"}],"version-history":[{"count":1,"href":"https:\/\/www.dominiqueduvivier.com\/index.php\/wp-json\/wp\/v2\/posts\/8446\/revisions"}],"predecessor-version":[{"id":8450,"href":"https:\/\/www.dominiqueduvivier.com\/index.php\/wp-json\/wp\/v2\/posts\/8446\/revisions\/8450"}],"wp:attachment":[{"href":"https:\/\/www.dominiqueduvivier.com\/index.php\/wp-json\/wp\/v2\/media?parent=8446"}],"wp:term":[{"taxonomy":"category","embeddable":true,"href":"https:\/\/www.dominiqueduvivier.com\/index.php\/wp-json\/wp\/v2\/categories?post=8446"},{"taxonomy":"post_tag","embeddable":true,"href":"https:\/\/www.dominiqueduvivier.com\/index.php\/wp-json\/wp\/v2\/tags?post=8446"}],"curies":[{"name":"wp","href":"https:\/\/api.w.org\/{rel}","templated":true}]}}