{"id":8402,"date":"2021-05-10T00:01:00","date_gmt":"2021-05-09T22:01:00","guid":{"rendered":"https:\/\/www.dominiqueduvivier.com\/?p=8402"},"modified":"2021-06-09T18:29:49","modified_gmt":"2021-06-09T16:29:49","slug":"podcast-et-si-cetait-vrai-emission-n80","status":"publish","type":"post","link":"https:\/\/www.dominiqueduvivier.com\/index.php\/2021\/05\/10\/podcast-et-si-cetait-vrai-emission-n80\/","title":{"rendered":"Podcast \u00ab Et si c\u2019\u00e9tait vrai ? \u00bb \u00e9mission n\u00b080"},"content":{"rendered":"\n<figure class=\"wp-block-image size-large\"><img loading=\"lazy\" width=\"600\" height=\"200\" src=\"https:\/\/www.dominiqueduvivier.com\/wp-content\/uploads\/2020\/10\/banniere-podcast-et-si-c\u00e9tait-vrai-71.jpg\" alt=\"\" class=\"wp-image-8028\" srcset=\"https:\/\/www.dominiqueduvivier.com\/wp-content\/uploads\/2020\/10\/banniere-podcast-et-si-c\u00e9tait-vrai-71.jpg 600w, https:\/\/www.dominiqueduvivier.com\/wp-content\/uploads\/2020\/10\/banniere-podcast-et-si-c\u00e9tait-vrai-71-300x100.jpg 300w\" sizes=\"(max-width: 600px) 100vw, 600px\" \/><\/figure>\n\n\n\n<p>Chers amis,<\/p>\n\n\n\n<p>Voici la 80\u00e8me \u00e9mission de mon podcast.<\/p>\n\n\n\n<p>Installez-vous comme d\u2019habitude, confortablement. Cette \u00e9mission a \u00e9t\u00e9 enregistr\u00e9e en juin 2018.<\/p>\n\n\n\n<p>Bonne lecture audio !<\/p>\n\n\n\n<p><a href=\"http:\/\/itunes.apple.com\/fr\/podcast\/et-si-cetait-vrai-entretiens\/id488572020?l=en\" target=\"_blank\" rel=\"noreferrer noopener\">Pour \u00e9couter le podcast sur Itunes, cliquez ici !<\/a><\/p>\n\n\n\n<p>Sinon, cliquez ci-dessous sur la barre d\u2019\u00e9coute\u2026<\/p>\n\n\n\n<p>Dominique Duvivier<\/p>\n\n\n\n<p>PS : Je vous rappelle que vous pouvez vous abonner au podcast sur iTunes : c\u2019est gratuit et vous disposerez ainsi automatiquement des prochains num\u00e9ros.<\/p>\n<div class=\"powerpress_player\" id=\"powerpress_player_8229\"><!--[if lt IE 9]><script>document.createElement('audio');<\/script><![endif]-->\n<audio class=\"wp-audio-shortcode\" id=\"audio-8402-1\" preload=\"none\" style=\"width: 100%;\" controls=\"controls\"><source type=\"audio\/mpeg\" src=\"https:\/\/www.dominiqueduvivier.com\/podcast\/etsicetaitvrai080.mp3?_=1\" \/><a href=\"https:\/\/www.dominiqueduvivier.com\/podcast\/etsicetaitvrai080.mp3\">https:\/\/www.dominiqueduvivier.com\/podcast\/etsicetaitvrai080.mp3<\/a><\/audio><\/div><p class=\"powerpress_links powerpress_links_mp3\">Podcast: <a href=\"https:\/\/www.dominiqueduvivier.com\/podcast\/etsicetaitvrai080.mp3\" class=\"powerpress_link_pinw\" target=\"_blank\" title=\"Play in new window\" onclick=\"return powerpress_pinw('https:\/\/www.dominiqueduvivier.com\/?powerpress_pinw=8402-podcast');\" rel=\"nofollow\">Play in new window<\/a> | <a href=\"https:\/\/www.dominiqueduvivier.com\/podcast\/etsicetaitvrai080.mp3\" class=\"powerpress_link_d\" title=\"Download\" rel=\"nofollow\" download=\"etsicetaitvrai080.mp3\">Download<\/a><\/p>","protected":false},"excerpt":{"rendered":"<p>Chers amis, Voici la 80\u00e8me \u00e9mission de mon podcast. Installez-vous comme d\u2019habitude, confortablement. Cette \u00e9mission a \u00e9t\u00e9 enregistr\u00e9e en juin 2018. Bonne lecture audio ! Pour \u00e9couter le podcast sur Itunes, cliquez ici ! Sinon, cliquez ci-dessous sur la barre d\u2019\u00e9coute\u2026 Dominique Duvivier PS : Je vous rappelle que vous pouvez vous abonner au podcast &hellip;<\/p>\n","protected":false},"author":2,"featured_media":0,"comment_status":"open","ping_status":"open","sticky":false,"template":"","format":"standard","meta":{"_monsterinsights_skip_tracking":false,"_monsterinsights_sitenote_active":false,"_monsterinsights_sitenote_note":"","_monsterinsights_sitenote_category":0,"ngg_post_thumbnail":0},"categories":[5],"tags":[107,14,153,17,109,101,97,108,133,98,99,27,95,139,141,29,30,105],"yoast_head":"<!-- This site is optimized with the Yoast SEO plugin v17.9 - https:\/\/yoast.com\/wordpress\/plugins\/seo\/ -->\n<title>Podcast \u00ab Et si c\u2019\u00e9tait vrai ? \u00bb \u00e9mission n\u00b080 - Entretiens avec Dominique Duvivier - Toute la magie de Dominique Duvivier<\/title>\n<meta name=\"robots\" content=\"index, follow, max-snippet:-1, max-image-preview:large, max-video-preview:-1\" \/>\n<link rel=\"canonical\" href=\"https:\/\/www.dominiqueduvivier.com\/index.php\/2021\/05\/10\/podcast-et-si-cetait-vrai-emission-n80\/\" \/>\n<meta property=\"og:locale\" content=\"fr_FR\" \/>\n<meta property=\"og:type\" content=\"article\" \/>\n<meta property=\"og:title\" content=\"Podcast \u00ab Et si c\u2019\u00e9tait vrai ? \u00bb \u00e9mission n\u00b080 - Entretiens avec Dominique Duvivier - Toute la magie de Dominique Duvivier\" \/>\n<meta property=\"og:description\" content=\"Chers amis, Voici la 80\u00e8me \u00e9mission de mon podcast. Installez-vous comme d\u2019habitude, confortablement. Cette \u00e9mission a \u00e9t\u00e9 enregistr\u00e9e en juin 2018. Bonne lecture audio ! Pour \u00e9couter le podcast sur Itunes, cliquez ici ! Sinon, cliquez ci-dessous sur la barre d\u2019\u00e9coute\u2026 Dominique Duvivier PS : Je vous rappelle que vous pouvez vous abonner au podcast &hellip;\" \/>\n<meta property=\"og:url\" content=\"https:\/\/www.dominiqueduvivier.com\/index.php\/2021\/05\/10\/podcast-et-si-cetait-vrai-emission-n80\/\" \/>\n<meta property=\"og:site_name\" content=\"Entretiens avec Dominique Duvivier - Toute la magie de Dominique Duvivier\" \/>\n<meta property=\"article:publisher\" content=\"https:\/\/www.facebook.com\/dominique.duvivier.1232\/\" \/>\n<meta property=\"article:published_time\" content=\"2021-05-09T22:01:00+00:00\" \/>\n<meta property=\"article:modified_time\" content=\"2021-06-09T16:29:49+00:00\" \/>\n<meta property=\"og:image\" content=\"https:\/\/www.dominiqueduvivier.com\/wp-content\/uploads\/2020\/10\/banniere-podcast-et-si-c\u00e9tait-vrai-71.jpg\" \/>\n<meta name=\"twitter:card\" content=\"summary_large_image\" \/>\n<meta name=\"twitter:creator\" content=\"@DDUVIVIER\" \/>\n<meta name=\"twitter:site\" content=\"@DDUVIVIER\" \/>\n<meta name=\"twitter:label1\" content=\"\u00c9crit par\" \/>\n\t<meta name=\"twitter:data1\" content=\"Dominique Duvivier\" \/>\n<script type=\"application\/ld+json\" class=\"yoast-schema-graph\">{\"@context\":\"https:\/\/schema.org\",\"@graph\":[{\"@type\":\"WebSite\",\"@id\":\"https:\/\/www.dominiqueduvivier.com\/#website\",\"url\":\"https:\/\/www.dominiqueduvivier.com\/\",\"name\":\"Entretiens avec Dominique Duvivier - Toute la magie de Dominique Duvivier\",\"description\":\"Dominique Duvivier | Magicien\",\"potentialAction\":[{\"@type\":\"SearchAction\",\"target\":{\"@type\":\"EntryPoint\",\"urlTemplate\":\"https:\/\/www.dominiqueduvivier.com\/?s={search_term_string}\"},\"query-input\":\"required name=search_term_string\"}],\"inLanguage\":\"fr-FR\"},{\"@type\":\"ImageObject\",\"@id\":\"https:\/\/www.dominiqueduvivier.com\/index.php\/2021\/05\/10\/podcast-et-si-cetait-vrai-emission-n80\/#primaryimage\",\"inLanguage\":\"fr-FR\",\"url\":\"https:\/\/www.dominiqueduvivier.com\/wp-content\/uploads\/2020\/10\/banniere-podcast-et-si-c\\u00e9tait-vrai-71.jpg\",\"contentUrl\":\"https:\/\/www.dominiqueduvivier.com\/wp-content\/uploads\/2020\/10\/banniere-podcast-et-si-c\\u00e9tait-vrai-71.jpg\",\"width\":600,\"height\":200},{\"@type\":\"WebPage\",\"@id\":\"https:\/\/www.dominiqueduvivier.com\/index.php\/2021\/05\/10\/podcast-et-si-cetait-vrai-emission-n80\/#webpage\",\"url\":\"https:\/\/www.dominiqueduvivier.com\/index.php\/2021\/05\/10\/podcast-et-si-cetait-vrai-emission-n80\/\",\"name\":\"Podcast \\u00ab Et si c\\u2019\\u00e9tait vrai ? \\u00bb \\u00e9mission n\\u00b080 - Entretiens avec Dominique Duvivier - Toute la magie de Dominique Duvivier\",\"isPartOf\":{\"@id\":\"https:\/\/www.dominiqueduvivier.com\/#website\"},\"primaryImageOfPage\":{\"@id\":\"https:\/\/www.dominiqueduvivier.com\/index.php\/2021\/05\/10\/podcast-et-si-cetait-vrai-emission-n80\/#primaryimage\"},\"datePublished\":\"2021-05-09T22:01:00+00:00\",\"dateModified\":\"2021-06-09T16:29:49+00:00\",\"author\":{\"@id\":\"https:\/\/www.dominiqueduvivier.com\/#\/schema\/person\/677c0bd6d5c5d21949cab39bb529a81c\"},\"breadcrumb\":{\"@id\":\"https:\/\/www.dominiqueduvivier.com\/index.php\/2021\/05\/10\/podcast-et-si-cetait-vrai-emission-n80\/#breadcrumb\"},\"inLanguage\":\"fr-FR\",\"potentialAction\":[{\"@type\":\"ReadAction\",\"target\":[\"https:\/\/www.dominiqueduvivier.com\/index.php\/2021\/05\/10\/podcast-et-si-cetait-vrai-emission-n80\/\"]}]},{\"@type\":\"BreadcrumbList\",\"@id\":\"https:\/\/www.dominiqueduvivier.com\/index.php\/2021\/05\/10\/podcast-et-si-cetait-vrai-emission-n80\/#breadcrumb\",\"itemListElement\":[{\"@type\":\"ListItem\",\"position\":1,\"name\":\"Accueil\",\"item\":\"https:\/\/www.dominiqueduvivier.com\/\"},{\"@type\":\"ListItem\",\"position\":2,\"name\":\"Podcast \\u00ab Et si c\\u2019\\u00e9tait vrai ? \\u00bb \\u00e9mission n\\u00b080\"}]},{\"@type\":\"Person\",\"@id\":\"https:\/\/www.dominiqueduvivier.com\/#\/schema\/person\/677c0bd6d5c5d21949cab39bb529a81c\",\"name\":\"Dominique Duvivier\",\"image\":{\"@type\":\"ImageObject\",\"@id\":\"https:\/\/www.dominiqueduvivier.com\/#personlogo\",\"inLanguage\":\"fr-FR\",\"url\":\"https:\/\/www.dominiqueduvivier.com\/wp-content\/uploads\/2019\/04\/Double-Fond-1-2-excl-groupes-10-150x150.jpg\",\"contentUrl\":\"https:\/\/www.dominiqueduvivier.com\/wp-content\/uploads\/2019\/04\/Double-Fond-1-2-excl-groupes-10-150x150.jpg\",\"caption\":\"Dominique Duvivier\"},\"description\":\"\\u2663\\ufe0f Magicien. \\u2666\\ufe0f Ma\\u00eetre de l\\u2019art du #CloseUp. \\u2665\\ufe0f Cr\\u00e9ateur de tours et professeur. \\u2660\\ufe0f Fondateur @ledoublefond et directeur de Mayette Magie.\",\"url\":\"https:\/\/www.dominiqueduvivier.com\/index.php\/author\/dominique-duvivier\/\"}]}<\/script>\n<!-- \/ Yoast SEO plugin. -->","yoast_head_json":{"title":"Podcast \u00ab Et si c\u2019\u00e9tait vrai ? \u00bb \u00e9mission n\u00b080 - Entretiens avec Dominique Duvivier - Toute la magie de Dominique Duvivier","robots":{"index":"index","follow":"follow","max-snippet":"max-snippet:-1","max-image-preview":"max-image-preview:large","max-video-preview":"max-video-preview:-1"},"canonical":"https:\/\/www.dominiqueduvivier.com\/index.php\/2021\/05\/10\/podcast-et-si-cetait-vrai-emission-n80\/","og_locale":"fr_FR","og_type":"article","og_title":"Podcast \u00ab Et si c\u2019\u00e9tait vrai ? \u00bb \u00e9mission n\u00b080 - Entretiens avec Dominique Duvivier - Toute la magie de Dominique Duvivier","og_description":"Chers amis, Voici la 80\u00e8me \u00e9mission de mon podcast. Installez-vous comme d\u2019habitude, confortablement. Cette \u00e9mission a \u00e9t\u00e9 enregistr\u00e9e en juin 2018. Bonne lecture audio ! Pour \u00e9couter le podcast sur Itunes, cliquez ici ! Sinon, cliquez ci-dessous sur la barre d\u2019\u00e9coute\u2026 Dominique Duvivier PS : Je vous rappelle que vous pouvez vous abonner au podcast &hellip;","og_url":"https:\/\/www.dominiqueduvivier.com\/index.php\/2021\/05\/10\/podcast-et-si-cetait-vrai-emission-n80\/","og_site_name":"Entretiens avec Dominique Duvivier - Toute la magie de Dominique Duvivier","article_publisher":"https:\/\/www.facebook.com\/dominique.duvivier.1232\/","article_published_time":"2021-05-09T22:01:00+00:00","article_modified_time":"2021-06-09T16:29:49+00:00","og_image":[{"url":"https:\/\/www.dominiqueduvivier.com\/wp-content\/uploads\/2020\/10\/banniere-podcast-et-si-c\u00e9tait-vrai-71.jpg"}],"twitter_card":"summary_large_image","twitter_creator":"@DDUVIVIER","twitter_site":"@DDUVIVIER","twitter_misc":{"\u00c9crit par":"Dominique Duvivier"},"schema":{"@context":"https:\/\/schema.org","@graph":[{"@type":"WebSite","@id":"https:\/\/www.dominiqueduvivier.com\/#website","url":"https:\/\/www.dominiqueduvivier.com\/","name":"Entretiens avec Dominique Duvivier - Toute la magie de Dominique Duvivier","description":"Dominique Duvivier | Magicien","potentialAction":[{"@type":"SearchAction","target":{"@type":"EntryPoint","urlTemplate":"https:\/\/www.dominiqueduvivier.com\/?s={search_term_string}"},"query-input":"required name=search_term_string"}],"inLanguage":"fr-FR"},{"@type":"ImageObject","@id":"https:\/\/www.dominiqueduvivier.com\/index.php\/2021\/05\/10\/podcast-et-si-cetait-vrai-emission-n80\/#primaryimage","inLanguage":"fr-FR","url":"https:\/\/www.dominiqueduvivier.com\/wp-content\/uploads\/2020\/10\/banniere-podcast-et-si-c\u00e9tait-vrai-71.jpg","contentUrl":"https:\/\/www.dominiqueduvivier.com\/wp-content\/uploads\/2020\/10\/banniere-podcast-et-si-c\u00e9tait-vrai-71.jpg","width":600,"height":200},{"@type":"WebPage","@id":"https:\/\/www.dominiqueduvivier.com\/index.php\/2021\/05\/10\/podcast-et-si-cetait-vrai-emission-n80\/#webpage","url":"https:\/\/www.dominiqueduvivier.com\/index.php\/2021\/05\/10\/podcast-et-si-cetait-vrai-emission-n80\/","name":"Podcast \u00ab Et si c\u2019\u00e9tait vrai ? \u00bb \u00e9mission n\u00b080 - Entretiens avec Dominique Duvivier - Toute la magie de Dominique Duvivier","isPartOf":{"@id":"https:\/\/www.dominiqueduvivier.com\/#website"},"primaryImageOfPage":{"@id":"https:\/\/www.dominiqueduvivier.com\/index.php\/2021\/05\/10\/podcast-et-si-cetait-vrai-emission-n80\/#primaryimage"},"datePublished":"2021-05-09T22:01:00+00:00","dateModified":"2021-06-09T16:29:49+00:00","author":{"@id":"https:\/\/www.dominiqueduvivier.com\/#\/schema\/person\/677c0bd6d5c5d21949cab39bb529a81c"},"breadcrumb":{"@id":"https:\/\/www.dominiqueduvivier.com\/index.php\/2021\/05\/10\/podcast-et-si-cetait-vrai-emission-n80\/#breadcrumb"},"inLanguage":"fr-FR","potentialAction":[{"@type":"ReadAction","target":["https:\/\/www.dominiqueduvivier.com\/index.php\/2021\/05\/10\/podcast-et-si-cetait-vrai-emission-n80\/"]}]},{"@type":"BreadcrumbList","@id":"https:\/\/www.dominiqueduvivier.com\/index.php\/2021\/05\/10\/podcast-et-si-cetait-vrai-emission-n80\/#breadcrumb","itemListElement":[{"@type":"ListItem","position":1,"name":"Accueil","item":"https:\/\/www.dominiqueduvivier.com\/"},{"@type":"ListItem","position":2,"name":"Podcast \u00ab Et si c\u2019\u00e9tait vrai ? \u00bb \u00e9mission n\u00b080"}]},{"@type":"Person","@id":"https:\/\/www.dominiqueduvivier.com\/#\/schema\/person\/677c0bd6d5c5d21949cab39bb529a81c","name":"Dominique Duvivier","image":{"@type":"ImageObject","@id":"https:\/\/www.dominiqueduvivier.com\/#personlogo","inLanguage":"fr-FR","url":"https:\/\/www.dominiqueduvivier.com\/wp-content\/uploads\/2019\/04\/Double-Fond-1-2-excl-groupes-10-150x150.jpg","contentUrl":"https:\/\/www.dominiqueduvivier.com\/wp-content\/uploads\/2019\/04\/Double-Fond-1-2-excl-groupes-10-150x150.jpg","caption":"Dominique Duvivier"},"description":"\u2663\ufe0f Magicien. \u2666\ufe0f Ma\u00eetre de l\u2019art du #CloseUp. \u2665\ufe0f Cr\u00e9ateur de tours et professeur. \u2660\ufe0f Fondateur @ledoublefond et directeur de Mayette Magie.","url":"https:\/\/www.dominiqueduvivier.com\/index.php\/author\/dominique-duvivier\/"}]}},"_links":{"self":[{"href":"https:\/\/www.dominiqueduvivier.com\/index.php\/wp-json\/wp\/v2\/posts\/8402"}],"collection":[{"href":"https:\/\/www.dominiqueduvivier.com\/index.php\/wp-json\/wp\/v2\/posts"}],"about":[{"href":"https:\/\/www.dominiqueduvivier.com\/index.php\/wp-json\/wp\/v2\/types\/post"}],"author":[{"embeddable":true,"href":"https:\/\/www.dominiqueduvivier.com\/index.php\/wp-json\/wp\/v2\/users\/2"}],"replies":[{"embeddable":true,"href":"https:\/\/www.dominiqueduvivier.com\/index.php\/wp-json\/wp\/v2\/comments?post=8402"}],"version-history":[{"count":2,"href":"https:\/\/www.dominiqueduvivier.com\/index.php\/wp-json\/wp\/v2\/posts\/8402\/revisions"}],"predecessor-version":[{"id":8472,"href":"https:\/\/www.dominiqueduvivier.com\/index.php\/wp-json\/wp\/v2\/posts\/8402\/revisions\/8472"}],"wp:attachment":[{"href":"https:\/\/www.dominiqueduvivier.com\/index.php\/wp-json\/wp\/v2\/media?parent=8402"}],"wp:term":[{"taxonomy":"category","embeddable":true,"href":"https:\/\/www.dominiqueduvivier.com\/index.php\/wp-json\/wp\/v2\/categories?post=8402"},{"taxonomy":"post_tag","embeddable":true,"href":"https:\/\/www.dominiqueduvivier.com\/index.php\/wp-json\/wp\/v2\/tags?post=8402"}],"curies":[{"name":"wp","href":"https:\/\/api.w.org\/{rel}","templated":true}]}}