{"id":8306,"date":"2021-04-05T00:01:00","date_gmt":"2021-04-04T22:01:00","guid":{"rendered":"https:\/\/www.dominiqueduvivier.com\/?p=8306"},"modified":"2021-11-23T12:38:55","modified_gmt":"2021-11-23T11:38:55","slug":"article-telerama-sur-double-fond-tv","status":"publish","type":"post","link":"https:\/\/www.dominiqueduvivier.com\/index.php\/2021\/04\/05\/article-telerama-sur-double-fond-tv\/","title":{"rendered":"Article T\u00e9l\u00e9rama sur Double Fond TV !"},"content":{"rendered":"\n<figure class=\"wp-block-image size-large\"><img src=\"https:\/\/www.dominiqueduvivier.com\/wp-content\/uploads\/2021\/04\/Telerama-sur-DF-TV-616x1024.jpg\" alt=\"\" class=\"wp-image-8307\"\/><\/figure>\n\n\n\n<p>Merci \u00e0 T\u00e9l\u00e9rama pour avoir fait un article sur Double Fond TV ! <img loading=\"lazy\" height=\"16\" width=\"16\" alt=\"\ud83d\ude0d\" src=\"https:\/\/ci5.googleusercontent.com\/proxy\/EGrFnwKhVMWVaG0_8X-0W1K1xDvGM8qxU3JwY0WHIU80nVtAb1xm0mE24b3-yPBGSg7P8gEA-XrW7K4pB4A3EC1HO7YjmEp4St-0XxGnBVZu6ifCS9LZ=s0-d-e1-ft#https:\/\/static.xx.fbcdn.net\/images\/emoji.php\/v9\/t5b\/1.5\/16\/1f60d.png\"><img loading=\"lazy\" height=\"16\" width=\"16\" alt=\"\ud83d\ude01\" src=\"https:\/\/ci4.googleusercontent.com\/proxy\/Zib9nsl1G_BPR2l_EkpH6Vf635uJptcnL9b3ID9mU1v-otPW2h-zTSZBsluHp5dwusYZr-y_OTyB2eD1DU46U-usvCIzCTBqrAugtRop3mXZAMtSzg7n=s0-d-e1-ft#https:\/\/static.xx.fbcdn.net\/images\/emoji.php\/v9\/ta8\/1.5\/16\/1f601.png\"><\/p>\n\n\n\n<p>N&rsquo;h\u00e9sitez pas \u00e0 vous abonner : <a rel=\"noreferrer noopener\" href=\"https:\/\/l.facebook.com\/l.php?u=http%3A%2F%2Fwww.doublefond.tv%2F%3Ffbclid%3DIwAR3sjudRh25oZsvYdyRQUwNcRV71pJTHOQBHyhuIFtOqcKTPnOSJpp0PZGM&amp;h=AT0gw9w-_RAi-em4jJ8ncsdl8uG32Fy9qFNPtjloobGxhcnu207cMYjOoJp0thMFZFg0pDjh1wabavWcypGR-rmJHEq0OnCAUMB1VTMBtw87XS8P_xyIF5O8mIZDAuSsd7HI&amp;__tn__=-UK-R&amp;c[0]=AT2_69IWpdMF0aiTQDmrI2FpbBvvvlo8t_0KLLMt0tE8E4rJRum0ErQbmtaMCTSj6klnID-31XgIo7qBBzcwzkEJCwI6UPu9B2-huCIrUhGYk3YYUfV7q-QtCS5OX1UJhVrr0fe30c49OxKSqMo122thRbYiIBjc1kbnNV4IduAlupeGQmA\" target=\"_blank\">www.doublefond.tv<\/a><\/p>\n","protected":false},"excerpt":{"rendered":"<p>Merci \u00e0 T\u00e9l\u00e9rama pour avoir fait un article sur Double Fond TV ! N&rsquo;h\u00e9sitez pas \u00e0 vous abonner : www.doublefond.tv<\/p>\n","protected":false},"author":2,"featured_media":0,"comment_status":"open","ping_status":"open","sticky":false,"template":"","format":"standard","meta":{"_monsterinsights_skip_tracking":false,"_monsterinsights_sitenote_active":false,"_monsterinsights_sitenote_note":"","_monsterinsights_sitenote_category":0,"ngg_post_thumbnail":0},"categories":[1,4],"tags":[],"yoast_head":"<!-- This site is optimized with the Yoast SEO plugin v17.9 - https:\/\/yoast.com\/wordpress\/plugins\/seo\/ -->\n<title>Article T\u00e9l\u00e9rama sur Double Fond TV ! - Entretiens avec Dominique Duvivier - Toute la magie de Dominique Duvivier<\/title>\n<meta name=\"robots\" content=\"index, follow, max-snippet:-1, max-image-preview:large, max-video-preview:-1\" \/>\n<link rel=\"canonical\" href=\"https:\/\/www.dominiqueduvivier.com\/index.php\/2021\/04\/05\/article-telerama-sur-double-fond-tv\/\" \/>\n<meta property=\"og:locale\" content=\"fr_FR\" \/>\n<meta property=\"og:type\" content=\"article\" \/>\n<meta property=\"og:title\" content=\"Article T\u00e9l\u00e9rama sur Double Fond TV ! - Entretiens avec Dominique Duvivier - Toute la magie de Dominique Duvivier\" \/>\n<meta property=\"og:description\" content=\"Merci \u00e0 T\u00e9l\u00e9rama pour avoir fait un article sur Double Fond TV ! N&rsquo;h\u00e9sitez pas \u00e0 vous abonner : www.doublefond.tv\" \/>\n<meta property=\"og:url\" content=\"https:\/\/www.dominiqueduvivier.com\/index.php\/2021\/04\/05\/article-telerama-sur-double-fond-tv\/\" \/>\n<meta property=\"og:site_name\" content=\"Entretiens avec Dominique Duvivier - Toute la magie de Dominique Duvivier\" \/>\n<meta property=\"article:publisher\" content=\"https:\/\/www.facebook.com\/dominique.duvivier.1232\/\" \/>\n<meta property=\"article:published_time\" content=\"2021-04-04T22:01:00+00:00\" \/>\n<meta property=\"article:modified_time\" content=\"2021-11-23T11:38:55+00:00\" \/>\n<meta property=\"og:image\" content=\"https:\/\/www.dominiqueduvivier.com\/wp-content\/uploads\/2021\/04\/Telerama-sur-DF-TV-616x1024.jpg\" \/>\n<meta name=\"twitter:card\" content=\"summary_large_image\" \/>\n<meta name=\"twitter:creator\" content=\"@DDUVIVIER\" \/>\n<meta name=\"twitter:site\" content=\"@DDUVIVIER\" \/>\n<meta name=\"twitter:label1\" content=\"\u00c9crit par\" \/>\n\t<meta name=\"twitter:data1\" content=\"Dominique Duvivier\" \/>\n\t<meta name=\"twitter:label2\" content=\"Dur\u00e9e de lecture estim\u00e9e\" \/>\n\t<meta name=\"twitter:data2\" content=\"1 minute\" \/>\n<script type=\"application\/ld+json\" class=\"yoast-schema-graph\">{\"@context\":\"https:\/\/schema.org\",\"@graph\":[{\"@type\":\"WebSite\",\"@id\":\"https:\/\/www.dominiqueduvivier.com\/#website\",\"url\":\"https:\/\/www.dominiqueduvivier.com\/\",\"name\":\"Entretiens avec Dominique Duvivier - Toute la magie de Dominique Duvivier\",\"description\":\"Dominique Duvivier | Magicien\",\"potentialAction\":[{\"@type\":\"SearchAction\",\"target\":{\"@type\":\"EntryPoint\",\"urlTemplate\":\"https:\/\/www.dominiqueduvivier.com\/?s={search_term_string}\"},\"query-input\":\"required name=search_term_string\"}],\"inLanguage\":\"fr-FR\"},{\"@type\":\"ImageObject\",\"@id\":\"https:\/\/www.dominiqueduvivier.com\/index.php\/2021\/04\/05\/article-telerama-sur-double-fond-tv\/#primaryimage\",\"inLanguage\":\"fr-FR\",\"url\":\"https:\/\/www.dominiqueduvivier.com\/wp-content\/uploads\/2021\/04\/Telerama-sur-DF-TV-616x1024.jpg\",\"contentUrl\":\"https:\/\/www.dominiqueduvivier.com\/wp-content\/uploads\/2021\/04\/Telerama-sur-DF-TV-616x1024.jpg\"},{\"@type\":\"WebPage\",\"@id\":\"https:\/\/www.dominiqueduvivier.com\/index.php\/2021\/04\/05\/article-telerama-sur-double-fond-tv\/#webpage\",\"url\":\"https:\/\/www.dominiqueduvivier.com\/index.php\/2021\/04\/05\/article-telerama-sur-double-fond-tv\/\",\"name\":\"Article T\\u00e9l\\u00e9rama sur Double Fond TV ! - Entretiens avec Dominique Duvivier - Toute la magie de Dominique Duvivier\",\"isPartOf\":{\"@id\":\"https:\/\/www.dominiqueduvivier.com\/#website\"},\"primaryImageOfPage\":{\"@id\":\"https:\/\/www.dominiqueduvivier.com\/index.php\/2021\/04\/05\/article-telerama-sur-double-fond-tv\/#primaryimage\"},\"datePublished\":\"2021-04-04T22:01:00+00:00\",\"dateModified\":\"2021-11-23T11:38:55+00:00\",\"author\":{\"@id\":\"https:\/\/www.dominiqueduvivier.com\/#\/schema\/person\/677c0bd6d5c5d21949cab39bb529a81c\"},\"breadcrumb\":{\"@id\":\"https:\/\/www.dominiqueduvivier.com\/index.php\/2021\/04\/05\/article-telerama-sur-double-fond-tv\/#breadcrumb\"},\"inLanguage\":\"fr-FR\",\"potentialAction\":[{\"@type\":\"ReadAction\",\"target\":[\"https:\/\/www.dominiqueduvivier.com\/index.php\/2021\/04\/05\/article-telerama-sur-double-fond-tv\/\"]}]},{\"@type\":\"BreadcrumbList\",\"@id\":\"https:\/\/www.dominiqueduvivier.com\/index.php\/2021\/04\/05\/article-telerama-sur-double-fond-tv\/#breadcrumb\",\"itemListElement\":[{\"@type\":\"ListItem\",\"position\":1,\"name\":\"Accueil\",\"item\":\"https:\/\/www.dominiqueduvivier.com\/\"},{\"@type\":\"ListItem\",\"position\":2,\"name\":\"Article T\\u00e9l\\u00e9rama sur Double Fond TV !\"}]},{\"@type\":\"Person\",\"@id\":\"https:\/\/www.dominiqueduvivier.com\/#\/schema\/person\/677c0bd6d5c5d21949cab39bb529a81c\",\"name\":\"Dominique Duvivier\",\"image\":{\"@type\":\"ImageObject\",\"@id\":\"https:\/\/www.dominiqueduvivier.com\/#personlogo\",\"inLanguage\":\"fr-FR\",\"url\":\"https:\/\/www.dominiqueduvivier.com\/wp-content\/uploads\/2019\/04\/Double-Fond-1-2-excl-groupes-10-150x150.jpg\",\"contentUrl\":\"https:\/\/www.dominiqueduvivier.com\/wp-content\/uploads\/2019\/04\/Double-Fond-1-2-excl-groupes-10-150x150.jpg\",\"caption\":\"Dominique Duvivier\"},\"description\":\"\\u2663\\ufe0f Magicien. \\u2666\\ufe0f Ma\\u00eetre de l\\u2019art du #CloseUp. \\u2665\\ufe0f Cr\\u00e9ateur de tours et professeur. \\u2660\\ufe0f Fondateur @ledoublefond et directeur de Mayette Magie.\",\"url\":\"https:\/\/www.dominiqueduvivier.com\/index.php\/author\/dominique-duvivier\/\"}]}<\/script>\n<!-- \/ Yoast SEO plugin. -->","yoast_head_json":{"title":"Article T\u00e9l\u00e9rama sur Double Fond TV ! - Entretiens avec Dominique Duvivier - Toute la magie de Dominique Duvivier","robots":{"index":"index","follow":"follow","max-snippet":"max-snippet:-1","max-image-preview":"max-image-preview:large","max-video-preview":"max-video-preview:-1"},"canonical":"https:\/\/www.dominiqueduvivier.com\/index.php\/2021\/04\/05\/article-telerama-sur-double-fond-tv\/","og_locale":"fr_FR","og_type":"article","og_title":"Article T\u00e9l\u00e9rama sur Double Fond TV ! - Entretiens avec Dominique Duvivier - Toute la magie de Dominique Duvivier","og_description":"Merci \u00e0 T\u00e9l\u00e9rama pour avoir fait un article sur Double Fond TV ! N&rsquo;h\u00e9sitez pas \u00e0 vous abonner : www.doublefond.tv","og_url":"https:\/\/www.dominiqueduvivier.com\/index.php\/2021\/04\/05\/article-telerama-sur-double-fond-tv\/","og_site_name":"Entretiens avec Dominique Duvivier - Toute la magie de Dominique Duvivier","article_publisher":"https:\/\/www.facebook.com\/dominique.duvivier.1232\/","article_published_time":"2021-04-04T22:01:00+00:00","article_modified_time":"2021-11-23T11:38:55+00:00","og_image":[{"url":"https:\/\/www.dominiqueduvivier.com\/wp-content\/uploads\/2021\/04\/Telerama-sur-DF-TV-616x1024.jpg"}],"twitter_card":"summary_large_image","twitter_creator":"@DDUVIVIER","twitter_site":"@DDUVIVIER","twitter_misc":{"\u00c9crit par":"Dominique Duvivier","Dur\u00e9e de lecture estim\u00e9e":"1 minute"},"schema":{"@context":"https:\/\/schema.org","@graph":[{"@type":"WebSite","@id":"https:\/\/www.dominiqueduvivier.com\/#website","url":"https:\/\/www.dominiqueduvivier.com\/","name":"Entretiens avec Dominique Duvivier - Toute la magie de Dominique Duvivier","description":"Dominique Duvivier | Magicien","potentialAction":[{"@type":"SearchAction","target":{"@type":"EntryPoint","urlTemplate":"https:\/\/www.dominiqueduvivier.com\/?s={search_term_string}"},"query-input":"required name=search_term_string"}],"inLanguage":"fr-FR"},{"@type":"ImageObject","@id":"https:\/\/www.dominiqueduvivier.com\/index.php\/2021\/04\/05\/article-telerama-sur-double-fond-tv\/#primaryimage","inLanguage":"fr-FR","url":"https:\/\/www.dominiqueduvivier.com\/wp-content\/uploads\/2021\/04\/Telerama-sur-DF-TV-616x1024.jpg","contentUrl":"https:\/\/www.dominiqueduvivier.com\/wp-content\/uploads\/2021\/04\/Telerama-sur-DF-TV-616x1024.jpg"},{"@type":"WebPage","@id":"https:\/\/www.dominiqueduvivier.com\/index.php\/2021\/04\/05\/article-telerama-sur-double-fond-tv\/#webpage","url":"https:\/\/www.dominiqueduvivier.com\/index.php\/2021\/04\/05\/article-telerama-sur-double-fond-tv\/","name":"Article T\u00e9l\u00e9rama sur Double Fond TV ! - Entretiens avec Dominique Duvivier - Toute la magie de Dominique Duvivier","isPartOf":{"@id":"https:\/\/www.dominiqueduvivier.com\/#website"},"primaryImageOfPage":{"@id":"https:\/\/www.dominiqueduvivier.com\/index.php\/2021\/04\/05\/article-telerama-sur-double-fond-tv\/#primaryimage"},"datePublished":"2021-04-04T22:01:00+00:00","dateModified":"2021-11-23T11:38:55+00:00","author":{"@id":"https:\/\/www.dominiqueduvivier.com\/#\/schema\/person\/677c0bd6d5c5d21949cab39bb529a81c"},"breadcrumb":{"@id":"https:\/\/www.dominiqueduvivier.com\/index.php\/2021\/04\/05\/article-telerama-sur-double-fond-tv\/#breadcrumb"},"inLanguage":"fr-FR","potentialAction":[{"@type":"ReadAction","target":["https:\/\/www.dominiqueduvivier.com\/index.php\/2021\/04\/05\/article-telerama-sur-double-fond-tv\/"]}]},{"@type":"BreadcrumbList","@id":"https:\/\/www.dominiqueduvivier.com\/index.php\/2021\/04\/05\/article-telerama-sur-double-fond-tv\/#breadcrumb","itemListElement":[{"@type":"ListItem","position":1,"name":"Accueil","item":"https:\/\/www.dominiqueduvivier.com\/"},{"@type":"ListItem","position":2,"name":"Article T\u00e9l\u00e9rama sur Double Fond TV !"}]},{"@type":"Person","@id":"https:\/\/www.dominiqueduvivier.com\/#\/schema\/person\/677c0bd6d5c5d21949cab39bb529a81c","name":"Dominique Duvivier","image":{"@type":"ImageObject","@id":"https:\/\/www.dominiqueduvivier.com\/#personlogo","inLanguage":"fr-FR","url":"https:\/\/www.dominiqueduvivier.com\/wp-content\/uploads\/2019\/04\/Double-Fond-1-2-excl-groupes-10-150x150.jpg","contentUrl":"https:\/\/www.dominiqueduvivier.com\/wp-content\/uploads\/2019\/04\/Double-Fond-1-2-excl-groupes-10-150x150.jpg","caption":"Dominique Duvivier"},"description":"\u2663\ufe0f Magicien. \u2666\ufe0f Ma\u00eetre de l\u2019art du #CloseUp. \u2665\ufe0f Cr\u00e9ateur de tours et professeur. \u2660\ufe0f Fondateur @ledoublefond et directeur de Mayette Magie.","url":"https:\/\/www.dominiqueduvivier.com\/index.php\/author\/dominique-duvivier\/"}]}},"_links":{"self":[{"href":"https:\/\/www.dominiqueduvivier.com\/index.php\/wp-json\/wp\/v2\/posts\/8306"}],"collection":[{"href":"https:\/\/www.dominiqueduvivier.com\/index.php\/wp-json\/wp\/v2\/posts"}],"about":[{"href":"https:\/\/www.dominiqueduvivier.com\/index.php\/wp-json\/wp\/v2\/types\/post"}],"author":[{"embeddable":true,"href":"https:\/\/www.dominiqueduvivier.com\/index.php\/wp-json\/wp\/v2\/users\/2"}],"replies":[{"embeddable":true,"href":"https:\/\/www.dominiqueduvivier.com\/index.php\/wp-json\/wp\/v2\/comments?post=8306"}],"version-history":[{"count":1,"href":"https:\/\/www.dominiqueduvivier.com\/index.php\/wp-json\/wp\/v2\/posts\/8306\/revisions"}],"predecessor-version":[{"id":8308,"href":"https:\/\/www.dominiqueduvivier.com\/index.php\/wp-json\/wp\/v2\/posts\/8306\/revisions\/8308"}],"wp:attachment":[{"href":"https:\/\/www.dominiqueduvivier.com\/index.php\/wp-json\/wp\/v2\/media?parent=8306"}],"wp:term":[{"taxonomy":"category","embeddable":true,"href":"https:\/\/www.dominiqueduvivier.com\/index.php\/wp-json\/wp\/v2\/categories?post=8306"},{"taxonomy":"post_tag","embeddable":true,"href":"https:\/\/www.dominiqueduvivier.com\/index.php\/wp-json\/wp\/v2\/tags?post=8306"}],"curies":[{"name":"wp","href":"https:\/\/api.w.org\/{rel}","templated":true}]}}