{"id":7850,"date":"2020-06-29T00:01:57","date_gmt":"2020-06-28T22:01:57","guid":{"rendered":"https:\/\/www.dominiqueduvivier.com\/?p=7850"},"modified":"2020-06-29T16:36:10","modified_gmt":"2020-06-29T14:36:10","slug":"magiphageuh-n73-avant-et-apres-le-spectacle","status":"publish","type":"post","link":"https:\/\/www.dominiqueduvivier.com\/index.php\/2020\/06\/29\/magiphageuh-n73-avant-et-apres-le-spectacle\/","title":{"rendered":"MAGIPHAGEUH N\u00b073 : AVANT ET APRES LE SPECTACLE"},"content":{"rendered":"\n<div class=\"wp-block-media-text alignwide\" style=\"grid-template-columns:25% auto\"><figure class=\"wp-block-media-text__media\"><img loading=\"lazy\" width=\"1024\" height=\"768\" src=\"https:\/\/www.dominiqueduvivier.com\/wp-content\/uploads\/2020\/06\/DMC-FZ8-0110-1024x768.jpg\" alt=\"\" class=\"wp-image-7851\" srcset=\"https:\/\/www.dominiqueduvivier.com\/wp-content\/uploads\/2020\/06\/DMC-FZ8-0110-1024x768.jpg 1024w, https:\/\/www.dominiqueduvivier.com\/wp-content\/uploads\/2020\/06\/DMC-FZ8-0110-300x225.jpg 300w, https:\/\/www.dominiqueduvivier.com\/wp-content\/uploads\/2020\/06\/DMC-FZ8-0110-768x576.jpg 768w, https:\/\/www.dominiqueduvivier.com\/wp-content\/uploads\/2020\/06\/DMC-FZ8-0110.jpg 2048w\" sizes=\"(max-width: 1024px) 100vw, 1024px\" \/><\/figure><div class=\"wp-block-media-text__content\">\n<p class=\"has-large-font-size\"><strong>Avant le spectacle&#8230;<\/strong><\/p>\n<\/div><\/div>\n\n\n\n<p>Avant\nun spectacle, je suis extr\u00eamement concentr\u00e9 pour entrer dans le monde que je\nvais vivre et donner \u00e0 vivre&#8230; Ce qui peut donner la sensation ext\u00e9rieure que\nje suis ferm\u00e9. Disons plut\u00f4t que je suis juste \u00ab&nbsp;pr\u00eat au voyage&nbsp;\u00bb, ce\nqui est diff\u00e9rent. J\u2019ai une fa\u00e7on de me concentrer qui consiste \u00e0 m\u2019occuper \u00e0\nfaire autre chose, tout en gardant en moi, sans cesse, l&rsquo;id\u00e9e que je vais\n\u00ab\u00a0jouer\u00a0\u00bb dans quelques minutes. Donc, par exemple, j\u2019ai pris\nl\u2019habitude de tra\u00eener parmi les spectateurs avant que ceux-ci soient install\u00e9s\ndans la salle. S\u2019ils sont sympas et qu\u2019ils ne me monopolisent pas trop, je peux\n\u00eatre tr\u00e8s pr\u00e9sent pour eux, disponible&#8230; Par contre, il peut y avoir probl\u00e8me\nquand, sans le vouloir, leurs demandes tendent \u00e0 me d\u00e9connecter de mon but\npremier, \u00e0 savoir \u00eatre pr\u00eat \u00e0 monter sur sc\u00e8ne. Ils ne peuvent pas se douter de\nce qu\u2019il se passe en moi, mais il est vrai que, selon les questions pos\u00e9es, je\ndois parfois \u00e9luder pour garder mon propre cap\u2026 Mais sinon j\u2019aime bien aller\n\u00ab&nbsp;sentir&nbsp;\u00bb mon public, voir son envie (ou non d\u2019ailleurs&nbsp;!) de\njouer bient\u00f4t avec moi. J\u2019aime voir les spectateurs vivre, rire, se d\u00e9tendre,\nse pr\u00e9parer\u2026et peut-\u00eatre m\u00eame croire en me voyant qu&rsquo;ils vont bient\u00f4t me donner\ndu fil \u00e0 retordre&nbsp;! Mais moi aussi, j\u2019ai quelques \u00ab&nbsp;biscuits&nbsp;\u00bb \u00e0\nleur intention\u2026 h\u00e9 h\u00e9&nbsp;! C\u2019est le jeu\u2026<\/p>\n\n\n\n<p>Dans\nces moments-l\u00e0, on me demande souvent comment je g\u00e8re le trac (car oui, j\u2019ai\ntoujours le trac bien s\u00fbr&nbsp;!). Mon meilleur antidote, c\u2019est de vivre\nl&rsquo;instant pr\u00e9sent du plus qu&rsquo;il m&rsquo;est possible. Le trac se ma\u00eetrise assez bien\nsi chaque infime moment poss\u00e8de son lot de satisfaction. Dans un coin de ma\nt\u00eate, je sais bien que je m\u2019appr\u00eate \u00e0 relever ce challenge quasi inhumain qui\nconsiste \u00e0 rentrer sur sc\u00e8ne. Je le sais et cela me fait peur. Mais tellement\npeur, que je prends juste le parti de vivre intens\u00e9ment tous les instants qui\nse pr\u00e9sentent \u00e0 moi. Et ces instants se succ\u00e9deront \u00e0 l&rsquo;infini, un \u00e0 un, pour\nm\u2019amener jusqu\u2019\u00e0 la fin du spectacle&#8230; En agissant mentalement de cette\nmani\u00e8re, je parviens \u00e0 ma\u00eetriser ma peur, car je ne laisse pas de place au fait\nde me soucier de tout ce qu\u2019il me reste \u00e0 surmonter. Je vous assure, c\u2019est\nassez efficace&nbsp;!<\/p>\n\n\n\n<div class=\"wp-block-media-text alignwide\" style=\"grid-template-columns:18% auto\"><figure class=\"wp-block-media-text__media\"><img loading=\"lazy\" width=\"768\" height=\"1024\" src=\"https:\/\/www.dominiqueduvivier.com\/wp-content\/uploads\/2020\/06\/P8142946-768x1024.jpg\" alt=\"\" class=\"wp-image-7852\" srcset=\"https:\/\/www.dominiqueduvivier.com\/wp-content\/uploads\/2020\/06\/P8142946-768x1024.jpg 768w, https:\/\/www.dominiqueduvivier.com\/wp-content\/uploads\/2020\/06\/P8142946-225x300.jpg 225w, https:\/\/www.dominiqueduvivier.com\/wp-content\/uploads\/2020\/06\/P8142946.jpg 1680w\" sizes=\"(max-width: 768px) 100vw, 768px\" \/><\/figure><div class=\"wp-block-media-text__content\">\n<p class=\"has-large-font-size\"><strong>&#8230; et apr\u00e8s le spectacle<\/strong><\/p>\n<\/div><\/div>\n\n\n\n<p>Comme\npour \u00ab&nbsp;avant le spectacle&nbsp;\u00bb, j\u2019ai pris l\u2019habitude d\u2019aller \u00e0 la\nrencontre du public. L\u00e0, aussi d\u2019ailleurs, mon attitude suscite parfois des\nmalentendus&nbsp;: on me croit assez inaccessible, alors que je suis tout\nsimplement encore en phase avec le spectacle et tout ce qu\u2019on vient de partager\ntous ensemble. Je suis encore concentr\u00e9 en quelque sorte. D\u2019ailleurs j\u2019ai\nremarqu\u00e9 que j\u2019ai une conversation assez limit\u00e9e dans ces moments-l\u00e0 (rire).\nQuand on vient pour me f\u00e9liciter d&rsquo;une mani\u00e8re ou d&rsquo;une autre, je me contente\nde : \u00ab&nbsp;Merci \u00e0 vous&nbsp;\u00bb, \u00ab&nbsp;Merci d&rsquo;\u00eatre venu&nbsp;\u00bb, \u00ab&nbsp;C&rsquo;est\nmoi qui vous remercie.&nbsp;\u00bb. Voici \u00e0 peu pr\u00e8s les trois phrases qui sortent\nde moi apr\u00e8s une repr\u00e9sentation&nbsp;! Mais il n&rsquo;y a pas de calcul de ma\npart&nbsp;: je ressens ces phrases, donc ce sont celles qui sortent et, de\ntoute fa\u00e7on, je crois essentiel de laisser le spectateur sur l&rsquo;ambiance dont il\nsort. Trop parler avec lui apr\u00e8s le spectacle, cela ne me para\u00eet pas \u00eatre une\nbonne chose. En plus, moi aussi je suis sur un nuage, au moins autant que\nlui&nbsp;! Alors repartons chacun avec nos r\u00eaves&nbsp;!<\/p>\n","protected":false},"excerpt":{"rendered":"<p>Avant le spectacle&#8230; Avant un spectacle, je suis extr\u00eamement concentr\u00e9 pour entrer dans le monde que je vais vivre et donner \u00e0 vivre&#8230; Ce qui peut donner la sensation ext\u00e9rieure que je suis ferm\u00e9. Disons plut\u00f4t que je suis juste \u00ab&nbsp;pr\u00eat au voyage&nbsp;\u00bb, ce qui est diff\u00e9rent. J\u2019ai une fa\u00e7on de me concentrer qui consiste &hellip;<\/p>\n","protected":false},"author":2,"featured_media":7861,"comment_status":"open","ping_status":"open","sticky":false,"template":"","format":"standard","meta":{"_monsterinsights_skip_tracking":false,"_monsterinsights_sitenote_active":false,"_monsterinsights_sitenote_note":"","_monsterinsights_sitenote_category":0,"ngg_post_thumbnail":0},"categories":[1],"tags":[118,114,115,113,112,104,119,123,101,97,98,99,111,117,83,110,122,120,121,116],"yoast_head":"<!-- This site is optimized with the Yoast SEO plugin v17.9 - https:\/\/yoast.com\/wordpress\/plugins\/seo\/ -->\n<title>MAGIPHAGEUH N\u00b073 : AVANT ET APRES LE SPECTACLE - Entretiens avec Dominique Duvivier - Toute la magie de Dominique Duvivier<\/title>\n<meta name=\"robots\" content=\"index, follow, max-snippet:-1, max-image-preview:large, max-video-preview:-1\" \/>\n<link rel=\"canonical\" href=\"https:\/\/www.dominiqueduvivier.com\/index.php\/2020\/06\/29\/magiphageuh-n73-avant-et-apres-le-spectacle\/\" \/>\n<meta property=\"og:locale\" content=\"fr_FR\" \/>\n<meta property=\"og:type\" content=\"article\" \/>\n<meta property=\"og:title\" content=\"MAGIPHAGEUH N\u00b073 : AVANT ET APRES LE SPECTACLE - Entretiens avec Dominique Duvivier - Toute la magie de Dominique Duvivier\" \/>\n<meta property=\"og:description\" content=\"Avant le spectacle&#8230; Avant un spectacle, je suis extr\u00eamement concentr\u00e9 pour entrer dans le monde que je vais vivre et donner \u00e0 vivre&#8230; Ce qui peut donner la sensation ext\u00e9rieure que je suis ferm\u00e9. Disons plut\u00f4t que je suis juste \u00ab&nbsp;pr\u00eat au voyage&nbsp;\u00bb, ce qui est diff\u00e9rent. J\u2019ai une fa\u00e7on de me concentrer qui consiste &hellip;\" \/>\n<meta property=\"og:url\" content=\"https:\/\/www.dominiqueduvivier.com\/index.php\/2020\/06\/29\/magiphageuh-n73-avant-et-apres-le-spectacle\/\" \/>\n<meta property=\"og:site_name\" content=\"Entretiens avec Dominique Duvivier - Toute la magie de Dominique Duvivier\" \/>\n<meta property=\"article:publisher\" content=\"https:\/\/www.facebook.com\/dominique.duvivier.1232\/\" \/>\n<meta property=\"article:published_time\" content=\"2020-06-28T22:01:57+00:00\" \/>\n<meta property=\"article:modified_time\" content=\"2020-06-29T14:36:10+00:00\" \/>\n<meta property=\"og:image\" content=\"https:\/\/www.dominiqueduvivier.com\/wp-content\/uploads\/2020\/06\/12DSC078352.jpg\" \/>\n\t<meta property=\"og:image:width\" content=\"3111\" \/>\n\t<meta property=\"og:image:height\" content=\"2310\" \/>\n\t<meta property=\"og:image:type\" content=\"image\/jpeg\" \/>\n<meta name=\"twitter:card\" content=\"summary_large_image\" \/>\n<meta name=\"twitter:creator\" content=\"@DDUVIVIER\" \/>\n<meta name=\"twitter:site\" content=\"@DDUVIVIER\" \/>\n<meta name=\"twitter:label1\" content=\"\u00c9crit par\" \/>\n\t<meta name=\"twitter:data1\" content=\"Dominique Duvivier\" \/>\n\t<meta name=\"twitter:label2\" content=\"Dur\u00e9e de lecture estim\u00e9e\" \/>\n\t<meta name=\"twitter:data2\" content=\"3 minutes\" \/>\n<script type=\"application\/ld+json\" class=\"yoast-schema-graph\">{\"@context\":\"https:\/\/schema.org\",\"@graph\":[{\"@type\":\"WebSite\",\"@id\":\"https:\/\/www.dominiqueduvivier.com\/#website\",\"url\":\"https:\/\/www.dominiqueduvivier.com\/\",\"name\":\"Entretiens avec Dominique Duvivier - Toute la magie de Dominique Duvivier\",\"description\":\"Dominique Duvivier | Magicien\",\"potentialAction\":[{\"@type\":\"SearchAction\",\"target\":{\"@type\":\"EntryPoint\",\"urlTemplate\":\"https:\/\/www.dominiqueduvivier.com\/?s={search_term_string}\"},\"query-input\":\"required name=search_term_string\"}],\"inLanguage\":\"fr-FR\"},{\"@type\":\"ImageObject\",\"@id\":\"https:\/\/www.dominiqueduvivier.com\/index.php\/2020\/06\/29\/magiphageuh-n73-avant-et-apres-le-spectacle\/#primaryimage\",\"inLanguage\":\"fr-FR\",\"url\":\"https:\/\/www.dominiqueduvivier.com\/wp-content\/uploads\/2020\/06\/12DSC078352.jpg\",\"contentUrl\":\"https:\/\/www.dominiqueduvivier.com\/wp-content\/uploads\/2020\/06\/12DSC078352.jpg\",\"width\":3111,\"height\":2310},{\"@type\":\"WebPage\",\"@id\":\"https:\/\/www.dominiqueduvivier.com\/index.php\/2020\/06\/29\/magiphageuh-n73-avant-et-apres-le-spectacle\/#webpage\",\"url\":\"https:\/\/www.dominiqueduvivier.com\/index.php\/2020\/06\/29\/magiphageuh-n73-avant-et-apres-le-spectacle\/\",\"name\":\"MAGIPHAGEUH N\\u00b073 : AVANT ET APRES LE SPECTACLE - Entretiens avec Dominique Duvivier - Toute la magie de Dominique Duvivier\",\"isPartOf\":{\"@id\":\"https:\/\/www.dominiqueduvivier.com\/#website\"},\"primaryImageOfPage\":{\"@id\":\"https:\/\/www.dominiqueduvivier.com\/index.php\/2020\/06\/29\/magiphageuh-n73-avant-et-apres-le-spectacle\/#primaryimage\"},\"datePublished\":\"2020-06-28T22:01:57+00:00\",\"dateModified\":\"2020-06-29T14:36:10+00:00\",\"author\":{\"@id\":\"https:\/\/www.dominiqueduvivier.com\/#\/schema\/person\/677c0bd6d5c5d21949cab39bb529a81c\"},\"breadcrumb\":{\"@id\":\"https:\/\/www.dominiqueduvivier.com\/index.php\/2020\/06\/29\/magiphageuh-n73-avant-et-apres-le-spectacle\/#breadcrumb\"},\"inLanguage\":\"fr-FR\",\"potentialAction\":[{\"@type\":\"ReadAction\",\"target\":[\"https:\/\/www.dominiqueduvivier.com\/index.php\/2020\/06\/29\/magiphageuh-n73-avant-et-apres-le-spectacle\/\"]}]},{\"@type\":\"BreadcrumbList\",\"@id\":\"https:\/\/www.dominiqueduvivier.com\/index.php\/2020\/06\/29\/magiphageuh-n73-avant-et-apres-le-spectacle\/#breadcrumb\",\"itemListElement\":[{\"@type\":\"ListItem\",\"position\":1,\"name\":\"Accueil\",\"item\":\"https:\/\/www.dominiqueduvivier.com\/\"},{\"@type\":\"ListItem\",\"position\":2,\"name\":\"MAGIPHAGEUH N\\u00b073 : AVANT ET APRES LE SPECTACLE\"}]},{\"@type\":\"Person\",\"@id\":\"https:\/\/www.dominiqueduvivier.com\/#\/schema\/person\/677c0bd6d5c5d21949cab39bb529a81c\",\"name\":\"Dominique Duvivier\",\"image\":{\"@type\":\"ImageObject\",\"@id\":\"https:\/\/www.dominiqueduvivier.com\/#personlogo\",\"inLanguage\":\"fr-FR\",\"url\":\"https:\/\/www.dominiqueduvivier.com\/wp-content\/uploads\/2019\/04\/Double-Fond-1-2-excl-groupes-10-150x150.jpg\",\"contentUrl\":\"https:\/\/www.dominiqueduvivier.com\/wp-content\/uploads\/2019\/04\/Double-Fond-1-2-excl-groupes-10-150x150.jpg\",\"caption\":\"Dominique Duvivier\"},\"description\":\"\\u2663\\ufe0f Magicien. \\u2666\\ufe0f Ma\\u00eetre de l\\u2019art du #CloseUp. \\u2665\\ufe0f Cr\\u00e9ateur de tours et professeur. \\u2660\\ufe0f Fondateur @ledoublefond et directeur de Mayette Magie.\",\"url\":\"https:\/\/www.dominiqueduvivier.com\/index.php\/author\/dominique-duvivier\/\"}]}<\/script>\n<!-- \/ Yoast SEO plugin. -->","yoast_head_json":{"title":"MAGIPHAGEUH N\u00b073 : AVANT ET APRES LE SPECTACLE - Entretiens avec Dominique Duvivier - Toute la magie de Dominique Duvivier","robots":{"index":"index","follow":"follow","max-snippet":"max-snippet:-1","max-image-preview":"max-image-preview:large","max-video-preview":"max-video-preview:-1"},"canonical":"https:\/\/www.dominiqueduvivier.com\/index.php\/2020\/06\/29\/magiphageuh-n73-avant-et-apres-le-spectacle\/","og_locale":"fr_FR","og_type":"article","og_title":"MAGIPHAGEUH N\u00b073 : AVANT ET APRES LE SPECTACLE - Entretiens avec Dominique Duvivier - Toute la magie de Dominique Duvivier","og_description":"Avant le spectacle&#8230; Avant un spectacle, je suis extr\u00eamement concentr\u00e9 pour entrer dans le monde que je vais vivre et donner \u00e0 vivre&#8230; Ce qui peut donner la sensation ext\u00e9rieure que je suis ferm\u00e9. Disons plut\u00f4t que je suis juste \u00ab&nbsp;pr\u00eat au voyage&nbsp;\u00bb, ce qui est diff\u00e9rent. J\u2019ai une fa\u00e7on de me concentrer qui consiste &hellip;","og_url":"https:\/\/www.dominiqueduvivier.com\/index.php\/2020\/06\/29\/magiphageuh-n73-avant-et-apres-le-spectacle\/","og_site_name":"Entretiens avec Dominique Duvivier - Toute la magie de Dominique Duvivier","article_publisher":"https:\/\/www.facebook.com\/dominique.duvivier.1232\/","article_published_time":"2020-06-28T22:01:57+00:00","article_modified_time":"2020-06-29T14:36:10+00:00","og_image":[{"width":3111,"height":2310,"url":"https:\/\/www.dominiqueduvivier.com\/wp-content\/uploads\/2020\/06\/12DSC078352.jpg","type":"image\/jpeg"}],"twitter_card":"summary_large_image","twitter_creator":"@DDUVIVIER","twitter_site":"@DDUVIVIER","twitter_misc":{"\u00c9crit par":"Dominique Duvivier","Dur\u00e9e de lecture estim\u00e9e":"3 minutes"},"schema":{"@context":"https:\/\/schema.org","@graph":[{"@type":"WebSite","@id":"https:\/\/www.dominiqueduvivier.com\/#website","url":"https:\/\/www.dominiqueduvivier.com\/","name":"Entretiens avec Dominique Duvivier - Toute la magie de Dominique Duvivier","description":"Dominique Duvivier | Magicien","potentialAction":[{"@type":"SearchAction","target":{"@type":"EntryPoint","urlTemplate":"https:\/\/www.dominiqueduvivier.com\/?s={search_term_string}"},"query-input":"required name=search_term_string"}],"inLanguage":"fr-FR"},{"@type":"ImageObject","@id":"https:\/\/www.dominiqueduvivier.com\/index.php\/2020\/06\/29\/magiphageuh-n73-avant-et-apres-le-spectacle\/#primaryimage","inLanguage":"fr-FR","url":"https:\/\/www.dominiqueduvivier.com\/wp-content\/uploads\/2020\/06\/12DSC078352.jpg","contentUrl":"https:\/\/www.dominiqueduvivier.com\/wp-content\/uploads\/2020\/06\/12DSC078352.jpg","width":3111,"height":2310},{"@type":"WebPage","@id":"https:\/\/www.dominiqueduvivier.com\/index.php\/2020\/06\/29\/magiphageuh-n73-avant-et-apres-le-spectacle\/#webpage","url":"https:\/\/www.dominiqueduvivier.com\/index.php\/2020\/06\/29\/magiphageuh-n73-avant-et-apres-le-spectacle\/","name":"MAGIPHAGEUH N\u00b073 : AVANT ET APRES LE SPECTACLE - Entretiens avec Dominique Duvivier - Toute la magie de Dominique Duvivier","isPartOf":{"@id":"https:\/\/www.dominiqueduvivier.com\/#website"},"primaryImageOfPage":{"@id":"https:\/\/www.dominiqueduvivier.com\/index.php\/2020\/06\/29\/magiphageuh-n73-avant-et-apres-le-spectacle\/#primaryimage"},"datePublished":"2020-06-28T22:01:57+00:00","dateModified":"2020-06-29T14:36:10+00:00","author":{"@id":"https:\/\/www.dominiqueduvivier.com\/#\/schema\/person\/677c0bd6d5c5d21949cab39bb529a81c"},"breadcrumb":{"@id":"https:\/\/www.dominiqueduvivier.com\/index.php\/2020\/06\/29\/magiphageuh-n73-avant-et-apres-le-spectacle\/#breadcrumb"},"inLanguage":"fr-FR","potentialAction":[{"@type":"ReadAction","target":["https:\/\/www.dominiqueduvivier.com\/index.php\/2020\/06\/29\/magiphageuh-n73-avant-et-apres-le-spectacle\/"]}]},{"@type":"BreadcrumbList","@id":"https:\/\/www.dominiqueduvivier.com\/index.php\/2020\/06\/29\/magiphageuh-n73-avant-et-apres-le-spectacle\/#breadcrumb","itemListElement":[{"@type":"ListItem","position":1,"name":"Accueil","item":"https:\/\/www.dominiqueduvivier.com\/"},{"@type":"ListItem","position":2,"name":"MAGIPHAGEUH N\u00b073 : AVANT ET APRES LE SPECTACLE"}]},{"@type":"Person","@id":"https:\/\/www.dominiqueduvivier.com\/#\/schema\/person\/677c0bd6d5c5d21949cab39bb529a81c","name":"Dominique Duvivier","image":{"@type":"ImageObject","@id":"https:\/\/www.dominiqueduvivier.com\/#personlogo","inLanguage":"fr-FR","url":"https:\/\/www.dominiqueduvivier.com\/wp-content\/uploads\/2019\/04\/Double-Fond-1-2-excl-groupes-10-150x150.jpg","contentUrl":"https:\/\/www.dominiqueduvivier.com\/wp-content\/uploads\/2019\/04\/Double-Fond-1-2-excl-groupes-10-150x150.jpg","caption":"Dominique Duvivier"},"description":"\u2663\ufe0f Magicien. \u2666\ufe0f Ma\u00eetre de l\u2019art du #CloseUp. \u2665\ufe0f Cr\u00e9ateur de tours et professeur. \u2660\ufe0f Fondateur @ledoublefond et directeur de Mayette Magie.","url":"https:\/\/www.dominiqueduvivier.com\/index.php\/author\/dominique-duvivier\/"}]}},"_links":{"self":[{"href":"https:\/\/www.dominiqueduvivier.com\/index.php\/wp-json\/wp\/v2\/posts\/7850"}],"collection":[{"href":"https:\/\/www.dominiqueduvivier.com\/index.php\/wp-json\/wp\/v2\/posts"}],"about":[{"href":"https:\/\/www.dominiqueduvivier.com\/index.php\/wp-json\/wp\/v2\/types\/post"}],"author":[{"embeddable":true,"href":"https:\/\/www.dominiqueduvivier.com\/index.php\/wp-json\/wp\/v2\/users\/2"}],"replies":[{"embeddable":true,"href":"https:\/\/www.dominiqueduvivier.com\/index.php\/wp-json\/wp\/v2\/comments?post=7850"}],"version-history":[{"count":1,"href":"https:\/\/www.dominiqueduvivier.com\/index.php\/wp-json\/wp\/v2\/posts\/7850\/revisions"}],"predecessor-version":[{"id":7854,"href":"https:\/\/www.dominiqueduvivier.com\/index.php\/wp-json\/wp\/v2\/posts\/7850\/revisions\/7854"}],"wp:featuredmedia":[{"embeddable":true,"href":"https:\/\/www.dominiqueduvivier.com\/index.php\/wp-json\/wp\/v2\/media\/7861"}],"wp:attachment":[{"href":"https:\/\/www.dominiqueduvivier.com\/index.php\/wp-json\/wp\/v2\/media?parent=7850"}],"wp:term":[{"taxonomy":"category","embeddable":true,"href":"https:\/\/www.dominiqueduvivier.com\/index.php\/wp-json\/wp\/v2\/categories?post=7850"},{"taxonomy":"post_tag","embeddable":true,"href":"https:\/\/www.dominiqueduvivier.com\/index.php\/wp-json\/wp\/v2\/tags?post=7850"}],"curies":[{"name":"wp","href":"https:\/\/api.w.org\/{rel}","templated":true}]}}