{"id":7777,"date":"2020-06-01T00:01:56","date_gmt":"2020-05-31T22:01:56","guid":{"rendered":"https:\/\/www.dominiqueduvivier.com\/?p=7777"},"modified":"2020-06-01T19:57:49","modified_gmt":"2020-06-01T17:57:49","slug":"32-ans-du-double-fond-le-temoignage-de-nos-clients","status":"publish","type":"post","link":"https:\/\/www.dominiqueduvivier.com\/index.php\/2020\/06\/01\/32-ans-du-double-fond-le-temoignage-de-nos-clients\/","title":{"rendered":"32 ans du DOUBLE FOND : Le t\u00e9moignage de nos clients"},"content":{"rendered":"\n<figure class=\"wp-block-embed-youtube wp-block-embed is-type-video is-provider-youtube wp-embed-aspect-16-9 wp-has-aspect-ratio\"><div class=\"wp-block-embed__wrapper\">\nhttps:\/\/youtu.be\/cb-Mno-urzs\n<\/div><\/figure>\n\n\n\n<p>Le 1<sup>er<\/sup> juin 1988, Le Double Fond ouvrait ses portes<\/p>\n\n\n\n<p>Aujourd\u2019hui, jour pour jour, Le Double Fond f\u00eate donc ses 32 ans. Un anniversaire plus que sp\u00e9cial puisque cette salet\u00e9 de virus maintient toujours nos portes ferm\u00e9es.<\/p>\n\n\n\n<p>Vous nous manquez tellement&nbsp;!<\/p>\n\n\n\n<p>Suite aux vid\u00e9os que nous publions chaque jour en ce\nmoment, une de nos clientes nous a envoy\u00e9 ce joli texte qui nous a beaucoup\ntouch\u00e9s.<\/p>\n\n\n\n<p>Les plus connaisseurs noteront la finesse des\nr\u00e9f\u00e9rences&nbsp;: tous les noms en majuscules sont des titres de spectacle que\nnous avons cr\u00e9\u00e9s au Double Fond depuis toutes ces ann\u00e9es&nbsp;!<\/p>\n\n\n\n<p>A tr\u00e8s bient\u00f4t j\u2019esp\u00e8re.<\/p>\n\n\n\n<p><em>\u00ab&nbsp;Vos interventions film\u00e9es DE TRES PRES me\npermettent de passer un petit moment INTIMISTE et positif dans la journ\u00e9e, \u00e0 la\nfois SEULE mais aussi ENTRE VOUS ET MOI, un bonheur simple.<\/em><\/p>\n\n\n\n<p><em>Que vous nous pr\u00e9sentiez des tours SIGNATURES, des\nSECRETS DE FABRICATION ou des tours FROM OLD TO NEW qui ont marqu\u00e9 votre vie de\nmagiciens, c\u2019est toujours un plaisir.<\/em><\/p>\n\n\n\n<p><em>M\u00eame en confinement, le travail continue autant que\npossible. Et m\u00eame si CE SOIR, J&rsquo;OUVRE LA BO\u00ceTE mails, je sais que je serai\ndemain matin sur ce blog : le rdv est pris, il n\u2019y a pas de hasard (car tout le\nmonde ici sait que LE HASARD, C&rsquo;EST VOUS !).<\/em><\/p>\n\n\n\n<p><em>Bref, MERCI pour cette initiative et la r\u00e9gularit\u00e9 des\nposts malgr\u00e9 un contexte pas toujours SHOW BOUILLANT\u2026<\/em><\/p>\n\n\n\n<p><em>Bises magiques \u00e0 tous, \u00e0 Alexandra et Dominique bien\ns\u00fbr, mais aussi au reste de la Famille et \u00e0 l\u2019\u00e9quipe compl\u00e8te du Double Fond\n(bon anniversaire confin\u00e9 au DF!). La magie continue !&nbsp;\u00bb<\/em><\/p>\n\n\n\n<p>Merci \u00e0 Leslie Villiaume<\/p>\n","protected":false},"excerpt":{"rendered":"<p>https:\/\/youtu.be\/cb-Mno-urzs Le 1er juin 1988, Le Double Fond ouvrait ses portes Aujourd\u2019hui, jour pour jour, Le Double Fond f\u00eate donc ses 32 ans. Un anniversaire plus que sp\u00e9cial puisque cette salet\u00e9 de virus maintient toujours nos portes ferm\u00e9es. Vous nous manquez tellement&nbsp;! Suite aux vid\u00e9os que nous publions chaque jour en ce moment, une de &hellip;<\/p>\n","protected":false},"author":2,"featured_media":7779,"comment_status":"open","ping_status":"open","sticky":false,"template":"","format":"standard","meta":{"_monsterinsights_skip_tracking":false,"_monsterinsights_sitenote_active":false,"_monsterinsights_sitenote_note":"","_monsterinsights_sitenote_category":0,"ngg_post_thumbnail":0},"categories":[1],"tags":[118,114,115,113,112,104,119,123,101,97,98,99,111,117,83,110,122,120,121,116],"yoast_head":"<!-- This site is optimized with the Yoast SEO plugin v17.9 - https:\/\/yoast.com\/wordpress\/plugins\/seo\/ -->\n<title>32 ans du DOUBLE FOND : Le t\u00e9moignage de nos clients - Blog DD<\/title>\n<meta name=\"description\" content=\"Aujourd\u2019hui, jour pour jour, Le Double Fond f\u00eate donc ses 32 ans. Un anniversaire plus que sp\u00e9cial puisque cette salet\u00e9 de virus maintient toujours nos portes ferm\u00e9es.\" \/>\n<meta name=\"robots\" content=\"index, follow, max-snippet:-1, max-image-preview:large, max-video-preview:-1\" \/>\n<link rel=\"canonical\" href=\"https:\/\/www.dominiqueduvivier.com\/index.php\/2020\/06\/01\/32-ans-du-double-fond-le-temoignage-de-nos-clients\/\" \/>\n<meta property=\"og:locale\" content=\"fr_FR\" \/>\n<meta property=\"og:type\" content=\"article\" \/>\n<meta property=\"og:title\" content=\"Double Fond : Le t\u00e9moignage de nos clients\" \/>\n<meta property=\"og:description\" content=\"Aujourd\u2019hui, jour pour jour, Le Double Fond f\u00eate donc ses 32 ans. Un anniversaire plus que sp\u00e9cial puisque cette salet\u00e9 de virus maintient toujours nos portes ferm\u00e9es.\" \/>\n<meta property=\"og:url\" content=\"https:\/\/www.dominiqueduvivier.com\/index.php\/2020\/06\/01\/32-ans-du-double-fond-le-temoignage-de-nos-clients\/\" \/>\n<meta property=\"og:site_name\" content=\"Entretiens avec Dominique Duvivier - Toute la magie de Dominique Duvivier\" \/>\n<meta property=\"article:publisher\" content=\"https:\/\/www.facebook.com\/dominique.duvivier.1232\/\" \/>\n<meta property=\"article:published_time\" content=\"2020-05-31T22:01:56+00:00\" \/>\n<meta property=\"article:modified_time\" content=\"2020-06-01T17:57:49+00:00\" \/>\n<meta property=\"og:image\" content=\"https:\/\/www.dominiqueduvivier.com\/wp-content\/uploads\/2020\/05\/miniature-temoignage-clients.jpg\" \/>\n\t<meta property=\"og:image:width\" content=\"1920\" \/>\n\t<meta property=\"og:image:height\" content=\"1080\" \/>\n\t<meta property=\"og:image:type\" content=\"image\/jpeg\" \/>\n<meta name=\"twitter:card\" content=\"summary_large_image\" \/>\n<meta name=\"twitter:title\" content=\"Double Fond : Le t\u00e9moignage de nos clients\" \/>\n<meta name=\"twitter:description\" content=\"Aujourd\u2019hui, jour pour jour, Le Double Fond f\u00eate donc ses 32 ans. Un anniversaire plus que sp\u00e9cial puisque cette salet\u00e9 de virus maintient toujours nos portes ferm\u00e9es.\" \/>\n<meta name=\"twitter:image\" content=\"https:\/\/www.dominiqueduvivier.com\/wp-content\/uploads\/2020\/05\/miniature-temoignage-clients.jpg\" \/>\n<meta name=\"twitter:creator\" content=\"@DDUVIVIER\" \/>\n<meta name=\"twitter:site\" content=\"@DDUVIVIER\" \/>\n<meta name=\"twitter:label1\" content=\"\u00c9crit par\" \/>\n\t<meta name=\"twitter:data1\" content=\"Dominique Duvivier\" \/>\n\t<meta name=\"twitter:label2\" content=\"Dur\u00e9e de lecture estim\u00e9e\" \/>\n\t<meta name=\"twitter:data2\" content=\"1 minute\" \/>\n<script type=\"application\/ld+json\" class=\"yoast-schema-graph\">{\"@context\":\"https:\/\/schema.org\",\"@graph\":[{\"@type\":\"WebSite\",\"@id\":\"https:\/\/www.dominiqueduvivier.com\/#website\",\"url\":\"https:\/\/www.dominiqueduvivier.com\/\",\"name\":\"Entretiens avec Dominique Duvivier - Toute la magie de Dominique Duvivier\",\"description\":\"Dominique Duvivier | Magicien\",\"potentialAction\":[{\"@type\":\"SearchAction\",\"target\":{\"@type\":\"EntryPoint\",\"urlTemplate\":\"https:\/\/www.dominiqueduvivier.com\/?s={search_term_string}\"},\"query-input\":\"required name=search_term_string\"}],\"inLanguage\":\"fr-FR\"},{\"@type\":\"ImageObject\",\"@id\":\"https:\/\/www.dominiqueduvivier.com\/index.php\/2020\/06\/01\/32-ans-du-double-fond-le-temoignage-de-nos-clients\/#primaryimage\",\"inLanguage\":\"fr-FR\",\"url\":\"https:\/\/www.dominiqueduvivier.com\/wp-content\/uploads\/2020\/05\/miniature-temoignage-clients.jpg\",\"contentUrl\":\"https:\/\/www.dominiqueduvivier.com\/wp-content\/uploads\/2020\/05\/miniature-temoignage-clients.jpg\",\"width\":1920,\"height\":1080},{\"@type\":\"WebPage\",\"@id\":\"https:\/\/www.dominiqueduvivier.com\/index.php\/2020\/06\/01\/32-ans-du-double-fond-le-temoignage-de-nos-clients\/#webpage\",\"url\":\"https:\/\/www.dominiqueduvivier.com\/index.php\/2020\/06\/01\/32-ans-du-double-fond-le-temoignage-de-nos-clients\/\",\"name\":\"32 ans du DOUBLE FOND : Le t\\u00e9moignage de nos clients - Blog DD\",\"isPartOf\":{\"@id\":\"https:\/\/www.dominiqueduvivier.com\/#website\"},\"primaryImageOfPage\":{\"@id\":\"https:\/\/www.dominiqueduvivier.com\/index.php\/2020\/06\/01\/32-ans-du-double-fond-le-temoignage-de-nos-clients\/#primaryimage\"},\"datePublished\":\"2020-05-31T22:01:56+00:00\",\"dateModified\":\"2020-06-01T17:57:49+00:00\",\"author\":{\"@id\":\"https:\/\/www.dominiqueduvivier.com\/#\/schema\/person\/677c0bd6d5c5d21949cab39bb529a81c\"},\"description\":\"Aujourd\\u2019hui, jour pour jour, Le Double Fond f\\u00eate donc ses 32 ans. Un anniversaire plus que sp\\u00e9cial puisque cette salet\\u00e9 de virus maintient toujours nos portes ferm\\u00e9es.\",\"breadcrumb\":{\"@id\":\"https:\/\/www.dominiqueduvivier.com\/index.php\/2020\/06\/01\/32-ans-du-double-fond-le-temoignage-de-nos-clients\/#breadcrumb\"},\"inLanguage\":\"fr-FR\",\"potentialAction\":[{\"@type\":\"ReadAction\",\"target\":[\"https:\/\/www.dominiqueduvivier.com\/index.php\/2020\/06\/01\/32-ans-du-double-fond-le-temoignage-de-nos-clients\/\"]}]},{\"@type\":\"BreadcrumbList\",\"@id\":\"https:\/\/www.dominiqueduvivier.com\/index.php\/2020\/06\/01\/32-ans-du-double-fond-le-temoignage-de-nos-clients\/#breadcrumb\",\"itemListElement\":[{\"@type\":\"ListItem\",\"position\":1,\"name\":\"Accueil\",\"item\":\"https:\/\/www.dominiqueduvivier.com\/\"},{\"@type\":\"ListItem\",\"position\":2,\"name\":\"32 ans du DOUBLE FOND : Le t\\u00e9moignage de nos clients\"}]},{\"@type\":\"Person\",\"@id\":\"https:\/\/www.dominiqueduvivier.com\/#\/schema\/person\/677c0bd6d5c5d21949cab39bb529a81c\",\"name\":\"Dominique Duvivier\",\"image\":{\"@type\":\"ImageObject\",\"@id\":\"https:\/\/www.dominiqueduvivier.com\/#personlogo\",\"inLanguage\":\"fr-FR\",\"url\":\"https:\/\/www.dominiqueduvivier.com\/wp-content\/uploads\/2019\/04\/Double-Fond-1-2-excl-groupes-10-150x150.jpg\",\"contentUrl\":\"https:\/\/www.dominiqueduvivier.com\/wp-content\/uploads\/2019\/04\/Double-Fond-1-2-excl-groupes-10-150x150.jpg\",\"caption\":\"Dominique Duvivier\"},\"description\":\"\\u2663\\ufe0f Magicien. \\u2666\\ufe0f Ma\\u00eetre de l\\u2019art du #CloseUp. \\u2665\\ufe0f Cr\\u00e9ateur de tours et professeur. \\u2660\\ufe0f Fondateur @ledoublefond et directeur de Mayette Magie.\",\"url\":\"https:\/\/www.dominiqueduvivier.com\/index.php\/author\/dominique-duvivier\/\"}]}<\/script>\n<!-- \/ Yoast SEO plugin. -->","yoast_head_json":{"title":"32 ans du DOUBLE FOND : Le t\u00e9moignage de nos clients - Blog DD","description":"Aujourd\u2019hui, jour pour jour, Le Double Fond f\u00eate donc ses 32 ans. Un anniversaire plus que sp\u00e9cial puisque cette salet\u00e9 de virus maintient toujours nos portes ferm\u00e9es.","robots":{"index":"index","follow":"follow","max-snippet":"max-snippet:-1","max-image-preview":"max-image-preview:large","max-video-preview":"max-video-preview:-1"},"canonical":"https:\/\/www.dominiqueduvivier.com\/index.php\/2020\/06\/01\/32-ans-du-double-fond-le-temoignage-de-nos-clients\/","og_locale":"fr_FR","og_type":"article","og_title":"Double Fond : Le t\u00e9moignage de nos clients","og_description":"Aujourd\u2019hui, jour pour jour, Le Double Fond f\u00eate donc ses 32 ans. Un anniversaire plus que sp\u00e9cial puisque cette salet\u00e9 de virus maintient toujours nos portes ferm\u00e9es.","og_url":"https:\/\/www.dominiqueduvivier.com\/index.php\/2020\/06\/01\/32-ans-du-double-fond-le-temoignage-de-nos-clients\/","og_site_name":"Entretiens avec Dominique Duvivier - Toute la magie de Dominique Duvivier","article_publisher":"https:\/\/www.facebook.com\/dominique.duvivier.1232\/","article_published_time":"2020-05-31T22:01:56+00:00","article_modified_time":"2020-06-01T17:57:49+00:00","og_image":[{"width":1920,"height":1080,"url":"https:\/\/www.dominiqueduvivier.com\/wp-content\/uploads\/2020\/05\/miniature-temoignage-clients.jpg","type":"image\/jpeg"}],"twitter_card":"summary_large_image","twitter_title":"Double Fond : Le t\u00e9moignage de nos clients","twitter_description":"Aujourd\u2019hui, jour pour jour, Le Double Fond f\u00eate donc ses 32 ans. Un anniversaire plus que sp\u00e9cial puisque cette salet\u00e9 de virus maintient toujours nos portes ferm\u00e9es.","twitter_image":"https:\/\/www.dominiqueduvivier.com\/wp-content\/uploads\/2020\/05\/miniature-temoignage-clients.jpg","twitter_creator":"@DDUVIVIER","twitter_site":"@DDUVIVIER","twitter_misc":{"\u00c9crit par":"Dominique Duvivier","Dur\u00e9e de lecture estim\u00e9e":"1 minute"},"schema":{"@context":"https:\/\/schema.org","@graph":[{"@type":"WebSite","@id":"https:\/\/www.dominiqueduvivier.com\/#website","url":"https:\/\/www.dominiqueduvivier.com\/","name":"Entretiens avec Dominique Duvivier - Toute la magie de Dominique Duvivier","description":"Dominique Duvivier | Magicien","potentialAction":[{"@type":"SearchAction","target":{"@type":"EntryPoint","urlTemplate":"https:\/\/www.dominiqueduvivier.com\/?s={search_term_string}"},"query-input":"required name=search_term_string"}],"inLanguage":"fr-FR"},{"@type":"ImageObject","@id":"https:\/\/www.dominiqueduvivier.com\/index.php\/2020\/06\/01\/32-ans-du-double-fond-le-temoignage-de-nos-clients\/#primaryimage","inLanguage":"fr-FR","url":"https:\/\/www.dominiqueduvivier.com\/wp-content\/uploads\/2020\/05\/miniature-temoignage-clients.jpg","contentUrl":"https:\/\/www.dominiqueduvivier.com\/wp-content\/uploads\/2020\/05\/miniature-temoignage-clients.jpg","width":1920,"height":1080},{"@type":"WebPage","@id":"https:\/\/www.dominiqueduvivier.com\/index.php\/2020\/06\/01\/32-ans-du-double-fond-le-temoignage-de-nos-clients\/#webpage","url":"https:\/\/www.dominiqueduvivier.com\/index.php\/2020\/06\/01\/32-ans-du-double-fond-le-temoignage-de-nos-clients\/","name":"32 ans du DOUBLE FOND : Le t\u00e9moignage de nos clients - Blog DD","isPartOf":{"@id":"https:\/\/www.dominiqueduvivier.com\/#website"},"primaryImageOfPage":{"@id":"https:\/\/www.dominiqueduvivier.com\/index.php\/2020\/06\/01\/32-ans-du-double-fond-le-temoignage-de-nos-clients\/#primaryimage"},"datePublished":"2020-05-31T22:01:56+00:00","dateModified":"2020-06-01T17:57:49+00:00","author":{"@id":"https:\/\/www.dominiqueduvivier.com\/#\/schema\/person\/677c0bd6d5c5d21949cab39bb529a81c"},"description":"Aujourd\u2019hui, jour pour jour, Le Double Fond f\u00eate donc ses 32 ans. Un anniversaire plus que sp\u00e9cial puisque cette salet\u00e9 de virus maintient toujours nos portes ferm\u00e9es.","breadcrumb":{"@id":"https:\/\/www.dominiqueduvivier.com\/index.php\/2020\/06\/01\/32-ans-du-double-fond-le-temoignage-de-nos-clients\/#breadcrumb"},"inLanguage":"fr-FR","potentialAction":[{"@type":"ReadAction","target":["https:\/\/www.dominiqueduvivier.com\/index.php\/2020\/06\/01\/32-ans-du-double-fond-le-temoignage-de-nos-clients\/"]}]},{"@type":"BreadcrumbList","@id":"https:\/\/www.dominiqueduvivier.com\/index.php\/2020\/06\/01\/32-ans-du-double-fond-le-temoignage-de-nos-clients\/#breadcrumb","itemListElement":[{"@type":"ListItem","position":1,"name":"Accueil","item":"https:\/\/www.dominiqueduvivier.com\/"},{"@type":"ListItem","position":2,"name":"32 ans du DOUBLE FOND : Le t\u00e9moignage de nos clients"}]},{"@type":"Person","@id":"https:\/\/www.dominiqueduvivier.com\/#\/schema\/person\/677c0bd6d5c5d21949cab39bb529a81c","name":"Dominique Duvivier","image":{"@type":"ImageObject","@id":"https:\/\/www.dominiqueduvivier.com\/#personlogo","inLanguage":"fr-FR","url":"https:\/\/www.dominiqueduvivier.com\/wp-content\/uploads\/2019\/04\/Double-Fond-1-2-excl-groupes-10-150x150.jpg","contentUrl":"https:\/\/www.dominiqueduvivier.com\/wp-content\/uploads\/2019\/04\/Double-Fond-1-2-excl-groupes-10-150x150.jpg","caption":"Dominique Duvivier"},"description":"\u2663\ufe0f Magicien. \u2666\ufe0f Ma\u00eetre de l\u2019art du #CloseUp. \u2665\ufe0f Cr\u00e9ateur de tours et professeur. \u2660\ufe0f Fondateur @ledoublefond et directeur de Mayette Magie.","url":"https:\/\/www.dominiqueduvivier.com\/index.php\/author\/dominique-duvivier\/"}]}},"_links":{"self":[{"href":"https:\/\/www.dominiqueduvivier.com\/index.php\/wp-json\/wp\/v2\/posts\/7777"}],"collection":[{"href":"https:\/\/www.dominiqueduvivier.com\/index.php\/wp-json\/wp\/v2\/posts"}],"about":[{"href":"https:\/\/www.dominiqueduvivier.com\/index.php\/wp-json\/wp\/v2\/types\/post"}],"author":[{"embeddable":true,"href":"https:\/\/www.dominiqueduvivier.com\/index.php\/wp-json\/wp\/v2\/users\/2"}],"replies":[{"embeddable":true,"href":"https:\/\/www.dominiqueduvivier.com\/index.php\/wp-json\/wp\/v2\/comments?post=7777"}],"version-history":[{"count":3,"href":"https:\/\/www.dominiqueduvivier.com\/index.php\/wp-json\/wp\/v2\/posts\/7777\/revisions"}],"predecessor-version":[{"id":7785,"href":"https:\/\/www.dominiqueduvivier.com\/index.php\/wp-json\/wp\/v2\/posts\/7777\/revisions\/7785"}],"wp:featuredmedia":[{"embeddable":true,"href":"https:\/\/www.dominiqueduvivier.com\/index.php\/wp-json\/wp\/v2\/media\/7779"}],"wp:attachment":[{"href":"https:\/\/www.dominiqueduvivier.com\/index.php\/wp-json\/wp\/v2\/media?parent=7777"}],"wp:term":[{"taxonomy":"category","embeddable":true,"href":"https:\/\/www.dominiqueduvivier.com\/index.php\/wp-json\/wp\/v2\/categories?post=7777"},{"taxonomy":"post_tag","embeddable":true,"href":"https:\/\/www.dominiqueduvivier.com\/index.php\/wp-json\/wp\/v2\/tags?post=7777"}],"curies":[{"name":"wp","href":"https:\/\/api.w.org\/{rel}","templated":true}]}}