{"id":6946,"date":"2019-09-23T11:58:08","date_gmt":"2019-09-23T09:58:08","guid":{"rendered":"https:\/\/www.dominiqueduvivier.com\/?p=6946"},"modified":"2019-09-23T11:58:11","modified_gmt":"2019-09-23T09:58:11","slug":"jt-sur-m6-un-diplome-de-magicien-pour-la-premiere-fois-au-monde","status":"publish","type":"post","link":"https:\/\/www.dominiqueduvivier.com\/index.php\/2019\/09\/23\/jt-sur-m6-un-diplome-de-magicien-pour-la-premiere-fois-au-monde\/","title":{"rendered":"JT sur M6 : un dipl\u00f4me de MAGICIEN pour la premi\u00e8re fois au monde"},"content":{"rendered":"\n<figure class=\"wp-block-embed-youtube wp-block-embed is-type-video is-provider-youtube wp-embed-aspect-16-9 wp-has-aspect-ratio\"><div class=\"wp-block-embed__wrapper\">\n<iframe loading=\"lazy\" title=\"JT sur M6 : un dipl\u00f4me de MAGICIEN pour la premi\u00e8re fois au monde\" width=\"500\" height=\"281\" src=\"https:\/\/www.youtube.com\/embed\/Mrc-ZAt6Pic?feature=oembed\" frameborder=\"0\" allow=\"accelerometer; autoplay; encrypted-media; gyroscope; picture-in-picture\" allowfullscreen><\/iframe>\n<\/div><\/figure>\n\n\n\n<p>\n\nSuite aux d\u00e9marches entreprises par Le Double Fond, le Minist\u00e8re du travail en France a reconnu \nla validit\u00e9 d\u2019un dipl\u00f4me de Magicien niveau Bac + 2 dont le cursus peut b\u00e9n\u00e9ficier de financements publics, au m\u00eame titre que d\u2019autres m\u00e9tiers artistiques, comme la danse, le cirque, la musique ou le cin\u00e9ma\u2026 C\u2019est la premi\u00e8re fois au monde qu\u2019un dipl\u00f4me de Magicien a \u00e9t\u00e9 reconnu par l\u2019Etat.\n\n<\/p>\n","protected":false},"excerpt":{"rendered":"<p>Suite aux d\u00e9marches entreprises par Le Double Fond, le Minist\u00e8re du travail en France a reconnu la validit\u00e9 d\u2019un dipl\u00f4me de Magicien niveau Bac + 2 dont le cursus peut b\u00e9n\u00e9ficier de financements publics, au m\u00eame titre que d\u2019autres m\u00e9tiers artistiques, comme la danse, le cirque, la musique ou le cin\u00e9ma\u2026 C\u2019est la premi\u00e8re fois &hellip;<\/p>\n","protected":false},"author":2,"featured_media":6947,"comment_status":"open","ping_status":"open","sticky":false,"template":"","format":"standard","meta":{"_monsterinsights_skip_tracking":false,"_monsterinsights_sitenote_active":false,"_monsterinsights_sitenote_note":"","_monsterinsights_sitenote_category":0,"ngg_post_thumbnail":0},"categories":[1],"tags":[7,74,65,75,15,17,73,67,68,24,77],"yoast_head":"<!-- This site is optimized with the Yoast SEO plugin v17.9 - https:\/\/yoast.com\/wordpress\/plugins\/seo\/ -->\n<title>JT sur M6 : un dipl\u00f4me de MAGICIEN pour la premi\u00e8re fois au monde - Entretiens avec Dominique Duvivier - Toute la magie de Dominique Duvivier<\/title>\n<meta name=\"robots\" content=\"index, follow, max-snippet:-1, max-image-preview:large, max-video-preview:-1\" \/>\n<link rel=\"canonical\" href=\"https:\/\/www.dominiqueduvivier.com\/index.php\/2019\/09\/23\/jt-sur-m6-un-diplome-de-magicien-pour-la-premiere-fois-au-monde\/\" \/>\n<meta property=\"og:locale\" content=\"fr_FR\" \/>\n<meta property=\"og:type\" content=\"article\" \/>\n<meta property=\"og:title\" content=\"JT sur M6 : un dipl\u00f4me de MAGICIEN pour la premi\u00e8re fois au monde - Entretiens avec Dominique Duvivier - Toute la magie de Dominique Duvivier\" \/>\n<meta property=\"og:description\" content=\"Suite aux d\u00e9marches entreprises par Le Double Fond, le Minist\u00e8re du travail en France a reconnu la validit\u00e9 d\u2019un dipl\u00f4me de Magicien niveau Bac + 2 dont le cursus peut b\u00e9n\u00e9ficier de financements publics, au m\u00eame titre que d\u2019autres m\u00e9tiers artistiques, comme la danse, le cirque, la musique ou le cin\u00e9ma\u2026 C\u2019est la premi\u00e8re fois &hellip;\" \/>\n<meta property=\"og:url\" content=\"https:\/\/www.dominiqueduvivier.com\/index.php\/2019\/09\/23\/jt-sur-m6-un-diplome-de-magicien-pour-la-premiere-fois-au-monde\/\" \/>\n<meta property=\"og:site_name\" content=\"Entretiens avec Dominique Duvivier - Toute la magie de Dominique Duvivier\" \/>\n<meta property=\"article:publisher\" content=\"https:\/\/www.facebook.com\/dominique.duvivier.1232\/\" \/>\n<meta property=\"article:published_time\" content=\"2019-09-23T09:58:08+00:00\" \/>\n<meta property=\"article:modified_time\" content=\"2019-09-23T09:58:11+00:00\" \/>\n<meta property=\"og:image\" content=\"https:\/\/www.dominiqueduvivier.com\/wp-content\/uploads\/2019\/09\/2019-09-23-11_53_31-JT-sur-M6-_-un-dipl\u00f4me-de-MAGICIEN-pour-la-premi\u00e8re-fois-au-monde-YouTube.png\" \/>\n\t<meta property=\"og:image:width\" content=\"1066\" \/>\n\t<meta property=\"og:image:height\" content=\"632\" \/>\n\t<meta property=\"og:image:type\" content=\"image\/png\" \/>\n<meta name=\"twitter:card\" content=\"summary_large_image\" \/>\n<meta name=\"twitter:creator\" content=\"@DDUVIVIER\" \/>\n<meta name=\"twitter:site\" content=\"@DDUVIVIER\" \/>\n<meta name=\"twitter:label1\" content=\"\u00c9crit par\" \/>\n\t<meta name=\"twitter:data1\" content=\"Dominique Duvivier\" \/>\n<script type=\"application\/ld+json\" class=\"yoast-schema-graph\">{\"@context\":\"https:\/\/schema.org\",\"@graph\":[{\"@type\":\"WebSite\",\"@id\":\"https:\/\/www.dominiqueduvivier.com\/#website\",\"url\":\"https:\/\/www.dominiqueduvivier.com\/\",\"name\":\"Entretiens avec Dominique Duvivier - Toute la magie de Dominique Duvivier\",\"description\":\"Dominique Duvivier | Magicien\",\"potentialAction\":[{\"@type\":\"SearchAction\",\"target\":{\"@type\":\"EntryPoint\",\"urlTemplate\":\"https:\/\/www.dominiqueduvivier.com\/?s={search_term_string}\"},\"query-input\":\"required name=search_term_string\"}],\"inLanguage\":\"fr-FR\"},{\"@type\":\"ImageObject\",\"@id\":\"https:\/\/www.dominiqueduvivier.com\/index.php\/2019\/09\/23\/jt-sur-m6-un-diplome-de-magicien-pour-la-premiere-fois-au-monde\/#primaryimage\",\"inLanguage\":\"fr-FR\",\"url\":\"https:\/\/www.dominiqueduvivier.com\/wp-content\/uploads\/2019\/09\/2019-09-23-11_53_31-JT-sur-M6-_-un-dipl\\u00f4me-de-MAGICIEN-pour-la-premi\\u00e8re-fois-au-monde-YouTube.png\",\"contentUrl\":\"https:\/\/www.dominiqueduvivier.com\/wp-content\/uploads\/2019\/09\/2019-09-23-11_53_31-JT-sur-M6-_-un-dipl\\u00f4me-de-MAGICIEN-pour-la-premi\\u00e8re-fois-au-monde-YouTube.png\",\"width\":1066,\"height\":632},{\"@type\":\"WebPage\",\"@id\":\"https:\/\/www.dominiqueduvivier.com\/index.php\/2019\/09\/23\/jt-sur-m6-un-diplome-de-magicien-pour-la-premiere-fois-au-monde\/#webpage\",\"url\":\"https:\/\/www.dominiqueduvivier.com\/index.php\/2019\/09\/23\/jt-sur-m6-un-diplome-de-magicien-pour-la-premiere-fois-au-monde\/\",\"name\":\"JT sur M6 : un dipl\\u00f4me de MAGICIEN pour la premi\\u00e8re fois au monde - Entretiens avec Dominique Duvivier - Toute la magie de Dominique Duvivier\",\"isPartOf\":{\"@id\":\"https:\/\/www.dominiqueduvivier.com\/#website\"},\"primaryImageOfPage\":{\"@id\":\"https:\/\/www.dominiqueduvivier.com\/index.php\/2019\/09\/23\/jt-sur-m6-un-diplome-de-magicien-pour-la-premiere-fois-au-monde\/#primaryimage\"},\"datePublished\":\"2019-09-23T09:58:08+00:00\",\"dateModified\":\"2019-09-23T09:58:11+00:00\",\"author\":{\"@id\":\"https:\/\/www.dominiqueduvivier.com\/#\/schema\/person\/677c0bd6d5c5d21949cab39bb529a81c\"},\"breadcrumb\":{\"@id\":\"https:\/\/www.dominiqueduvivier.com\/index.php\/2019\/09\/23\/jt-sur-m6-un-diplome-de-magicien-pour-la-premiere-fois-au-monde\/#breadcrumb\"},\"inLanguage\":\"fr-FR\",\"potentialAction\":[{\"@type\":\"ReadAction\",\"target\":[\"https:\/\/www.dominiqueduvivier.com\/index.php\/2019\/09\/23\/jt-sur-m6-un-diplome-de-magicien-pour-la-premiere-fois-au-monde\/\"]}]},{\"@type\":\"BreadcrumbList\",\"@id\":\"https:\/\/www.dominiqueduvivier.com\/index.php\/2019\/09\/23\/jt-sur-m6-un-diplome-de-magicien-pour-la-premiere-fois-au-monde\/#breadcrumb\",\"itemListElement\":[{\"@type\":\"ListItem\",\"position\":1,\"name\":\"Accueil\",\"item\":\"https:\/\/www.dominiqueduvivier.com\/\"},{\"@type\":\"ListItem\",\"position\":2,\"name\":\"JT sur M6 : un dipl\\u00f4me de MAGICIEN pour la premi\\u00e8re fois au monde\"}]},{\"@type\":\"Person\",\"@id\":\"https:\/\/www.dominiqueduvivier.com\/#\/schema\/person\/677c0bd6d5c5d21949cab39bb529a81c\",\"name\":\"Dominique Duvivier\",\"image\":{\"@type\":\"ImageObject\",\"@id\":\"https:\/\/www.dominiqueduvivier.com\/#personlogo\",\"inLanguage\":\"fr-FR\",\"url\":\"https:\/\/www.dominiqueduvivier.com\/wp-content\/uploads\/2019\/04\/Double-Fond-1-2-excl-groupes-10-150x150.jpg\",\"contentUrl\":\"https:\/\/www.dominiqueduvivier.com\/wp-content\/uploads\/2019\/04\/Double-Fond-1-2-excl-groupes-10-150x150.jpg\",\"caption\":\"Dominique Duvivier\"},\"description\":\"\\u2663\\ufe0f Magicien. \\u2666\\ufe0f Ma\\u00eetre de l\\u2019art du #CloseUp. \\u2665\\ufe0f Cr\\u00e9ateur de tours et professeur. \\u2660\\ufe0f Fondateur @ledoublefond et directeur de Mayette Magie.\",\"url\":\"https:\/\/www.dominiqueduvivier.com\/index.php\/author\/dominique-duvivier\/\"}]}<\/script>\n<!-- \/ Yoast SEO plugin. -->","yoast_head_json":{"title":"JT sur M6 : un dipl\u00f4me de MAGICIEN pour la premi\u00e8re fois au monde - Entretiens avec Dominique Duvivier - Toute la magie de Dominique Duvivier","robots":{"index":"index","follow":"follow","max-snippet":"max-snippet:-1","max-image-preview":"max-image-preview:large","max-video-preview":"max-video-preview:-1"},"canonical":"https:\/\/www.dominiqueduvivier.com\/index.php\/2019\/09\/23\/jt-sur-m6-un-diplome-de-magicien-pour-la-premiere-fois-au-monde\/","og_locale":"fr_FR","og_type":"article","og_title":"JT sur M6 : un dipl\u00f4me de MAGICIEN pour la premi\u00e8re fois au monde - Entretiens avec Dominique Duvivier - Toute la magie de Dominique Duvivier","og_description":"Suite aux d\u00e9marches entreprises par Le Double Fond, le Minist\u00e8re du travail en France a reconnu la validit\u00e9 d\u2019un dipl\u00f4me de Magicien niveau Bac + 2 dont le cursus peut b\u00e9n\u00e9ficier de financements publics, au m\u00eame titre que d\u2019autres m\u00e9tiers artistiques, comme la danse, le cirque, la musique ou le cin\u00e9ma\u2026 C\u2019est la premi\u00e8re fois &hellip;","og_url":"https:\/\/www.dominiqueduvivier.com\/index.php\/2019\/09\/23\/jt-sur-m6-un-diplome-de-magicien-pour-la-premiere-fois-au-monde\/","og_site_name":"Entretiens avec Dominique Duvivier - Toute la magie de Dominique Duvivier","article_publisher":"https:\/\/www.facebook.com\/dominique.duvivier.1232\/","article_published_time":"2019-09-23T09:58:08+00:00","article_modified_time":"2019-09-23T09:58:11+00:00","og_image":[{"width":1066,"height":632,"url":"https:\/\/www.dominiqueduvivier.com\/wp-content\/uploads\/2019\/09\/2019-09-23-11_53_31-JT-sur-M6-_-un-dipl\u00f4me-de-MAGICIEN-pour-la-premi\u00e8re-fois-au-monde-YouTube.png","type":"image\/png"}],"twitter_card":"summary_large_image","twitter_creator":"@DDUVIVIER","twitter_site":"@DDUVIVIER","twitter_misc":{"\u00c9crit par":"Dominique Duvivier"},"schema":{"@context":"https:\/\/schema.org","@graph":[{"@type":"WebSite","@id":"https:\/\/www.dominiqueduvivier.com\/#website","url":"https:\/\/www.dominiqueduvivier.com\/","name":"Entretiens avec Dominique Duvivier - Toute la magie de Dominique Duvivier","description":"Dominique Duvivier | Magicien","potentialAction":[{"@type":"SearchAction","target":{"@type":"EntryPoint","urlTemplate":"https:\/\/www.dominiqueduvivier.com\/?s={search_term_string}"},"query-input":"required name=search_term_string"}],"inLanguage":"fr-FR"},{"@type":"ImageObject","@id":"https:\/\/www.dominiqueduvivier.com\/index.php\/2019\/09\/23\/jt-sur-m6-un-diplome-de-magicien-pour-la-premiere-fois-au-monde\/#primaryimage","inLanguage":"fr-FR","url":"https:\/\/www.dominiqueduvivier.com\/wp-content\/uploads\/2019\/09\/2019-09-23-11_53_31-JT-sur-M6-_-un-dipl\u00f4me-de-MAGICIEN-pour-la-premi\u00e8re-fois-au-monde-YouTube.png","contentUrl":"https:\/\/www.dominiqueduvivier.com\/wp-content\/uploads\/2019\/09\/2019-09-23-11_53_31-JT-sur-M6-_-un-dipl\u00f4me-de-MAGICIEN-pour-la-premi\u00e8re-fois-au-monde-YouTube.png","width":1066,"height":632},{"@type":"WebPage","@id":"https:\/\/www.dominiqueduvivier.com\/index.php\/2019\/09\/23\/jt-sur-m6-un-diplome-de-magicien-pour-la-premiere-fois-au-monde\/#webpage","url":"https:\/\/www.dominiqueduvivier.com\/index.php\/2019\/09\/23\/jt-sur-m6-un-diplome-de-magicien-pour-la-premiere-fois-au-monde\/","name":"JT sur M6 : un dipl\u00f4me de MAGICIEN pour la premi\u00e8re fois au monde - Entretiens avec Dominique Duvivier - Toute la magie de Dominique Duvivier","isPartOf":{"@id":"https:\/\/www.dominiqueduvivier.com\/#website"},"primaryImageOfPage":{"@id":"https:\/\/www.dominiqueduvivier.com\/index.php\/2019\/09\/23\/jt-sur-m6-un-diplome-de-magicien-pour-la-premiere-fois-au-monde\/#primaryimage"},"datePublished":"2019-09-23T09:58:08+00:00","dateModified":"2019-09-23T09:58:11+00:00","author":{"@id":"https:\/\/www.dominiqueduvivier.com\/#\/schema\/person\/677c0bd6d5c5d21949cab39bb529a81c"},"breadcrumb":{"@id":"https:\/\/www.dominiqueduvivier.com\/index.php\/2019\/09\/23\/jt-sur-m6-un-diplome-de-magicien-pour-la-premiere-fois-au-monde\/#breadcrumb"},"inLanguage":"fr-FR","potentialAction":[{"@type":"ReadAction","target":["https:\/\/www.dominiqueduvivier.com\/index.php\/2019\/09\/23\/jt-sur-m6-un-diplome-de-magicien-pour-la-premiere-fois-au-monde\/"]}]},{"@type":"BreadcrumbList","@id":"https:\/\/www.dominiqueduvivier.com\/index.php\/2019\/09\/23\/jt-sur-m6-un-diplome-de-magicien-pour-la-premiere-fois-au-monde\/#breadcrumb","itemListElement":[{"@type":"ListItem","position":1,"name":"Accueil","item":"https:\/\/www.dominiqueduvivier.com\/"},{"@type":"ListItem","position":2,"name":"JT sur M6 : un dipl\u00f4me de MAGICIEN pour la premi\u00e8re fois au monde"}]},{"@type":"Person","@id":"https:\/\/www.dominiqueduvivier.com\/#\/schema\/person\/677c0bd6d5c5d21949cab39bb529a81c","name":"Dominique Duvivier","image":{"@type":"ImageObject","@id":"https:\/\/www.dominiqueduvivier.com\/#personlogo","inLanguage":"fr-FR","url":"https:\/\/www.dominiqueduvivier.com\/wp-content\/uploads\/2019\/04\/Double-Fond-1-2-excl-groupes-10-150x150.jpg","contentUrl":"https:\/\/www.dominiqueduvivier.com\/wp-content\/uploads\/2019\/04\/Double-Fond-1-2-excl-groupes-10-150x150.jpg","caption":"Dominique Duvivier"},"description":"\u2663\ufe0f Magicien. \u2666\ufe0f Ma\u00eetre de l\u2019art du #CloseUp. \u2665\ufe0f Cr\u00e9ateur de tours et professeur. \u2660\ufe0f Fondateur @ledoublefond et directeur de Mayette Magie.","url":"https:\/\/www.dominiqueduvivier.com\/index.php\/author\/dominique-duvivier\/"}]}},"_links":{"self":[{"href":"https:\/\/www.dominiqueduvivier.com\/index.php\/wp-json\/wp\/v2\/posts\/6946"}],"collection":[{"href":"https:\/\/www.dominiqueduvivier.com\/index.php\/wp-json\/wp\/v2\/posts"}],"about":[{"href":"https:\/\/www.dominiqueduvivier.com\/index.php\/wp-json\/wp\/v2\/types\/post"}],"author":[{"embeddable":true,"href":"https:\/\/www.dominiqueduvivier.com\/index.php\/wp-json\/wp\/v2\/users\/2"}],"replies":[{"embeddable":true,"href":"https:\/\/www.dominiqueduvivier.com\/index.php\/wp-json\/wp\/v2\/comments?post=6946"}],"version-history":[{"count":2,"href":"https:\/\/www.dominiqueduvivier.com\/index.php\/wp-json\/wp\/v2\/posts\/6946\/revisions"}],"predecessor-version":[{"id":6949,"href":"https:\/\/www.dominiqueduvivier.com\/index.php\/wp-json\/wp\/v2\/posts\/6946\/revisions\/6949"}],"wp:featuredmedia":[{"embeddable":true,"href":"https:\/\/www.dominiqueduvivier.com\/index.php\/wp-json\/wp\/v2\/media\/6947"}],"wp:attachment":[{"href":"https:\/\/www.dominiqueduvivier.com\/index.php\/wp-json\/wp\/v2\/media?parent=6946"}],"wp:term":[{"taxonomy":"category","embeddable":true,"href":"https:\/\/www.dominiqueduvivier.com\/index.php\/wp-json\/wp\/v2\/categories?post=6946"},{"taxonomy":"post_tag","embeddable":true,"href":"https:\/\/www.dominiqueduvivier.com\/index.php\/wp-json\/wp\/v2\/tags?post=6946"}],"curies":[{"name":"wp","href":"https:\/\/api.w.org\/{rel}","templated":true}]}}