{"id":5227,"date":"2013-03-18T00:01:21","date_gmt":"2013-03-17T23:01:21","guid":{"rendered":"http:\/\/www.dominiqueduvivier.com\/?p=1902"},"modified":"2019-08-02T13:29:09","modified_gmt":"2019-08-02T11:29:09","slug":"le-double-fond-pour-les-entreprises","status":"publish","type":"post","link":"https:\/\/www.dominiqueduvivier.com\/index.php\/2013\/03\/18\/le-double-fond-pour-les-entreprises\/","title":{"rendered":"Le Double Fond pour les entreprises"},"content":{"rendered":"<p>On n\u2019est pas peu fier d\u2019avoir \u00e9t\u00e9 rep\u00e9r\u00e9 par Le Point pour nos activit\u00e9s pour les entreprises. Voici l\u2019article, si \u00e7a int\u00e9resse\u00a0!<\/p>\n<p><a href=\"https:\/\/www.dominiqueduvivier.com\/2013\/03\/18\/le-double-fond-pour-les-entreprises\/article-le-point-magie-pour\/\" rel=\"attachment wp-att-1903\"><img loading=\"lazy\" class=\"alignnone size-full wp-image-1903\" title=\"Double Fond pour les entreprises\" src=\"https:\/\/www.dominiqueduvivier.com\/wp-content\/uploads\/2013\/03\/Article-Le-Point-Magie-pour.jpg\" alt=\"\" width=\"1000\" height=\"984\" srcset=\"https:\/\/www.dominiqueduvivier.com\/wp-content\/uploads\/2013\/03\/Article-Le-Point-Magie-pour.jpg 1000w, https:\/\/www.dominiqueduvivier.com\/wp-content\/uploads\/2013\/03\/Article-Le-Point-Magie-pour-300x295.jpg 300w, https:\/\/www.dominiqueduvivier.com\/wp-content\/uploads\/2013\/03\/Article-Le-Point-Magie-pour-768x756.jpg 768w\" sizes=\"(max-width: 1000px) 100vw, 1000px\" \/><\/a><\/p>\n<p>Et cela a tap\u00e9 dans l\u2019\u0153il de l\u2019\u00e9quipe des Grosses T\u00eates sur RTL\u00a0!<\/p>\n<p>Mathieu Delahousse nous a s\u00e9lectionn\u00e9 pour sa revue de presse\u00a0le 28\/02\/13 (cliquez ci-dessous pour \u00e9couter l\u2019extrait de l\u2019\u00e9mission)\u00a0:<\/p>\n<div class=\"powerpress_player\" id=\"powerpress_player_3768\"><!--[if lt IE 9]><script>document.createElement('audio');<\/script><![endif]-->\n<audio class=\"wp-audio-shortcode\" id=\"audio-5227-1\" preload=\"none\" style=\"width: 100%;\" controls=\"controls\"><source type=\"audio\/mpeg\" src=\"https:\/\/www.dominiqueduvivier.com\/wp-content\/uploads\/2013\/03\/RTL-7758913038_la-revue-de-presse-du-28-fevr-2013.mp3?_=1\" \/><a href=\"https:\/\/www.dominiqueduvivier.com\/wp-content\/uploads\/2013\/03\/RTL-7758913038_la-revue-de-presse-du-28-fevr-2013.mp3\">https:\/\/www.dominiqueduvivier.com\/wp-content\/uploads\/2013\/03\/RTL-7758913038_la-revue-de-presse-du-28-fevr-2013.mp3<\/a><\/audio><\/div><p class=\"powerpress_links powerpress_links_mp3\">Podcast: <a href=\"https:\/\/www.dominiqueduvivier.com\/wp-content\/uploads\/2013\/03\/RTL-7758913038_la-revue-de-presse-du-28-fevr-2013.mp3\" class=\"powerpress_link_pinw\" target=\"_blank\" title=\"Play in new window\" onclick=\"return powerpress_pinw('https:\/\/www.dominiqueduvivier.com\/?powerpress_pinw=5227-podcast');\" rel=\"nofollow\">Play in new window<\/a> | <a href=\"https:\/\/www.dominiqueduvivier.com\/wp-content\/uploads\/2013\/03\/RTL-7758913038_la-revue-de-presse-du-28-fevr-2013.mp3\" class=\"powerpress_link_d\" title=\"Download\" rel=\"nofollow\" download=\"RTL-7758913038_la-revue-de-presse-du-28-fevr-2013.mp3\">Download<\/a><\/p>","protected":false},"excerpt":{"rendered":"<p>On n\u2019est pas peu fier d\u2019avoir \u00e9t\u00e9 rep\u00e9r\u00e9 par Le Point pour nos activit\u00e9s pour les entreprises. Voici l\u2019article, si \u00e7a int\u00e9resse\u00a0! Et cela a tap\u00e9 dans l\u2019\u0153il de l\u2019\u00e9quipe des Grosses T\u00eates sur RTL\u00a0! Mathieu Delahousse nous a s\u00e9lectionn\u00e9 pour sa revue de presse\u00a0le 28\/02\/13 (cliquez ci-dessous pour \u00e9couter l\u2019extrait de l\u2019\u00e9mission)\u00a0:<\/p>\n","protected":false},"author":2,"featured_media":0,"comment_status":"open","ping_status":"open","sticky":false,"template":"","format":"standard","meta":{"_monsterinsights_skip_tracking":false,"_monsterinsights_sitenote_active":false,"_monsterinsights_sitenote_note":"","_monsterinsights_sitenote_category":0,"ngg_post_thumbnail":0},"categories":[4],"tags":[11,14,15,17,18,27,29],"yoast_head":"<!-- This site is optimized with the Yoast SEO plugin v17.9 - https:\/\/yoast.com\/wordpress\/plugins\/seo\/ -->\n<title>Le Double Fond pour les entreprises - Entretiens avec Dominique Duvivier - Toute la magie de Dominique Duvivier<\/title>\n<meta name=\"robots\" content=\"index, follow, max-snippet:-1, max-image-preview:large, max-video-preview:-1\" \/>\n<link rel=\"canonical\" href=\"https:\/\/www.dominiqueduvivier.com\/index.php\/2013\/03\/18\/le-double-fond-pour-les-entreprises\/\" \/>\n<meta property=\"og:locale\" content=\"fr_FR\" \/>\n<meta property=\"og:type\" content=\"article\" \/>\n<meta property=\"og:title\" content=\"Le Double Fond pour les entreprises - Entretiens avec Dominique Duvivier - Toute la magie de Dominique Duvivier\" \/>\n<meta property=\"og:description\" content=\"On n\u2019est pas peu fier d\u2019avoir \u00e9t\u00e9 rep\u00e9r\u00e9 par Le Point pour nos activit\u00e9s pour les entreprises. Voici l\u2019article, si \u00e7a int\u00e9resse\u00a0! Et cela a tap\u00e9 dans l\u2019\u0153il de l\u2019\u00e9quipe des Grosses T\u00eates sur RTL\u00a0! Mathieu Delahousse nous a s\u00e9lectionn\u00e9 pour sa revue de presse\u00a0le 28\/02\/13 (cliquez ci-dessous pour \u00e9couter l\u2019extrait de l\u2019\u00e9mission)\u00a0:\" \/>\n<meta property=\"og:url\" content=\"https:\/\/www.dominiqueduvivier.com\/index.php\/2013\/03\/18\/le-double-fond-pour-les-entreprises\/\" \/>\n<meta property=\"og:site_name\" content=\"Entretiens avec Dominique Duvivier - Toute la magie de Dominique Duvivier\" \/>\n<meta property=\"article:publisher\" content=\"https:\/\/www.facebook.com\/dominique.duvivier.1232\/\" \/>\n<meta property=\"article:published_time\" content=\"2013-03-17T23:01:21+00:00\" \/>\n<meta property=\"article:modified_time\" content=\"2019-08-02T11:29:09+00:00\" \/>\n<meta property=\"og:image\" content=\"https:\/\/www.dominiqueduvivier.com\/wp-content\/uploads\/2013\/03\/Article-Le-Point-Magie-pour.jpg\" \/>\n<meta name=\"twitter:card\" content=\"summary_large_image\" \/>\n<meta name=\"twitter:creator\" content=\"@DDUVIVIER\" \/>\n<meta name=\"twitter:site\" content=\"@DDUVIVIER\" \/>\n<meta name=\"twitter:label1\" content=\"\u00c9crit par\" \/>\n\t<meta name=\"twitter:data1\" content=\"Dominique Duvivier\" \/>\n<script type=\"application\/ld+json\" class=\"yoast-schema-graph\">{\"@context\":\"https:\/\/schema.org\",\"@graph\":[{\"@type\":\"WebSite\",\"@id\":\"https:\/\/www.dominiqueduvivier.com\/#website\",\"url\":\"https:\/\/www.dominiqueduvivier.com\/\",\"name\":\"Entretiens avec Dominique Duvivier - Toute la magie de Dominique Duvivier\",\"description\":\"Dominique Duvivier | Magicien\",\"potentialAction\":[{\"@type\":\"SearchAction\",\"target\":{\"@type\":\"EntryPoint\",\"urlTemplate\":\"https:\/\/www.dominiqueduvivier.com\/?s={search_term_string}\"},\"query-input\":\"required name=search_term_string\"}],\"inLanguage\":\"fr-FR\"},{\"@type\":\"ImageObject\",\"@id\":\"https:\/\/www.dominiqueduvivier.com\/index.php\/2013\/03\/18\/le-double-fond-pour-les-entreprises\/#primaryimage\",\"inLanguage\":\"fr-FR\",\"url\":\"https:\/\/www.dominiqueduvivier.com\/wp-content\/uploads\/2013\/03\/Article-Le-Point-Magie-pour.jpg\",\"contentUrl\":\"https:\/\/www.dominiqueduvivier.com\/wp-content\/uploads\/2013\/03\/Article-Le-Point-Magie-pour.jpg\",\"width\":1000,\"height\":984},{\"@type\":\"WebPage\",\"@id\":\"https:\/\/www.dominiqueduvivier.com\/index.php\/2013\/03\/18\/le-double-fond-pour-les-entreprises\/#webpage\",\"url\":\"https:\/\/www.dominiqueduvivier.com\/index.php\/2013\/03\/18\/le-double-fond-pour-les-entreprises\/\",\"name\":\"Le Double Fond pour les entreprises - Entretiens avec Dominique Duvivier - Toute la magie de Dominique Duvivier\",\"isPartOf\":{\"@id\":\"https:\/\/www.dominiqueduvivier.com\/#website\"},\"primaryImageOfPage\":{\"@id\":\"https:\/\/www.dominiqueduvivier.com\/index.php\/2013\/03\/18\/le-double-fond-pour-les-entreprises\/#primaryimage\"},\"datePublished\":\"2013-03-17T23:01:21+00:00\",\"dateModified\":\"2019-08-02T11:29:09+00:00\",\"author\":{\"@id\":\"https:\/\/www.dominiqueduvivier.com\/#\/schema\/person\/677c0bd6d5c5d21949cab39bb529a81c\"},\"breadcrumb\":{\"@id\":\"https:\/\/www.dominiqueduvivier.com\/index.php\/2013\/03\/18\/le-double-fond-pour-les-entreprises\/#breadcrumb\"},\"inLanguage\":\"fr-FR\",\"potentialAction\":[{\"@type\":\"ReadAction\",\"target\":[\"https:\/\/www.dominiqueduvivier.com\/index.php\/2013\/03\/18\/le-double-fond-pour-les-entreprises\/\"]}]},{\"@type\":\"BreadcrumbList\",\"@id\":\"https:\/\/www.dominiqueduvivier.com\/index.php\/2013\/03\/18\/le-double-fond-pour-les-entreprises\/#breadcrumb\",\"itemListElement\":[{\"@type\":\"ListItem\",\"position\":1,\"name\":\"Accueil\",\"item\":\"https:\/\/www.dominiqueduvivier.com\/\"},{\"@type\":\"ListItem\",\"position\":2,\"name\":\"Le Double Fond pour les entreprises\"}]},{\"@type\":\"Person\",\"@id\":\"https:\/\/www.dominiqueduvivier.com\/#\/schema\/person\/677c0bd6d5c5d21949cab39bb529a81c\",\"name\":\"Dominique Duvivier\",\"image\":{\"@type\":\"ImageObject\",\"@id\":\"https:\/\/www.dominiqueduvivier.com\/#personlogo\",\"inLanguage\":\"fr-FR\",\"url\":\"https:\/\/www.dominiqueduvivier.com\/wp-content\/uploads\/2019\/04\/Double-Fond-1-2-excl-groupes-10-150x150.jpg\",\"contentUrl\":\"https:\/\/www.dominiqueduvivier.com\/wp-content\/uploads\/2019\/04\/Double-Fond-1-2-excl-groupes-10-150x150.jpg\",\"caption\":\"Dominique Duvivier\"},\"description\":\"\\u2663\\ufe0f Magicien. \\u2666\\ufe0f Ma\\u00eetre de l\\u2019art du #CloseUp. \\u2665\\ufe0f Cr\\u00e9ateur de tours et professeur. \\u2660\\ufe0f Fondateur @ledoublefond et directeur de Mayette Magie.\",\"url\":\"https:\/\/www.dominiqueduvivier.com\/index.php\/author\/dominique-duvivier\/\"}]}<\/script>\n<!-- \/ Yoast SEO plugin. -->","yoast_head_json":{"title":"Le Double Fond pour les entreprises - Entretiens avec Dominique Duvivier - Toute la magie de Dominique Duvivier","robots":{"index":"index","follow":"follow","max-snippet":"max-snippet:-1","max-image-preview":"max-image-preview:large","max-video-preview":"max-video-preview:-1"},"canonical":"https:\/\/www.dominiqueduvivier.com\/index.php\/2013\/03\/18\/le-double-fond-pour-les-entreprises\/","og_locale":"fr_FR","og_type":"article","og_title":"Le Double Fond pour les entreprises - Entretiens avec Dominique Duvivier - Toute la magie de Dominique Duvivier","og_description":"On n\u2019est pas peu fier d\u2019avoir \u00e9t\u00e9 rep\u00e9r\u00e9 par Le Point pour nos activit\u00e9s pour les entreprises. Voici l\u2019article, si \u00e7a int\u00e9resse\u00a0! Et cela a tap\u00e9 dans l\u2019\u0153il de l\u2019\u00e9quipe des Grosses T\u00eates sur RTL\u00a0! Mathieu Delahousse nous a s\u00e9lectionn\u00e9 pour sa revue de presse\u00a0le 28\/02\/13 (cliquez ci-dessous pour \u00e9couter l\u2019extrait de l\u2019\u00e9mission)\u00a0:","og_url":"https:\/\/www.dominiqueduvivier.com\/index.php\/2013\/03\/18\/le-double-fond-pour-les-entreprises\/","og_site_name":"Entretiens avec Dominique Duvivier - Toute la magie de Dominique Duvivier","article_publisher":"https:\/\/www.facebook.com\/dominique.duvivier.1232\/","article_published_time":"2013-03-17T23:01:21+00:00","article_modified_time":"2019-08-02T11:29:09+00:00","og_image":[{"url":"https:\/\/www.dominiqueduvivier.com\/wp-content\/uploads\/2013\/03\/Article-Le-Point-Magie-pour.jpg"}],"twitter_card":"summary_large_image","twitter_creator":"@DDUVIVIER","twitter_site":"@DDUVIVIER","twitter_misc":{"\u00c9crit par":"Dominique Duvivier"},"schema":{"@context":"https:\/\/schema.org","@graph":[{"@type":"WebSite","@id":"https:\/\/www.dominiqueduvivier.com\/#website","url":"https:\/\/www.dominiqueduvivier.com\/","name":"Entretiens avec Dominique Duvivier - Toute la magie de Dominique Duvivier","description":"Dominique Duvivier | Magicien","potentialAction":[{"@type":"SearchAction","target":{"@type":"EntryPoint","urlTemplate":"https:\/\/www.dominiqueduvivier.com\/?s={search_term_string}"},"query-input":"required name=search_term_string"}],"inLanguage":"fr-FR"},{"@type":"ImageObject","@id":"https:\/\/www.dominiqueduvivier.com\/index.php\/2013\/03\/18\/le-double-fond-pour-les-entreprises\/#primaryimage","inLanguage":"fr-FR","url":"https:\/\/www.dominiqueduvivier.com\/wp-content\/uploads\/2013\/03\/Article-Le-Point-Magie-pour.jpg","contentUrl":"https:\/\/www.dominiqueduvivier.com\/wp-content\/uploads\/2013\/03\/Article-Le-Point-Magie-pour.jpg","width":1000,"height":984},{"@type":"WebPage","@id":"https:\/\/www.dominiqueduvivier.com\/index.php\/2013\/03\/18\/le-double-fond-pour-les-entreprises\/#webpage","url":"https:\/\/www.dominiqueduvivier.com\/index.php\/2013\/03\/18\/le-double-fond-pour-les-entreprises\/","name":"Le Double Fond pour les entreprises - Entretiens avec Dominique Duvivier - Toute la magie de Dominique Duvivier","isPartOf":{"@id":"https:\/\/www.dominiqueduvivier.com\/#website"},"primaryImageOfPage":{"@id":"https:\/\/www.dominiqueduvivier.com\/index.php\/2013\/03\/18\/le-double-fond-pour-les-entreprises\/#primaryimage"},"datePublished":"2013-03-17T23:01:21+00:00","dateModified":"2019-08-02T11:29:09+00:00","author":{"@id":"https:\/\/www.dominiqueduvivier.com\/#\/schema\/person\/677c0bd6d5c5d21949cab39bb529a81c"},"breadcrumb":{"@id":"https:\/\/www.dominiqueduvivier.com\/index.php\/2013\/03\/18\/le-double-fond-pour-les-entreprises\/#breadcrumb"},"inLanguage":"fr-FR","potentialAction":[{"@type":"ReadAction","target":["https:\/\/www.dominiqueduvivier.com\/index.php\/2013\/03\/18\/le-double-fond-pour-les-entreprises\/"]}]},{"@type":"BreadcrumbList","@id":"https:\/\/www.dominiqueduvivier.com\/index.php\/2013\/03\/18\/le-double-fond-pour-les-entreprises\/#breadcrumb","itemListElement":[{"@type":"ListItem","position":1,"name":"Accueil","item":"https:\/\/www.dominiqueduvivier.com\/"},{"@type":"ListItem","position":2,"name":"Le Double Fond pour les entreprises"}]},{"@type":"Person","@id":"https:\/\/www.dominiqueduvivier.com\/#\/schema\/person\/677c0bd6d5c5d21949cab39bb529a81c","name":"Dominique Duvivier","image":{"@type":"ImageObject","@id":"https:\/\/www.dominiqueduvivier.com\/#personlogo","inLanguage":"fr-FR","url":"https:\/\/www.dominiqueduvivier.com\/wp-content\/uploads\/2019\/04\/Double-Fond-1-2-excl-groupes-10-150x150.jpg","contentUrl":"https:\/\/www.dominiqueduvivier.com\/wp-content\/uploads\/2019\/04\/Double-Fond-1-2-excl-groupes-10-150x150.jpg","caption":"Dominique Duvivier"},"description":"\u2663\ufe0f Magicien. \u2666\ufe0f Ma\u00eetre de l\u2019art du #CloseUp. \u2665\ufe0f Cr\u00e9ateur de tours et professeur. \u2660\ufe0f Fondateur @ledoublefond et directeur de Mayette Magie.","url":"https:\/\/www.dominiqueduvivier.com\/index.php\/author\/dominique-duvivier\/"}]}},"_links":{"self":[{"href":"https:\/\/www.dominiqueduvivier.com\/index.php\/wp-json\/wp\/v2\/posts\/5227"}],"collection":[{"href":"https:\/\/www.dominiqueduvivier.com\/index.php\/wp-json\/wp\/v2\/posts"}],"about":[{"href":"https:\/\/www.dominiqueduvivier.com\/index.php\/wp-json\/wp\/v2\/types\/post"}],"author":[{"embeddable":true,"href":"https:\/\/www.dominiqueduvivier.com\/index.php\/wp-json\/wp\/v2\/users\/2"}],"replies":[{"embeddable":true,"href":"https:\/\/www.dominiqueduvivier.com\/index.php\/wp-json\/wp\/v2\/comments?post=5227"}],"version-history":[{"count":1,"href":"https:\/\/www.dominiqueduvivier.com\/index.php\/wp-json\/wp\/v2\/posts\/5227\/revisions"}],"predecessor-version":[{"id":5635,"href":"https:\/\/www.dominiqueduvivier.com\/index.php\/wp-json\/wp\/v2\/posts\/5227\/revisions\/5635"}],"wp:attachment":[{"href":"https:\/\/www.dominiqueduvivier.com\/index.php\/wp-json\/wp\/v2\/media?parent=5227"}],"wp:term":[{"taxonomy":"category","embeddable":true,"href":"https:\/\/www.dominiqueduvivier.com\/index.php\/wp-json\/wp\/v2\/categories?post=5227"},{"taxonomy":"post_tag","embeddable":true,"href":"https:\/\/www.dominiqueduvivier.com\/index.php\/wp-json\/wp\/v2\/tags?post=5227"}],"curies":[{"name":"wp","href":"https:\/\/api.w.org\/{rel}","templated":true}]}}