{"id":5209,"date":"2019-07-22T02:22:56","date_gmt":"2019-07-22T00:22:56","guid":{"rendered":"http:\/\/www.dominiqueduvivier.com\/?p=5209"},"modified":"2019-08-12T15:06:26","modified_gmt":"2019-08-12T13:06:26","slug":"lacademisme","status":"publish","type":"post","link":"https:\/\/www.dominiqueduvivier.com\/index.php\/2019\/07\/22\/lacademisme\/","title":{"rendered":"L&rsquo;acad\u00e9misme"},"content":{"rendered":"<p>Lu dans \u00ab&nbsp;Paris Match&nbsp;\u00bb, une interview d\u2019un chor\u00e9graphe (J\u00e9r\u00f4me BEL) qui dit, en parlant des danseurs classiques&nbsp;:<\/p>\n<p>&nbsp;<\/p>\n<p>\u00ab&nbsp;C\u2019est tr\u00e8s \u00e9prouvant pour moi de travailler avec ces danseurs qui ne sont, h\u00e9las, que des ouvriers sp\u00e9cialis\u00e9s de la danse&nbsp;! Tr\u00e8s peu sont des artistes. Ils ont pass\u00e9 tellement de temps \u00e0 parfaire la forme qu\u2019il n\u2019y a presque rien dans leur imaginaire. Il n\u2019est pas nourri par l\u2019art, la culture, l\u2019exp\u00e9rience personnelle. C\u2019est vraiment dommage. La danse classique comme elle se pratique aujourd\u2019hui est vraiment tragique. La forme est privil\u00e9gi\u00e9e au fond. C\u2019est devenu un acad\u00e9misme. Or l\u2019art, ce n\u2019est pas \u00e7a.&nbsp;\u00bb<\/p>\n<p>&nbsp;<\/p>\n<p>Exactement ce que je pense souvent en voyant des magicos\u2026<a href=\"https:\/\/www.dominiqueduvivier.com\/2019\/07\/22\/lacademisme\/danse-contemporaine-belle-danseuse\/\" rel=\"attachment wp-att-5210\"><img loading=\"lazy\" class=\"aligncenter size-full wp-image-5210\" src=\"https:\/\/www.dominiqueduvivier.com\/wp-content\/uploads\/2019\/07\/danse-contemporaine-belle-danseuse.jpg\" alt=\"\" width=\"700\" height=\"895\" srcset=\"https:\/\/www.dominiqueduvivier.com\/wp-content\/uploads\/2019\/07\/danse-contemporaine-belle-danseuse.jpg 700w, https:\/\/www.dominiqueduvivier.com\/wp-content\/uploads\/2019\/07\/danse-contemporaine-belle-danseuse-235x300.jpg 235w\" sizes=\"(max-width: 700px) 100vw, 700px\" \/><\/a><\/p>\n","protected":false},"excerpt":{"rendered":"<p>Lu dans \u00ab&nbsp;Paris Match&nbsp;\u00bb, une interview d\u2019un chor\u00e9graphe (J\u00e9r\u00f4me BEL) qui dit, en parlant des danseurs classiques&nbsp;: &nbsp; \u00ab&nbsp;C\u2019est tr\u00e8s \u00e9prouvant pour moi de travailler avec ces danseurs qui ne sont, h\u00e9las, que des ouvriers sp\u00e9cialis\u00e9s de la danse&nbsp;! Tr\u00e8s peu sont des artistes. Ils ont pass\u00e9 tellement de temps \u00e0 parfaire la forme qu\u2019il &hellip;<\/p>\n","protected":false},"author":2,"featured_media":5210,"comment_status":"open","ping_status":"open","sticky":false,"template":"","format":"standard","meta":{"_monsterinsights_skip_tracking":false,"_monsterinsights_sitenote_active":false,"_monsterinsights_sitenote_note":"","_monsterinsights_sitenote_category":0,"ngg_post_thumbnail":0},"categories":[4],"tags":[15,18,24,25,30],"yoast_head":"<!-- This site is optimized with the Yoast SEO plugin v17.9 - https:\/\/yoast.com\/wordpress\/plugins\/seo\/ -->\n<title>L&#039;acad\u00e9misme - Entretiens avec Dominique Duvivier - Toute la magie de Dominique Duvivier<\/title>\n<meta name=\"robots\" content=\"index, follow, max-snippet:-1, max-image-preview:large, max-video-preview:-1\" \/>\n<link rel=\"canonical\" href=\"https:\/\/www.dominiqueduvivier.com\/index.php\/2019\/07\/22\/lacademisme\/\" \/>\n<meta property=\"og:locale\" content=\"fr_FR\" \/>\n<meta property=\"og:type\" content=\"article\" \/>\n<meta property=\"og:title\" content=\"L&#039;acad\u00e9misme - Entretiens avec Dominique Duvivier - Toute la magie de Dominique Duvivier\" \/>\n<meta property=\"og:description\" content=\"Lu dans \u00ab&nbsp;Paris Match&nbsp;\u00bb, une interview d\u2019un chor\u00e9graphe (J\u00e9r\u00f4me BEL) qui dit, en parlant des danseurs classiques&nbsp;: &nbsp; \u00ab&nbsp;C\u2019est tr\u00e8s \u00e9prouvant pour moi de travailler avec ces danseurs qui ne sont, h\u00e9las, que des ouvriers sp\u00e9cialis\u00e9s de la danse&nbsp;! Tr\u00e8s peu sont des artistes. Ils ont pass\u00e9 tellement de temps \u00e0 parfaire la forme qu\u2019il &hellip;\" \/>\n<meta property=\"og:url\" content=\"https:\/\/www.dominiqueduvivier.com\/index.php\/2019\/07\/22\/lacademisme\/\" \/>\n<meta property=\"og:site_name\" content=\"Entretiens avec Dominique Duvivier - Toute la magie de Dominique Duvivier\" \/>\n<meta property=\"article:publisher\" content=\"https:\/\/www.facebook.com\/dominique.duvivier.1232\/\" \/>\n<meta property=\"article:published_time\" content=\"2019-07-22T00:22:56+00:00\" \/>\n<meta property=\"article:modified_time\" content=\"2019-08-12T13:06:26+00:00\" \/>\n<meta property=\"og:image\" content=\"https:\/\/www.dominiqueduvivier.com\/wp-content\/uploads\/2019\/07\/danse-contemporaine-belle-danseuse.jpg\" \/>\n\t<meta property=\"og:image:width\" content=\"700\" \/>\n\t<meta property=\"og:image:height\" content=\"895\" \/>\n\t<meta property=\"og:image:type\" content=\"image\/jpeg\" \/>\n<meta name=\"twitter:card\" content=\"summary_large_image\" \/>\n<meta name=\"twitter:creator\" content=\"@DDUVIVIER\" \/>\n<meta name=\"twitter:site\" content=\"@DDUVIVIER\" \/>\n<meta name=\"twitter:label1\" content=\"\u00c9crit par\" \/>\n\t<meta name=\"twitter:data1\" content=\"Dominique Duvivier\" \/>\n\t<meta name=\"twitter:label2\" content=\"Dur\u00e9e de lecture estim\u00e9e\" \/>\n\t<meta name=\"twitter:data2\" content=\"1 minute\" \/>\n<script type=\"application\/ld+json\" class=\"yoast-schema-graph\">{\"@context\":\"https:\/\/schema.org\",\"@graph\":[{\"@type\":\"WebSite\",\"@id\":\"https:\/\/www.dominiqueduvivier.com\/#website\",\"url\":\"https:\/\/www.dominiqueduvivier.com\/\",\"name\":\"Entretiens avec Dominique Duvivier - Toute la magie de Dominique Duvivier\",\"description\":\"Dominique Duvivier | Magicien\",\"potentialAction\":[{\"@type\":\"SearchAction\",\"target\":{\"@type\":\"EntryPoint\",\"urlTemplate\":\"https:\/\/www.dominiqueduvivier.com\/?s={search_term_string}\"},\"query-input\":\"required name=search_term_string\"}],\"inLanguage\":\"fr-FR\"},{\"@type\":\"ImageObject\",\"@id\":\"https:\/\/www.dominiqueduvivier.com\/index.php\/2019\/07\/22\/lacademisme\/#primaryimage\",\"inLanguage\":\"fr-FR\",\"url\":\"https:\/\/www.dominiqueduvivier.com\/wp-content\/uploads\/2019\/07\/danse-contemporaine-belle-danseuse.jpg\",\"contentUrl\":\"https:\/\/www.dominiqueduvivier.com\/wp-content\/uploads\/2019\/07\/danse-contemporaine-belle-danseuse.jpg\",\"width\":700,\"height\":895},{\"@type\":\"WebPage\",\"@id\":\"https:\/\/www.dominiqueduvivier.com\/index.php\/2019\/07\/22\/lacademisme\/#webpage\",\"url\":\"https:\/\/www.dominiqueduvivier.com\/index.php\/2019\/07\/22\/lacademisme\/\",\"name\":\"L'acad\\u00e9misme - Entretiens avec Dominique Duvivier - Toute la magie de Dominique Duvivier\",\"isPartOf\":{\"@id\":\"https:\/\/www.dominiqueduvivier.com\/#website\"},\"primaryImageOfPage\":{\"@id\":\"https:\/\/www.dominiqueduvivier.com\/index.php\/2019\/07\/22\/lacademisme\/#primaryimage\"},\"datePublished\":\"2019-07-22T00:22:56+00:00\",\"dateModified\":\"2019-08-12T13:06:26+00:00\",\"author\":{\"@id\":\"https:\/\/www.dominiqueduvivier.com\/#\/schema\/person\/677c0bd6d5c5d21949cab39bb529a81c\"},\"breadcrumb\":{\"@id\":\"https:\/\/www.dominiqueduvivier.com\/index.php\/2019\/07\/22\/lacademisme\/#breadcrumb\"},\"inLanguage\":\"fr-FR\",\"potentialAction\":[{\"@type\":\"ReadAction\",\"target\":[\"https:\/\/www.dominiqueduvivier.com\/index.php\/2019\/07\/22\/lacademisme\/\"]}]},{\"@type\":\"BreadcrumbList\",\"@id\":\"https:\/\/www.dominiqueduvivier.com\/index.php\/2019\/07\/22\/lacademisme\/#breadcrumb\",\"itemListElement\":[{\"@type\":\"ListItem\",\"position\":1,\"name\":\"Accueil\",\"item\":\"https:\/\/www.dominiqueduvivier.com\/\"},{\"@type\":\"ListItem\",\"position\":2,\"name\":\"L&rsquo;acad\\u00e9misme\"}]},{\"@type\":\"Person\",\"@id\":\"https:\/\/www.dominiqueduvivier.com\/#\/schema\/person\/677c0bd6d5c5d21949cab39bb529a81c\",\"name\":\"Dominique Duvivier\",\"image\":{\"@type\":\"ImageObject\",\"@id\":\"https:\/\/www.dominiqueduvivier.com\/#personlogo\",\"inLanguage\":\"fr-FR\",\"url\":\"https:\/\/www.dominiqueduvivier.com\/wp-content\/uploads\/2019\/04\/Double-Fond-1-2-excl-groupes-10-150x150.jpg\",\"contentUrl\":\"https:\/\/www.dominiqueduvivier.com\/wp-content\/uploads\/2019\/04\/Double-Fond-1-2-excl-groupes-10-150x150.jpg\",\"caption\":\"Dominique Duvivier\"},\"description\":\"\\u2663\\ufe0f Magicien. \\u2666\\ufe0f Ma\\u00eetre de l\\u2019art du #CloseUp. \\u2665\\ufe0f Cr\\u00e9ateur de tours et professeur. \\u2660\\ufe0f Fondateur @ledoublefond et directeur de Mayette Magie.\",\"url\":\"https:\/\/www.dominiqueduvivier.com\/index.php\/author\/dominique-duvivier\/\"}]}<\/script>\n<!-- \/ Yoast SEO plugin. -->","yoast_head_json":{"title":"L'acad\u00e9misme - Entretiens avec Dominique Duvivier - Toute la magie de Dominique Duvivier","robots":{"index":"index","follow":"follow","max-snippet":"max-snippet:-1","max-image-preview":"max-image-preview:large","max-video-preview":"max-video-preview:-1"},"canonical":"https:\/\/www.dominiqueduvivier.com\/index.php\/2019\/07\/22\/lacademisme\/","og_locale":"fr_FR","og_type":"article","og_title":"L'acad\u00e9misme - Entretiens avec Dominique Duvivier - Toute la magie de Dominique Duvivier","og_description":"Lu dans \u00ab&nbsp;Paris Match&nbsp;\u00bb, une interview d\u2019un chor\u00e9graphe (J\u00e9r\u00f4me BEL) qui dit, en parlant des danseurs classiques&nbsp;: &nbsp; \u00ab&nbsp;C\u2019est tr\u00e8s \u00e9prouvant pour moi de travailler avec ces danseurs qui ne sont, h\u00e9las, que des ouvriers sp\u00e9cialis\u00e9s de la danse&nbsp;! Tr\u00e8s peu sont des artistes. Ils ont pass\u00e9 tellement de temps \u00e0 parfaire la forme qu\u2019il &hellip;","og_url":"https:\/\/www.dominiqueduvivier.com\/index.php\/2019\/07\/22\/lacademisme\/","og_site_name":"Entretiens avec Dominique Duvivier - Toute la magie de Dominique Duvivier","article_publisher":"https:\/\/www.facebook.com\/dominique.duvivier.1232\/","article_published_time":"2019-07-22T00:22:56+00:00","article_modified_time":"2019-08-12T13:06:26+00:00","og_image":[{"width":700,"height":895,"url":"https:\/\/www.dominiqueduvivier.com\/wp-content\/uploads\/2019\/07\/danse-contemporaine-belle-danseuse.jpg","type":"image\/jpeg"}],"twitter_card":"summary_large_image","twitter_creator":"@DDUVIVIER","twitter_site":"@DDUVIVIER","twitter_misc":{"\u00c9crit par":"Dominique Duvivier","Dur\u00e9e de lecture estim\u00e9e":"1 minute"},"schema":{"@context":"https:\/\/schema.org","@graph":[{"@type":"WebSite","@id":"https:\/\/www.dominiqueduvivier.com\/#website","url":"https:\/\/www.dominiqueduvivier.com\/","name":"Entretiens avec Dominique Duvivier - Toute la magie de Dominique Duvivier","description":"Dominique Duvivier | Magicien","potentialAction":[{"@type":"SearchAction","target":{"@type":"EntryPoint","urlTemplate":"https:\/\/www.dominiqueduvivier.com\/?s={search_term_string}"},"query-input":"required name=search_term_string"}],"inLanguage":"fr-FR"},{"@type":"ImageObject","@id":"https:\/\/www.dominiqueduvivier.com\/index.php\/2019\/07\/22\/lacademisme\/#primaryimage","inLanguage":"fr-FR","url":"https:\/\/www.dominiqueduvivier.com\/wp-content\/uploads\/2019\/07\/danse-contemporaine-belle-danseuse.jpg","contentUrl":"https:\/\/www.dominiqueduvivier.com\/wp-content\/uploads\/2019\/07\/danse-contemporaine-belle-danseuse.jpg","width":700,"height":895},{"@type":"WebPage","@id":"https:\/\/www.dominiqueduvivier.com\/index.php\/2019\/07\/22\/lacademisme\/#webpage","url":"https:\/\/www.dominiqueduvivier.com\/index.php\/2019\/07\/22\/lacademisme\/","name":"L'acad\u00e9misme - Entretiens avec Dominique Duvivier - Toute la magie de Dominique Duvivier","isPartOf":{"@id":"https:\/\/www.dominiqueduvivier.com\/#website"},"primaryImageOfPage":{"@id":"https:\/\/www.dominiqueduvivier.com\/index.php\/2019\/07\/22\/lacademisme\/#primaryimage"},"datePublished":"2019-07-22T00:22:56+00:00","dateModified":"2019-08-12T13:06:26+00:00","author":{"@id":"https:\/\/www.dominiqueduvivier.com\/#\/schema\/person\/677c0bd6d5c5d21949cab39bb529a81c"},"breadcrumb":{"@id":"https:\/\/www.dominiqueduvivier.com\/index.php\/2019\/07\/22\/lacademisme\/#breadcrumb"},"inLanguage":"fr-FR","potentialAction":[{"@type":"ReadAction","target":["https:\/\/www.dominiqueduvivier.com\/index.php\/2019\/07\/22\/lacademisme\/"]}]},{"@type":"BreadcrumbList","@id":"https:\/\/www.dominiqueduvivier.com\/index.php\/2019\/07\/22\/lacademisme\/#breadcrumb","itemListElement":[{"@type":"ListItem","position":1,"name":"Accueil","item":"https:\/\/www.dominiqueduvivier.com\/"},{"@type":"ListItem","position":2,"name":"L&rsquo;acad\u00e9misme"}]},{"@type":"Person","@id":"https:\/\/www.dominiqueduvivier.com\/#\/schema\/person\/677c0bd6d5c5d21949cab39bb529a81c","name":"Dominique Duvivier","image":{"@type":"ImageObject","@id":"https:\/\/www.dominiqueduvivier.com\/#personlogo","inLanguage":"fr-FR","url":"https:\/\/www.dominiqueduvivier.com\/wp-content\/uploads\/2019\/04\/Double-Fond-1-2-excl-groupes-10-150x150.jpg","contentUrl":"https:\/\/www.dominiqueduvivier.com\/wp-content\/uploads\/2019\/04\/Double-Fond-1-2-excl-groupes-10-150x150.jpg","caption":"Dominique Duvivier"},"description":"\u2663\ufe0f Magicien. \u2666\ufe0f Ma\u00eetre de l\u2019art du #CloseUp. \u2665\ufe0f Cr\u00e9ateur de tours et professeur. \u2660\ufe0f Fondateur @ledoublefond et directeur de Mayette Magie.","url":"https:\/\/www.dominiqueduvivier.com\/index.php\/author\/dominique-duvivier\/"}]}},"_links":{"self":[{"href":"https:\/\/www.dominiqueduvivier.com\/index.php\/wp-json\/wp\/v2\/posts\/5209"}],"collection":[{"href":"https:\/\/www.dominiqueduvivier.com\/index.php\/wp-json\/wp\/v2\/posts"}],"about":[{"href":"https:\/\/www.dominiqueduvivier.com\/index.php\/wp-json\/wp\/v2\/types\/post"}],"author":[{"embeddable":true,"href":"https:\/\/www.dominiqueduvivier.com\/index.php\/wp-json\/wp\/v2\/users\/2"}],"replies":[{"embeddable":true,"href":"https:\/\/www.dominiqueduvivier.com\/index.php\/wp-json\/wp\/v2\/comments?post=5209"}],"version-history":[{"count":2,"href":"https:\/\/www.dominiqueduvivier.com\/index.php\/wp-json\/wp\/v2\/posts\/5209\/revisions"}],"predecessor-version":[{"id":6148,"href":"https:\/\/www.dominiqueduvivier.com\/index.php\/wp-json\/wp\/v2\/posts\/5209\/revisions\/6148"}],"wp:featuredmedia":[{"embeddable":true,"href":"https:\/\/www.dominiqueduvivier.com\/index.php\/wp-json\/wp\/v2\/media\/5210"}],"wp:attachment":[{"href":"https:\/\/www.dominiqueduvivier.com\/index.php\/wp-json\/wp\/v2\/media?parent=5209"}],"wp:term":[{"taxonomy":"category","embeddable":true,"href":"https:\/\/www.dominiqueduvivier.com\/index.php\/wp-json\/wp\/v2\/categories?post=5209"},{"taxonomy":"post_tag","embeddable":true,"href":"https:\/\/www.dominiqueduvivier.com\/index.php\/wp-json\/wp\/v2\/tags?post=5209"}],"curies":[{"name":"wp","href":"https:\/\/api.w.org\/{rel}","templated":true}]}}