{"id":5107,"date":"2019-02-25T01:25:03","date_gmt":"2019-02-25T00:25:03","guid":{"rendered":"http:\/\/www.dominiqueduvivier.com\/?p=5107"},"modified":"2019-08-12T15:06:30","modified_gmt":"2019-08-12T13:06:30","slug":"le-programme-pour-feter-les-31-ans-du-double-fond","status":"publish","type":"post","link":"https:\/\/www.dominiqueduvivier.com\/index.php\/2019\/02\/25\/le-programme-pour-feter-les-31-ans-du-double-fond\/","title":{"rendered":"Le programme pour f\u00eater les 31 ans du Double Fond"},"content":{"rendered":"<p><a href=\"https:\/\/www.dominiqueduvivier.com\/2019\/02\/25\/le-programme-pour-feter-les-31-ans-du-double-fond\/affiche-anniversaire-31ans\/\" rel=\"attachment wp-att-5108\"><img loading=\"lazy\" class=\"alignnone wp-image-5108\" src=\"https:\/\/www.dominiqueduvivier.com\/wp-content\/uploads\/2019\/02\/affiche-anniversaire-31ans-724x1024.jpg\" alt=\"\" width=\"544\" height=\"769\" srcset=\"https:\/\/www.dominiqueduvivier.com\/wp-content\/uploads\/2019\/02\/affiche-anniversaire-31ans-724x1024.jpg 724w, https:\/\/www.dominiqueduvivier.com\/wp-content\/uploads\/2019\/02\/affiche-anniversaire-31ans-212x300.jpg 212w, https:\/\/www.dominiqueduvivier.com\/wp-content\/uploads\/2019\/02\/affiche-anniversaire-31ans-768x1086.jpg 768w, https:\/\/www.dominiqueduvivier.com\/wp-content\/uploads\/2019\/02\/affiche-anniversaire-31ans.jpg 1240w\" sizes=\"(max-width: 544px) 100vw, 544px\" \/><\/a><\/p>\n<p>1\u00e8re partie (\u00e0 partir de 19h, 19h30 ou 20h15 selon les formules) : nos serveurs-magiciens se d\u00e9cha\u00eenent, pendant que vous profitez d\u2019un ap\u00e9ritif ou d\u2019un d\u00eener, selon votre choix.<br \/>\n2\u00e8me partie \u00e0 21h30 : Alexandra et Dominique Duvivier f\u00eatent dignement l\u2019anniversaire du Double Fond avec 3 artistes invit\u00e9s dans des spectacles sp\u00e9cialement \u00e9crits pour l\u2019occasion !<br \/>\n<a href=\"https:\/\/www.doublefond.com\/programmation\/spectacles-en-soiree\/les-rendez-vous-incontournables\/anniversaire-double-fond\/\">Lire la suite.<\/a><\/p>\n<p><a href=\"https:\/\/www.dominiqueduvivier.com\/2019\/02\/25\/le-programme-pour-feter-les-31-ans-du-double-fond\/attachment\/6\/\" rel=\"attachment wp-att-5110\"><img loading=\"lazy\" class=\"alignleft size-medium wp-image-5110\" src=\"https:\/\/www.dominiqueduvivier.com\/wp-content\/uploads\/2019\/02\/6-204x300.jpg\" alt=\"\" width=\"204\" height=\"300\" srcset=\"https:\/\/www.dominiqueduvivier.com\/wp-content\/uploads\/2019\/02\/6-204x300.jpg 204w, https:\/\/www.dominiqueduvivier.com\/wp-content\/uploads\/2019\/02\/6-768x1127.jpg 768w, https:\/\/www.dominiqueduvivier.com\/wp-content\/uploads\/2019\/02\/6-698x1024.jpg 698w, https:\/\/www.dominiqueduvivier.com\/wp-content\/uploads\/2019\/02\/6.jpg 1960w\" sizes=\"(max-width: 204px) 100vw, 204px\" \/><\/a><br \/>\n<a href=\"https:\/\/www.doublefond.com\/programmation\/spectacles-en-soiree\/les-rendez-vous-incontournables\/anniversaire-double-fond\/\">31 ans du Double Fond : Les Duvivier invitent Ars\u00e8ne les 29\/03, 4\/04, 5\/04 et 11\/04\/2019<\/a><br \/>\nArs\u00e8ne, un ph\u00e9nom\u00e8ne ! Pur produit des cabarets parisiens, c\u2019est un magicien-humoriste pas comme les autres. Il vous entra\u00eene irr\u00e9sistiblement dans une tornade d&rsquo;effets visuels et comiques, avec un humour d\u00e9cal\u00e9 totalement irr\u00e9sistible. Ars\u00e8ne est un num\u00e9ro \u00e0 lui tout seul : d\u00e9sopilant et compl\u00e8tement barr\u00e9\u2026 et c&rsquo;est pour \u00e7a qu&rsquo;on l&rsquo;adore tous ici au Double Fond !<br \/>\n<a href=\"http:\/\/www.aparteweb.com\/awprod\/DBFO\/AWCalendar.aspx?INS=DBFO&amp;CAT=320\">R\u00e9servez ici !<\/a><\/p>\n<p><img loading=\"lazy\" class=\"alignright size-medium wp-image-5109\" src=\"https:\/\/www.dominiqueduvivier.com\/wp-content\/uploads\/2019\/02\/Double-Fond-30ans-A.Lyndon-Skeggs-54-240x300.jpg\" alt=\"\" width=\"240\" height=\"300\" srcset=\"https:\/\/www.dominiqueduvivier.com\/wp-content\/uploads\/2019\/02\/Double-Fond-30ans-A.Lyndon-Skeggs-54-240x300.jpg 240w, https:\/\/www.dominiqueduvivier.com\/wp-content\/uploads\/2019\/02\/Double-Fond-30ans-A.Lyndon-Skeggs-54-768x960.jpg 768w, https:\/\/www.dominiqueduvivier.com\/wp-content\/uploads\/2019\/02\/Double-Fond-30ans-A.Lyndon-Skeggs-54-819x1024.jpg 819w, https:\/\/www.dominiqueduvivier.com\/wp-content\/uploads\/2019\/02\/Double-Fond-30ans-A.Lyndon-Skeggs-54.jpg 1280w\" sizes=\"(max-width: 240px) 100vw, 240px\" \/><\/p>\n<p><a href=\"https:\/\/www.doublefond.com\/programmation\/spectacles-en-soiree\/les-rendez-vous-incontournables\/anniversaire-double-fond\/\">31 ans du Double Fond : Les Duvivier invitent Arthur Chavaudret les 12\/04 et 18\/04\/04\/2019<\/a><br \/>\nUn rendez-vous \u00e0 ne pas manquer : un vrai g\u00e9nie !<br \/>\n\u00ab Une nouvelle g\u00e9n\u00e9ration qui fait fi des codes et r\u00e9invente avec humour la discipline pour en faire tout un spectacle. A d\u00e9couvrir. \u00bb T\u00e9l\u00e9rama<br \/>\nIci une vid\u00e9o pour vous mettre l&rsquo;eau \u00e0 la bouche ! Cliquez ici<br \/>\n<a href=\"http:\/\/www.aparteweb.com\/awprod\/DBFO\/AWCalendar.aspx?INS=DBFO&amp;CAT=320\">R\u00e9servez ici !<\/a><\/p>\n<p><a href=\"https:\/\/www.dominiqueduvivier.com\/2019\/02\/25\/le-programme-pour-feter-les-31-ans-du-double-fond\/woody-aragon\/\" rel=\"attachment wp-att-5111\"><img loading=\"lazy\" class=\"alignleft size-medium wp-image-5111\" src=\"https:\/\/www.dominiqueduvivier.com\/wp-content\/uploads\/2019\/02\/woody-aragon-300x176.jpg\" alt=\"\" width=\"300\" height=\"176\" srcset=\"https:\/\/www.dominiqueduvivier.com\/wp-content\/uploads\/2019\/02\/woody-aragon-300x176.jpg 300w, https:\/\/www.dominiqueduvivier.com\/wp-content\/uploads\/2019\/02\/woody-aragon.jpg 620w\" sizes=\"(max-width: 300px) 100vw, 300px\" \/><\/a><a href=\"https:\/\/www.doublefond.com\/programmation\/spectacles-en-soiree\/les-rendez-vous-incontournables\/anniversaire-double-fond\/\">31 ans du Double Fond : Les Duvivier invitent Woody Aragon les 19\/04 et 21\/04 \/2019<\/a><br \/>\nCette grande star de la magie espagnole est l\u2019un des magiciens les plus prim\u00e9s de notre \u00e9poque. Sa magie, d\u2019une efficacit\u00e9 redoutable et d\u2019une intelligence rare, est diaboliquement novatrice et r\u00e9v\u00e8le une grande personnalit\u00e9 : un artiste ph\u00e9nom\u00e9nal !<br \/>\nAvec un simple jeu de cartes, il vous rendra fou\u2026 de bonheur : vous allez rire, vous allez r\u00eaver, vous allez halluciner !<br \/>\n<a href=\"http:\/\/www.aparteweb.com\/awprod\/DBFO\/AWCalendar.aspx?INS=DBFO&amp;CAT=320\">R\u00e9servez ici !<\/a><\/p>\n","protected":false},"excerpt":{"rendered":"<p>1\u00e8re partie (\u00e0 partir de 19h, 19h30 ou 20h15 selon les formules) : nos serveurs-magiciens se d\u00e9cha\u00eenent, pendant que vous profitez d\u2019un ap\u00e9ritif ou d\u2019un d\u00eener, selon votre choix. 2\u00e8me partie \u00e0 21h30 : Alexandra et Dominique Duvivier f\u00eatent dignement l\u2019anniversaire du Double Fond avec 3 artistes invit\u00e9s dans des spectacles sp\u00e9cialement \u00e9crits pour l\u2019occasion &hellip;<\/p>\n","protected":false},"author":2,"featured_media":5108,"comment_status":"open","ping_status":"open","sticky":false,"template":"","format":"standard","meta":{"_monsterinsights_skip_tracking":false,"_monsterinsights_sitenote_active":false,"_monsterinsights_sitenote_note":"","_monsterinsights_sitenote_category":0,"ngg_post_thumbnail":0},"categories":[4],"tags":[7,15,17,18,24,25,30],"yoast_head":"<!-- This site is optimized with the Yoast SEO plugin v17.9 - https:\/\/yoast.com\/wordpress\/plugins\/seo\/ -->\n<title>Le programme pour f\u00eater les 31 ans du Double Fond - Entretiens avec Dominique Duvivier - Toute la magie de Dominique Duvivier<\/title>\n<meta name=\"robots\" content=\"index, follow, max-snippet:-1, max-image-preview:large, max-video-preview:-1\" \/>\n<link rel=\"canonical\" href=\"https:\/\/www.dominiqueduvivier.com\/index.php\/2019\/02\/25\/le-programme-pour-feter-les-31-ans-du-double-fond\/\" \/>\n<meta property=\"og:locale\" content=\"fr_FR\" \/>\n<meta property=\"og:type\" content=\"article\" \/>\n<meta property=\"og:title\" content=\"Le programme pour f\u00eater les 31 ans du Double Fond - Entretiens avec Dominique Duvivier - Toute la magie de Dominique Duvivier\" \/>\n<meta property=\"og:description\" content=\"1\u00e8re partie (\u00e0 partir de 19h, 19h30 ou 20h15 selon les formules) : nos serveurs-magiciens se d\u00e9cha\u00eenent, pendant que vous profitez d\u2019un ap\u00e9ritif ou d\u2019un d\u00eener, selon votre choix. 2\u00e8me partie \u00e0 21h30 : Alexandra et Dominique Duvivier f\u00eatent dignement l\u2019anniversaire du Double Fond avec 3 artistes invit\u00e9s dans des spectacles sp\u00e9cialement \u00e9crits pour l\u2019occasion &hellip;\" \/>\n<meta property=\"og:url\" content=\"https:\/\/www.dominiqueduvivier.com\/index.php\/2019\/02\/25\/le-programme-pour-feter-les-31-ans-du-double-fond\/\" \/>\n<meta property=\"og:site_name\" content=\"Entretiens avec Dominique Duvivier - Toute la magie de Dominique Duvivier\" \/>\n<meta property=\"article:publisher\" content=\"https:\/\/www.facebook.com\/dominique.duvivier.1232\/\" \/>\n<meta property=\"article:published_time\" content=\"2019-02-25T00:25:03+00:00\" \/>\n<meta property=\"article:modified_time\" content=\"2019-08-12T13:06:30+00:00\" \/>\n<meta property=\"og:image\" content=\"https:\/\/www.dominiqueduvivier.com\/wp-content\/uploads\/2019\/02\/affiche-anniversaire-31ans.jpg\" \/>\n\t<meta property=\"og:image:width\" content=\"1240\" \/>\n\t<meta property=\"og:image:height\" content=\"1754\" \/>\n\t<meta property=\"og:image:type\" content=\"image\/jpeg\" \/>\n<meta name=\"twitter:card\" content=\"summary_large_image\" \/>\n<meta name=\"twitter:creator\" content=\"@DDUVIVIER\" \/>\n<meta name=\"twitter:site\" content=\"@DDUVIVIER\" \/>\n<meta name=\"twitter:label1\" content=\"\u00c9crit par\" \/>\n\t<meta name=\"twitter:data1\" content=\"Dominique Duvivier\" \/>\n\t<meta name=\"twitter:label2\" content=\"Dur\u00e9e de lecture estim\u00e9e\" \/>\n\t<meta name=\"twitter:data2\" content=\"1 minute\" \/>\n<script type=\"application\/ld+json\" class=\"yoast-schema-graph\">{\"@context\":\"https:\/\/schema.org\",\"@graph\":[{\"@type\":\"WebSite\",\"@id\":\"https:\/\/www.dominiqueduvivier.com\/#website\",\"url\":\"https:\/\/www.dominiqueduvivier.com\/\",\"name\":\"Entretiens avec Dominique Duvivier - Toute la magie de Dominique Duvivier\",\"description\":\"Dominique Duvivier | Magicien\",\"potentialAction\":[{\"@type\":\"SearchAction\",\"target\":{\"@type\":\"EntryPoint\",\"urlTemplate\":\"https:\/\/www.dominiqueduvivier.com\/?s={search_term_string}\"},\"query-input\":\"required name=search_term_string\"}],\"inLanguage\":\"fr-FR\"},{\"@type\":\"ImageObject\",\"@id\":\"https:\/\/www.dominiqueduvivier.com\/index.php\/2019\/02\/25\/le-programme-pour-feter-les-31-ans-du-double-fond\/#primaryimage\",\"inLanguage\":\"fr-FR\",\"url\":\"https:\/\/www.dominiqueduvivier.com\/wp-content\/uploads\/2019\/02\/affiche-anniversaire-31ans.jpg\",\"contentUrl\":\"https:\/\/www.dominiqueduvivier.com\/wp-content\/uploads\/2019\/02\/affiche-anniversaire-31ans.jpg\",\"width\":1240,\"height\":1754},{\"@type\":\"WebPage\",\"@id\":\"https:\/\/www.dominiqueduvivier.com\/index.php\/2019\/02\/25\/le-programme-pour-feter-les-31-ans-du-double-fond\/#webpage\",\"url\":\"https:\/\/www.dominiqueduvivier.com\/index.php\/2019\/02\/25\/le-programme-pour-feter-les-31-ans-du-double-fond\/\",\"name\":\"Le programme pour f\\u00eater les 31 ans du Double Fond - Entretiens avec Dominique Duvivier - Toute la magie de Dominique Duvivier\",\"isPartOf\":{\"@id\":\"https:\/\/www.dominiqueduvivier.com\/#website\"},\"primaryImageOfPage\":{\"@id\":\"https:\/\/www.dominiqueduvivier.com\/index.php\/2019\/02\/25\/le-programme-pour-feter-les-31-ans-du-double-fond\/#primaryimage\"},\"datePublished\":\"2019-02-25T00:25:03+00:00\",\"dateModified\":\"2019-08-12T13:06:30+00:00\",\"author\":{\"@id\":\"https:\/\/www.dominiqueduvivier.com\/#\/schema\/person\/677c0bd6d5c5d21949cab39bb529a81c\"},\"breadcrumb\":{\"@id\":\"https:\/\/www.dominiqueduvivier.com\/index.php\/2019\/02\/25\/le-programme-pour-feter-les-31-ans-du-double-fond\/#breadcrumb\"},\"inLanguage\":\"fr-FR\",\"potentialAction\":[{\"@type\":\"ReadAction\",\"target\":[\"https:\/\/www.dominiqueduvivier.com\/index.php\/2019\/02\/25\/le-programme-pour-feter-les-31-ans-du-double-fond\/\"]}]},{\"@type\":\"BreadcrumbList\",\"@id\":\"https:\/\/www.dominiqueduvivier.com\/index.php\/2019\/02\/25\/le-programme-pour-feter-les-31-ans-du-double-fond\/#breadcrumb\",\"itemListElement\":[{\"@type\":\"ListItem\",\"position\":1,\"name\":\"Accueil\",\"item\":\"https:\/\/www.dominiqueduvivier.com\/\"},{\"@type\":\"ListItem\",\"position\":2,\"name\":\"Le programme pour f\\u00eater les 31 ans du Double Fond\"}]},{\"@type\":\"Person\",\"@id\":\"https:\/\/www.dominiqueduvivier.com\/#\/schema\/person\/677c0bd6d5c5d21949cab39bb529a81c\",\"name\":\"Dominique Duvivier\",\"image\":{\"@type\":\"ImageObject\",\"@id\":\"https:\/\/www.dominiqueduvivier.com\/#personlogo\",\"inLanguage\":\"fr-FR\",\"url\":\"https:\/\/www.dominiqueduvivier.com\/wp-content\/uploads\/2019\/04\/Double-Fond-1-2-excl-groupes-10-150x150.jpg\",\"contentUrl\":\"https:\/\/www.dominiqueduvivier.com\/wp-content\/uploads\/2019\/04\/Double-Fond-1-2-excl-groupes-10-150x150.jpg\",\"caption\":\"Dominique Duvivier\"},\"description\":\"\\u2663\\ufe0f Magicien. \\u2666\\ufe0f Ma\\u00eetre de l\\u2019art du #CloseUp. \\u2665\\ufe0f Cr\\u00e9ateur de tours et professeur. \\u2660\\ufe0f Fondateur @ledoublefond et directeur de Mayette Magie.\",\"url\":\"https:\/\/www.dominiqueduvivier.com\/index.php\/author\/dominique-duvivier\/\"}]}<\/script>\n<!-- \/ Yoast SEO plugin. -->","yoast_head_json":{"title":"Le programme pour f\u00eater les 31 ans du Double Fond - Entretiens avec Dominique Duvivier - Toute la magie de Dominique Duvivier","robots":{"index":"index","follow":"follow","max-snippet":"max-snippet:-1","max-image-preview":"max-image-preview:large","max-video-preview":"max-video-preview:-1"},"canonical":"https:\/\/www.dominiqueduvivier.com\/index.php\/2019\/02\/25\/le-programme-pour-feter-les-31-ans-du-double-fond\/","og_locale":"fr_FR","og_type":"article","og_title":"Le programme pour f\u00eater les 31 ans du Double Fond - Entretiens avec Dominique Duvivier - Toute la magie de Dominique Duvivier","og_description":"1\u00e8re partie (\u00e0 partir de 19h, 19h30 ou 20h15 selon les formules) : nos serveurs-magiciens se d\u00e9cha\u00eenent, pendant que vous profitez d\u2019un ap\u00e9ritif ou d\u2019un d\u00eener, selon votre choix. 2\u00e8me partie \u00e0 21h30 : Alexandra et Dominique Duvivier f\u00eatent dignement l\u2019anniversaire du Double Fond avec 3 artistes invit\u00e9s dans des spectacles sp\u00e9cialement \u00e9crits pour l\u2019occasion &hellip;","og_url":"https:\/\/www.dominiqueduvivier.com\/index.php\/2019\/02\/25\/le-programme-pour-feter-les-31-ans-du-double-fond\/","og_site_name":"Entretiens avec Dominique Duvivier - Toute la magie de Dominique Duvivier","article_publisher":"https:\/\/www.facebook.com\/dominique.duvivier.1232\/","article_published_time":"2019-02-25T00:25:03+00:00","article_modified_time":"2019-08-12T13:06:30+00:00","og_image":[{"width":1240,"height":1754,"url":"https:\/\/www.dominiqueduvivier.com\/wp-content\/uploads\/2019\/02\/affiche-anniversaire-31ans.jpg","type":"image\/jpeg"}],"twitter_card":"summary_large_image","twitter_creator":"@DDUVIVIER","twitter_site":"@DDUVIVIER","twitter_misc":{"\u00c9crit par":"Dominique Duvivier","Dur\u00e9e de lecture estim\u00e9e":"1 minute"},"schema":{"@context":"https:\/\/schema.org","@graph":[{"@type":"WebSite","@id":"https:\/\/www.dominiqueduvivier.com\/#website","url":"https:\/\/www.dominiqueduvivier.com\/","name":"Entretiens avec Dominique Duvivier - Toute la magie de Dominique Duvivier","description":"Dominique Duvivier | Magicien","potentialAction":[{"@type":"SearchAction","target":{"@type":"EntryPoint","urlTemplate":"https:\/\/www.dominiqueduvivier.com\/?s={search_term_string}"},"query-input":"required name=search_term_string"}],"inLanguage":"fr-FR"},{"@type":"ImageObject","@id":"https:\/\/www.dominiqueduvivier.com\/index.php\/2019\/02\/25\/le-programme-pour-feter-les-31-ans-du-double-fond\/#primaryimage","inLanguage":"fr-FR","url":"https:\/\/www.dominiqueduvivier.com\/wp-content\/uploads\/2019\/02\/affiche-anniversaire-31ans.jpg","contentUrl":"https:\/\/www.dominiqueduvivier.com\/wp-content\/uploads\/2019\/02\/affiche-anniversaire-31ans.jpg","width":1240,"height":1754},{"@type":"WebPage","@id":"https:\/\/www.dominiqueduvivier.com\/index.php\/2019\/02\/25\/le-programme-pour-feter-les-31-ans-du-double-fond\/#webpage","url":"https:\/\/www.dominiqueduvivier.com\/index.php\/2019\/02\/25\/le-programme-pour-feter-les-31-ans-du-double-fond\/","name":"Le programme pour f\u00eater les 31 ans du Double Fond - Entretiens avec Dominique Duvivier - Toute la magie de Dominique Duvivier","isPartOf":{"@id":"https:\/\/www.dominiqueduvivier.com\/#website"},"primaryImageOfPage":{"@id":"https:\/\/www.dominiqueduvivier.com\/index.php\/2019\/02\/25\/le-programme-pour-feter-les-31-ans-du-double-fond\/#primaryimage"},"datePublished":"2019-02-25T00:25:03+00:00","dateModified":"2019-08-12T13:06:30+00:00","author":{"@id":"https:\/\/www.dominiqueduvivier.com\/#\/schema\/person\/677c0bd6d5c5d21949cab39bb529a81c"},"breadcrumb":{"@id":"https:\/\/www.dominiqueduvivier.com\/index.php\/2019\/02\/25\/le-programme-pour-feter-les-31-ans-du-double-fond\/#breadcrumb"},"inLanguage":"fr-FR","potentialAction":[{"@type":"ReadAction","target":["https:\/\/www.dominiqueduvivier.com\/index.php\/2019\/02\/25\/le-programme-pour-feter-les-31-ans-du-double-fond\/"]}]},{"@type":"BreadcrumbList","@id":"https:\/\/www.dominiqueduvivier.com\/index.php\/2019\/02\/25\/le-programme-pour-feter-les-31-ans-du-double-fond\/#breadcrumb","itemListElement":[{"@type":"ListItem","position":1,"name":"Accueil","item":"https:\/\/www.dominiqueduvivier.com\/"},{"@type":"ListItem","position":2,"name":"Le programme pour f\u00eater les 31 ans du Double Fond"}]},{"@type":"Person","@id":"https:\/\/www.dominiqueduvivier.com\/#\/schema\/person\/677c0bd6d5c5d21949cab39bb529a81c","name":"Dominique Duvivier","image":{"@type":"ImageObject","@id":"https:\/\/www.dominiqueduvivier.com\/#personlogo","inLanguage":"fr-FR","url":"https:\/\/www.dominiqueduvivier.com\/wp-content\/uploads\/2019\/04\/Double-Fond-1-2-excl-groupes-10-150x150.jpg","contentUrl":"https:\/\/www.dominiqueduvivier.com\/wp-content\/uploads\/2019\/04\/Double-Fond-1-2-excl-groupes-10-150x150.jpg","caption":"Dominique Duvivier"},"description":"\u2663\ufe0f Magicien. \u2666\ufe0f Ma\u00eetre de l\u2019art du #CloseUp. \u2665\ufe0f Cr\u00e9ateur de tours et professeur. \u2660\ufe0f Fondateur @ledoublefond et directeur de Mayette Magie.","url":"https:\/\/www.dominiqueduvivier.com\/index.php\/author\/dominique-duvivier\/"}]}},"_links":{"self":[{"href":"https:\/\/www.dominiqueduvivier.com\/index.php\/wp-json\/wp\/v2\/posts\/5107"}],"collection":[{"href":"https:\/\/www.dominiqueduvivier.com\/index.php\/wp-json\/wp\/v2\/posts"}],"about":[{"href":"https:\/\/www.dominiqueduvivier.com\/index.php\/wp-json\/wp\/v2\/types\/post"}],"author":[{"embeddable":true,"href":"https:\/\/www.dominiqueduvivier.com\/index.php\/wp-json\/wp\/v2\/users\/2"}],"replies":[{"embeddable":true,"href":"https:\/\/www.dominiqueduvivier.com\/index.php\/wp-json\/wp\/v2\/comments?post=5107"}],"version-history":[{"count":3,"href":"https:\/\/www.dominiqueduvivier.com\/index.php\/wp-json\/wp\/v2\/posts\/5107\/revisions"}],"predecessor-version":[{"id":6183,"href":"https:\/\/www.dominiqueduvivier.com\/index.php\/wp-json\/wp\/v2\/posts\/5107\/revisions\/6183"}],"wp:featuredmedia":[{"embeddable":true,"href":"https:\/\/www.dominiqueduvivier.com\/index.php\/wp-json\/wp\/v2\/media\/5108"}],"wp:attachment":[{"href":"https:\/\/www.dominiqueduvivier.com\/index.php\/wp-json\/wp\/v2\/media?parent=5107"}],"wp:term":[{"taxonomy":"category","embeddable":true,"href":"https:\/\/www.dominiqueduvivier.com\/index.php\/wp-json\/wp\/v2\/categories?post=5107"},{"taxonomy":"post_tag","embeddable":true,"href":"https:\/\/www.dominiqueduvivier.com\/index.php\/wp-json\/wp\/v2\/tags?post=5107"}],"curies":[{"name":"wp","href":"https:\/\/api.w.org\/{rel}","templated":true}]}}