{"id":5039,"date":"2019-01-07T00:01:44","date_gmt":"2019-01-06T23:01:44","guid":{"rendered":"http:\/\/www.dominiqueduvivier.com\/?p=5039"},"modified":"2019-08-12T15:06:31","modified_gmt":"2019-08-12T13:06:31","slug":"mes-voeux-pour-2019","status":"publish","type":"post","link":"https:\/\/www.dominiqueduvivier.com\/index.php\/2019\/01\/07\/mes-voeux-pour-2019\/","title":{"rendered":"Mes voeux pour 2019"},"content":{"rendered":"<p>2018 a \u00e9t\u00e9 une ann\u00e9e magique pour nous&nbsp;: 30 ans d\u2019existence pour Le Double Fond et une pluie d\u2019\u00e9v\u00e9nements plus dingues les uns que les autres, dont vous trouverez ci-dessous les plus marquants (\u00e0 lire si vous avez le temps) !<\/p>\n<p>Notre soleil Alexandra Duvivier fait plus que jamais notre fiert\u00e9&nbsp;: elle fait rayonner notre Double Fond et notre boutique Mayette Magie au-del\u00e0 de nos fronti\u00e8res.<\/p>\n<p>Nous vous souhaitons une merveilleuse ann\u00e9e 2019, que celle-ci soit douce, pleine d\u2019amour et de vie.<\/p>\n<p>&nbsp;<\/p>\n<p><em>Alexandra et Dominique Duvivier, Marie-Christine, Sophie, Adeline, Philippe, Quoc-Tien, David, C\u00e9dric, Sandrine, Nicole, Jean-Pierre, Antoine et Mathilda<\/em><\/p>\n<p><em>&nbsp;<\/em><\/p>\n<p><a href=\"https:\/\/www.dominiqueduvivier.com\/?attachment_id=5040\" rel=\"attachment wp-att-5040\"><img loading=\"lazy\" class=\"alignnone size-large wp-image-5040\" src=\"https:\/\/www.dominiqueduvivier.com\/wp-content\/uploads\/2019\/01\/Alexandra-and-Dominique-Duvivier-1024x683.jpg\" alt=\"\" width=\"540\" height=\"360\" srcset=\"https:\/\/www.dominiqueduvivier.com\/wp-content\/uploads\/2019\/01\/Alexandra-and-Dominique-Duvivier-1024x683.jpg 1024w, https:\/\/www.dominiqueduvivier.com\/wp-content\/uploads\/2019\/01\/Alexandra-and-Dominique-Duvivier-300x200.jpg 300w, https:\/\/www.dominiqueduvivier.com\/wp-content\/uploads\/2019\/01\/Alexandra-and-Dominique-Duvivier-768x512.jpg 768w\" sizes=\"(max-width: 540px) 100vw, 540px\" \/><\/a><\/p>\n<p>&nbsp;<\/p>\n<ul>\n<li>Alexandra a \u00e9t\u00e9 la premi\u00e8re fran\u00e7aise \u00e0 bluffer Penn&amp;Teller dans leur \u00e9mission \u00ab&nbsp;Fool Us&nbsp;\u00bb. <a href=\"https:\/\/www.youtube.com\/watch?v=h15QrgY2_SM&amp;t=95s\">Regardez-la ici (plus de 5 millions de vues&nbsp;!!)&nbsp;<\/a><\/li>\n<li><a href=\"https:\/\/www.doublefond.com\/?email_id=228&amp;user_id=1&amp;urlpassed=aHR0cDovL3d3dy5kb21pbmlxdWVkdXZpdmllci5jb20vMjAxOC8xMi8zMS9hbGV4YW5kcmEtZHV2aXZpZXItYXUtanQtZGUtZnJhbmNlLTMv&amp;controller=stats&amp;action=analyse&amp;wysija-page=1&amp;wysijap=subscriptions\">Alexandra l&rsquo;invit\u00e9e de Soir 3 (JT de France 3)<\/a><\/li>\n<li>Nous avons obtenu le 1er dipl\u00f4me de Magicien bac+2 reconnu par le Minist\u00e8re du Travail en France <a href=\"https:\/\/www.doublefond.com\/formations\/formation-professionnelle-au-metier-de-magicien\/\">Plus d\u2019infos ici&nbsp;!<\/a><\/li>\n<li><a href=\"https:\/\/www.dominiqueduvivier.com\/2018\/12\/17\/les-30-ans-du-double-fond-sur-bfm-tv\/\">Les 30 ans du Double Fond sur BFM&nbsp;<\/a><\/li>\n<li>Des records d\u2019audience pour le podcast \u00ab&nbsp;Et si c\u2019\u00e9tait vrai&nbsp;\u00bb de Dominique <a href=\"https:\/\/www.dominiqueduvivier.com\/category\/podcast\/\">A \u00e9couter ici&nbsp;!<\/a><\/li>\n<li>L\u2019anniversaire des 10 ans du blog de Dominique. <a href=\"https:\/\/www.dominiqueduvivier.com\/2018\/11\/19\/mon-blog-10-ans-deja\/\">Plus de 500 articles post\u00e9s depuis 2008&nbsp;et que vous pouvez lire ici&nbsp;!<\/a><\/li>\n<li>Alexandra \u00e0 l\u2019honneur sur les ondes, notamment&nbsp;:\n<ul>\n<li>France Inter : <a href=\"https:\/\/www.franceinter.fr\/emissions\/vous-les-femmes\/vous-les-femmes-20-mai-2018\">https:\/\/www.franceinter.fr\/emissions\/vous-les-femmes\/vous-les-femmes-20-mai-2018<\/a><\/li>\n<li>France Bleu&nbsp;: <a href=\"https:\/\/www.francebleu.fr\/emissions\/femmes-de-paname\/107-1\/femmes-de-paname-81\">https:\/\/www.francebleu.fr\/emissions\/femmes-de-paname\/107-1\/femmes-de-paname-81<\/a><\/li>\n<li>RTL&nbsp;: <a href=\"https:\/\/www.dominiqueduvivier.com\/2018\/08\/13\/alexandra-duvivier-sur-rtl\/\">https:\/\/www.dominiqueduvivier.com\/2018\/08\/13\/alexandra-duvivier-sur-rtl\/<\/a><\/li>\n<\/ul>\n<\/li>\n<li>2 pages dans Valeurs Actuelles <a href=\"\u2022%09http:\/www.dominiqueduvivier.com\/2018\/11\/26\/alexandra-et-dominique-duvivier-2-pages-dans-valeurs-actuelles\/\">\u00e0 lire ici&nbsp;<\/a>!<\/li>\n<li>Des records de vente pour <a href=\"\u2022%09http:\/www.dominiqueduvivier.com\/2018\/10\/08\/c-i-b-cards-in-bag-de-dominique-duvivier-en-vente\/\">notre nouveau produit&nbsp;CIB<\/a><\/li>\n<li><a href=\"\u2022%09http:\/www.dominiqueduvivier.com\/2018\/11\/12\/emission-tv-avec-alexandra-duvivier-sur-non-stop-people\/\">Alexandra&nbsp;: 12 min d\u2019antenne sur Non Stop People<\/a> et <a href=\"https:\/\/www.youtube.com\/watch?v=R3wX7ovjkzY&amp;t=9s\">Dominique&nbsp;30min d\u2019antenne dans \u00ab&nbsp;Le Grand Show&nbsp;\u00bb, c\u2019est ici&nbsp;!<\/a><\/li>\n<li>15 pages sur les 30 ans du Double Fond dans le <a href=\"\u2022%09http:\/www.dominiqueduvivier.com\/2018\/10\/15\/30-ans-du-double-fond-15-pages-dans-le-magazine-americain-genii\/\">magazine am\u00e9ricain GENII<\/a><\/li>\n<li>Une page sur Alexandra dans \u00ab&nbsp;Point de vue&nbsp;\u00bb, <a href=\"https:\/\/www.dominiqueduvivier.com\/2018\/09\/10\/alexandra-duvivier-dans-point-de-vue\/\">\u00e0 (re)voir ici&nbsp;!<\/a><\/li>\n<li><a href=\"\u2022%09http:\/www.dominiqueduvivier.com\/2018\/09\/10\/les-30-ans-du-double-fond-dans-le-point\/\">Les 30 ans du Double Fond dans \u00ab&nbsp;Le Point&nbsp;\u00bb<\/a><\/li>\n<li>Un nouveau spectacle qui cartonne \u00ab&nbsp;SignatureS&nbsp;\u00bb. <a href=\"\u2022%09http:\/www.dominiqueduvivier.com\/2018\/10\/29\/alexandra-et-dominique-duvivier-sur-bfm-pour-leur-nouveau-spectacle\/\">BFM en parle ici<\/a>&nbsp;!<\/li>\n<li>Pour l\u2019anniversaire des 30 ans du Double Fond, 30 artistes et guests stars du monde du spectacle, du cin\u00e9ma et de la magie sont venus faire la f\u00eate avec nous, en participant au spectacle ! Notamment&nbsp;: <em>Denis Podalyd\u00e8s, Eric Antoine, Viktor Vincent, Bruno Podalyd\u00e8s, Arthur Dreyfus, Olivier Lejeune, Emeline Bayart (la \u00ab&nbsp;B\u00e9cassine&nbsp;\u00bb du nouveau film de Bruno Podalyd\u00e8s), &nbsp;Fran\u00e7oise Fabian, Zabou Breitman, Manu Payet, Claude Perron, Philippe Harrel, Samir Guesmi, Hippolyte Girardot, Michel Field, Virginie Lemoine\u2026 <\/em><a href=\"https:\/\/album.zaclys.com\/?c=116&amp;j=e55c99d9048b26ee7188b620d8e2abde\">Voici des photos<\/a><\/li>\n<li>Un reportage sur les 30 ans du Double Fond sur France 3 <a href=\"https:\/\/www.youtube.com\/watch?v=PfY1-O6zXXg&amp;t=35s\">\u00e0 regarder ici&nbsp;!<\/a><\/li>\n<li><a href=\"\u2022%09http:\/www.dominiqueduvivier.com\/2018\/04\/16\/les-30-ans-du-double-fond-dans-telerama\/\">Les 30 ans du Double Fond dans T\u00e9l\u00e9rama&nbsp;<\/a><\/li>\n<li>Une pleine page sur Le Double Fond dans Le Parisien <a href=\"\u2022%09http:\/www.dominiqueduvivier.com\/2018\/04\/09\/reportage-dans-le-parisien-double-fond-30ans\/\">\u00e0 lire ici&nbsp;!<\/a><\/li>\n<li>Alexandra et Dominique Duvivier sur France Bleu <a href=\"https:\/\/www.dominiqueduvivier.com\/2018\/02\/26\/alexandra-et-dominique-duvivier-sur-france-bleu\/\">\u00e9coutez-les ici&nbsp;!<\/a><\/li>\n<\/ul>\n","protected":false},"excerpt":{"rendered":"<p>2018 a \u00e9t\u00e9 une ann\u00e9e magique pour nous&nbsp;: 30 ans d\u2019existence pour Le Double Fond et une pluie d\u2019\u00e9v\u00e9nements plus dingues les uns que les autres, dont vous trouverez ci-dessous les plus marquants (\u00e0 lire si vous avez le temps) ! Notre soleil Alexandra Duvivier fait plus que jamais notre fiert\u00e9&nbsp;: elle fait rayonner notre &hellip;<\/p>\n","protected":false},"author":2,"featured_media":5040,"comment_status":"open","ping_status":"open","sticky":false,"template":"","format":"standard","meta":{"_monsterinsights_skip_tracking":false,"_monsterinsights_sitenote_active":false,"_monsterinsights_sitenote_note":"","_monsterinsights_sitenote_category":0,"ngg_post_thumbnail":0},"categories":[4],"tags":[],"yoast_head":"<!-- This site is optimized with the Yoast SEO plugin v17.9 - https:\/\/yoast.com\/wordpress\/plugins\/seo\/ -->\n<title>Mes voeux pour 2019 - Entretiens avec Dominique Duvivier - Toute la magie de Dominique Duvivier<\/title>\n<meta name=\"robots\" content=\"index, follow, max-snippet:-1, max-image-preview:large, max-video-preview:-1\" \/>\n<link rel=\"canonical\" href=\"https:\/\/www.dominiqueduvivier.com\/index.php\/2019\/01\/07\/mes-voeux-pour-2019\/\" \/>\n<meta property=\"og:locale\" content=\"fr_FR\" \/>\n<meta property=\"og:type\" content=\"article\" \/>\n<meta property=\"og:title\" content=\"Mes voeux pour 2019 - Entretiens avec Dominique Duvivier - Toute la magie de Dominique Duvivier\" \/>\n<meta property=\"og:description\" content=\"2018 a \u00e9t\u00e9 une ann\u00e9e magique pour nous&nbsp;: 30 ans d\u2019existence pour Le Double Fond et une pluie d\u2019\u00e9v\u00e9nements plus dingues les uns que les autres, dont vous trouverez ci-dessous les plus marquants (\u00e0 lire si vous avez le temps) ! Notre soleil Alexandra Duvivier fait plus que jamais notre fiert\u00e9&nbsp;: elle fait rayonner notre &hellip;\" \/>\n<meta property=\"og:url\" content=\"https:\/\/www.dominiqueduvivier.com\/index.php\/2019\/01\/07\/mes-voeux-pour-2019\/\" \/>\n<meta property=\"og:site_name\" content=\"Entretiens avec Dominique Duvivier - Toute la magie de Dominique Duvivier\" \/>\n<meta property=\"article:publisher\" content=\"https:\/\/www.facebook.com\/dominique.duvivier.1232\/\" \/>\n<meta property=\"article:published_time\" content=\"2019-01-06T23:01:44+00:00\" \/>\n<meta property=\"article:modified_time\" content=\"2019-08-12T13:06:31+00:00\" \/>\n<meta property=\"og:image\" content=\"https:\/\/www.dominiqueduvivier.com\/wp-content\/uploads\/2019\/01\/Alexandra-and-Dominique-Duvivier.jpg\" \/>\n\t<meta property=\"og:image:width\" content=\"2736\" \/>\n\t<meta property=\"og:image:height\" content=\"1824\" \/>\n\t<meta property=\"og:image:type\" content=\"image\/jpeg\" \/>\n<meta name=\"twitter:card\" content=\"summary_large_image\" \/>\n<meta name=\"twitter:creator\" content=\"@DDUVIVIER\" \/>\n<meta name=\"twitter:site\" content=\"@DDUVIVIER\" \/>\n<meta name=\"twitter:label1\" content=\"\u00c9crit par\" \/>\n\t<meta name=\"twitter:data1\" content=\"Dominique Duvivier\" \/>\n\t<meta name=\"twitter:label2\" content=\"Dur\u00e9e de lecture estim\u00e9e\" \/>\n\t<meta name=\"twitter:data2\" content=\"2 minutes\" \/>\n<script type=\"application\/ld+json\" class=\"yoast-schema-graph\">{\"@context\":\"https:\/\/schema.org\",\"@graph\":[{\"@type\":\"WebSite\",\"@id\":\"https:\/\/www.dominiqueduvivier.com\/#website\",\"url\":\"https:\/\/www.dominiqueduvivier.com\/\",\"name\":\"Entretiens avec Dominique Duvivier - Toute la magie de Dominique Duvivier\",\"description\":\"Dominique Duvivier | Magicien\",\"potentialAction\":[{\"@type\":\"SearchAction\",\"target\":{\"@type\":\"EntryPoint\",\"urlTemplate\":\"https:\/\/www.dominiqueduvivier.com\/?s={search_term_string}\"},\"query-input\":\"required name=search_term_string\"}],\"inLanguage\":\"fr-FR\"},{\"@type\":\"ImageObject\",\"@id\":\"https:\/\/www.dominiqueduvivier.com\/index.php\/2019\/01\/07\/mes-voeux-pour-2019\/#primaryimage\",\"inLanguage\":\"fr-FR\",\"url\":\"https:\/\/www.dominiqueduvivier.com\/wp-content\/uploads\/2019\/01\/Alexandra-and-Dominique-Duvivier.jpg\",\"contentUrl\":\"https:\/\/www.dominiqueduvivier.com\/wp-content\/uploads\/2019\/01\/Alexandra-and-Dominique-Duvivier.jpg\",\"width\":2736,\"height\":1824},{\"@type\":\"WebPage\",\"@id\":\"https:\/\/www.dominiqueduvivier.com\/index.php\/2019\/01\/07\/mes-voeux-pour-2019\/#webpage\",\"url\":\"https:\/\/www.dominiqueduvivier.com\/index.php\/2019\/01\/07\/mes-voeux-pour-2019\/\",\"name\":\"Mes voeux pour 2019 - Entretiens avec Dominique Duvivier - Toute la magie de Dominique Duvivier\",\"isPartOf\":{\"@id\":\"https:\/\/www.dominiqueduvivier.com\/#website\"},\"primaryImageOfPage\":{\"@id\":\"https:\/\/www.dominiqueduvivier.com\/index.php\/2019\/01\/07\/mes-voeux-pour-2019\/#primaryimage\"},\"datePublished\":\"2019-01-06T23:01:44+00:00\",\"dateModified\":\"2019-08-12T13:06:31+00:00\",\"author\":{\"@id\":\"https:\/\/www.dominiqueduvivier.com\/#\/schema\/person\/677c0bd6d5c5d21949cab39bb529a81c\"},\"breadcrumb\":{\"@id\":\"https:\/\/www.dominiqueduvivier.com\/index.php\/2019\/01\/07\/mes-voeux-pour-2019\/#breadcrumb\"},\"inLanguage\":\"fr-FR\",\"potentialAction\":[{\"@type\":\"ReadAction\",\"target\":[\"https:\/\/www.dominiqueduvivier.com\/index.php\/2019\/01\/07\/mes-voeux-pour-2019\/\"]}]},{\"@type\":\"BreadcrumbList\",\"@id\":\"https:\/\/www.dominiqueduvivier.com\/index.php\/2019\/01\/07\/mes-voeux-pour-2019\/#breadcrumb\",\"itemListElement\":[{\"@type\":\"ListItem\",\"position\":1,\"name\":\"Accueil\",\"item\":\"https:\/\/www.dominiqueduvivier.com\/\"},{\"@type\":\"ListItem\",\"position\":2,\"name\":\"Mes voeux pour 2019\"}]},{\"@type\":\"Person\",\"@id\":\"https:\/\/www.dominiqueduvivier.com\/#\/schema\/person\/677c0bd6d5c5d21949cab39bb529a81c\",\"name\":\"Dominique Duvivier\",\"image\":{\"@type\":\"ImageObject\",\"@id\":\"https:\/\/www.dominiqueduvivier.com\/#personlogo\",\"inLanguage\":\"fr-FR\",\"url\":\"https:\/\/www.dominiqueduvivier.com\/wp-content\/uploads\/2019\/04\/Double-Fond-1-2-excl-groupes-10-150x150.jpg\",\"contentUrl\":\"https:\/\/www.dominiqueduvivier.com\/wp-content\/uploads\/2019\/04\/Double-Fond-1-2-excl-groupes-10-150x150.jpg\",\"caption\":\"Dominique Duvivier\"},\"description\":\"\\u2663\\ufe0f Magicien. \\u2666\\ufe0f Ma\\u00eetre de l\\u2019art du #CloseUp. \\u2665\\ufe0f Cr\\u00e9ateur de tours et professeur. \\u2660\\ufe0f Fondateur @ledoublefond et directeur de Mayette Magie.\",\"url\":\"https:\/\/www.dominiqueduvivier.com\/index.php\/author\/dominique-duvivier\/\"}]}<\/script>\n<!-- \/ Yoast SEO plugin. -->","yoast_head_json":{"title":"Mes voeux pour 2019 - Entretiens avec Dominique Duvivier - Toute la magie de Dominique Duvivier","robots":{"index":"index","follow":"follow","max-snippet":"max-snippet:-1","max-image-preview":"max-image-preview:large","max-video-preview":"max-video-preview:-1"},"canonical":"https:\/\/www.dominiqueduvivier.com\/index.php\/2019\/01\/07\/mes-voeux-pour-2019\/","og_locale":"fr_FR","og_type":"article","og_title":"Mes voeux pour 2019 - Entretiens avec Dominique Duvivier - Toute la magie de Dominique Duvivier","og_description":"2018 a \u00e9t\u00e9 une ann\u00e9e magique pour nous&nbsp;: 30 ans d\u2019existence pour Le Double Fond et une pluie d\u2019\u00e9v\u00e9nements plus dingues les uns que les autres, dont vous trouverez ci-dessous les plus marquants (\u00e0 lire si vous avez le temps) ! Notre soleil Alexandra Duvivier fait plus que jamais notre fiert\u00e9&nbsp;: elle fait rayonner notre &hellip;","og_url":"https:\/\/www.dominiqueduvivier.com\/index.php\/2019\/01\/07\/mes-voeux-pour-2019\/","og_site_name":"Entretiens avec Dominique Duvivier - Toute la magie de Dominique Duvivier","article_publisher":"https:\/\/www.facebook.com\/dominique.duvivier.1232\/","article_published_time":"2019-01-06T23:01:44+00:00","article_modified_time":"2019-08-12T13:06:31+00:00","og_image":[{"width":2736,"height":1824,"url":"https:\/\/www.dominiqueduvivier.com\/wp-content\/uploads\/2019\/01\/Alexandra-and-Dominique-Duvivier.jpg","type":"image\/jpeg"}],"twitter_card":"summary_large_image","twitter_creator":"@DDUVIVIER","twitter_site":"@DDUVIVIER","twitter_misc":{"\u00c9crit par":"Dominique Duvivier","Dur\u00e9e de lecture estim\u00e9e":"2 minutes"},"schema":{"@context":"https:\/\/schema.org","@graph":[{"@type":"WebSite","@id":"https:\/\/www.dominiqueduvivier.com\/#website","url":"https:\/\/www.dominiqueduvivier.com\/","name":"Entretiens avec Dominique Duvivier - Toute la magie de Dominique Duvivier","description":"Dominique Duvivier | Magicien","potentialAction":[{"@type":"SearchAction","target":{"@type":"EntryPoint","urlTemplate":"https:\/\/www.dominiqueduvivier.com\/?s={search_term_string}"},"query-input":"required name=search_term_string"}],"inLanguage":"fr-FR"},{"@type":"ImageObject","@id":"https:\/\/www.dominiqueduvivier.com\/index.php\/2019\/01\/07\/mes-voeux-pour-2019\/#primaryimage","inLanguage":"fr-FR","url":"https:\/\/www.dominiqueduvivier.com\/wp-content\/uploads\/2019\/01\/Alexandra-and-Dominique-Duvivier.jpg","contentUrl":"https:\/\/www.dominiqueduvivier.com\/wp-content\/uploads\/2019\/01\/Alexandra-and-Dominique-Duvivier.jpg","width":2736,"height":1824},{"@type":"WebPage","@id":"https:\/\/www.dominiqueduvivier.com\/index.php\/2019\/01\/07\/mes-voeux-pour-2019\/#webpage","url":"https:\/\/www.dominiqueduvivier.com\/index.php\/2019\/01\/07\/mes-voeux-pour-2019\/","name":"Mes voeux pour 2019 - Entretiens avec Dominique Duvivier - Toute la magie de Dominique Duvivier","isPartOf":{"@id":"https:\/\/www.dominiqueduvivier.com\/#website"},"primaryImageOfPage":{"@id":"https:\/\/www.dominiqueduvivier.com\/index.php\/2019\/01\/07\/mes-voeux-pour-2019\/#primaryimage"},"datePublished":"2019-01-06T23:01:44+00:00","dateModified":"2019-08-12T13:06:31+00:00","author":{"@id":"https:\/\/www.dominiqueduvivier.com\/#\/schema\/person\/677c0bd6d5c5d21949cab39bb529a81c"},"breadcrumb":{"@id":"https:\/\/www.dominiqueduvivier.com\/index.php\/2019\/01\/07\/mes-voeux-pour-2019\/#breadcrumb"},"inLanguage":"fr-FR","potentialAction":[{"@type":"ReadAction","target":["https:\/\/www.dominiqueduvivier.com\/index.php\/2019\/01\/07\/mes-voeux-pour-2019\/"]}]},{"@type":"BreadcrumbList","@id":"https:\/\/www.dominiqueduvivier.com\/index.php\/2019\/01\/07\/mes-voeux-pour-2019\/#breadcrumb","itemListElement":[{"@type":"ListItem","position":1,"name":"Accueil","item":"https:\/\/www.dominiqueduvivier.com\/"},{"@type":"ListItem","position":2,"name":"Mes voeux pour 2019"}]},{"@type":"Person","@id":"https:\/\/www.dominiqueduvivier.com\/#\/schema\/person\/677c0bd6d5c5d21949cab39bb529a81c","name":"Dominique Duvivier","image":{"@type":"ImageObject","@id":"https:\/\/www.dominiqueduvivier.com\/#personlogo","inLanguage":"fr-FR","url":"https:\/\/www.dominiqueduvivier.com\/wp-content\/uploads\/2019\/04\/Double-Fond-1-2-excl-groupes-10-150x150.jpg","contentUrl":"https:\/\/www.dominiqueduvivier.com\/wp-content\/uploads\/2019\/04\/Double-Fond-1-2-excl-groupes-10-150x150.jpg","caption":"Dominique Duvivier"},"description":"\u2663\ufe0f Magicien. \u2666\ufe0f Ma\u00eetre de l\u2019art du #CloseUp. \u2665\ufe0f Cr\u00e9ateur de tours et professeur. \u2660\ufe0f Fondateur @ledoublefond et directeur de Mayette Magie.","url":"https:\/\/www.dominiqueduvivier.com\/index.php\/author\/dominique-duvivier\/"}]}},"_links":{"self":[{"href":"https:\/\/www.dominiqueduvivier.com\/index.php\/wp-json\/wp\/v2\/posts\/5039"}],"collection":[{"href":"https:\/\/www.dominiqueduvivier.com\/index.php\/wp-json\/wp\/v2\/posts"}],"about":[{"href":"https:\/\/www.dominiqueduvivier.com\/index.php\/wp-json\/wp\/v2\/types\/post"}],"author":[{"embeddable":true,"href":"https:\/\/www.dominiqueduvivier.com\/index.php\/wp-json\/wp\/v2\/users\/2"}],"replies":[{"embeddable":true,"href":"https:\/\/www.dominiqueduvivier.com\/index.php\/wp-json\/wp\/v2\/comments?post=5039"}],"version-history":[{"count":2,"href":"https:\/\/www.dominiqueduvivier.com\/index.php\/wp-json\/wp\/v2\/posts\/5039\/revisions"}],"predecessor-version":[{"id":6188,"href":"https:\/\/www.dominiqueduvivier.com\/index.php\/wp-json\/wp\/v2\/posts\/5039\/revisions\/6188"}],"wp:featuredmedia":[{"embeddable":true,"href":"https:\/\/www.dominiqueduvivier.com\/index.php\/wp-json\/wp\/v2\/media\/5040"}],"wp:attachment":[{"href":"https:\/\/www.dominiqueduvivier.com\/index.php\/wp-json\/wp\/v2\/media?parent=5039"}],"wp:term":[{"taxonomy":"category","embeddable":true,"href":"https:\/\/www.dominiqueduvivier.com\/index.php\/wp-json\/wp\/v2\/categories?post=5039"},{"taxonomy":"post_tag","embeddable":true,"href":"https:\/\/www.dominiqueduvivier.com\/index.php\/wp-json\/wp\/v2\/tags?post=5039"}],"curies":[{"name":"wp","href":"https:\/\/api.w.org\/{rel}","templated":true}]}}