{"id":4985,"date":"2018-11-19T00:01:19","date_gmt":"2018-11-18T23:01:19","guid":{"rendered":"http:\/\/www.dominiqueduvivier.com\/?p=4985"},"modified":"2019-08-12T15:06:32","modified_gmt":"2019-08-12T13:06:32","slug":"seance-dedicace-a-la-boutique-mayette-samedi-24-novembre-2018","status":"publish","type":"post","link":"https:\/\/www.dominiqueduvivier.com\/index.php\/2018\/11\/19\/seance-dedicace-a-la-boutique-mayette-samedi-24-novembre-2018\/","title":{"rendered":"S\u00e9ance d\u00e9dicace \u00e0 la boutique Mayette samedi 24 novembre 2018"},"content":{"rendered":"<p>Mes chers fid\u00e8les lecteurs\u00a0!<\/p>\n<p>Je serai tr\u00e8s heureux de vous accueillir \u00e0 la boutique Mayette ce samedi 24 novembre entre 16h et 19h pour d\u00e9dicacer mes nouveaux produits\u00a0:<\/p>\n<p>Le Duvivier Wallet, mon portefeuille \u00ab\u00a0tout en un\u00a0\u00bb que nous avons pu enfin faire refabriquer apr\u00e8s 15 ans d\u2019attente. <a href=\"https:\/\/www.mayette.com\/produit\/duvivier-wallet\/344673\/wallet\/\">Plus d\u2019info sur le produit, ici<\/a><\/p>\n<p>Et bien s\u00fbr aussi CIB, qui conna\u00eet le meilleur d\u00e9marrage qu\u2019on n\u2019ait jamais connu et avec lequel ma fille Alexandra a fool\u00e9 Penn &amp; Teller <a href=\"https:\/\/www.mayette.com\/produit\/c-i-b-cartes-au-sac\/344667\/sac\">Plus d\u2019info sur le produit, ici<\/a><\/p>\n<p>Amiti\u00e9s<\/p>\n<p>Dominique Duvivier<\/p>\n<p><a href=\"https:\/\/www.dominiqueduvivier.com\/dsc01710\/\"><img loading=\"lazy\" class=\"alignnone size-large wp-image-4983\" src=\"https:\/\/www.dominiqueduvivier.com\/wp-content\/uploads\/2018\/11\/DSC01710-e1542508167134-683x1024.jpg\" alt=\"\" width=\"540\" height=\"810\" srcset=\"https:\/\/www.dominiqueduvivier.com\/wp-content\/uploads\/2018\/11\/DSC01710-e1542508167134-683x1024.jpg 683w, https:\/\/www.dominiqueduvivier.com\/wp-content\/uploads\/2018\/11\/DSC01710-e1542508167134-200x300.jpg 200w, https:\/\/www.dominiqueduvivier.com\/wp-content\/uploads\/2018\/11\/DSC01710-e1542508167134-768x1152.jpg 768w, https:\/\/www.dominiqueduvivier.com\/wp-content\/uploads\/2018\/11\/DSC01710-e1542508167134.jpg 1824w\" sizes=\"(max-width: 540px) 100vw, 540px\" \/><\/a><\/p>\n","protected":false},"excerpt":{"rendered":"<p>Mes chers fid\u00e8les lecteurs\u00a0! Je serai tr\u00e8s heureux de vous accueillir \u00e0 la boutique Mayette ce samedi 24 novembre entre 16h et 19h pour d\u00e9dicacer mes nouveaux produits\u00a0: Le Duvivier Wallet, mon portefeuille \u00ab\u00a0tout en un\u00a0\u00bb que nous avons pu enfin faire refabriquer apr\u00e8s 15 ans d\u2019attente. Plus d\u2019info sur le produit, ici Et bien &hellip;<\/p>\n","protected":false},"author":2,"featured_media":0,"comment_status":"open","ping_status":"open","sticky":false,"template":"","format":"standard","meta":{"_monsterinsights_skip_tracking":false,"_monsterinsights_sitenote_active":false,"_monsterinsights_sitenote_note":"","_monsterinsights_sitenote_category":0,"ngg_post_thumbnail":0},"categories":[4],"tags":[7,15,18],"yoast_head":"<!-- This site is optimized with the Yoast SEO plugin v17.9 - https:\/\/yoast.com\/wordpress\/plugins\/seo\/ -->\n<title>S\u00e9ance d\u00e9dicace \u00e0 la boutique Mayette samedi 24 novembre 2018 - Entretiens avec Dominique Duvivier - Toute la magie de Dominique Duvivier<\/title>\n<meta name=\"robots\" content=\"index, follow, max-snippet:-1, max-image-preview:large, max-video-preview:-1\" \/>\n<link rel=\"canonical\" href=\"https:\/\/www.dominiqueduvivier.com\/index.php\/2018\/11\/19\/seance-dedicace-a-la-boutique-mayette-samedi-24-novembre-2018\/\" \/>\n<meta property=\"og:locale\" content=\"fr_FR\" \/>\n<meta property=\"og:type\" content=\"article\" \/>\n<meta property=\"og:title\" content=\"S\u00e9ance d\u00e9dicace \u00e0 la boutique Mayette samedi 24 novembre 2018 - Entretiens avec Dominique Duvivier - Toute la magie de Dominique Duvivier\" \/>\n<meta property=\"og:description\" content=\"Mes chers fid\u00e8les lecteurs\u00a0! Je serai tr\u00e8s heureux de vous accueillir \u00e0 la boutique Mayette ce samedi 24 novembre entre 16h et 19h pour d\u00e9dicacer mes nouveaux produits\u00a0: Le Duvivier Wallet, mon portefeuille \u00ab\u00a0tout en un\u00a0\u00bb que nous avons pu enfin faire refabriquer apr\u00e8s 15 ans d\u2019attente. Plus d\u2019info sur le produit, ici Et bien &hellip;\" \/>\n<meta property=\"og:url\" content=\"https:\/\/www.dominiqueduvivier.com\/index.php\/2018\/11\/19\/seance-dedicace-a-la-boutique-mayette-samedi-24-novembre-2018\/\" \/>\n<meta property=\"og:site_name\" content=\"Entretiens avec Dominique Duvivier - Toute la magie de Dominique Duvivier\" \/>\n<meta property=\"article:publisher\" content=\"https:\/\/www.facebook.com\/dominique.duvivier.1232\/\" \/>\n<meta property=\"article:published_time\" content=\"2018-11-18T23:01:19+00:00\" \/>\n<meta property=\"article:modified_time\" content=\"2019-08-12T13:06:32+00:00\" \/>\n<meta property=\"og:image\" content=\"https:\/\/www.dominiqueduvivier.com\/wp-content\/uploads\/2018\/11\/DSC01710-e1542508167134-683x1024.jpg\" \/>\n<meta name=\"twitter:card\" content=\"summary_large_image\" \/>\n<meta name=\"twitter:creator\" content=\"@DDUVIVIER\" \/>\n<meta name=\"twitter:site\" content=\"@DDUVIVIER\" \/>\n<meta name=\"twitter:label1\" content=\"\u00c9crit par\" \/>\n\t<meta name=\"twitter:data1\" content=\"Dominique Duvivier\" \/>\n<script type=\"application\/ld+json\" class=\"yoast-schema-graph\">{\"@context\":\"https:\/\/schema.org\",\"@graph\":[{\"@type\":\"WebSite\",\"@id\":\"https:\/\/www.dominiqueduvivier.com\/#website\",\"url\":\"https:\/\/www.dominiqueduvivier.com\/\",\"name\":\"Entretiens avec Dominique Duvivier - Toute la magie de Dominique Duvivier\",\"description\":\"Dominique Duvivier | Magicien\",\"potentialAction\":[{\"@type\":\"SearchAction\",\"target\":{\"@type\":\"EntryPoint\",\"urlTemplate\":\"https:\/\/www.dominiqueduvivier.com\/?s={search_term_string}\"},\"query-input\":\"required name=search_term_string\"}],\"inLanguage\":\"fr-FR\"},{\"@type\":\"ImageObject\",\"@id\":\"https:\/\/www.dominiqueduvivier.com\/index.php\/2018\/11\/19\/seance-dedicace-a-la-boutique-mayette-samedi-24-novembre-2018\/#primaryimage\",\"inLanguage\":\"fr-FR\",\"url\":\"https:\/\/www.dominiqueduvivier.com\/wp-content\/uploads\/2018\/11\/DSC01710-e1542508167134.jpg\",\"contentUrl\":\"https:\/\/www.dominiqueduvivier.com\/wp-content\/uploads\/2018\/11\/DSC01710-e1542508167134.jpg\",\"width\":1824,\"height\":2736},{\"@type\":\"WebPage\",\"@id\":\"https:\/\/www.dominiqueduvivier.com\/index.php\/2018\/11\/19\/seance-dedicace-a-la-boutique-mayette-samedi-24-novembre-2018\/#webpage\",\"url\":\"https:\/\/www.dominiqueduvivier.com\/index.php\/2018\/11\/19\/seance-dedicace-a-la-boutique-mayette-samedi-24-novembre-2018\/\",\"name\":\"S\\u00e9ance d\\u00e9dicace \\u00e0 la boutique Mayette samedi 24 novembre 2018 - Entretiens avec Dominique Duvivier - Toute la magie de Dominique Duvivier\",\"isPartOf\":{\"@id\":\"https:\/\/www.dominiqueduvivier.com\/#website\"},\"primaryImageOfPage\":{\"@id\":\"https:\/\/www.dominiqueduvivier.com\/index.php\/2018\/11\/19\/seance-dedicace-a-la-boutique-mayette-samedi-24-novembre-2018\/#primaryimage\"},\"datePublished\":\"2018-11-18T23:01:19+00:00\",\"dateModified\":\"2019-08-12T13:06:32+00:00\",\"author\":{\"@id\":\"https:\/\/www.dominiqueduvivier.com\/#\/schema\/person\/677c0bd6d5c5d21949cab39bb529a81c\"},\"breadcrumb\":{\"@id\":\"https:\/\/www.dominiqueduvivier.com\/index.php\/2018\/11\/19\/seance-dedicace-a-la-boutique-mayette-samedi-24-novembre-2018\/#breadcrumb\"},\"inLanguage\":\"fr-FR\",\"potentialAction\":[{\"@type\":\"ReadAction\",\"target\":[\"https:\/\/www.dominiqueduvivier.com\/index.php\/2018\/11\/19\/seance-dedicace-a-la-boutique-mayette-samedi-24-novembre-2018\/\"]}]},{\"@type\":\"BreadcrumbList\",\"@id\":\"https:\/\/www.dominiqueduvivier.com\/index.php\/2018\/11\/19\/seance-dedicace-a-la-boutique-mayette-samedi-24-novembre-2018\/#breadcrumb\",\"itemListElement\":[{\"@type\":\"ListItem\",\"position\":1,\"name\":\"Accueil\",\"item\":\"https:\/\/www.dominiqueduvivier.com\/\"},{\"@type\":\"ListItem\",\"position\":2,\"name\":\"S\\u00e9ance d\\u00e9dicace \\u00e0 la boutique Mayette samedi 24 novembre 2018\"}]},{\"@type\":\"Person\",\"@id\":\"https:\/\/www.dominiqueduvivier.com\/#\/schema\/person\/677c0bd6d5c5d21949cab39bb529a81c\",\"name\":\"Dominique Duvivier\",\"image\":{\"@type\":\"ImageObject\",\"@id\":\"https:\/\/www.dominiqueduvivier.com\/#personlogo\",\"inLanguage\":\"fr-FR\",\"url\":\"https:\/\/www.dominiqueduvivier.com\/wp-content\/uploads\/2019\/04\/Double-Fond-1-2-excl-groupes-10-150x150.jpg\",\"contentUrl\":\"https:\/\/www.dominiqueduvivier.com\/wp-content\/uploads\/2019\/04\/Double-Fond-1-2-excl-groupes-10-150x150.jpg\",\"caption\":\"Dominique Duvivier\"},\"description\":\"\\u2663\\ufe0f Magicien. \\u2666\\ufe0f Ma\\u00eetre de l\\u2019art du #CloseUp. \\u2665\\ufe0f Cr\\u00e9ateur de tours et professeur. \\u2660\\ufe0f Fondateur @ledoublefond et directeur de Mayette Magie.\",\"url\":\"https:\/\/www.dominiqueduvivier.com\/index.php\/author\/dominique-duvivier\/\"}]}<\/script>\n<!-- \/ Yoast SEO plugin. -->","yoast_head_json":{"title":"S\u00e9ance d\u00e9dicace \u00e0 la boutique Mayette samedi 24 novembre 2018 - Entretiens avec Dominique Duvivier - Toute la magie de Dominique Duvivier","robots":{"index":"index","follow":"follow","max-snippet":"max-snippet:-1","max-image-preview":"max-image-preview:large","max-video-preview":"max-video-preview:-1"},"canonical":"https:\/\/www.dominiqueduvivier.com\/index.php\/2018\/11\/19\/seance-dedicace-a-la-boutique-mayette-samedi-24-novembre-2018\/","og_locale":"fr_FR","og_type":"article","og_title":"S\u00e9ance d\u00e9dicace \u00e0 la boutique Mayette samedi 24 novembre 2018 - Entretiens avec Dominique Duvivier - Toute la magie de Dominique Duvivier","og_description":"Mes chers fid\u00e8les lecteurs\u00a0! Je serai tr\u00e8s heureux de vous accueillir \u00e0 la boutique Mayette ce samedi 24 novembre entre 16h et 19h pour d\u00e9dicacer mes nouveaux produits\u00a0: Le Duvivier Wallet, mon portefeuille \u00ab\u00a0tout en un\u00a0\u00bb que nous avons pu enfin faire refabriquer apr\u00e8s 15 ans d\u2019attente. Plus d\u2019info sur le produit, ici Et bien &hellip;","og_url":"https:\/\/www.dominiqueduvivier.com\/index.php\/2018\/11\/19\/seance-dedicace-a-la-boutique-mayette-samedi-24-novembre-2018\/","og_site_name":"Entretiens avec Dominique Duvivier - Toute la magie de Dominique Duvivier","article_publisher":"https:\/\/www.facebook.com\/dominique.duvivier.1232\/","article_published_time":"2018-11-18T23:01:19+00:00","article_modified_time":"2019-08-12T13:06:32+00:00","og_image":[{"url":"https:\/\/www.dominiqueduvivier.com\/wp-content\/uploads\/2018\/11\/DSC01710-e1542508167134-683x1024.jpg"}],"twitter_card":"summary_large_image","twitter_creator":"@DDUVIVIER","twitter_site":"@DDUVIVIER","twitter_misc":{"\u00c9crit par":"Dominique Duvivier"},"schema":{"@context":"https:\/\/schema.org","@graph":[{"@type":"WebSite","@id":"https:\/\/www.dominiqueduvivier.com\/#website","url":"https:\/\/www.dominiqueduvivier.com\/","name":"Entretiens avec Dominique Duvivier - Toute la magie de Dominique Duvivier","description":"Dominique Duvivier | Magicien","potentialAction":[{"@type":"SearchAction","target":{"@type":"EntryPoint","urlTemplate":"https:\/\/www.dominiqueduvivier.com\/?s={search_term_string}"},"query-input":"required name=search_term_string"}],"inLanguage":"fr-FR"},{"@type":"ImageObject","@id":"https:\/\/www.dominiqueduvivier.com\/index.php\/2018\/11\/19\/seance-dedicace-a-la-boutique-mayette-samedi-24-novembre-2018\/#primaryimage","inLanguage":"fr-FR","url":"https:\/\/www.dominiqueduvivier.com\/wp-content\/uploads\/2018\/11\/DSC01710-e1542508167134.jpg","contentUrl":"https:\/\/www.dominiqueduvivier.com\/wp-content\/uploads\/2018\/11\/DSC01710-e1542508167134.jpg","width":1824,"height":2736},{"@type":"WebPage","@id":"https:\/\/www.dominiqueduvivier.com\/index.php\/2018\/11\/19\/seance-dedicace-a-la-boutique-mayette-samedi-24-novembre-2018\/#webpage","url":"https:\/\/www.dominiqueduvivier.com\/index.php\/2018\/11\/19\/seance-dedicace-a-la-boutique-mayette-samedi-24-novembre-2018\/","name":"S\u00e9ance d\u00e9dicace \u00e0 la boutique Mayette samedi 24 novembre 2018 - Entretiens avec Dominique Duvivier - Toute la magie de Dominique Duvivier","isPartOf":{"@id":"https:\/\/www.dominiqueduvivier.com\/#website"},"primaryImageOfPage":{"@id":"https:\/\/www.dominiqueduvivier.com\/index.php\/2018\/11\/19\/seance-dedicace-a-la-boutique-mayette-samedi-24-novembre-2018\/#primaryimage"},"datePublished":"2018-11-18T23:01:19+00:00","dateModified":"2019-08-12T13:06:32+00:00","author":{"@id":"https:\/\/www.dominiqueduvivier.com\/#\/schema\/person\/677c0bd6d5c5d21949cab39bb529a81c"},"breadcrumb":{"@id":"https:\/\/www.dominiqueduvivier.com\/index.php\/2018\/11\/19\/seance-dedicace-a-la-boutique-mayette-samedi-24-novembre-2018\/#breadcrumb"},"inLanguage":"fr-FR","potentialAction":[{"@type":"ReadAction","target":["https:\/\/www.dominiqueduvivier.com\/index.php\/2018\/11\/19\/seance-dedicace-a-la-boutique-mayette-samedi-24-novembre-2018\/"]}]},{"@type":"BreadcrumbList","@id":"https:\/\/www.dominiqueduvivier.com\/index.php\/2018\/11\/19\/seance-dedicace-a-la-boutique-mayette-samedi-24-novembre-2018\/#breadcrumb","itemListElement":[{"@type":"ListItem","position":1,"name":"Accueil","item":"https:\/\/www.dominiqueduvivier.com\/"},{"@type":"ListItem","position":2,"name":"S\u00e9ance d\u00e9dicace \u00e0 la boutique Mayette samedi 24 novembre 2018"}]},{"@type":"Person","@id":"https:\/\/www.dominiqueduvivier.com\/#\/schema\/person\/677c0bd6d5c5d21949cab39bb529a81c","name":"Dominique Duvivier","image":{"@type":"ImageObject","@id":"https:\/\/www.dominiqueduvivier.com\/#personlogo","inLanguage":"fr-FR","url":"https:\/\/www.dominiqueduvivier.com\/wp-content\/uploads\/2019\/04\/Double-Fond-1-2-excl-groupes-10-150x150.jpg","contentUrl":"https:\/\/www.dominiqueduvivier.com\/wp-content\/uploads\/2019\/04\/Double-Fond-1-2-excl-groupes-10-150x150.jpg","caption":"Dominique Duvivier"},"description":"\u2663\ufe0f Magicien. \u2666\ufe0f Ma\u00eetre de l\u2019art du #CloseUp. \u2665\ufe0f Cr\u00e9ateur de tours et professeur. \u2660\ufe0f Fondateur @ledoublefond et directeur de Mayette Magie.","url":"https:\/\/www.dominiqueduvivier.com\/index.php\/author\/dominique-duvivier\/"}]}},"_links":{"self":[{"href":"https:\/\/www.dominiqueduvivier.com\/index.php\/wp-json\/wp\/v2\/posts\/4985"}],"collection":[{"href":"https:\/\/www.dominiqueduvivier.com\/index.php\/wp-json\/wp\/v2\/posts"}],"about":[{"href":"https:\/\/www.dominiqueduvivier.com\/index.php\/wp-json\/wp\/v2\/types\/post"}],"author":[{"embeddable":true,"href":"https:\/\/www.dominiqueduvivier.com\/index.php\/wp-json\/wp\/v2\/users\/2"}],"replies":[{"embeddable":true,"href":"https:\/\/www.dominiqueduvivier.com\/index.php\/wp-json\/wp\/v2\/comments?post=4985"}],"version-history":[{"count":1,"href":"https:\/\/www.dominiqueduvivier.com\/index.php\/wp-json\/wp\/v2\/posts\/4985\/revisions"}],"predecessor-version":[{"id":5285,"href":"https:\/\/www.dominiqueduvivier.com\/index.php\/wp-json\/wp\/v2\/posts\/4985\/revisions\/5285"}],"wp:attachment":[{"href":"https:\/\/www.dominiqueduvivier.com\/index.php\/wp-json\/wp\/v2\/media?parent=4985"}],"wp:term":[{"taxonomy":"category","embeddable":true,"href":"https:\/\/www.dominiqueduvivier.com\/index.php\/wp-json\/wp\/v2\/categories?post=4985"},{"taxonomy":"post_tag","embeddable":true,"href":"https:\/\/www.dominiqueduvivier.com\/index.php\/wp-json\/wp\/v2\/tags?post=4985"}],"curies":[{"name":"wp","href":"https:\/\/api.w.org\/{rel}","templated":true}]}}