{"id":4351,"date":"2017-08-28T00:01:52","date_gmt":"2017-08-27T22:01:52","guid":{"rendered":"http:\/\/www.dominiqueduvivier.com\/?p=4351"},"modified":"2019-08-12T15:06:41","modified_gmt":"2019-08-12T13:06:41","slug":"numero-special-dominique-duvivier-questionnaire-de-proust","status":"publish","type":"post","link":"https:\/\/www.dominiqueduvivier.com\/index.php\/2017\/08\/28\/numero-special-dominique-duvivier-questionnaire-de-proust\/","title":{"rendered":"Num\u00e9ro sp\u00e9cial Dominique Duvivier &#8211; Questionnaire de Proust"},"content":{"rendered":"<p>Mes chers et fid\u00e8les lecteurs,<\/p>\n<p>Pendant quelques semaines, vous allez pouvoir lire les pages qui m\u2019\u00e9taient consacr\u00e9es dans \u00ab\u00a0La Revue de la Prestidigitation\u00a0\u00bb en janvier 2015\u2026 avec la permission de la r\u00e9daction bien s\u00fbr ! J\u2019esp\u00e8re que cela vous plaira.<\/p>\n<p>Bonne lecture \u00e0 tous<\/p>\n<p>Amiti\u00e9s<\/p>\n<p>Dominique Duvivier<\/p>\n<p>PS : Questionnaire de Proust&#8230; comme Marcel Proust bien s\u00fbr ! ; )<\/p>\n<p><a href=\"https:\/\/www.dominiqueduvivier.com\/2017\/07\/17\/numero-special-dominique-duvivier-interview-avec-david-stone-suite\/revue-de-la-prestidigitation-11\/\" rel=\"attachment wp-att-4234\"><img loading=\"lazy\" class=\"aligncenter size-large wp-image-4234\" src=\"https:\/\/www.dominiqueduvivier.com\/wp-content\/uploads\/2017\/05\/Revue-de-la-Prestidigitation-11-715x1024.jpg\" alt=\"\" width=\"540\" height=\"773\" srcset=\"https:\/\/www.dominiqueduvivier.com\/wp-content\/uploads\/2017\/05\/Revue-de-la-Prestidigitation-11-715x1024.jpg 715w, https:\/\/www.dominiqueduvivier.com\/wp-content\/uploads\/2017\/05\/Revue-de-la-Prestidigitation-11-209x300.jpg 209w, https:\/\/www.dominiqueduvivier.com\/wp-content\/uploads\/2017\/05\/Revue-de-la-Prestidigitation-11-768x1101.jpg 768w\" sizes=\"(max-width: 540px) 100vw, 540px\" \/><\/a><\/p>\n<p>&nbsp;<\/p>\n<p><a href=\"https:\/\/www.dominiqueduvivier.com\/revue-de-la-prestidigitation-12\/\"><img loading=\"lazy\" class=\"aligncenter size-large wp-image-4235\" src=\"https:\/\/www.dominiqueduvivier.com\/wp-content\/uploads\/2017\/05\/Revue-de-la-Prestidigitation-12-714x1024.jpg\" alt=\"\" width=\"540\" height=\"774\" srcset=\"https:\/\/www.dominiqueduvivier.com\/wp-content\/uploads\/2017\/05\/Revue-de-la-Prestidigitation-12-714x1024.jpg 714w, https:\/\/www.dominiqueduvivier.com\/wp-content\/uploads\/2017\/05\/Revue-de-la-Prestidigitation-12-209x300.jpg 209w, https:\/\/www.dominiqueduvivier.com\/wp-content\/uploads\/2017\/05\/Revue-de-la-Prestidigitation-12-768x1101.jpg 768w\" sizes=\"(max-width: 540px) 100vw, 540px\" \/><\/a><\/p>\n<p><a href=\"https:\/\/www.dominiqueduvivier.com\/revue-de-la-prestidigitation-13\/\"><img loading=\"lazy\" class=\"aligncenter size-large wp-image-4236\" src=\"https:\/\/www.dominiqueduvivier.com\/wp-content\/uploads\/2017\/05\/Revue-de-la-Prestidigitation-13-717x1024.jpg\" alt=\"\" width=\"540\" height=\"771\" srcset=\"https:\/\/www.dominiqueduvivier.com\/wp-content\/uploads\/2017\/05\/Revue-de-la-Prestidigitation-13-717x1024.jpg 717w, https:\/\/www.dominiqueduvivier.com\/wp-content\/uploads\/2017\/05\/Revue-de-la-Prestidigitation-13-210x300.jpg 210w, https:\/\/www.dominiqueduvivier.com\/wp-content\/uploads\/2017\/05\/Revue-de-la-Prestidigitation-13-768x1097.jpg 768w\" sizes=\"(max-width: 540px) 100vw, 540px\" \/><\/a><\/p>\n<p><a href=\"https:\/\/www.dominiqueduvivier.com\/revue-de-la-prestidigitation-14\/\"><img loading=\"lazy\" class=\"aligncenter size-large wp-image-4237\" src=\"https:\/\/www.dominiqueduvivier.com\/wp-content\/uploads\/2017\/05\/Revue-de-la-Prestidigitation-14-717x1024.jpg\" alt=\"\" width=\"540\" height=\"771\" srcset=\"https:\/\/www.dominiqueduvivier.com\/wp-content\/uploads\/2017\/05\/Revue-de-la-Prestidigitation-14-717x1024.jpg 717w, https:\/\/www.dominiqueduvivier.com\/wp-content\/uploads\/2017\/05\/Revue-de-la-Prestidigitation-14-210x300.jpg 210w, https:\/\/www.dominiqueduvivier.com\/wp-content\/uploads\/2017\/05\/Revue-de-la-Prestidigitation-14-768x1097.jpg 768w\" sizes=\"(max-width: 540px) 100vw, 540px\" \/><\/a><\/p>\n<p><a href=\"https:\/\/www.dominiqueduvivier.com\/revue-de-la-prestidigitation-15\/\"><img loading=\"lazy\" class=\"aligncenter size-large wp-image-4238\" src=\"https:\/\/www.dominiqueduvivier.com\/wp-content\/uploads\/2017\/05\/Revue-de-la-Prestidigitation-15-715x1024.jpg\" alt=\"\" width=\"540\" height=\"773\" srcset=\"https:\/\/www.dominiqueduvivier.com\/wp-content\/uploads\/2017\/05\/Revue-de-la-Prestidigitation-15-715x1024.jpg 715w, https:\/\/www.dominiqueduvivier.com\/wp-content\/uploads\/2017\/05\/Revue-de-la-Prestidigitation-15-209x300.jpg 209w, https:\/\/www.dominiqueduvivier.com\/wp-content\/uploads\/2017\/05\/Revue-de-la-Prestidigitation-15-768x1101.jpg 768w\" sizes=\"(max-width: 540px) 100vw, 540px\" \/><\/a><\/p>\n<p>&nbsp;<\/p>\n","protected":false},"excerpt":{"rendered":"<p>Mes chers et fid\u00e8les lecteurs, Pendant quelques semaines, vous allez pouvoir lire les pages qui m\u2019\u00e9taient consacr\u00e9es dans \u00ab\u00a0La Revue de la Prestidigitation\u00a0\u00bb en janvier 2015\u2026 avec la permission de la r\u00e9daction bien s\u00fbr ! J\u2019esp\u00e8re que cela vous plaira. Bonne lecture \u00e0 tous Amiti\u00e9s Dominique Duvivier PS : Questionnaire de Proust&#8230; comme Marcel Proust &hellip;<\/p>\n","protected":false},"author":2,"featured_media":0,"comment_status":"open","ping_status":"open","sticky":false,"template":"","format":"standard","meta":{"_monsterinsights_skip_tracking":false,"_monsterinsights_sitenote_active":false,"_monsterinsights_sitenote_note":"","_monsterinsights_sitenote_category":0,"ngg_post_thumbnail":0},"categories":[4],"tags":[7,9,15,18,23,25,27],"yoast_head":"<!-- This site is optimized with the Yoast SEO plugin v17.9 - https:\/\/yoast.com\/wordpress\/plugins\/seo\/ -->\n<title>Num\u00e9ro sp\u00e9cial Dominique Duvivier - Questionnaire de Proust - Entretiens avec Dominique Duvivier - Toute la magie de Dominique Duvivier<\/title>\n<meta name=\"robots\" content=\"index, follow, max-snippet:-1, max-image-preview:large, max-video-preview:-1\" \/>\n<link rel=\"canonical\" href=\"https:\/\/www.dominiqueduvivier.com\/index.php\/2017\/08\/28\/numero-special-dominique-duvivier-questionnaire-de-proust\/\" \/>\n<meta property=\"og:locale\" content=\"fr_FR\" \/>\n<meta property=\"og:type\" content=\"article\" \/>\n<meta property=\"og:title\" content=\"Num\u00e9ro sp\u00e9cial Dominique Duvivier - Questionnaire de Proust - Entretiens avec Dominique Duvivier - Toute la magie de Dominique Duvivier\" \/>\n<meta property=\"og:description\" content=\"Mes chers et fid\u00e8les lecteurs, Pendant quelques semaines, vous allez pouvoir lire les pages qui m\u2019\u00e9taient consacr\u00e9es dans \u00ab\u00a0La Revue de la Prestidigitation\u00a0\u00bb en janvier 2015\u2026 avec la permission de la r\u00e9daction bien s\u00fbr ! J\u2019esp\u00e8re que cela vous plaira. Bonne lecture \u00e0 tous Amiti\u00e9s Dominique Duvivier PS : Questionnaire de Proust&#8230; comme Marcel Proust &hellip;\" \/>\n<meta property=\"og:url\" content=\"https:\/\/www.dominiqueduvivier.com\/index.php\/2017\/08\/28\/numero-special-dominique-duvivier-questionnaire-de-proust\/\" \/>\n<meta property=\"og:site_name\" content=\"Entretiens avec Dominique Duvivier - Toute la magie de Dominique Duvivier\" \/>\n<meta property=\"article:publisher\" content=\"https:\/\/www.facebook.com\/dominique.duvivier.1232\/\" \/>\n<meta property=\"article:published_time\" content=\"2017-08-27T22:01:52+00:00\" \/>\n<meta property=\"article:modified_time\" content=\"2019-08-12T13:06:41+00:00\" \/>\n<meta property=\"og:image\" content=\"https:\/\/www.dominiqueduvivier.com\/wp-content\/uploads\/2017\/05\/Revue-de-la-Prestidigitation-11-715x1024.jpg\" \/>\n<meta name=\"twitter:card\" content=\"summary_large_image\" \/>\n<meta name=\"twitter:creator\" content=\"@DDUVIVIER\" \/>\n<meta name=\"twitter:site\" content=\"@DDUVIVIER\" \/>\n<meta name=\"twitter:label1\" content=\"\u00c9crit par\" \/>\n\t<meta name=\"twitter:data1\" content=\"Dominique Duvivier\" \/>\n<script type=\"application\/ld+json\" class=\"yoast-schema-graph\">{\"@context\":\"https:\/\/schema.org\",\"@graph\":[{\"@type\":\"WebSite\",\"@id\":\"https:\/\/www.dominiqueduvivier.com\/#website\",\"url\":\"https:\/\/www.dominiqueduvivier.com\/\",\"name\":\"Entretiens avec Dominique Duvivier - Toute la magie de Dominique Duvivier\",\"description\":\"Dominique Duvivier | Magicien\",\"potentialAction\":[{\"@type\":\"SearchAction\",\"target\":{\"@type\":\"EntryPoint\",\"urlTemplate\":\"https:\/\/www.dominiqueduvivier.com\/?s={search_term_string}\"},\"query-input\":\"required name=search_term_string\"}],\"inLanguage\":\"fr-FR\"},{\"@type\":\"ImageObject\",\"@id\":\"https:\/\/www.dominiqueduvivier.com\/index.php\/2017\/08\/28\/numero-special-dominique-duvivier-questionnaire-de-proust\/#primaryimage\",\"inLanguage\":\"fr-FR\",\"url\":\"https:\/\/www.dominiqueduvivier.com\/wp-content\/uploads\/2017\/05\/Revue-de-la-Prestidigitation-11.jpg\",\"contentUrl\":\"https:\/\/www.dominiqueduvivier.com\/wp-content\/uploads\/2017\/05\/Revue-de-la-Prestidigitation-11.jpg\",\"width\":2448,\"height\":3508},{\"@type\":\"WebPage\",\"@id\":\"https:\/\/www.dominiqueduvivier.com\/index.php\/2017\/08\/28\/numero-special-dominique-duvivier-questionnaire-de-proust\/#webpage\",\"url\":\"https:\/\/www.dominiqueduvivier.com\/index.php\/2017\/08\/28\/numero-special-dominique-duvivier-questionnaire-de-proust\/\",\"name\":\"Num\\u00e9ro sp\\u00e9cial Dominique Duvivier - Questionnaire de Proust - Entretiens avec Dominique Duvivier - Toute la magie de Dominique Duvivier\",\"isPartOf\":{\"@id\":\"https:\/\/www.dominiqueduvivier.com\/#website\"},\"primaryImageOfPage\":{\"@id\":\"https:\/\/www.dominiqueduvivier.com\/index.php\/2017\/08\/28\/numero-special-dominique-duvivier-questionnaire-de-proust\/#primaryimage\"},\"datePublished\":\"2017-08-27T22:01:52+00:00\",\"dateModified\":\"2019-08-12T13:06:41+00:00\",\"author\":{\"@id\":\"https:\/\/www.dominiqueduvivier.com\/#\/schema\/person\/677c0bd6d5c5d21949cab39bb529a81c\"},\"breadcrumb\":{\"@id\":\"https:\/\/www.dominiqueduvivier.com\/index.php\/2017\/08\/28\/numero-special-dominique-duvivier-questionnaire-de-proust\/#breadcrumb\"},\"inLanguage\":\"fr-FR\",\"potentialAction\":[{\"@type\":\"ReadAction\",\"target\":[\"https:\/\/www.dominiqueduvivier.com\/index.php\/2017\/08\/28\/numero-special-dominique-duvivier-questionnaire-de-proust\/\"]}]},{\"@type\":\"BreadcrumbList\",\"@id\":\"https:\/\/www.dominiqueduvivier.com\/index.php\/2017\/08\/28\/numero-special-dominique-duvivier-questionnaire-de-proust\/#breadcrumb\",\"itemListElement\":[{\"@type\":\"ListItem\",\"position\":1,\"name\":\"Accueil\",\"item\":\"https:\/\/www.dominiqueduvivier.com\/\"},{\"@type\":\"ListItem\",\"position\":2,\"name\":\"Num\\u00e9ro sp\\u00e9cial Dominique Duvivier &#8211; Questionnaire de Proust\"}]},{\"@type\":\"Person\",\"@id\":\"https:\/\/www.dominiqueduvivier.com\/#\/schema\/person\/677c0bd6d5c5d21949cab39bb529a81c\",\"name\":\"Dominique Duvivier\",\"image\":{\"@type\":\"ImageObject\",\"@id\":\"https:\/\/www.dominiqueduvivier.com\/#personlogo\",\"inLanguage\":\"fr-FR\",\"url\":\"https:\/\/www.dominiqueduvivier.com\/wp-content\/uploads\/2019\/04\/Double-Fond-1-2-excl-groupes-10-150x150.jpg\",\"contentUrl\":\"https:\/\/www.dominiqueduvivier.com\/wp-content\/uploads\/2019\/04\/Double-Fond-1-2-excl-groupes-10-150x150.jpg\",\"caption\":\"Dominique Duvivier\"},\"description\":\"\\u2663\\ufe0f Magicien. \\u2666\\ufe0f Ma\\u00eetre de l\\u2019art du #CloseUp. \\u2665\\ufe0f Cr\\u00e9ateur de tours et professeur. \\u2660\\ufe0f Fondateur @ledoublefond et directeur de Mayette Magie.\",\"url\":\"https:\/\/www.dominiqueduvivier.com\/index.php\/author\/dominique-duvivier\/\"}]}<\/script>\n<!-- \/ Yoast SEO plugin. -->","yoast_head_json":{"title":"Num\u00e9ro sp\u00e9cial Dominique Duvivier - Questionnaire de Proust - Entretiens avec Dominique Duvivier - Toute la magie de Dominique Duvivier","robots":{"index":"index","follow":"follow","max-snippet":"max-snippet:-1","max-image-preview":"max-image-preview:large","max-video-preview":"max-video-preview:-1"},"canonical":"https:\/\/www.dominiqueduvivier.com\/index.php\/2017\/08\/28\/numero-special-dominique-duvivier-questionnaire-de-proust\/","og_locale":"fr_FR","og_type":"article","og_title":"Num\u00e9ro sp\u00e9cial Dominique Duvivier - Questionnaire de Proust - Entretiens avec Dominique Duvivier - Toute la magie de Dominique Duvivier","og_description":"Mes chers et fid\u00e8les lecteurs, Pendant quelques semaines, vous allez pouvoir lire les pages qui m\u2019\u00e9taient consacr\u00e9es dans \u00ab\u00a0La Revue de la Prestidigitation\u00a0\u00bb en janvier 2015\u2026 avec la permission de la r\u00e9daction bien s\u00fbr ! J\u2019esp\u00e8re que cela vous plaira. Bonne lecture \u00e0 tous Amiti\u00e9s Dominique Duvivier PS : Questionnaire de Proust&#8230; comme Marcel Proust &hellip;","og_url":"https:\/\/www.dominiqueduvivier.com\/index.php\/2017\/08\/28\/numero-special-dominique-duvivier-questionnaire-de-proust\/","og_site_name":"Entretiens avec Dominique Duvivier - Toute la magie de Dominique Duvivier","article_publisher":"https:\/\/www.facebook.com\/dominique.duvivier.1232\/","article_published_time":"2017-08-27T22:01:52+00:00","article_modified_time":"2019-08-12T13:06:41+00:00","og_image":[{"url":"https:\/\/www.dominiqueduvivier.com\/wp-content\/uploads\/2017\/05\/Revue-de-la-Prestidigitation-11-715x1024.jpg"}],"twitter_card":"summary_large_image","twitter_creator":"@DDUVIVIER","twitter_site":"@DDUVIVIER","twitter_misc":{"\u00c9crit par":"Dominique Duvivier"},"schema":{"@context":"https:\/\/schema.org","@graph":[{"@type":"WebSite","@id":"https:\/\/www.dominiqueduvivier.com\/#website","url":"https:\/\/www.dominiqueduvivier.com\/","name":"Entretiens avec Dominique Duvivier - Toute la magie de Dominique Duvivier","description":"Dominique Duvivier | Magicien","potentialAction":[{"@type":"SearchAction","target":{"@type":"EntryPoint","urlTemplate":"https:\/\/www.dominiqueduvivier.com\/?s={search_term_string}"},"query-input":"required name=search_term_string"}],"inLanguage":"fr-FR"},{"@type":"ImageObject","@id":"https:\/\/www.dominiqueduvivier.com\/index.php\/2017\/08\/28\/numero-special-dominique-duvivier-questionnaire-de-proust\/#primaryimage","inLanguage":"fr-FR","url":"https:\/\/www.dominiqueduvivier.com\/wp-content\/uploads\/2017\/05\/Revue-de-la-Prestidigitation-11.jpg","contentUrl":"https:\/\/www.dominiqueduvivier.com\/wp-content\/uploads\/2017\/05\/Revue-de-la-Prestidigitation-11.jpg","width":2448,"height":3508},{"@type":"WebPage","@id":"https:\/\/www.dominiqueduvivier.com\/index.php\/2017\/08\/28\/numero-special-dominique-duvivier-questionnaire-de-proust\/#webpage","url":"https:\/\/www.dominiqueduvivier.com\/index.php\/2017\/08\/28\/numero-special-dominique-duvivier-questionnaire-de-proust\/","name":"Num\u00e9ro sp\u00e9cial Dominique Duvivier - Questionnaire de Proust - Entretiens avec Dominique Duvivier - Toute la magie de Dominique Duvivier","isPartOf":{"@id":"https:\/\/www.dominiqueduvivier.com\/#website"},"primaryImageOfPage":{"@id":"https:\/\/www.dominiqueduvivier.com\/index.php\/2017\/08\/28\/numero-special-dominique-duvivier-questionnaire-de-proust\/#primaryimage"},"datePublished":"2017-08-27T22:01:52+00:00","dateModified":"2019-08-12T13:06:41+00:00","author":{"@id":"https:\/\/www.dominiqueduvivier.com\/#\/schema\/person\/677c0bd6d5c5d21949cab39bb529a81c"},"breadcrumb":{"@id":"https:\/\/www.dominiqueduvivier.com\/index.php\/2017\/08\/28\/numero-special-dominique-duvivier-questionnaire-de-proust\/#breadcrumb"},"inLanguage":"fr-FR","potentialAction":[{"@type":"ReadAction","target":["https:\/\/www.dominiqueduvivier.com\/index.php\/2017\/08\/28\/numero-special-dominique-duvivier-questionnaire-de-proust\/"]}]},{"@type":"BreadcrumbList","@id":"https:\/\/www.dominiqueduvivier.com\/index.php\/2017\/08\/28\/numero-special-dominique-duvivier-questionnaire-de-proust\/#breadcrumb","itemListElement":[{"@type":"ListItem","position":1,"name":"Accueil","item":"https:\/\/www.dominiqueduvivier.com\/"},{"@type":"ListItem","position":2,"name":"Num\u00e9ro sp\u00e9cial Dominique Duvivier &#8211; Questionnaire de Proust"}]},{"@type":"Person","@id":"https:\/\/www.dominiqueduvivier.com\/#\/schema\/person\/677c0bd6d5c5d21949cab39bb529a81c","name":"Dominique Duvivier","image":{"@type":"ImageObject","@id":"https:\/\/www.dominiqueduvivier.com\/#personlogo","inLanguage":"fr-FR","url":"https:\/\/www.dominiqueduvivier.com\/wp-content\/uploads\/2019\/04\/Double-Fond-1-2-excl-groupes-10-150x150.jpg","contentUrl":"https:\/\/www.dominiqueduvivier.com\/wp-content\/uploads\/2019\/04\/Double-Fond-1-2-excl-groupes-10-150x150.jpg","caption":"Dominique Duvivier"},"description":"\u2663\ufe0f Magicien. \u2666\ufe0f Ma\u00eetre de l\u2019art du #CloseUp. \u2665\ufe0f Cr\u00e9ateur de tours et professeur. \u2660\ufe0f Fondateur @ledoublefond et directeur de Mayette Magie.","url":"https:\/\/www.dominiqueduvivier.com\/index.php\/author\/dominique-duvivier\/"}]}},"_links":{"self":[{"href":"https:\/\/www.dominiqueduvivier.com\/index.php\/wp-json\/wp\/v2\/posts\/4351"}],"collection":[{"href":"https:\/\/www.dominiqueduvivier.com\/index.php\/wp-json\/wp\/v2\/posts"}],"about":[{"href":"https:\/\/www.dominiqueduvivier.com\/index.php\/wp-json\/wp\/v2\/types\/post"}],"author":[{"embeddable":true,"href":"https:\/\/www.dominiqueduvivier.com\/index.php\/wp-json\/wp\/v2\/users\/2"}],"replies":[{"embeddable":true,"href":"https:\/\/www.dominiqueduvivier.com\/index.php\/wp-json\/wp\/v2\/comments?post=4351"}],"version-history":[{"count":1,"href":"https:\/\/www.dominiqueduvivier.com\/index.php\/wp-json\/wp\/v2\/posts\/4351\/revisions"}],"predecessor-version":[{"id":5412,"href":"https:\/\/www.dominiqueduvivier.com\/index.php\/wp-json\/wp\/v2\/posts\/4351\/revisions\/5412"}],"wp:attachment":[{"href":"https:\/\/www.dominiqueduvivier.com\/index.php\/wp-json\/wp\/v2\/media?parent=4351"}],"wp:term":[{"taxonomy":"category","embeddable":true,"href":"https:\/\/www.dominiqueduvivier.com\/index.php\/wp-json\/wp\/v2\/categories?post=4351"},{"taxonomy":"post_tag","embeddable":true,"href":"https:\/\/www.dominiqueduvivier.com\/index.php\/wp-json\/wp\/v2\/tags?post=4351"}],"curies":[{"name":"wp","href":"https:\/\/api.w.org\/{rel}","templated":true}]}}