{"id":4093,"date":"2017-02-20T00:01:06","date_gmt":"2017-02-19T23:01:06","guid":{"rendered":"http:\/\/www.dominiqueduvivier.com\/?p=4093"},"modified":"2019-08-12T15:06:46","modified_gmt":"2019-08-12T13:06:46","slug":"rencontre-avec-dominique-duvivier-p-e-chaut-chapitre-9","status":"publish","type":"post","link":"https:\/\/www.dominiqueduvivier.com\/index.php\/2017\/02\/20\/rencontre-avec-dominique-duvivier-p-e-chaut-chapitre-9\/","title":{"rendered":"Rencontre avec Dominique Duvivier (P.E. Chaut) chapitre 9"},"content":{"rendered":"<p>En 2012 Pierre-Emmanuel Chaut avait voulu effectuer un reportage vid\u00e9o sur moi qu\u2019il avait appel\u00e9 \u00ab Dominique Duvivier\u2026 un reportage \u00bb. Ce reportage n\u2019a finalement jamais \u00e9t\u00e9 publi\u00e9. Avec sa permission, je vous le livre aujourd\u2019hui en exclusivit\u00e9 sur ce blog, s\u00e9quenc\u00e9 en dix chapitres. Je publierai un chapitre chaque mois. J\u2019esp\u00e8re que cela vous plaira !<br \/>\nAmiti\u00e9s<br \/>\nDominique Duvivier<br \/>\n<iframe loading=\"lazy\" src=\"https:\/\/www.youtube.com\/embed\/7Hll7I4ikrA?rel=0\" width=\"560\" height=\"315\" frameborder=\"0\" allowfullscreen=\"allowfullscreen\"><\/iframe><\/p>\n","protected":false},"excerpt":{"rendered":"<p>En 2012 Pierre-Emmanuel Chaut avait voulu effectuer un reportage vid\u00e9o sur moi qu\u2019il avait appel\u00e9 \u00ab Dominique Duvivier\u2026 un reportage \u00bb. Ce reportage n\u2019a finalement jamais \u00e9t\u00e9 publi\u00e9. Avec sa permission, je vous le livre aujourd\u2019hui en exclusivit\u00e9 sur ce blog, s\u00e9quenc\u00e9 en dix chapitres. Je publierai un chapitre chaque mois. J\u2019esp\u00e8re que cela vous &hellip;<\/p>\n","protected":false},"author":2,"featured_media":0,"comment_status":"open","ping_status":"open","sticky":false,"template":"","format":"standard","meta":{"_monsterinsights_skip_tracking":false,"_monsterinsights_sitenote_active":false,"_monsterinsights_sitenote_note":"","_monsterinsights_sitenote_category":0,"ngg_post_thumbnail":0},"categories":[4],"tags":[9,15,18,27],"yoast_head":"<!-- This site is optimized with the Yoast SEO plugin v17.9 - https:\/\/yoast.com\/wordpress\/plugins\/seo\/ -->\n<title>Rencontre avec Dominique Duvivier (P.E. Chaut) chapitre 9 - Entretiens avec Dominique Duvivier - Toute la magie de Dominique Duvivier<\/title>\n<meta name=\"robots\" content=\"index, follow, max-snippet:-1, max-image-preview:large, max-video-preview:-1\" \/>\n<link rel=\"canonical\" href=\"https:\/\/www.dominiqueduvivier.com\/index.php\/2017\/02\/20\/rencontre-avec-dominique-duvivier-p-e-chaut-chapitre-9\/\" \/>\n<meta property=\"og:locale\" content=\"fr_FR\" \/>\n<meta property=\"og:type\" content=\"article\" \/>\n<meta property=\"og:title\" content=\"Rencontre avec Dominique Duvivier (P.E. Chaut) chapitre 9 - Entretiens avec Dominique Duvivier - Toute la magie de Dominique Duvivier\" \/>\n<meta property=\"og:description\" content=\"En 2012 Pierre-Emmanuel Chaut avait voulu effectuer un reportage vid\u00e9o sur moi qu\u2019il avait appel\u00e9 \u00ab Dominique Duvivier\u2026 un reportage \u00bb. Ce reportage n\u2019a finalement jamais \u00e9t\u00e9 publi\u00e9. Avec sa permission, je vous le livre aujourd\u2019hui en exclusivit\u00e9 sur ce blog, s\u00e9quenc\u00e9 en dix chapitres. Je publierai un chapitre chaque mois. J\u2019esp\u00e8re que cela vous &hellip;\" \/>\n<meta property=\"og:url\" content=\"https:\/\/www.dominiqueduvivier.com\/index.php\/2017\/02\/20\/rencontre-avec-dominique-duvivier-p-e-chaut-chapitre-9\/\" \/>\n<meta property=\"og:site_name\" content=\"Entretiens avec Dominique Duvivier - Toute la magie de Dominique Duvivier\" \/>\n<meta property=\"article:publisher\" content=\"https:\/\/www.facebook.com\/dominique.duvivier.1232\/\" \/>\n<meta property=\"article:published_time\" content=\"2017-02-19T23:01:06+00:00\" \/>\n<meta property=\"article:modified_time\" content=\"2019-08-12T13:06:46+00:00\" \/>\n<meta property=\"og:image\" content=\"https:\/\/www.dominiqueduvivier.com\/wp-content\/uploads\/2014\/08\/Logo-Double-Fond-2014.jpg\" \/>\n\t<meta property=\"og:image:width\" content=\"2145\" \/>\n\t<meta property=\"og:image:height\" content=\"1299\" \/>\n\t<meta property=\"og:image:type\" content=\"image\/jpeg\" \/>\n<meta name=\"twitter:card\" content=\"summary_large_image\" \/>\n<meta name=\"twitter:creator\" content=\"@DDUVIVIER\" \/>\n<meta name=\"twitter:site\" content=\"@DDUVIVIER\" \/>\n<meta name=\"twitter:label1\" content=\"\u00c9crit par\" \/>\n\t<meta name=\"twitter:data1\" content=\"Dominique Duvivier\" \/>\n<script type=\"application\/ld+json\" class=\"yoast-schema-graph\">{\"@context\":\"https:\/\/schema.org\",\"@graph\":[{\"@type\":\"WebSite\",\"@id\":\"https:\/\/www.dominiqueduvivier.com\/#website\",\"url\":\"https:\/\/www.dominiqueduvivier.com\/\",\"name\":\"Entretiens avec Dominique Duvivier - Toute la magie de Dominique Duvivier\",\"description\":\"Dominique Duvivier | Magicien\",\"potentialAction\":[{\"@type\":\"SearchAction\",\"target\":{\"@type\":\"EntryPoint\",\"urlTemplate\":\"https:\/\/www.dominiqueduvivier.com\/?s={search_term_string}\"},\"query-input\":\"required name=search_term_string\"}],\"inLanguage\":\"fr-FR\"},{\"@type\":\"WebPage\",\"@id\":\"https:\/\/www.dominiqueduvivier.com\/index.php\/2017\/02\/20\/rencontre-avec-dominique-duvivier-p-e-chaut-chapitre-9\/#webpage\",\"url\":\"https:\/\/www.dominiqueduvivier.com\/index.php\/2017\/02\/20\/rencontre-avec-dominique-duvivier-p-e-chaut-chapitre-9\/\",\"name\":\"Rencontre avec Dominique Duvivier (P.E. Chaut) chapitre 9 - Entretiens avec Dominique Duvivier - Toute la magie de Dominique Duvivier\",\"isPartOf\":{\"@id\":\"https:\/\/www.dominiqueduvivier.com\/#website\"},\"datePublished\":\"2017-02-19T23:01:06+00:00\",\"dateModified\":\"2019-08-12T13:06:46+00:00\",\"author\":{\"@id\":\"https:\/\/www.dominiqueduvivier.com\/#\/schema\/person\/677c0bd6d5c5d21949cab39bb529a81c\"},\"breadcrumb\":{\"@id\":\"https:\/\/www.dominiqueduvivier.com\/index.php\/2017\/02\/20\/rencontre-avec-dominique-duvivier-p-e-chaut-chapitre-9\/#breadcrumb\"},\"inLanguage\":\"fr-FR\",\"potentialAction\":[{\"@type\":\"ReadAction\",\"target\":[\"https:\/\/www.dominiqueduvivier.com\/index.php\/2017\/02\/20\/rencontre-avec-dominique-duvivier-p-e-chaut-chapitre-9\/\"]}]},{\"@type\":\"BreadcrumbList\",\"@id\":\"https:\/\/www.dominiqueduvivier.com\/index.php\/2017\/02\/20\/rencontre-avec-dominique-duvivier-p-e-chaut-chapitre-9\/#breadcrumb\",\"itemListElement\":[{\"@type\":\"ListItem\",\"position\":1,\"name\":\"Accueil\",\"item\":\"https:\/\/www.dominiqueduvivier.com\/\"},{\"@type\":\"ListItem\",\"position\":2,\"name\":\"Rencontre avec Dominique Duvivier (P.E. Chaut) chapitre 9\"}]},{\"@type\":\"Person\",\"@id\":\"https:\/\/www.dominiqueduvivier.com\/#\/schema\/person\/677c0bd6d5c5d21949cab39bb529a81c\",\"name\":\"Dominique Duvivier\",\"image\":{\"@type\":\"ImageObject\",\"@id\":\"https:\/\/www.dominiqueduvivier.com\/#personlogo\",\"inLanguage\":\"fr-FR\",\"url\":\"https:\/\/www.dominiqueduvivier.com\/wp-content\/uploads\/2019\/04\/Double-Fond-1-2-excl-groupes-10-150x150.jpg\",\"contentUrl\":\"https:\/\/www.dominiqueduvivier.com\/wp-content\/uploads\/2019\/04\/Double-Fond-1-2-excl-groupes-10-150x150.jpg\",\"caption\":\"Dominique Duvivier\"},\"description\":\"\\u2663\\ufe0f Magicien. \\u2666\\ufe0f Ma\\u00eetre de l\\u2019art du #CloseUp. \\u2665\\ufe0f Cr\\u00e9ateur de tours et professeur. \\u2660\\ufe0f Fondateur @ledoublefond et directeur de Mayette Magie.\",\"url\":\"https:\/\/www.dominiqueduvivier.com\/index.php\/author\/dominique-duvivier\/\"}]}<\/script>\n<!-- \/ Yoast SEO plugin. -->","yoast_head_json":{"title":"Rencontre avec Dominique Duvivier (P.E. Chaut) chapitre 9 - Entretiens avec Dominique Duvivier - Toute la magie de Dominique Duvivier","robots":{"index":"index","follow":"follow","max-snippet":"max-snippet:-1","max-image-preview":"max-image-preview:large","max-video-preview":"max-video-preview:-1"},"canonical":"https:\/\/www.dominiqueduvivier.com\/index.php\/2017\/02\/20\/rencontre-avec-dominique-duvivier-p-e-chaut-chapitre-9\/","og_locale":"fr_FR","og_type":"article","og_title":"Rencontre avec Dominique Duvivier (P.E. Chaut) chapitre 9 - Entretiens avec Dominique Duvivier - Toute la magie de Dominique Duvivier","og_description":"En 2012 Pierre-Emmanuel Chaut avait voulu effectuer un reportage vid\u00e9o sur moi qu\u2019il avait appel\u00e9 \u00ab Dominique Duvivier\u2026 un reportage \u00bb. Ce reportage n\u2019a finalement jamais \u00e9t\u00e9 publi\u00e9. Avec sa permission, je vous le livre aujourd\u2019hui en exclusivit\u00e9 sur ce blog, s\u00e9quenc\u00e9 en dix chapitres. Je publierai un chapitre chaque mois. J\u2019esp\u00e8re que cela vous &hellip;","og_url":"https:\/\/www.dominiqueduvivier.com\/index.php\/2017\/02\/20\/rencontre-avec-dominique-duvivier-p-e-chaut-chapitre-9\/","og_site_name":"Entretiens avec Dominique Duvivier - Toute la magie de Dominique Duvivier","article_publisher":"https:\/\/www.facebook.com\/dominique.duvivier.1232\/","article_published_time":"2017-02-19T23:01:06+00:00","article_modified_time":"2019-08-12T13:06:46+00:00","og_image":[{"width":2145,"height":1299,"url":"https:\/\/www.dominiqueduvivier.com\/wp-content\/uploads\/2014\/08\/Logo-Double-Fond-2014.jpg","type":"image\/jpeg"}],"twitter_card":"summary_large_image","twitter_creator":"@DDUVIVIER","twitter_site":"@DDUVIVIER","twitter_misc":{"\u00c9crit par":"Dominique Duvivier"},"schema":{"@context":"https:\/\/schema.org","@graph":[{"@type":"WebSite","@id":"https:\/\/www.dominiqueduvivier.com\/#website","url":"https:\/\/www.dominiqueduvivier.com\/","name":"Entretiens avec Dominique Duvivier - Toute la magie de Dominique Duvivier","description":"Dominique Duvivier | Magicien","potentialAction":[{"@type":"SearchAction","target":{"@type":"EntryPoint","urlTemplate":"https:\/\/www.dominiqueduvivier.com\/?s={search_term_string}"},"query-input":"required name=search_term_string"}],"inLanguage":"fr-FR"},{"@type":"WebPage","@id":"https:\/\/www.dominiqueduvivier.com\/index.php\/2017\/02\/20\/rencontre-avec-dominique-duvivier-p-e-chaut-chapitre-9\/#webpage","url":"https:\/\/www.dominiqueduvivier.com\/index.php\/2017\/02\/20\/rencontre-avec-dominique-duvivier-p-e-chaut-chapitre-9\/","name":"Rencontre avec Dominique Duvivier (P.E. Chaut) chapitre 9 - Entretiens avec Dominique Duvivier - Toute la magie de Dominique Duvivier","isPartOf":{"@id":"https:\/\/www.dominiqueduvivier.com\/#website"},"datePublished":"2017-02-19T23:01:06+00:00","dateModified":"2019-08-12T13:06:46+00:00","author":{"@id":"https:\/\/www.dominiqueduvivier.com\/#\/schema\/person\/677c0bd6d5c5d21949cab39bb529a81c"},"breadcrumb":{"@id":"https:\/\/www.dominiqueduvivier.com\/index.php\/2017\/02\/20\/rencontre-avec-dominique-duvivier-p-e-chaut-chapitre-9\/#breadcrumb"},"inLanguage":"fr-FR","potentialAction":[{"@type":"ReadAction","target":["https:\/\/www.dominiqueduvivier.com\/index.php\/2017\/02\/20\/rencontre-avec-dominique-duvivier-p-e-chaut-chapitre-9\/"]}]},{"@type":"BreadcrumbList","@id":"https:\/\/www.dominiqueduvivier.com\/index.php\/2017\/02\/20\/rencontre-avec-dominique-duvivier-p-e-chaut-chapitre-9\/#breadcrumb","itemListElement":[{"@type":"ListItem","position":1,"name":"Accueil","item":"https:\/\/www.dominiqueduvivier.com\/"},{"@type":"ListItem","position":2,"name":"Rencontre avec Dominique Duvivier (P.E. Chaut) chapitre 9"}]},{"@type":"Person","@id":"https:\/\/www.dominiqueduvivier.com\/#\/schema\/person\/677c0bd6d5c5d21949cab39bb529a81c","name":"Dominique Duvivier","image":{"@type":"ImageObject","@id":"https:\/\/www.dominiqueduvivier.com\/#personlogo","inLanguage":"fr-FR","url":"https:\/\/www.dominiqueduvivier.com\/wp-content\/uploads\/2019\/04\/Double-Fond-1-2-excl-groupes-10-150x150.jpg","contentUrl":"https:\/\/www.dominiqueduvivier.com\/wp-content\/uploads\/2019\/04\/Double-Fond-1-2-excl-groupes-10-150x150.jpg","caption":"Dominique Duvivier"},"description":"\u2663\ufe0f Magicien. \u2666\ufe0f Ma\u00eetre de l\u2019art du #CloseUp. \u2665\ufe0f Cr\u00e9ateur de tours et professeur. \u2660\ufe0f Fondateur @ledoublefond et directeur de Mayette Magie.","url":"https:\/\/www.dominiqueduvivier.com\/index.php\/author\/dominique-duvivier\/"}]}},"_links":{"self":[{"href":"https:\/\/www.dominiqueduvivier.com\/index.php\/wp-json\/wp\/v2\/posts\/4093"}],"collection":[{"href":"https:\/\/www.dominiqueduvivier.com\/index.php\/wp-json\/wp\/v2\/posts"}],"about":[{"href":"https:\/\/www.dominiqueduvivier.com\/index.php\/wp-json\/wp\/v2\/types\/post"}],"author":[{"embeddable":true,"href":"https:\/\/www.dominiqueduvivier.com\/index.php\/wp-json\/wp\/v2\/users\/2"}],"replies":[{"embeddable":true,"href":"https:\/\/www.dominiqueduvivier.com\/index.php\/wp-json\/wp\/v2\/comments?post=4093"}],"version-history":[{"count":1,"href":"https:\/\/www.dominiqueduvivier.com\/index.php\/wp-json\/wp\/v2\/posts\/4093\/revisions"}],"predecessor-version":[{"id":5303,"href":"https:\/\/www.dominiqueduvivier.com\/index.php\/wp-json\/wp\/v2\/posts\/4093\/revisions\/5303"}],"wp:attachment":[{"href":"https:\/\/www.dominiqueduvivier.com\/index.php\/wp-json\/wp\/v2\/media?parent=4093"}],"wp:term":[{"taxonomy":"category","embeddable":true,"href":"https:\/\/www.dominiqueduvivier.com\/index.php\/wp-json\/wp\/v2\/categories?post=4093"},{"taxonomy":"post_tag","embeddable":true,"href":"https:\/\/www.dominiqueduvivier.com\/index.php\/wp-json\/wp\/v2\/tags?post=4093"}],"curies":[{"name":"wp","href":"https:\/\/api.w.org\/{rel}","templated":true}]}}