{"id":4022,"date":"2016-11-28T00:43:15","date_gmt":"2016-11-27T23:43:15","guid":{"rendered":"http:\/\/www.dominiqueduvivier.com\/?p=4022"},"modified":"2019-08-12T15:06:48","modified_gmt":"2019-08-12T13:06:48","slug":"moi-et-michel-polnareff","status":"publish","type":"post","link":"https:\/\/www.dominiqueduvivier.com\/index.php\/2016\/11\/28\/moi-et-michel-polnareff\/","title":{"rendered":"Moi et Michel&#8230; Polnareff"},"content":{"rendered":"<p><iframe loading=\"lazy\" src=\"https:\/\/www.youtube.com\/embed\/L7JmiaGx5_E?rel=0\" width=\"560\" height=\"315\" frameborder=\"0\" allowfullscreen=\"allowfullscreen\"><\/iframe><\/p>\n<p>En fait je suis copain avec Michel depuis plus de 30 ans, incroyable, non ?<\/p>\n<p>Je l\u2019ai rencontr\u00e9 en 1986 \u00e0 l\u2019h\u00f4tel Le Manoir de Chaubuisson en Seine et Marne, l\u00e0 o\u00f9 il habitait \u00e0 l\u2019\u00e9poque. Moi qui \u00e9tais fou de sa musique depuis toujours, j\u2019ai d\u00e9couvert qu\u2019il \u00e9tait fou de magie, \u00e7a m\u2019a fait tout dr\u00f4le\u2026 Comme il \u00e9tait passionn\u00e9 de close up, \u00e7a a cr\u00e9\u00e9 des liens ! Je l\u2019ai revu plusieurs fois l\u00e0-bas : on d\u00eenait ensemble et on parlait magie. Il me racontait son admiration notamment pour Jeff Mac Bride, Ricky Jay\u2026 Et il me montrait timidement des tours de cartes, de gobelets en me demandant des conseils\u2026<\/p>\n<p>Ensuite nous sommes toujours rest\u00e9s en contact, surtout par t\u00e9l\u00e9phone depuis la Californie.<br \/>\nAu d\u00e9but des ann\u00e9es 2000, j\u2019ai mis au point un num\u00e9ro sur un enregistrement extrait de son \u00e9mission sur Canal+ en 1996. Une sorte d\u2019hommage \u00e0 son g\u00e9nie sous forme d\u2019une grande routine de cartes de 10min. Je lui en ai envoy\u00e9 une vid\u00e9o, chez lui \u00e0 Los Angeles et il m\u2019a appel\u00e9 sp\u00e9cialement pour me remercier, en me demandant o\u00f9 j\u2019avais r\u00e9ussi \u00e0 rep\u00eacher ces musiques !<\/p>\n<p>Pour sa tourn\u00e9e Ze(re)tour en 2007, on a m\u00eame collabor\u00e9 un peu ensemble (ainsi que Georges Proust) car il avait envie d\u2019effets magiques dans son spectacle. Mais peu de choses ont \u00e9t\u00e9 gard\u00e9es, car la production voulait concentrer ses investissements sur le plan musical\u2026 Je me souviens encore comme si c\u2019\u00e9tait hier du soir de la Premi\u00e8re \u00e0 Bercy \u00e0 laquelle il m\u2019avait invit\u00e9. Je viens en backstage avec mes proches pour le f\u00e9liciter. L\u00e0 il appelle Danyellah, sa femme, et lui dit : \u00ab Tu vois, c\u2019est lui le magicien ! C\u2019est Dominique Duvivier ! C\u2019est un dieu en magie. \u00bb Je lui ai r\u00e9pondu un timide \u00ab Je ne suis rien \u00e0 c\u00f4t\u00e9 de toi \u00bb, mais cela ne semblait pas du tout lui convenir. Bref, un amour d\u2019homme. Sachant que j\u2019allais me faire op\u00e9rer du c\u0153ur quelques mois plus tard, il m\u2019a appel\u00e9 pour savoir comment je me sentais ! Surr\u00e9aliste, non ?<\/p>\n<p>Et ces derniers temps, on s\u2019est recontact\u00e9 pas mal. Il y a quelques mois, il a pass\u00e9 quelques heures \u00e0 la boutique Mayette et l\u2019autre jour, il est carr\u00e9ment venu passer une soir\u00e9e au Double Fond pour nous voir Alexandra et moi en spectacle (photo souvenir ci-dessous !).<\/p>\n<p>Michel, comme il aime souvent le dire, n\u2019est pas Polnareff. Ou du moins un peu moins Polnareff que Michel. Moi, qui connais bien les deux, je ne trouve pas trop de diff\u00e9rence entre les deux, car c\u2019est un homme entier, g\u00e9n\u00e9reux et passionn\u00e9 dans les deux cas. Et cette amiti\u00e9 qui nous lie est bien le signe de sa fid\u00e9lit\u00e9 \u00e0 toute \u00e9preuve\u2026 Quel bonhomme\u00a0! Je l\u2019\u00e9coute tout le temps depuis \u00ab\u00a0La poup\u00e9e qui fait non\u00a0\u00bb et je peux vous dire que \u00e7a fait toujours tr\u00e8s bizarre d\u2019\u00eatre copain avec quelqu\u2019un qui est une ic\u00f4ne pour le monde entier&#8230; Incroyable sensation !<a href=\"https:\/\/www.dominiqueduvivier.com\/2016\/11\/28\/moi-et-michel-polnareff\/p1250182\/\" rel=\"attachment wp-att-4025\"><br \/>\n<\/a><\/p>\n<p>&nbsp;<\/p>\n","protected":false},"excerpt":{"rendered":"<p>En fait je suis copain avec Michel depuis plus de 30 ans, incroyable, non ? Je l\u2019ai rencontr\u00e9 en 1986 \u00e0 l\u2019h\u00f4tel Le Manoir de Chaubuisson en Seine et Marne, l\u00e0 o\u00f9 il habitait \u00e0 l\u2019\u00e9poque. Moi qui \u00e9tais fou de sa musique depuis toujours, j\u2019ai d\u00e9couvert qu\u2019il \u00e9tait fou de magie, \u00e7a m\u2019a fait &hellip;<\/p>\n","protected":false},"author":2,"featured_media":0,"comment_status":"open","ping_status":"open","sticky":false,"template":"","format":"standard","meta":{"_monsterinsights_skip_tracking":false,"_monsterinsights_sitenote_active":false,"_monsterinsights_sitenote_note":"","_monsterinsights_sitenote_category":0,"ngg_post_thumbnail":0},"categories":[4],"tags":[7,15,18,24,25,27],"yoast_head":"<!-- This site is optimized with the Yoast SEO plugin v17.9 - https:\/\/yoast.com\/wordpress\/plugins\/seo\/ -->\n<title>Moi et Michel... Polnareff - Entretiens avec Dominique Duvivier - Toute la magie de Dominique Duvivier<\/title>\n<meta name=\"robots\" content=\"index, follow, max-snippet:-1, max-image-preview:large, max-video-preview:-1\" \/>\n<link rel=\"canonical\" href=\"https:\/\/www.dominiqueduvivier.com\/index.php\/2016\/11\/28\/moi-et-michel-polnareff\/\" \/>\n<meta property=\"og:locale\" content=\"fr_FR\" \/>\n<meta property=\"og:type\" content=\"article\" \/>\n<meta property=\"og:title\" content=\"Moi et Michel... Polnareff - Entretiens avec Dominique Duvivier - Toute la magie de Dominique Duvivier\" \/>\n<meta property=\"og:description\" content=\"En fait je suis copain avec Michel depuis plus de 30 ans, incroyable, non ? Je l\u2019ai rencontr\u00e9 en 1986 \u00e0 l\u2019h\u00f4tel Le Manoir de Chaubuisson en Seine et Marne, l\u00e0 o\u00f9 il habitait \u00e0 l\u2019\u00e9poque. Moi qui \u00e9tais fou de sa musique depuis toujours, j\u2019ai d\u00e9couvert qu\u2019il \u00e9tait fou de magie, \u00e7a m\u2019a fait &hellip;\" \/>\n<meta property=\"og:url\" content=\"https:\/\/www.dominiqueduvivier.com\/index.php\/2016\/11\/28\/moi-et-michel-polnareff\/\" \/>\n<meta property=\"og:site_name\" content=\"Entretiens avec Dominique Duvivier - Toute la magie de Dominique Duvivier\" \/>\n<meta property=\"article:publisher\" content=\"https:\/\/www.facebook.com\/dominique.duvivier.1232\/\" \/>\n<meta property=\"article:published_time\" content=\"2016-11-27T23:43:15+00:00\" \/>\n<meta property=\"article:modified_time\" content=\"2019-08-12T13:06:48+00:00\" \/>\n<meta property=\"og:image\" content=\"https:\/\/www.dominiqueduvivier.com\/wp-content\/uploads\/2014\/08\/Logo-Double-Fond-2014.jpg\" \/>\n\t<meta property=\"og:image:width\" content=\"2145\" \/>\n\t<meta property=\"og:image:height\" content=\"1299\" \/>\n\t<meta property=\"og:image:type\" content=\"image\/jpeg\" \/>\n<meta name=\"twitter:card\" content=\"summary_large_image\" \/>\n<meta name=\"twitter:creator\" content=\"@DDUVIVIER\" \/>\n<meta name=\"twitter:site\" content=\"@DDUVIVIER\" \/>\n<meta name=\"twitter:label1\" content=\"\u00c9crit par\" \/>\n\t<meta name=\"twitter:data1\" content=\"Dominique Duvivier\" \/>\n\t<meta name=\"twitter:label2\" content=\"Dur\u00e9e de lecture estim\u00e9e\" \/>\n\t<meta name=\"twitter:data2\" content=\"3 minutes\" \/>\n<script type=\"application\/ld+json\" class=\"yoast-schema-graph\">{\"@context\":\"https:\/\/schema.org\",\"@graph\":[{\"@type\":\"WebSite\",\"@id\":\"https:\/\/www.dominiqueduvivier.com\/#website\",\"url\":\"https:\/\/www.dominiqueduvivier.com\/\",\"name\":\"Entretiens avec Dominique Duvivier - Toute la magie de Dominique Duvivier\",\"description\":\"Dominique Duvivier | Magicien\",\"potentialAction\":[{\"@type\":\"SearchAction\",\"target\":{\"@type\":\"EntryPoint\",\"urlTemplate\":\"https:\/\/www.dominiqueduvivier.com\/?s={search_term_string}\"},\"query-input\":\"required name=search_term_string\"}],\"inLanguage\":\"fr-FR\"},{\"@type\":\"WebPage\",\"@id\":\"https:\/\/www.dominiqueduvivier.com\/index.php\/2016\/11\/28\/moi-et-michel-polnareff\/#webpage\",\"url\":\"https:\/\/www.dominiqueduvivier.com\/index.php\/2016\/11\/28\/moi-et-michel-polnareff\/\",\"name\":\"Moi et Michel... Polnareff - Entretiens avec Dominique Duvivier - Toute la magie de Dominique Duvivier\",\"isPartOf\":{\"@id\":\"https:\/\/www.dominiqueduvivier.com\/#website\"},\"datePublished\":\"2016-11-27T23:43:15+00:00\",\"dateModified\":\"2019-08-12T13:06:48+00:00\",\"author\":{\"@id\":\"https:\/\/www.dominiqueduvivier.com\/#\/schema\/person\/677c0bd6d5c5d21949cab39bb529a81c\"},\"breadcrumb\":{\"@id\":\"https:\/\/www.dominiqueduvivier.com\/index.php\/2016\/11\/28\/moi-et-michel-polnareff\/#breadcrumb\"},\"inLanguage\":\"fr-FR\",\"potentialAction\":[{\"@type\":\"ReadAction\",\"target\":[\"https:\/\/www.dominiqueduvivier.com\/index.php\/2016\/11\/28\/moi-et-michel-polnareff\/\"]}]},{\"@type\":\"BreadcrumbList\",\"@id\":\"https:\/\/www.dominiqueduvivier.com\/index.php\/2016\/11\/28\/moi-et-michel-polnareff\/#breadcrumb\",\"itemListElement\":[{\"@type\":\"ListItem\",\"position\":1,\"name\":\"Accueil\",\"item\":\"https:\/\/www.dominiqueduvivier.com\/\"},{\"@type\":\"ListItem\",\"position\":2,\"name\":\"Moi et Michel&#8230; Polnareff\"}]},{\"@type\":\"Person\",\"@id\":\"https:\/\/www.dominiqueduvivier.com\/#\/schema\/person\/677c0bd6d5c5d21949cab39bb529a81c\",\"name\":\"Dominique Duvivier\",\"image\":{\"@type\":\"ImageObject\",\"@id\":\"https:\/\/www.dominiqueduvivier.com\/#personlogo\",\"inLanguage\":\"fr-FR\",\"url\":\"https:\/\/www.dominiqueduvivier.com\/wp-content\/uploads\/2019\/04\/Double-Fond-1-2-excl-groupes-10-150x150.jpg\",\"contentUrl\":\"https:\/\/www.dominiqueduvivier.com\/wp-content\/uploads\/2019\/04\/Double-Fond-1-2-excl-groupes-10-150x150.jpg\",\"caption\":\"Dominique Duvivier\"},\"description\":\"\\u2663\\ufe0f Magicien. \\u2666\\ufe0f Ma\\u00eetre de l\\u2019art du #CloseUp. \\u2665\\ufe0f Cr\\u00e9ateur de tours et professeur. \\u2660\\ufe0f Fondateur @ledoublefond et directeur de Mayette Magie.\",\"url\":\"https:\/\/www.dominiqueduvivier.com\/index.php\/author\/dominique-duvivier\/\"}]}<\/script>\n<!-- \/ Yoast SEO plugin. -->","yoast_head_json":{"title":"Moi et Michel... Polnareff - Entretiens avec Dominique Duvivier - Toute la magie de Dominique Duvivier","robots":{"index":"index","follow":"follow","max-snippet":"max-snippet:-1","max-image-preview":"max-image-preview:large","max-video-preview":"max-video-preview:-1"},"canonical":"https:\/\/www.dominiqueduvivier.com\/index.php\/2016\/11\/28\/moi-et-michel-polnareff\/","og_locale":"fr_FR","og_type":"article","og_title":"Moi et Michel... Polnareff - Entretiens avec Dominique Duvivier - Toute la magie de Dominique Duvivier","og_description":"En fait je suis copain avec Michel depuis plus de 30 ans, incroyable, non ? Je l\u2019ai rencontr\u00e9 en 1986 \u00e0 l\u2019h\u00f4tel Le Manoir de Chaubuisson en Seine et Marne, l\u00e0 o\u00f9 il habitait \u00e0 l\u2019\u00e9poque. Moi qui \u00e9tais fou de sa musique depuis toujours, j\u2019ai d\u00e9couvert qu\u2019il \u00e9tait fou de magie, \u00e7a m\u2019a fait &hellip;","og_url":"https:\/\/www.dominiqueduvivier.com\/index.php\/2016\/11\/28\/moi-et-michel-polnareff\/","og_site_name":"Entretiens avec Dominique Duvivier - Toute la magie de Dominique Duvivier","article_publisher":"https:\/\/www.facebook.com\/dominique.duvivier.1232\/","article_published_time":"2016-11-27T23:43:15+00:00","article_modified_time":"2019-08-12T13:06:48+00:00","og_image":[{"width":2145,"height":1299,"url":"https:\/\/www.dominiqueduvivier.com\/wp-content\/uploads\/2014\/08\/Logo-Double-Fond-2014.jpg","type":"image\/jpeg"}],"twitter_card":"summary_large_image","twitter_creator":"@DDUVIVIER","twitter_site":"@DDUVIVIER","twitter_misc":{"\u00c9crit par":"Dominique Duvivier","Dur\u00e9e de lecture estim\u00e9e":"3 minutes"},"schema":{"@context":"https:\/\/schema.org","@graph":[{"@type":"WebSite","@id":"https:\/\/www.dominiqueduvivier.com\/#website","url":"https:\/\/www.dominiqueduvivier.com\/","name":"Entretiens avec Dominique Duvivier - Toute la magie de Dominique Duvivier","description":"Dominique Duvivier | Magicien","potentialAction":[{"@type":"SearchAction","target":{"@type":"EntryPoint","urlTemplate":"https:\/\/www.dominiqueduvivier.com\/?s={search_term_string}"},"query-input":"required name=search_term_string"}],"inLanguage":"fr-FR"},{"@type":"WebPage","@id":"https:\/\/www.dominiqueduvivier.com\/index.php\/2016\/11\/28\/moi-et-michel-polnareff\/#webpage","url":"https:\/\/www.dominiqueduvivier.com\/index.php\/2016\/11\/28\/moi-et-michel-polnareff\/","name":"Moi et Michel... Polnareff - Entretiens avec Dominique Duvivier - Toute la magie de Dominique Duvivier","isPartOf":{"@id":"https:\/\/www.dominiqueduvivier.com\/#website"},"datePublished":"2016-11-27T23:43:15+00:00","dateModified":"2019-08-12T13:06:48+00:00","author":{"@id":"https:\/\/www.dominiqueduvivier.com\/#\/schema\/person\/677c0bd6d5c5d21949cab39bb529a81c"},"breadcrumb":{"@id":"https:\/\/www.dominiqueduvivier.com\/index.php\/2016\/11\/28\/moi-et-michel-polnareff\/#breadcrumb"},"inLanguage":"fr-FR","potentialAction":[{"@type":"ReadAction","target":["https:\/\/www.dominiqueduvivier.com\/index.php\/2016\/11\/28\/moi-et-michel-polnareff\/"]}]},{"@type":"BreadcrumbList","@id":"https:\/\/www.dominiqueduvivier.com\/index.php\/2016\/11\/28\/moi-et-michel-polnareff\/#breadcrumb","itemListElement":[{"@type":"ListItem","position":1,"name":"Accueil","item":"https:\/\/www.dominiqueduvivier.com\/"},{"@type":"ListItem","position":2,"name":"Moi et Michel&#8230; Polnareff"}]},{"@type":"Person","@id":"https:\/\/www.dominiqueduvivier.com\/#\/schema\/person\/677c0bd6d5c5d21949cab39bb529a81c","name":"Dominique Duvivier","image":{"@type":"ImageObject","@id":"https:\/\/www.dominiqueduvivier.com\/#personlogo","inLanguage":"fr-FR","url":"https:\/\/www.dominiqueduvivier.com\/wp-content\/uploads\/2019\/04\/Double-Fond-1-2-excl-groupes-10-150x150.jpg","contentUrl":"https:\/\/www.dominiqueduvivier.com\/wp-content\/uploads\/2019\/04\/Double-Fond-1-2-excl-groupes-10-150x150.jpg","caption":"Dominique Duvivier"},"description":"\u2663\ufe0f Magicien. \u2666\ufe0f Ma\u00eetre de l\u2019art du #CloseUp. \u2665\ufe0f Cr\u00e9ateur de tours et professeur. \u2660\ufe0f Fondateur @ledoublefond et directeur de Mayette Magie.","url":"https:\/\/www.dominiqueduvivier.com\/index.php\/author\/dominique-duvivier\/"}]}},"_links":{"self":[{"href":"https:\/\/www.dominiqueduvivier.com\/index.php\/wp-json\/wp\/v2\/posts\/4022"}],"collection":[{"href":"https:\/\/www.dominiqueduvivier.com\/index.php\/wp-json\/wp\/v2\/posts"}],"about":[{"href":"https:\/\/www.dominiqueduvivier.com\/index.php\/wp-json\/wp\/v2\/types\/post"}],"author":[{"embeddable":true,"href":"https:\/\/www.dominiqueduvivier.com\/index.php\/wp-json\/wp\/v2\/users\/2"}],"replies":[{"embeddable":true,"href":"https:\/\/www.dominiqueduvivier.com\/index.php\/wp-json\/wp\/v2\/comments?post=4022"}],"version-history":[{"count":1,"href":"https:\/\/www.dominiqueduvivier.com\/index.php\/wp-json\/wp\/v2\/posts\/4022\/revisions"}],"predecessor-version":[{"id":5445,"href":"https:\/\/www.dominiqueduvivier.com\/index.php\/wp-json\/wp\/v2\/posts\/4022\/revisions\/5445"}],"wp:attachment":[{"href":"https:\/\/www.dominiqueduvivier.com\/index.php\/wp-json\/wp\/v2\/media?parent=4022"}],"wp:term":[{"taxonomy":"category","embeddable":true,"href":"https:\/\/www.dominiqueduvivier.com\/index.php\/wp-json\/wp\/v2\/categories?post=4022"},{"taxonomy":"post_tag","embeddable":true,"href":"https:\/\/www.dominiqueduvivier.com\/index.php\/wp-json\/wp\/v2\/tags?post=4022"}],"curies":[{"name":"wp","href":"https:\/\/api.w.org\/{rel}","templated":true}]}}