{"id":3967,"date":"2016-11-21T00:01:13","date_gmt":"2016-11-20T23:01:13","guid":{"rendered":"http:\/\/www.dominiqueduvivier.com\/?p=3967"},"modified":"2019-08-12T15:06:48","modified_gmt":"2019-08-12T13:06:48","slug":"photos-vente-privee-du-16-novembre","status":"publish","type":"post","link":"https:\/\/www.dominiqueduvivier.com\/index.php\/2016\/11\/21\/photos-vente-privee-du-16-novembre\/","title":{"rendered":"Photos vente priv\u00e9e du 16 novembre"},"content":{"rendered":"<p>Pendant la vente priv\u00e9e du 16 novembre, Adeline a eu la brillante id\u00e9e d\u2019immortaliser la chose avec quelques-uns des merveilleux spectateurs de ce jour-l\u00e0.<\/p>\n<p>Voici la preuve de ce que j\u2019avance. Vous d\u00e9couvrirez par la m\u00eame occasion toute l\u2019\u00e9quipe \u00e0 mes c\u00f4t\u00e9s. Pas belle la vie\u00a0?<\/p>\n<p><a href=\"https:\/\/www.dominiqueduvivier.com\/2016\/11\/21\/photos-vente-privee-du-16-novembre\/img_2850\/\" rel=\"attachment wp-att-3993\"><img loading=\"lazy\" class=\"alignleft size-thumbnail wp-image-3993\" src=\"https:\/\/www.dominiqueduvivier.com\/wp-content\/uploads\/2016\/11\/IMG_2850-150x150.jpg\" alt=\"IMG_2850\" width=\"150\" height=\"150\" \/><\/a><a href=\"https:\/\/www.dominiqueduvivier.com\/2016\/11\/21\/photos-vente-privee-du-16-novembre\/img_2870\/\" rel=\"attachment wp-att-4004\"> <img loading=\"lazy\" class=\"alignleft size-thumbnail wp-image-4004\" src=\"https:\/\/www.dominiqueduvivier.com\/wp-content\/uploads\/2016\/11\/IMG_2870-150x150.jpg\" alt=\"IMG_2870\" width=\"150\" height=\"150\" \/><\/a> <a href=\"https:\/\/www.dominiqueduvivier.com\/2016\/11\/21\/photos-vente-privee-du-16-novembre\/img_2868\/\" rel=\"attachment wp-att-4003\"><img loading=\"lazy\" class=\"alignleft size-thumbnail wp-image-4003\" src=\"https:\/\/www.dominiqueduvivier.com\/wp-content\/uploads\/2016\/11\/IMG_2868-150x150.jpg\" alt=\"IMG_2868\" width=\"150\" height=\"150\" \/><\/a> <a href=\"https:\/\/www.dominiqueduvivier.com\/2016\/11\/21\/photos-vente-privee-du-16-novembre\/img_2866\/\" rel=\"attachment wp-att-4002\"><img loading=\"lazy\" class=\"alignleft size-thumbnail wp-image-4002\" src=\"https:\/\/www.dominiqueduvivier.com\/wp-content\/uploads\/2016\/11\/IMG_2866-150x150.jpg\" alt=\"IMG_2866\" width=\"150\" height=\"150\" \/><\/a> <a href=\"https:\/\/www.dominiqueduvivier.com\/2016\/11\/21\/photos-vente-privee-du-16-novembre\/img_2863\/\" rel=\"attachment wp-att-4001\"><img loading=\"lazy\" class=\"alignleft size-thumbnail wp-image-4001\" src=\"https:\/\/www.dominiqueduvivier.com\/wp-content\/uploads\/2016\/11\/IMG_2863-150x150.jpg\" alt=\"IMG_2863\" width=\"150\" height=\"150\" \/><\/a> <a href=\"https:\/\/www.dominiqueduvivier.com\/2016\/11\/21\/photos-vente-privee-du-16-novembre\/img_2860\/\" rel=\"attachment wp-att-4000\"><img loading=\"lazy\" class=\"alignleft size-thumbnail wp-image-4000\" src=\"https:\/\/www.dominiqueduvivier.com\/wp-content\/uploads\/2016\/11\/IMG_2860-150x150.jpg\" alt=\"IMG_2860\" width=\"150\" height=\"150\" \/><\/a> <a href=\"https:\/\/www.dominiqueduvivier.com\/2016\/11\/21\/photos-vente-privee-du-16-novembre\/img_2859\/\" rel=\"attachment wp-att-3999\"><img loading=\"lazy\" class=\"alignleft size-thumbnail wp-image-3999\" src=\"https:\/\/www.dominiqueduvivier.com\/wp-content\/uploads\/2016\/11\/IMG_2859-150x150.jpg\" alt=\"IMG_2859\" width=\"150\" height=\"150\" \/><\/a> <a href=\"https:\/\/www.dominiqueduvivier.com\/2016\/11\/21\/photos-vente-privee-du-16-novembre\/img_2857\/\" rel=\"attachment wp-att-3998\"><img loading=\"lazy\" class=\"alignleft size-thumbnail wp-image-3998\" src=\"https:\/\/www.dominiqueduvivier.com\/wp-content\/uploads\/2016\/11\/IMG_2857-150x150.jpg\" alt=\"IMG_2857\" width=\"150\" height=\"150\" \/><\/a> <a href=\"https:\/\/www.dominiqueduvivier.com\/2016\/11\/21\/photos-vente-privee-du-16-novembre\/img_2856\/\" rel=\"attachment wp-att-3997\"><img loading=\"lazy\" class=\"alignleft size-thumbnail wp-image-3997\" src=\"https:\/\/www.dominiqueduvivier.com\/wp-content\/uploads\/2016\/11\/IMG_2856-150x150.jpg\" alt=\"IMG_2856\" width=\"150\" height=\"150\" \/><\/a> <a href=\"https:\/\/www.dominiqueduvivier.com\/2016\/11\/21\/photos-vente-privee-du-16-novembre\/img_2855\/\" rel=\"attachment wp-att-3996\"><img loading=\"lazy\" class=\"alignleft size-thumbnail wp-image-3996\" src=\"https:\/\/www.dominiqueduvivier.com\/wp-content\/uploads\/2016\/11\/IMG_2855-150x150.jpg\" alt=\"IMG_2855\" width=\"150\" height=\"150\" \/><\/a><a href=\"https:\/\/www.dominiqueduvivier.com\/2016\/11\/21\/photos-vente-privee-du-16-novembre\/img_2876\/\" rel=\"attachment wp-att-4007\"><img loading=\"lazy\" class=\"alignleft size-thumbnail wp-image-4007\" src=\"https:\/\/www.dominiqueduvivier.com\/wp-content\/uploads\/2016\/11\/IMG_2876-150x150.jpg\" alt=\"IMG_2876\" width=\"150\" height=\"150\" \/><\/a> <a href=\"https:\/\/www.dominiqueduvivier.com\/2016\/11\/21\/photos-vente-privee-du-16-novembre\/img_2871\/\" rel=\"attachment wp-att-4005\"><img loading=\"lazy\" class=\"alignleft size-thumbnail wp-image-4005\" src=\"https:\/\/www.dominiqueduvivier.com\/wp-content\/uploads\/2016\/11\/IMG_2871-150x150.jpg\" alt=\"IMG_2871\" width=\"150\" height=\"150\" \/><\/a><a href=\"https:\/\/www.dominiqueduvivier.com\/2016\/11\/21\/photos-vente-privee-du-16-novembre\/img_2854\/\" rel=\"attachment wp-att-3995\"> <img loading=\"lazy\" class=\"alignleft size-thumbnail wp-image-3995\" src=\"https:\/\/www.dominiqueduvivier.com\/wp-content\/uploads\/2016\/11\/IMG_2854-150x150.jpg\" alt=\"IMG_2854\" width=\"150\" height=\"150\" \/><\/a> <a href=\"https:\/\/www.dominiqueduvivier.com\/2016\/11\/21\/photos-vente-privee-du-16-novembre\/img_2852\/\" rel=\"attachment wp-att-3994\"><img loading=\"lazy\" class=\"alignleft size-thumbnail wp-image-3994\" src=\"https:\/\/www.dominiqueduvivier.com\/wp-content\/uploads\/2016\/11\/IMG_2852-150x150.jpg\" alt=\"IMG_2852\" width=\"150\" height=\"150\" \/><\/a><a href=\"https:\/\/www.dominiqueduvivier.com\/2016\/11\/21\/photos-vente-privee-du-16-novembre\/img_2848\/\" rel=\"attachment wp-att-3992\"><img loading=\"lazy\" class=\"alignleft size-thumbnail wp-image-3992\" src=\"https:\/\/www.dominiqueduvivier.com\/wp-content\/uploads\/2016\/11\/IMG_2848-150x150.jpg\" alt=\"IMG_2848\" width=\"150\" height=\"150\" \/><\/a> <a href=\"https:\/\/www.dominiqueduvivier.com\/2016\/11\/21\/photos-vente-privee-du-16-novembre\/img_2847\/\" rel=\"attachment wp-att-3991\"><img loading=\"lazy\" class=\"alignleft size-thumbnail wp-image-3991\" src=\"https:\/\/www.dominiqueduvivier.com\/wp-content\/uploads\/2016\/11\/IMG_2847-150x150.jpg\" alt=\"IMG_2847\" width=\"150\" height=\"150\" \/><\/a><a href=\"https:\/\/www.dominiqueduvivier.com\/2016\/11\/21\/photos-vente-privee-du-16-novembre\/img_2845\/\" rel=\"attachment wp-att-3990\"><img loading=\"lazy\" class=\"alignleft size-thumbnail wp-image-3990\" src=\"https:\/\/www.dominiqueduvivier.com\/wp-content\/uploads\/2016\/11\/IMG_2845-150x150.jpg\" alt=\"IMG_2845\" width=\"150\" height=\"150\" \/><\/a> <a href=\"https:\/\/www.dominiqueduvivier.com\/2016\/11\/21\/photos-vente-privee-du-16-novembre\/img_2844\/\" rel=\"attachment wp-att-3989\"><img loading=\"lazy\" class=\"alignleft size-thumbnail wp-image-3989\" src=\"https:\/\/www.dominiqueduvivier.com\/wp-content\/uploads\/2016\/11\/IMG_2844-150x150.jpg\" alt=\"IMG_2844\" width=\"150\" height=\"150\" \/><\/a> <a href=\"https:\/\/www.dominiqueduvivier.com\/2016\/11\/21\/photos-vente-privee-du-16-novembre\/img_2843\/\" rel=\"attachment wp-att-3988\"><img loading=\"lazy\" class=\"alignleft size-thumbnail wp-image-3988\" src=\"https:\/\/www.dominiqueduvivier.com\/wp-content\/uploads\/2016\/11\/IMG_2843-150x150.jpg\" alt=\"IMG_2843\" width=\"150\" height=\"150\" \/><\/a> <a href=\"https:\/\/www.dominiqueduvivier.com\/2016\/11\/21\/photos-vente-privee-du-16-novembre\/img_2841\/\" rel=\"attachment wp-att-3987\"><img loading=\"lazy\" class=\"alignleft size-thumbnail wp-image-3987\" src=\"https:\/\/www.dominiqueduvivier.com\/wp-content\/uploads\/2016\/11\/IMG_2841-150x150.jpg\" alt=\"IMG_2841\" width=\"150\" height=\"150\" \/><\/a> <a href=\"https:\/\/www.dominiqueduvivier.com\/2016\/11\/21\/photos-vente-privee-du-16-novembre\/img_2840\/\" rel=\"attachment wp-att-3986\"><img loading=\"lazy\" class=\"alignleft size-thumbnail wp-image-3986\" src=\"https:\/\/www.dominiqueduvivier.com\/wp-content\/uploads\/2016\/11\/IMG_2840-150x150.jpg\" alt=\"IMG_2840\" width=\"150\" height=\"150\" \/><\/a> <a href=\"https:\/\/www.dominiqueduvivier.com\/2016\/11\/21\/photos-vente-privee-du-16-novembre\/img_2838\/\" rel=\"attachment wp-att-3985\"><img loading=\"lazy\" class=\"alignleft size-thumbnail wp-image-3985\" src=\"https:\/\/www.dominiqueduvivier.com\/wp-content\/uploads\/2016\/11\/IMG_2838-150x150.jpg\" alt=\"IMG_2838\" width=\"150\" height=\"150\" \/><\/a> <a href=\"https:\/\/www.dominiqueduvivier.com\/2016\/11\/21\/photos-vente-privee-du-16-novembre\/img_2836\/\" rel=\"attachment wp-att-3984\"><img loading=\"lazy\" class=\"alignleft size-thumbnail wp-image-3984\" src=\"https:\/\/www.dominiqueduvivier.com\/wp-content\/uploads\/2016\/11\/IMG_2836-150x150.jpg\" alt=\"IMG_2836\" width=\"150\" height=\"150\" \/><\/a> <a href=\"https:\/\/www.dominiqueduvivier.com\/2016\/11\/21\/photos-vente-privee-du-16-novembre\/img_2835\/\" rel=\"attachment wp-att-3983\"><img loading=\"lazy\" class=\"alignleft size-thumbnail wp-image-3983\" src=\"https:\/\/www.dominiqueduvivier.com\/wp-content\/uploads\/2016\/11\/IMG_2835-150x150.jpg\" alt=\"IMG_2835\" width=\"150\" height=\"150\" \/><\/a> <a href=\"https:\/\/www.dominiqueduvivier.com\/2016\/11\/21\/photos-vente-privee-du-16-novembre\/img_2831\/\" rel=\"attachment wp-att-3982\"><img loading=\"lazy\" class=\"alignleft size-thumbnail wp-image-3982\" src=\"https:\/\/www.dominiqueduvivier.com\/wp-content\/uploads\/2016\/11\/IMG_2831-150x150.jpg\" alt=\"IMG_2831\" width=\"150\" height=\"150\" \/><\/a> <a href=\"https:\/\/www.dominiqueduvivier.com\/2016\/11\/21\/photos-vente-privee-du-16-novembre\/img_2830\/\" rel=\"attachment wp-att-3981\"><img loading=\"lazy\" class=\"alignleft size-thumbnail wp-image-3981\" src=\"https:\/\/www.dominiqueduvivier.com\/wp-content\/uploads\/2016\/11\/IMG_2830-150x150.jpg\" alt=\"IMG_2830\" width=\"150\" height=\"150\" \/><\/a> <a href=\"https:\/\/www.dominiqueduvivier.com\/2016\/11\/21\/photos-vente-privee-du-16-novembre\/img_2829\/\" rel=\"attachment wp-att-3980\"><img loading=\"lazy\" class=\"alignleft size-thumbnail wp-image-3980\" src=\"https:\/\/www.dominiqueduvivier.com\/wp-content\/uploads\/2016\/11\/IMG_2829-150x150.jpg\" alt=\"IMG_2829\" width=\"150\" height=\"150\" \/><\/a> <a href=\"https:\/\/www.dominiqueduvivier.com\/2016\/11\/21\/photos-vente-privee-du-16-novembre\/img_2827\/\" rel=\"attachment wp-att-3979\"><img loading=\"lazy\" class=\"alignleft size-thumbnail wp-image-3979\" src=\"https:\/\/www.dominiqueduvivier.com\/wp-content\/uploads\/2016\/11\/IMG_2827-150x150.jpg\" alt=\"IMG_2827\" width=\"150\" height=\"150\" \/><\/a><a href=\"https:\/\/www.dominiqueduvivier.com\/2016\/11\/21\/photos-vente-privee-du-16-novembre\/img_2826\/\" rel=\"attachment wp-att-3978\"><img loading=\"lazy\" class=\"alignleft size-thumbnail wp-image-3978\" src=\"https:\/\/www.dominiqueduvivier.com\/wp-content\/uploads\/2016\/11\/IMG_2826-150x150.jpg\" alt=\"IMG_2826\" width=\"150\" height=\"150\" \/><\/a> <a href=\"https:\/\/www.dominiqueduvivier.com\/2016\/11\/21\/photos-vente-privee-du-16-novembre\/img_2824\/\" rel=\"attachment wp-att-3977\"><img loading=\"lazy\" class=\"alignleft size-thumbnail wp-image-3977\" src=\"https:\/\/www.dominiqueduvivier.com\/wp-content\/uploads\/2016\/11\/IMG_2824-150x150.jpg\" alt=\"IMG_2824\" width=\"150\" height=\"150\" \/><\/a> <a href=\"https:\/\/www.dominiqueduvivier.com\/2016\/11\/21\/photos-vente-privee-du-16-novembre\/img_2823\/\" rel=\"attachment wp-att-3976\"><img loading=\"lazy\" class=\"alignleft size-thumbnail wp-image-3976\" src=\"https:\/\/www.dominiqueduvivier.com\/wp-content\/uploads\/2016\/11\/IMG_2823-150x150.jpg\" alt=\"IMG_2823\" width=\"150\" height=\"150\" \/><\/a> <a href=\"https:\/\/www.dominiqueduvivier.com\/2016\/11\/21\/photos-vente-privee-du-16-novembre\/img_2821\/\" rel=\"attachment wp-att-3975\"><img loading=\"lazy\" class=\"alignleft size-thumbnail wp-image-3975\" src=\"https:\/\/www.dominiqueduvivier.com\/wp-content\/uploads\/2016\/11\/IMG_2821-150x150.jpg\" alt=\"IMG_2821\" width=\"150\" height=\"150\" \/><\/a> <a href=\"https:\/\/www.dominiqueduvivier.com\/2016\/11\/21\/photos-vente-privee-du-16-novembre\/img_2819\/\" rel=\"attachment wp-att-3974\"><img loading=\"lazy\" class=\"alignleft size-thumbnail wp-image-3974\" src=\"https:\/\/www.dominiqueduvivier.com\/wp-content\/uploads\/2016\/11\/IMG_2819-150x150.jpg\" alt=\"IMG_2819\" width=\"150\" height=\"150\" \/><\/a> <a href=\"https:\/\/www.dominiqueduvivier.com\/2016\/11\/21\/photos-vente-privee-du-16-novembre\/img_2817\/\" rel=\"attachment wp-att-3973\"><img loading=\"lazy\" class=\"alignleft size-thumbnail wp-image-3973\" src=\"https:\/\/www.dominiqueduvivier.com\/wp-content\/uploads\/2016\/11\/IMG_2817-150x150.jpg\" alt=\"IMG_2817\" width=\"150\" height=\"150\" \/><\/a> <a href=\"https:\/\/www.dominiqueduvivier.com\/2016\/11\/21\/photos-vente-privee-du-16-novembre\/img_2815\/\" rel=\"attachment wp-att-3972\"><img loading=\"lazy\" class=\"alignleft size-thumbnail wp-image-3972\" src=\"https:\/\/www.dominiqueduvivier.com\/wp-content\/uploads\/2016\/11\/IMG_2815-150x150.jpg\" alt=\"IMG_2815\" width=\"150\" height=\"150\" \/><\/a> <a href=\"https:\/\/www.dominiqueduvivier.com\/2016\/11\/21\/photos-vente-privee-du-16-novembre\/img_2808\/\" rel=\"attachment wp-att-3968\"><img loading=\"lazy\" class=\"alignnone size-thumbnail wp-image-3968\" src=\"https:\/\/www.dominiqueduvivier.com\/wp-content\/uploads\/2016\/11\/IMG_2808-150x150.jpg\" alt=\"IMG_2808\" width=\"150\" height=\"150\" \/><\/a><a href=\"https:\/\/www.dominiqueduvivier.com\/2016\/11\/21\/photos-vente-privee-du-16-novembre\/img_2813\/\" rel=\"attachment wp-att-3971\"><img loading=\"lazy\" class=\"alignnone size-thumbnail wp-image-3971\" src=\"https:\/\/www.dominiqueduvivier.com\/wp-content\/uploads\/2016\/11\/IMG_2813-150x150.jpg\" alt=\"IMG_2813\" width=\"150\" height=\"150\" \/><\/a><a href=\"https:\/\/www.dominiqueduvivier.com\/2016\/11\/21\/photos-vente-privee-du-16-novembre\/img_2810\/\" rel=\"attachment wp-att-3969\"><img loading=\"lazy\" class=\"alignleft size-thumbnail wp-image-3969\" src=\"https:\/\/www.dominiqueduvivier.com\/wp-content\/uploads\/2016\/11\/IMG_2810-150x150.jpg\" alt=\"IMG_2810\" width=\"150\" height=\"150\" \/><\/a><a href=\"https:\/\/www.dominiqueduvivier.com\/2016\/11\/21\/photos-vente-privee-du-16-novembre\/img_2812\/\" rel=\"attachment wp-att-3970\"><img loading=\"lazy\" class=\"alignleft size-thumbnail wp-image-3970\" src=\"https:\/\/www.dominiqueduvivier.com\/wp-content\/uploads\/2016\/11\/IMG_2812-150x150.jpg\" alt=\"IMG_2812\" width=\"150\" height=\"150\" \/><\/a><a href=\"https:\/\/www.dominiqueduvivier.com\/2016\/11\/21\/photos-vente-privee-du-16-novembre\/img_2872\/\" rel=\"attachment wp-att-4006\"><img loading=\"lazy\" class=\"alignleft size-thumbnail wp-image-4006\" src=\"https:\/\/www.dominiqueduvivier.com\/wp-content\/uploads\/2016\/11\/IMG_2872-150x150.jpg\" alt=\"IMG_2872\" width=\"150\" height=\"150\" \/><\/a><\/p>\n","protected":false},"excerpt":{"rendered":"<p>Pendant la vente priv\u00e9e du 16 novembre, Adeline a eu la brillante id\u00e9e d\u2019immortaliser la chose avec quelques-uns des merveilleux spectateurs de ce jour-l\u00e0. Voici la preuve de ce que j\u2019avance. Vous d\u00e9couvrirez par la m\u00eame occasion toute l\u2019\u00e9quipe \u00e0 mes c\u00f4t\u00e9s. Pas belle la vie\u00a0?<\/p>\n","protected":false},"author":2,"featured_media":0,"comment_status":"open","ping_status":"open","sticky":false,"template":"","format":"standard","meta":{"_monsterinsights_skip_tracking":false,"_monsterinsights_sitenote_active":false,"_monsterinsights_sitenote_note":"","_monsterinsights_sitenote_category":0,"ngg_post_thumbnail":0},"categories":[4],"tags":[15,18,23,24,25,27],"yoast_head":"<!-- This site is optimized with the Yoast SEO plugin v17.9 - https:\/\/yoast.com\/wordpress\/plugins\/seo\/ -->\n<title>Photos vente priv\u00e9e du 16 novembre - Entretiens avec Dominique Duvivier - Toute la magie de Dominique Duvivier<\/title>\n<meta name=\"robots\" content=\"index, follow, max-snippet:-1, max-image-preview:large, max-video-preview:-1\" \/>\n<link rel=\"canonical\" href=\"https:\/\/www.dominiqueduvivier.com\/index.php\/2016\/11\/21\/photos-vente-privee-du-16-novembre\/\" \/>\n<meta property=\"og:locale\" content=\"fr_FR\" \/>\n<meta property=\"og:type\" content=\"article\" \/>\n<meta property=\"og:title\" content=\"Photos vente priv\u00e9e du 16 novembre - Entretiens avec Dominique Duvivier - Toute la magie de Dominique Duvivier\" \/>\n<meta property=\"og:description\" content=\"Pendant la vente priv\u00e9e du 16 novembre, Adeline a eu la brillante id\u00e9e d\u2019immortaliser la chose avec quelques-uns des merveilleux spectateurs de ce jour-l\u00e0. Voici la preuve de ce que j\u2019avance. Vous d\u00e9couvrirez par la m\u00eame occasion toute l\u2019\u00e9quipe \u00e0 mes c\u00f4t\u00e9s. Pas belle la vie\u00a0?\" \/>\n<meta property=\"og:url\" content=\"https:\/\/www.dominiqueduvivier.com\/index.php\/2016\/11\/21\/photos-vente-privee-du-16-novembre\/\" \/>\n<meta property=\"og:site_name\" content=\"Entretiens avec Dominique Duvivier - Toute la magie de Dominique Duvivier\" \/>\n<meta property=\"article:publisher\" content=\"https:\/\/www.facebook.com\/dominique.duvivier.1232\/\" \/>\n<meta property=\"article:published_time\" content=\"2016-11-20T23:01:13+00:00\" \/>\n<meta property=\"article:modified_time\" content=\"2019-08-12T13:06:48+00:00\" \/>\n<meta property=\"og:image\" content=\"https:\/\/www.dominiqueduvivier.com\/wp-content\/uploads\/2016\/11\/IMG_2850-150x150.jpg\" \/>\n<meta name=\"twitter:card\" content=\"summary_large_image\" \/>\n<meta name=\"twitter:creator\" content=\"@DDUVIVIER\" \/>\n<meta name=\"twitter:site\" content=\"@DDUVIVIER\" \/>\n<meta name=\"twitter:label1\" content=\"\u00c9crit par\" \/>\n\t<meta name=\"twitter:data1\" content=\"Dominique Duvivier\" \/>\n<script type=\"application\/ld+json\" class=\"yoast-schema-graph\">{\"@context\":\"https:\/\/schema.org\",\"@graph\":[{\"@type\":\"WebSite\",\"@id\":\"https:\/\/www.dominiqueduvivier.com\/#website\",\"url\":\"https:\/\/www.dominiqueduvivier.com\/\",\"name\":\"Entretiens avec Dominique Duvivier - Toute la magie de Dominique Duvivier\",\"description\":\"Dominique Duvivier | Magicien\",\"potentialAction\":[{\"@type\":\"SearchAction\",\"target\":{\"@type\":\"EntryPoint\",\"urlTemplate\":\"https:\/\/www.dominiqueduvivier.com\/?s={search_term_string}\"},\"query-input\":\"required name=search_term_string\"}],\"inLanguage\":\"fr-FR\"},{\"@type\":\"ImageObject\",\"@id\":\"https:\/\/www.dominiqueduvivier.com\/index.php\/2016\/11\/21\/photos-vente-privee-du-16-novembre\/#primaryimage\",\"inLanguage\":\"fr-FR\",\"url\":\"https:\/\/www.dominiqueduvivier.com\/wp-content\/uploads\/2016\/11\/IMG_2850.jpg\",\"contentUrl\":\"https:\/\/www.dominiqueduvivier.com\/wp-content\/uploads\/2016\/11\/IMG_2850.jpg\",\"width\":3264,\"height\":2448},{\"@type\":\"WebPage\",\"@id\":\"https:\/\/www.dominiqueduvivier.com\/index.php\/2016\/11\/21\/photos-vente-privee-du-16-novembre\/#webpage\",\"url\":\"https:\/\/www.dominiqueduvivier.com\/index.php\/2016\/11\/21\/photos-vente-privee-du-16-novembre\/\",\"name\":\"Photos vente priv\\u00e9e du 16 novembre - Entretiens avec Dominique Duvivier - Toute la magie de Dominique Duvivier\",\"isPartOf\":{\"@id\":\"https:\/\/www.dominiqueduvivier.com\/#website\"},\"primaryImageOfPage\":{\"@id\":\"https:\/\/www.dominiqueduvivier.com\/index.php\/2016\/11\/21\/photos-vente-privee-du-16-novembre\/#primaryimage\"},\"datePublished\":\"2016-11-20T23:01:13+00:00\",\"dateModified\":\"2019-08-12T13:06:48+00:00\",\"author\":{\"@id\":\"https:\/\/www.dominiqueduvivier.com\/#\/schema\/person\/677c0bd6d5c5d21949cab39bb529a81c\"},\"breadcrumb\":{\"@id\":\"https:\/\/www.dominiqueduvivier.com\/index.php\/2016\/11\/21\/photos-vente-privee-du-16-novembre\/#breadcrumb\"},\"inLanguage\":\"fr-FR\",\"potentialAction\":[{\"@type\":\"ReadAction\",\"target\":[\"https:\/\/www.dominiqueduvivier.com\/index.php\/2016\/11\/21\/photos-vente-privee-du-16-novembre\/\"]}]},{\"@type\":\"BreadcrumbList\",\"@id\":\"https:\/\/www.dominiqueduvivier.com\/index.php\/2016\/11\/21\/photos-vente-privee-du-16-novembre\/#breadcrumb\",\"itemListElement\":[{\"@type\":\"ListItem\",\"position\":1,\"name\":\"Accueil\",\"item\":\"https:\/\/www.dominiqueduvivier.com\/\"},{\"@type\":\"ListItem\",\"position\":2,\"name\":\"Photos vente priv\\u00e9e du 16 novembre\"}]},{\"@type\":\"Person\",\"@id\":\"https:\/\/www.dominiqueduvivier.com\/#\/schema\/person\/677c0bd6d5c5d21949cab39bb529a81c\",\"name\":\"Dominique Duvivier\",\"image\":{\"@type\":\"ImageObject\",\"@id\":\"https:\/\/www.dominiqueduvivier.com\/#personlogo\",\"inLanguage\":\"fr-FR\",\"url\":\"https:\/\/www.dominiqueduvivier.com\/wp-content\/uploads\/2019\/04\/Double-Fond-1-2-excl-groupes-10-150x150.jpg\",\"contentUrl\":\"https:\/\/www.dominiqueduvivier.com\/wp-content\/uploads\/2019\/04\/Double-Fond-1-2-excl-groupes-10-150x150.jpg\",\"caption\":\"Dominique Duvivier\"},\"description\":\"\\u2663\\ufe0f Magicien. \\u2666\\ufe0f Ma\\u00eetre de l\\u2019art du #CloseUp. \\u2665\\ufe0f Cr\\u00e9ateur de tours et professeur. \\u2660\\ufe0f Fondateur @ledoublefond et directeur de Mayette Magie.\",\"url\":\"https:\/\/www.dominiqueduvivier.com\/index.php\/author\/dominique-duvivier\/\"}]}<\/script>\n<!-- \/ Yoast SEO plugin. -->","yoast_head_json":{"title":"Photos vente priv\u00e9e du 16 novembre - Entretiens avec Dominique Duvivier - Toute la magie de Dominique Duvivier","robots":{"index":"index","follow":"follow","max-snippet":"max-snippet:-1","max-image-preview":"max-image-preview:large","max-video-preview":"max-video-preview:-1"},"canonical":"https:\/\/www.dominiqueduvivier.com\/index.php\/2016\/11\/21\/photos-vente-privee-du-16-novembre\/","og_locale":"fr_FR","og_type":"article","og_title":"Photos vente priv\u00e9e du 16 novembre - Entretiens avec Dominique Duvivier - Toute la magie de Dominique Duvivier","og_description":"Pendant la vente priv\u00e9e du 16 novembre, Adeline a eu la brillante id\u00e9e d\u2019immortaliser la chose avec quelques-uns des merveilleux spectateurs de ce jour-l\u00e0. Voici la preuve de ce que j\u2019avance. Vous d\u00e9couvrirez par la m\u00eame occasion toute l\u2019\u00e9quipe \u00e0 mes c\u00f4t\u00e9s. Pas belle la vie\u00a0?","og_url":"https:\/\/www.dominiqueduvivier.com\/index.php\/2016\/11\/21\/photos-vente-privee-du-16-novembre\/","og_site_name":"Entretiens avec Dominique Duvivier - Toute la magie de Dominique Duvivier","article_publisher":"https:\/\/www.facebook.com\/dominique.duvivier.1232\/","article_published_time":"2016-11-20T23:01:13+00:00","article_modified_time":"2019-08-12T13:06:48+00:00","og_image":[{"url":"https:\/\/www.dominiqueduvivier.com\/wp-content\/uploads\/2016\/11\/IMG_2850-150x150.jpg"}],"twitter_card":"summary_large_image","twitter_creator":"@DDUVIVIER","twitter_site":"@DDUVIVIER","twitter_misc":{"\u00c9crit par":"Dominique Duvivier"},"schema":{"@context":"https:\/\/schema.org","@graph":[{"@type":"WebSite","@id":"https:\/\/www.dominiqueduvivier.com\/#website","url":"https:\/\/www.dominiqueduvivier.com\/","name":"Entretiens avec Dominique Duvivier - Toute la magie de Dominique Duvivier","description":"Dominique Duvivier | Magicien","potentialAction":[{"@type":"SearchAction","target":{"@type":"EntryPoint","urlTemplate":"https:\/\/www.dominiqueduvivier.com\/?s={search_term_string}"},"query-input":"required name=search_term_string"}],"inLanguage":"fr-FR"},{"@type":"ImageObject","@id":"https:\/\/www.dominiqueduvivier.com\/index.php\/2016\/11\/21\/photos-vente-privee-du-16-novembre\/#primaryimage","inLanguage":"fr-FR","url":"https:\/\/www.dominiqueduvivier.com\/wp-content\/uploads\/2016\/11\/IMG_2850.jpg","contentUrl":"https:\/\/www.dominiqueduvivier.com\/wp-content\/uploads\/2016\/11\/IMG_2850.jpg","width":3264,"height":2448},{"@type":"WebPage","@id":"https:\/\/www.dominiqueduvivier.com\/index.php\/2016\/11\/21\/photos-vente-privee-du-16-novembre\/#webpage","url":"https:\/\/www.dominiqueduvivier.com\/index.php\/2016\/11\/21\/photos-vente-privee-du-16-novembre\/","name":"Photos vente priv\u00e9e du 16 novembre - Entretiens avec Dominique Duvivier - Toute la magie de Dominique Duvivier","isPartOf":{"@id":"https:\/\/www.dominiqueduvivier.com\/#website"},"primaryImageOfPage":{"@id":"https:\/\/www.dominiqueduvivier.com\/index.php\/2016\/11\/21\/photos-vente-privee-du-16-novembre\/#primaryimage"},"datePublished":"2016-11-20T23:01:13+00:00","dateModified":"2019-08-12T13:06:48+00:00","author":{"@id":"https:\/\/www.dominiqueduvivier.com\/#\/schema\/person\/677c0bd6d5c5d21949cab39bb529a81c"},"breadcrumb":{"@id":"https:\/\/www.dominiqueduvivier.com\/index.php\/2016\/11\/21\/photos-vente-privee-du-16-novembre\/#breadcrumb"},"inLanguage":"fr-FR","potentialAction":[{"@type":"ReadAction","target":["https:\/\/www.dominiqueduvivier.com\/index.php\/2016\/11\/21\/photos-vente-privee-du-16-novembre\/"]}]},{"@type":"BreadcrumbList","@id":"https:\/\/www.dominiqueduvivier.com\/index.php\/2016\/11\/21\/photos-vente-privee-du-16-novembre\/#breadcrumb","itemListElement":[{"@type":"ListItem","position":1,"name":"Accueil","item":"https:\/\/www.dominiqueduvivier.com\/"},{"@type":"ListItem","position":2,"name":"Photos vente priv\u00e9e du 16 novembre"}]},{"@type":"Person","@id":"https:\/\/www.dominiqueduvivier.com\/#\/schema\/person\/677c0bd6d5c5d21949cab39bb529a81c","name":"Dominique Duvivier","image":{"@type":"ImageObject","@id":"https:\/\/www.dominiqueduvivier.com\/#personlogo","inLanguage":"fr-FR","url":"https:\/\/www.dominiqueduvivier.com\/wp-content\/uploads\/2019\/04\/Double-Fond-1-2-excl-groupes-10-150x150.jpg","contentUrl":"https:\/\/www.dominiqueduvivier.com\/wp-content\/uploads\/2019\/04\/Double-Fond-1-2-excl-groupes-10-150x150.jpg","caption":"Dominique Duvivier"},"description":"\u2663\ufe0f Magicien. \u2666\ufe0f Ma\u00eetre de l\u2019art du #CloseUp. \u2665\ufe0f Cr\u00e9ateur de tours et professeur. \u2660\ufe0f Fondateur @ledoublefond et directeur de Mayette Magie.","url":"https:\/\/www.dominiqueduvivier.com\/index.php\/author\/dominique-duvivier\/"}]}},"_links":{"self":[{"href":"https:\/\/www.dominiqueduvivier.com\/index.php\/wp-json\/wp\/v2\/posts\/3967"}],"collection":[{"href":"https:\/\/www.dominiqueduvivier.com\/index.php\/wp-json\/wp\/v2\/posts"}],"about":[{"href":"https:\/\/www.dominiqueduvivier.com\/index.php\/wp-json\/wp\/v2\/types\/post"}],"author":[{"embeddable":true,"href":"https:\/\/www.dominiqueduvivier.com\/index.php\/wp-json\/wp\/v2\/users\/2"}],"replies":[{"embeddable":true,"href":"https:\/\/www.dominiqueduvivier.com\/index.php\/wp-json\/wp\/v2\/comments?post=3967"}],"version-history":[{"count":1,"href":"https:\/\/www.dominiqueduvivier.com\/index.php\/wp-json\/wp\/v2\/posts\/3967\/revisions"}],"predecessor-version":[{"id":5446,"href":"https:\/\/www.dominiqueduvivier.com\/index.php\/wp-json\/wp\/v2\/posts\/3967\/revisions\/5446"}],"wp:attachment":[{"href":"https:\/\/www.dominiqueduvivier.com\/index.php\/wp-json\/wp\/v2\/media?parent=3967"}],"wp:term":[{"taxonomy":"category","embeddable":true,"href":"https:\/\/www.dominiqueduvivier.com\/index.php\/wp-json\/wp\/v2\/categories?post=3967"},{"taxonomy":"post_tag","embeddable":true,"href":"https:\/\/www.dominiqueduvivier.com\/index.php\/wp-json\/wp\/v2\/tags?post=3967"}],"curies":[{"name":"wp","href":"https:\/\/api.w.org\/{rel}","templated":true}]}}