{"id":3504,"date":"2015-09-14T00:01:55","date_gmt":"2015-09-13T22:01:55","guid":{"rendered":"http:\/\/www.dominiqueduvivier.com\/?p=3504"},"modified":"2019-08-12T15:06:57","modified_gmt":"2019-08-12T13:06:57","slug":"conference-a-liege","status":"publish","type":"post","link":"https:\/\/www.dominiqueduvivier.com\/index.php\/2015\/09\/14\/conference-a-liege\/","title":{"rendered":"Conf\u00e9rence \u00e0 Li\u00e8ge"},"content":{"rendered":"<p>Samedi matin de tr\u00e8s bonne heure\u2026 la bonne humeur r\u00e8gne dans le staff car nous allons \u00e0 Li\u00e8ge pour faire une conf\u00e9rence exceptionnelle.<\/p>\n<p><em>Je rappelle aux taquins que je n\u2019ai jamais dit que je ne ferais plus de conf\u00e9rences, mais que je ne ferais plus de nouvelle conf\u00e9rence film\u00e9e et vendue en DVD. Cela ne m\u2019emp\u00eache pas de faire des conf\u00e9rences, m\u00eame si c\u2019est tr\u00e8s rare puisque je n\u2019aime vraiment pas voyager\u00a0!<\/em><\/p>\n<p><em>Et, soit dit en passant, pour faire plaisir aux organisateurs qui avaient mis les petits plats dans les grands, j\u2019ai vendu avant-hier \u00e0 Li\u00e8ge \u00ab\u00a0La carte cam\u00e9l\u00e9on\u00a0\u00bb (en qualit\u00e9 Bicycle) pour la premi\u00e8re fois et en exclusivit\u00e9 pour l\u2019occasion. Le produit sortira en mars 2016 \u00a0pour tout le monde.<\/em><\/p>\n<p><a href=\"https:\/\/www.dominiqueduvivier.com\/2015\/09\/14\/conference-a-liege\/img_0734\/\" rel=\"attachment wp-att-3505\"><img loading=\"lazy\" class=\"alignnone size-full wp-image-3505\" src=\"https:\/\/www.dominiqueduvivier.com\/wp-content\/uploads\/2015\/09\/IMG_0734.jpg\" alt=\"Alexandra_Duvivier_Adeline_Galland\" width=\"400\" height=\"300\" srcset=\"https:\/\/www.dominiqueduvivier.com\/wp-content\/uploads\/2015\/09\/IMG_0734.jpg 400w, https:\/\/www.dominiqueduvivier.com\/wp-content\/uploads\/2015\/09\/IMG_0734-300x225.jpg 300w\" sizes=\"(max-width: 400px) 100vw, 400px\" \/><\/a><\/p>\n<p>Premi\u00e8re collation dans le Thalys. Ils nous bichonnent ces Thalissiens\u00a0!!!<\/p>\n<p><a href=\"https:\/\/www.dominiqueduvivier.com\/2015\/09\/14\/conference-a-liege\/img_0735\/\" rel=\"attachment wp-att-3506\"><img loading=\"lazy\" class=\"alignnone size-full wp-image-3506\" src=\"https:\/\/www.dominiqueduvivier.com\/wp-content\/uploads\/2015\/09\/IMG_0735.jpg\" alt=\"Dominique_Duvivier_Sophie_Nguyen\" width=\"400\" height=\"300\" srcset=\"https:\/\/www.dominiqueduvivier.com\/wp-content\/uploads\/2015\/09\/IMG_0735.jpg 400w, https:\/\/www.dominiqueduvivier.com\/wp-content\/uploads\/2015\/09\/IMG_0735-300x225.jpg 300w\" sizes=\"(max-width: 400px) 100vw, 400px\" \/><\/a><\/p>\n<p>Arriv\u00e9s \u00e0 l\u2019heure et accueillis comme des rock stars par le staff belge. Tr\u00e8s agr\u00e9able\u00a0!<\/p>\n<p><a href=\"https:\/\/www.dominiqueduvivier.com\/2015\/09\/14\/conference-a-liege\/img_0736\/\" rel=\"attachment wp-att-3507\"><img loading=\"lazy\" class=\"alignnone size-full wp-image-3507\" src=\"https:\/\/www.dominiqueduvivier.com\/wp-content\/uploads\/2015\/09\/IMG_0736.jpg\" alt=\"Dominique_Duvivier_Alexandra_Duvivier\" width=\"400\" height=\"300\" srcset=\"https:\/\/www.dominiqueduvivier.com\/wp-content\/uploads\/2015\/09\/IMG_0736.jpg 400w, https:\/\/www.dominiqueduvivier.com\/wp-content\/uploads\/2015\/09\/IMG_0736-300x225.jpg 300w\" sizes=\"(max-width: 400px) 100vw, 400px\" \/><\/a><\/p>\n<p>Un des membres de \u00ab\u00a0L\u2019Ecole de l\u2019illusion\u00a0\u00bb qui nous a re\u00e7us, a pass\u00e9 sa nuit pour confectionner une sculpture en ballons \u00e0 notre effigie. Quel beau cadeau\u2026 et quel talent\u00a0!<\/p>\n<p><a href=\"https:\/\/www.dominiqueduvivier.com\/2015\/09\/14\/conference-a-liege\/img_0741\/\" rel=\"attachment wp-att-3508\"><img loading=\"lazy\" class=\"alignnone size-full wp-image-3508\" src=\"https:\/\/www.dominiqueduvivier.com\/wp-content\/uploads\/2015\/09\/IMG_0741.jpg\" alt=\"Dominique_Duvivier_Alexandra_Duvivier\" width=\"400\" height=\"300\" srcset=\"https:\/\/www.dominiqueduvivier.com\/wp-content\/uploads\/2015\/09\/IMG_0741.jpg 400w, https:\/\/www.dominiqueduvivier.com\/wp-content\/uploads\/2015\/09\/IMG_0741-300x225.jpg 300w\" sizes=\"(max-width: 400px) 100vw, 400px\" \/><\/a><\/p>\n<p>Une magnifique infrastructure technique avait \u00e9t\u00e9 mise en place par le staff pour l\u2019occasion, attendant plus de 70 personnes. Nous voyons sur la photo tous ceux qui sont venus nous accueillir \u00e0 la gare tout \u00e0 l\u2019heure\u2026 Une bien belle \u00e9quipe, soud\u00e9e, passionn\u00e9e, joyeuse et attentionn\u00e9e.<\/p>\n<p><a href=\"https:\/\/www.dominiqueduvivier.com\/2015\/09\/14\/conference-a-liege\/img_0750\/\" rel=\"attachment wp-att-3509\"><img loading=\"lazy\" class=\"alignnone size-full wp-image-3509\" src=\"https:\/\/www.dominiqueduvivier.com\/wp-content\/uploads\/2015\/09\/IMG_0750.jpg\" alt=\"Dominique_Duvivier_Alexandra_Duvivier\" width=\"400\" height=\"300\" srcset=\"https:\/\/www.dominiqueduvivier.com\/wp-content\/uploads\/2015\/09\/IMG_0750.jpg 400w, https:\/\/www.dominiqueduvivier.com\/wp-content\/uploads\/2015\/09\/IMG_0750-300x225.jpg 300w\" sizes=\"(max-width: 400px) 100vw, 400px\" \/><\/a><\/p>\n<p>&nbsp;<\/p>\n<p><a href=\"https:\/\/www.dominiqueduvivier.com\/2015\/09\/14\/conference-a-liege\/img_5336\/\" rel=\"attachment wp-att-3527\"><img loading=\"lazy\" class=\"alignnone size-full wp-image-3527\" src=\"https:\/\/www.dominiqueduvivier.com\/wp-content\/uploads\/2015\/09\/IMG_5336.jpg\" alt=\"Dominique_Duvivier_Alexandra_Duvivier\" width=\"400\" height=\"300\" srcset=\"https:\/\/www.dominiqueduvivier.com\/wp-content\/uploads\/2015\/09\/IMG_5336.jpg 400w, https:\/\/www.dominiqueduvivier.com\/wp-content\/uploads\/2015\/09\/IMG_5336-300x225.jpg 300w\" sizes=\"(max-width: 400px) 100vw, 400px\" \/><\/a><\/p>\n<p>&nbsp;<\/p>\n<p><a href=\"https:\/\/www.dominiqueduvivier.com\/2015\/09\/14\/conference-a-liege\/img_5328\/\" rel=\"attachment wp-att-3526\"><img loading=\"lazy\" class=\"alignnone size-full wp-image-3526\" src=\"https:\/\/www.dominiqueduvivier.com\/wp-content\/uploads\/2015\/09\/IMG_5328.jpg\" alt=\"IMG_5328\" width=\"400\" height=\"300\" srcset=\"https:\/\/www.dominiqueduvivier.com\/wp-content\/uploads\/2015\/09\/IMG_5328.jpg 400w, https:\/\/www.dominiqueduvivier.com\/wp-content\/uploads\/2015\/09\/IMG_5328-300x225.jpg 300w\" sizes=\"(max-width: 400px) 100vw, 400px\" \/><\/a><\/p>\n<p>D\u00e9jeuner dans une super pizzeria. Pierre, le directeur de l\u2019Ecole, nous raconte ses exploits dans plein de domaines avant qu\u2019on se lance dans la journ\u00e9e marathon\u2026 Un amour d\u2019homme ce Pierre\u00a0!<\/p>\n<p><a href=\"https:\/\/www.dominiqueduvivier.com\/2015\/09\/14\/conference-a-liege\/img_0757\/\" rel=\"attachment wp-att-3510\"><img loading=\"lazy\" class=\"alignnone size-full wp-image-3510\" src=\"https:\/\/www.dominiqueduvivier.com\/wp-content\/uploads\/2015\/09\/IMG_0757.jpg\" alt=\"Dominique_Duvivier_Alexandra_Duvivier\" width=\"400\" height=\"300\" srcset=\"https:\/\/www.dominiqueduvivier.com\/wp-content\/uploads\/2015\/09\/IMG_0757.jpg 400w, https:\/\/www.dominiqueduvivier.com\/wp-content\/uploads\/2015\/09\/IMG_0757-300x225.jpg 300w\" sizes=\"(max-width: 400px) 100vw, 400px\" \/><\/a><\/p>\n<p><a href=\"https:\/\/www.dominiqueduvivier.com\/2015\/09\/14\/conference-a-liege\/img_0762\/\" rel=\"attachment wp-att-3511\"><img loading=\"lazy\" class=\"alignnone size-full wp-image-3511\" src=\"https:\/\/www.dominiqueduvivier.com\/wp-content\/uploads\/2015\/09\/IMG_0762.jpg\" alt=\"Dominique_Duvivier_Alexandra_Duvivier\" width=\"400\" height=\"300\" srcset=\"https:\/\/www.dominiqueduvivier.com\/wp-content\/uploads\/2015\/09\/IMG_0762.jpg 400w, https:\/\/www.dominiqueduvivier.com\/wp-content\/uploads\/2015\/09\/IMG_0762-300x225.jpg 300w\" sizes=\"(max-width: 400px) 100vw, 400px\" \/><\/a><\/p>\n<p><a href=\"https:\/\/www.dominiqueduvivier.com\/2015\/09\/14\/conference-a-liege\/img_0764\/\" rel=\"attachment wp-att-3512\"><img loading=\"lazy\" class=\"alignnone size-full wp-image-3512\" src=\"https:\/\/www.dominiqueduvivier.com\/wp-content\/uploads\/2015\/09\/IMG_0764.jpg\" alt=\"IMG_0764\" width=\"400\" height=\"300\" srcset=\"https:\/\/www.dominiqueduvivier.com\/wp-content\/uploads\/2015\/09\/IMG_0764.jpg 400w, https:\/\/www.dominiqueduvivier.com\/wp-content\/uploads\/2015\/09\/IMG_0764-300x225.jpg 300w\" sizes=\"(max-width: 400px) 100vw, 400px\" \/><\/a><\/p>\n<p>La conf\u00e9rence vient de commencer \u2026 un public super r\u00e9ceptif nous attend.<\/p>\n<p><a href=\"https:\/\/www.dominiqueduvivier.com\/2015\/09\/14\/conference-a-liege\/img_0766\/\" rel=\"attachment wp-att-3513\"><img loading=\"lazy\" class=\"alignnone size-full wp-image-3513\" src=\"https:\/\/www.dominiqueduvivier.com\/wp-content\/uploads\/2015\/09\/IMG_0766.jpg\" alt=\"IMG_0766\" width=\"400\" height=\"300\" srcset=\"https:\/\/www.dominiqueduvivier.com\/wp-content\/uploads\/2015\/09\/IMG_0766.jpg 400w, https:\/\/www.dominiqueduvivier.com\/wp-content\/uploads\/2015\/09\/IMG_0766-300x225.jpg 300w\" sizes=\"(max-width: 400px) 100vw, 400px\" \/><\/a><\/p>\n<p>Nous racontons comment nous avons b\u00e2ti notre duo qui fonctionne si bien\u2026<\/p>\n<p><a href=\"https:\/\/www.dominiqueduvivier.com\/2015\/09\/14\/conference-a-liege\/img_0776\/\" rel=\"attachment wp-att-3515\"><img loading=\"lazy\" class=\"alignnone size-full wp-image-3515\" src=\"https:\/\/www.dominiqueduvivier.com\/wp-content\/uploads\/2015\/09\/IMG_0776.jpg\" alt=\"Dominique_Duvivier_Alexandra_Duvivier\" width=\"400\" height=\"300\" srcset=\"https:\/\/www.dominiqueduvivier.com\/wp-content\/uploads\/2015\/09\/IMG_0776.jpg 400w, https:\/\/www.dominiqueduvivier.com\/wp-content\/uploads\/2015\/09\/IMG_0776-300x225.jpg 300w\" sizes=\"(max-width: 400px) 100vw, 400px\" \/><\/a><\/p>\n<p>En pleine explication de la routine des gobelets. Et nous parlons de mise en sc\u00e8ne, de jeu de com\u00e9die, des fa\u00e7ons d\u2019utiliser la magie dans les diverses conditions professionnelles\u2026<\/p>\n<p><img loading=\"lazy\" class=\"alignnone size-full wp-image-3514\" src=\"https:\/\/www.dominiqueduvivier.com\/wp-content\/uploads\/2015\/09\/IMG_0774.jpg\" alt=\"Dominique_Duvivier_Alexandra_Duvivier\" width=\"400\" height=\"300\" srcset=\"https:\/\/www.dominiqueduvivier.com\/wp-content\/uploads\/2015\/09\/IMG_0774.jpg 400w, https:\/\/www.dominiqueduvivier.com\/wp-content\/uploads\/2015\/09\/IMG_0774-300x225.jpg 300w\" sizes=\"(max-width: 400px) 100vw, 400px\" \/><\/p>\n<p>Un \u00e9cran g\u00e9ant permet de suivre en direct les moments pointus de la conf\u00e9rence\u2026<\/p>\n<p><a href=\"https:\/\/www.dominiqueduvivier.com\/2015\/09\/14\/conference-a-liege\/img_0792\/\" rel=\"attachment wp-att-3516\"><img loading=\"lazy\" class=\"alignnone size-full wp-image-3516\" src=\"https:\/\/www.dominiqueduvivier.com\/wp-content\/uploads\/2015\/09\/IMG_0792.jpg\" alt=\"IMG_0792\" width=\"400\" height=\"300\" srcset=\"https:\/\/www.dominiqueduvivier.com\/wp-content\/uploads\/2015\/09\/IMG_0792.jpg 400w, https:\/\/www.dominiqueduvivier.com\/wp-content\/uploads\/2015\/09\/IMG_0792-300x225.jpg 300w\" sizes=\"(max-width: 400px) 100vw, 400px\" \/><\/a><\/p>\n<p>Ma fille partage plusieurs de ses cr\u00e9ations. Le p\u00e8re est fier\u00a0!<\/p>\n<p><a href=\"https:\/\/www.dominiqueduvivier.com\/2015\/09\/14\/conference-a-liege\/img_0797\/\" rel=\"attachment wp-att-3517\"><img loading=\"lazy\" class=\"alignnone size-full wp-image-3517\" src=\"https:\/\/www.dominiqueduvivier.com\/wp-content\/uploads\/2015\/09\/IMG_0797.jpg\" alt=\"Alexandra_Duvivier\" width=\"400\" height=\"400\" srcset=\"https:\/\/www.dominiqueduvivier.com\/wp-content\/uploads\/2015\/09\/IMG_0797.jpg 400w, https:\/\/www.dominiqueduvivier.com\/wp-content\/uploads\/2015\/09\/IMG_0797-150x150.jpg 150w, https:\/\/www.dominiqueduvivier.com\/wp-content\/uploads\/2015\/09\/IMG_0797-300x300.jpg 300w\" sizes=\"(max-width: 400px) 100vw, 400px\" \/><\/a><\/p>\n<p>Nous terminons notre conf\u00e9rence de plus de 3 heures avec une standing ovation qui nous fait tr\u00e8s chaud au c\u0153ur\u2026<\/p>\n<p><a href=\"https:\/\/www.dominiqueduvivier.com\/2015\/09\/14\/conference-a-liege\/img_0813\/\" rel=\"attachment wp-att-3518\"><img loading=\"lazy\" class=\"alignnone size-full wp-image-3518\" src=\"https:\/\/www.dominiqueduvivier.com\/wp-content\/uploads\/2015\/09\/IMG_0813.jpg\" alt=\"Dominique_Duvivier_Alexandra_Duvivier\" width=\"400\" height=\"300\" srcset=\"https:\/\/www.dominiqueduvivier.com\/wp-content\/uploads\/2015\/09\/IMG_0813.jpg 400w, https:\/\/www.dominiqueduvivier.com\/wp-content\/uploads\/2015\/09\/IMG_0813-300x225.jpg 300w\" sizes=\"(max-width: 400px) 100vw, 400px\" \/><\/a><\/p>\n<p><a href=\"https:\/\/www.dominiqueduvivier.com\/2015\/09\/14\/conference-a-liege\/img_0815\/\" rel=\"attachment wp-att-3519\"><img loading=\"lazy\" class=\"alignnone size-full wp-image-3519\" src=\"https:\/\/www.dominiqueduvivier.com\/wp-content\/uploads\/2015\/09\/IMG_0815.jpg\" alt=\"IMG_0815\" width=\"400\" height=\"300\" srcset=\"https:\/\/www.dominiqueduvivier.com\/wp-content\/uploads\/2015\/09\/IMG_0815.jpg 400w, https:\/\/www.dominiqueduvivier.com\/wp-content\/uploads\/2015\/09\/IMG_0815-300x225.jpg 300w\" sizes=\"(max-width: 400px) 100vw, 400px\" \/><\/a><\/p>\n<p><a href=\"https:\/\/www.dominiqueduvivier.com\/2015\/09\/14\/conference-a-liege\/img_0826\/\" rel=\"attachment wp-att-3520\"><img loading=\"lazy\" class=\"alignnone size-full wp-image-3520\" src=\"https:\/\/www.dominiqueduvivier.com\/wp-content\/uploads\/2015\/09\/IMG_0826.jpg\" alt=\"Dominique_Duvivier_Alexandra_Duvivier\" width=\"400\" height=\"300\" srcset=\"https:\/\/www.dominiqueduvivier.com\/wp-content\/uploads\/2015\/09\/IMG_0826.jpg 400w, https:\/\/www.dominiqueduvivier.com\/wp-content\/uploads\/2015\/09\/IMG_0826-300x225.jpg 300w\" sizes=\"(max-width: 400px) 100vw, 400px\" \/><\/a><\/p>\n<p>Le retour, \u00e9puis\u00e9s mais ravis (Sophie \u00e0 mon c\u00f4t\u00e9) de cette journ\u00e9e super cool pass\u00e9e aupr\u00e8s de gens adorables. Les Belges sont des gens g\u00e9niaux\u00a0!!!<\/p>\n<p><a href=\"https:\/\/www.dominiqueduvivier.com\/2015\/09\/14\/conference-a-liege\/img_0827\/\" rel=\"attachment wp-att-3521\"><img loading=\"lazy\" class=\"alignnone size-full wp-image-3521\" src=\"https:\/\/www.dominiqueduvivier.com\/wp-content\/uploads\/2015\/09\/IMG_0827.jpg\" alt=\"Dominique_Duvivier_Sophie_Nguyen\" width=\"400\" height=\"300\" srcset=\"https:\/\/www.dominiqueduvivier.com\/wp-content\/uploads\/2015\/09\/IMG_0827.jpg 400w, https:\/\/www.dominiqueduvivier.com\/wp-content\/uploads\/2015\/09\/IMG_0827-300x225.jpg 300w\" sizes=\"(max-width: 400px) 100vw, 400px\" \/><\/a><\/p>\n<p>&nbsp;<\/p>\n","protected":false},"excerpt":{"rendered":"<p>Samedi matin de tr\u00e8s bonne heure\u2026 la bonne humeur r\u00e8gne dans le staff car nous allons \u00e0 Li\u00e8ge pour faire une conf\u00e9rence exceptionnelle. Je rappelle aux taquins que je n\u2019ai jamais dit que je ne ferais plus de conf\u00e9rences, mais que je ne ferais plus de nouvelle conf\u00e9rence film\u00e9e et vendue en DVD. Cela ne &hellip;<\/p>\n","protected":false},"author":2,"featured_media":0,"comment_status":"open","ping_status":"open","sticky":false,"template":"","format":"standard","meta":{"_monsterinsights_skip_tracking":false,"_monsterinsights_sitenote_active":false,"_monsterinsights_sitenote_note":"","_monsterinsights_sitenote_category":0,"ngg_post_thumbnail":0},"categories":[4],"tags":[7,11,12,14,15,18],"yoast_head":"<!-- This site is optimized with the Yoast SEO plugin v17.9 - https:\/\/yoast.com\/wordpress\/plugins\/seo\/ -->\n<title>Conf\u00e9rence \u00e0 Li\u00e8ge - Entretiens avec Dominique Duvivier - Toute la magie de Dominique Duvivier<\/title>\n<meta name=\"robots\" content=\"index, follow, max-snippet:-1, max-image-preview:large, max-video-preview:-1\" \/>\n<link rel=\"canonical\" href=\"https:\/\/www.dominiqueduvivier.com\/index.php\/2015\/09\/14\/conference-a-liege\/\" \/>\n<meta property=\"og:locale\" content=\"fr_FR\" \/>\n<meta property=\"og:type\" content=\"article\" \/>\n<meta property=\"og:title\" content=\"Conf\u00e9rence \u00e0 Li\u00e8ge - Entretiens avec Dominique Duvivier - Toute la magie de Dominique Duvivier\" \/>\n<meta property=\"og:description\" content=\"Samedi matin de tr\u00e8s bonne heure\u2026 la bonne humeur r\u00e8gne dans le staff car nous allons \u00e0 Li\u00e8ge pour faire une conf\u00e9rence exceptionnelle. Je rappelle aux taquins que je n\u2019ai jamais dit que je ne ferais plus de conf\u00e9rences, mais que je ne ferais plus de nouvelle conf\u00e9rence film\u00e9e et vendue en DVD. Cela ne &hellip;\" \/>\n<meta property=\"og:url\" content=\"https:\/\/www.dominiqueduvivier.com\/index.php\/2015\/09\/14\/conference-a-liege\/\" \/>\n<meta property=\"og:site_name\" content=\"Entretiens avec Dominique Duvivier - Toute la magie de Dominique Duvivier\" \/>\n<meta property=\"article:publisher\" content=\"https:\/\/www.facebook.com\/dominique.duvivier.1232\/\" \/>\n<meta property=\"article:published_time\" content=\"2015-09-13T22:01:55+00:00\" \/>\n<meta property=\"article:modified_time\" content=\"2019-08-12T13:06:57+00:00\" \/>\n<meta property=\"og:image\" content=\"https:\/\/www.dominiqueduvivier.com\/wp-content\/uploads\/2015\/09\/IMG_0734.jpg\" \/>\n<meta name=\"twitter:card\" content=\"summary_large_image\" \/>\n<meta name=\"twitter:creator\" content=\"@DDUVIVIER\" \/>\n<meta name=\"twitter:site\" content=\"@DDUVIVIER\" \/>\n<meta name=\"twitter:label1\" content=\"\u00c9crit par\" \/>\n\t<meta name=\"twitter:data1\" content=\"Dominique Duvivier\" \/>\n\t<meta name=\"twitter:label2\" content=\"Dur\u00e9e de lecture estim\u00e9e\" \/>\n\t<meta name=\"twitter:data2\" content=\"2 minutes\" \/>\n<script type=\"application\/ld+json\" class=\"yoast-schema-graph\">{\"@context\":\"https:\/\/schema.org\",\"@graph\":[{\"@type\":\"WebSite\",\"@id\":\"https:\/\/www.dominiqueduvivier.com\/#website\",\"url\":\"https:\/\/www.dominiqueduvivier.com\/\",\"name\":\"Entretiens avec Dominique Duvivier - Toute la magie de Dominique Duvivier\",\"description\":\"Dominique Duvivier | Magicien\",\"potentialAction\":[{\"@type\":\"SearchAction\",\"target\":{\"@type\":\"EntryPoint\",\"urlTemplate\":\"https:\/\/www.dominiqueduvivier.com\/?s={search_term_string}\"},\"query-input\":\"required name=search_term_string\"}],\"inLanguage\":\"fr-FR\"},{\"@type\":\"ImageObject\",\"@id\":\"https:\/\/www.dominiqueduvivier.com\/index.php\/2015\/09\/14\/conference-a-liege\/#primaryimage\",\"inLanguage\":\"fr-FR\",\"url\":\"https:\/\/www.dominiqueduvivier.com\/wp-content\/uploads\/2015\/09\/IMG_0734.jpg\",\"contentUrl\":\"https:\/\/www.dominiqueduvivier.com\/wp-content\/uploads\/2015\/09\/IMG_0734.jpg\",\"width\":400,\"height\":300},{\"@type\":\"WebPage\",\"@id\":\"https:\/\/www.dominiqueduvivier.com\/index.php\/2015\/09\/14\/conference-a-liege\/#webpage\",\"url\":\"https:\/\/www.dominiqueduvivier.com\/index.php\/2015\/09\/14\/conference-a-liege\/\",\"name\":\"Conf\\u00e9rence \\u00e0 Li\\u00e8ge - Entretiens avec Dominique Duvivier - Toute la magie de Dominique Duvivier\",\"isPartOf\":{\"@id\":\"https:\/\/www.dominiqueduvivier.com\/#website\"},\"primaryImageOfPage\":{\"@id\":\"https:\/\/www.dominiqueduvivier.com\/index.php\/2015\/09\/14\/conference-a-liege\/#primaryimage\"},\"datePublished\":\"2015-09-13T22:01:55+00:00\",\"dateModified\":\"2019-08-12T13:06:57+00:00\",\"author\":{\"@id\":\"https:\/\/www.dominiqueduvivier.com\/#\/schema\/person\/677c0bd6d5c5d21949cab39bb529a81c\"},\"breadcrumb\":{\"@id\":\"https:\/\/www.dominiqueduvivier.com\/index.php\/2015\/09\/14\/conference-a-liege\/#breadcrumb\"},\"inLanguage\":\"fr-FR\",\"potentialAction\":[{\"@type\":\"ReadAction\",\"target\":[\"https:\/\/www.dominiqueduvivier.com\/index.php\/2015\/09\/14\/conference-a-liege\/\"]}]},{\"@type\":\"BreadcrumbList\",\"@id\":\"https:\/\/www.dominiqueduvivier.com\/index.php\/2015\/09\/14\/conference-a-liege\/#breadcrumb\",\"itemListElement\":[{\"@type\":\"ListItem\",\"position\":1,\"name\":\"Accueil\",\"item\":\"https:\/\/www.dominiqueduvivier.com\/\"},{\"@type\":\"ListItem\",\"position\":2,\"name\":\"Conf\\u00e9rence \\u00e0 Li\\u00e8ge\"}]},{\"@type\":\"Person\",\"@id\":\"https:\/\/www.dominiqueduvivier.com\/#\/schema\/person\/677c0bd6d5c5d21949cab39bb529a81c\",\"name\":\"Dominique Duvivier\",\"image\":{\"@type\":\"ImageObject\",\"@id\":\"https:\/\/www.dominiqueduvivier.com\/#personlogo\",\"inLanguage\":\"fr-FR\",\"url\":\"https:\/\/www.dominiqueduvivier.com\/wp-content\/uploads\/2019\/04\/Double-Fond-1-2-excl-groupes-10-150x150.jpg\",\"contentUrl\":\"https:\/\/www.dominiqueduvivier.com\/wp-content\/uploads\/2019\/04\/Double-Fond-1-2-excl-groupes-10-150x150.jpg\",\"caption\":\"Dominique Duvivier\"},\"description\":\"\\u2663\\ufe0f Magicien. \\u2666\\ufe0f Ma\\u00eetre de l\\u2019art du #CloseUp. \\u2665\\ufe0f Cr\\u00e9ateur de tours et professeur. \\u2660\\ufe0f Fondateur @ledoublefond et directeur de Mayette Magie.\",\"url\":\"https:\/\/www.dominiqueduvivier.com\/index.php\/author\/dominique-duvivier\/\"}]}<\/script>\n<!-- \/ Yoast SEO plugin. -->","yoast_head_json":{"title":"Conf\u00e9rence \u00e0 Li\u00e8ge - Entretiens avec Dominique Duvivier - Toute la magie de Dominique Duvivier","robots":{"index":"index","follow":"follow","max-snippet":"max-snippet:-1","max-image-preview":"max-image-preview:large","max-video-preview":"max-video-preview:-1"},"canonical":"https:\/\/www.dominiqueduvivier.com\/index.php\/2015\/09\/14\/conference-a-liege\/","og_locale":"fr_FR","og_type":"article","og_title":"Conf\u00e9rence \u00e0 Li\u00e8ge - Entretiens avec Dominique Duvivier - Toute la magie de Dominique Duvivier","og_description":"Samedi matin de tr\u00e8s bonne heure\u2026 la bonne humeur r\u00e8gne dans le staff car nous allons \u00e0 Li\u00e8ge pour faire une conf\u00e9rence exceptionnelle. Je rappelle aux taquins que je n\u2019ai jamais dit que je ne ferais plus de conf\u00e9rences, mais que je ne ferais plus de nouvelle conf\u00e9rence film\u00e9e et vendue en DVD. Cela ne &hellip;","og_url":"https:\/\/www.dominiqueduvivier.com\/index.php\/2015\/09\/14\/conference-a-liege\/","og_site_name":"Entretiens avec Dominique Duvivier - Toute la magie de Dominique Duvivier","article_publisher":"https:\/\/www.facebook.com\/dominique.duvivier.1232\/","article_published_time":"2015-09-13T22:01:55+00:00","article_modified_time":"2019-08-12T13:06:57+00:00","og_image":[{"url":"https:\/\/www.dominiqueduvivier.com\/wp-content\/uploads\/2015\/09\/IMG_0734.jpg"}],"twitter_card":"summary_large_image","twitter_creator":"@DDUVIVIER","twitter_site":"@DDUVIVIER","twitter_misc":{"\u00c9crit par":"Dominique Duvivier","Dur\u00e9e de lecture estim\u00e9e":"2 minutes"},"schema":{"@context":"https:\/\/schema.org","@graph":[{"@type":"WebSite","@id":"https:\/\/www.dominiqueduvivier.com\/#website","url":"https:\/\/www.dominiqueduvivier.com\/","name":"Entretiens avec Dominique Duvivier - Toute la magie de Dominique Duvivier","description":"Dominique Duvivier | Magicien","potentialAction":[{"@type":"SearchAction","target":{"@type":"EntryPoint","urlTemplate":"https:\/\/www.dominiqueduvivier.com\/?s={search_term_string}"},"query-input":"required name=search_term_string"}],"inLanguage":"fr-FR"},{"@type":"ImageObject","@id":"https:\/\/www.dominiqueduvivier.com\/index.php\/2015\/09\/14\/conference-a-liege\/#primaryimage","inLanguage":"fr-FR","url":"https:\/\/www.dominiqueduvivier.com\/wp-content\/uploads\/2015\/09\/IMG_0734.jpg","contentUrl":"https:\/\/www.dominiqueduvivier.com\/wp-content\/uploads\/2015\/09\/IMG_0734.jpg","width":400,"height":300},{"@type":"WebPage","@id":"https:\/\/www.dominiqueduvivier.com\/index.php\/2015\/09\/14\/conference-a-liege\/#webpage","url":"https:\/\/www.dominiqueduvivier.com\/index.php\/2015\/09\/14\/conference-a-liege\/","name":"Conf\u00e9rence \u00e0 Li\u00e8ge - Entretiens avec Dominique Duvivier - Toute la magie de Dominique Duvivier","isPartOf":{"@id":"https:\/\/www.dominiqueduvivier.com\/#website"},"primaryImageOfPage":{"@id":"https:\/\/www.dominiqueduvivier.com\/index.php\/2015\/09\/14\/conference-a-liege\/#primaryimage"},"datePublished":"2015-09-13T22:01:55+00:00","dateModified":"2019-08-12T13:06:57+00:00","author":{"@id":"https:\/\/www.dominiqueduvivier.com\/#\/schema\/person\/677c0bd6d5c5d21949cab39bb529a81c"},"breadcrumb":{"@id":"https:\/\/www.dominiqueduvivier.com\/index.php\/2015\/09\/14\/conference-a-liege\/#breadcrumb"},"inLanguage":"fr-FR","potentialAction":[{"@type":"ReadAction","target":["https:\/\/www.dominiqueduvivier.com\/index.php\/2015\/09\/14\/conference-a-liege\/"]}]},{"@type":"BreadcrumbList","@id":"https:\/\/www.dominiqueduvivier.com\/index.php\/2015\/09\/14\/conference-a-liege\/#breadcrumb","itemListElement":[{"@type":"ListItem","position":1,"name":"Accueil","item":"https:\/\/www.dominiqueduvivier.com\/"},{"@type":"ListItem","position":2,"name":"Conf\u00e9rence \u00e0 Li\u00e8ge"}]},{"@type":"Person","@id":"https:\/\/www.dominiqueduvivier.com\/#\/schema\/person\/677c0bd6d5c5d21949cab39bb529a81c","name":"Dominique Duvivier","image":{"@type":"ImageObject","@id":"https:\/\/www.dominiqueduvivier.com\/#personlogo","inLanguage":"fr-FR","url":"https:\/\/www.dominiqueduvivier.com\/wp-content\/uploads\/2019\/04\/Double-Fond-1-2-excl-groupes-10-150x150.jpg","contentUrl":"https:\/\/www.dominiqueduvivier.com\/wp-content\/uploads\/2019\/04\/Double-Fond-1-2-excl-groupes-10-150x150.jpg","caption":"Dominique Duvivier"},"description":"\u2663\ufe0f Magicien. \u2666\ufe0f Ma\u00eetre de l\u2019art du #CloseUp. \u2665\ufe0f Cr\u00e9ateur de tours et professeur. \u2660\ufe0f Fondateur @ledoublefond et directeur de Mayette Magie.","url":"https:\/\/www.dominiqueduvivier.com\/index.php\/author\/dominique-duvivier\/"}]}},"_links":{"self":[{"href":"https:\/\/www.dominiqueduvivier.com\/index.php\/wp-json\/wp\/v2\/posts\/3504"}],"collection":[{"href":"https:\/\/www.dominiqueduvivier.com\/index.php\/wp-json\/wp\/v2\/posts"}],"about":[{"href":"https:\/\/www.dominiqueduvivier.com\/index.php\/wp-json\/wp\/v2\/types\/post"}],"author":[{"embeddable":true,"href":"https:\/\/www.dominiqueduvivier.com\/index.php\/wp-json\/wp\/v2\/users\/2"}],"replies":[{"embeddable":true,"href":"https:\/\/www.dominiqueduvivier.com\/index.php\/wp-json\/wp\/v2\/comments?post=3504"}],"version-history":[{"count":1,"href":"https:\/\/www.dominiqueduvivier.com\/index.php\/wp-json\/wp\/v2\/posts\/3504\/revisions"}],"predecessor-version":[{"id":5504,"href":"https:\/\/www.dominiqueduvivier.com\/index.php\/wp-json\/wp\/v2\/posts\/3504\/revisions\/5504"}],"wp:attachment":[{"href":"https:\/\/www.dominiqueduvivier.com\/index.php\/wp-json\/wp\/v2\/media?parent=3504"}],"wp:term":[{"taxonomy":"category","embeddable":true,"href":"https:\/\/www.dominiqueduvivier.com\/index.php\/wp-json\/wp\/v2\/categories?post=3504"},{"taxonomy":"post_tag","embeddable":true,"href":"https:\/\/www.dominiqueduvivier.com\/index.php\/wp-json\/wp\/v2\/tags?post=3504"}],"curies":[{"name":"wp","href":"https:\/\/api.w.org\/{rel}","templated":true}]}}