{"id":3120,"date":"2014-12-14T23:44:02","date_gmt":"2014-12-14T22:44:02","guid":{"rendered":"http:\/\/www.dominiqueduvivier.com\/?p=3120"},"modified":"2019-08-12T15:07:02","modified_gmt":"2019-08-12T13:07:02","slug":"dominique-versus-duvivier","status":"publish","type":"post","link":"https:\/\/www.dominiqueduvivier.com\/index.php\/2014\/12\/14\/dominique-versus-duvivier\/","title":{"rendered":"Dominique versus Duvivier"},"content":{"rendered":"<p><a href=\"https:\/\/www.dominiqueduvivier.com\/2014\/12\/14\/dominique-versus-duvivier\/effet-photo-dominique-duvivier-fin-annees-70\/\" rel=\"attachment wp-att-3121\"><img loading=\"lazy\" class=\"aligncenter size-large wp-image-3121\" alt=\"Effet photo Dominique Duvivier fin annees 70\" src=\"https:\/\/www.dominiqueduvivier.com\/wp-content\/uploads\/2014\/12\/Effet-photo-Dominique-Duvivier-fin-annees-70-1024x683.jpg\" width=\"540\" height=\"360\" \/><\/a><\/p>\n<p>On est \u00e0 la fin des ann\u00e9es 70, \u00e0 Paris, \u00a0dans notre appartement de la rue Arnold Netter, dans le 12<sup>\u00e8me<\/sup> en face de l\u2019H\u00f4pital Trousseau. Endroit mythique pour la famille Duvivier s\u2019il en est\u00a0!<\/p>\n<p>Dominique regarde Duvivier ou le contraire\u00a0?! Cherchent-ils \u00e0\u00a0mieux se cerner l\u2019un l\u2019autre\u00a0? A mieux se comprendre\u00a0? A tenter un rapprochement\u00a0? Qui sait\u00a0!?<\/p>\n<p>J\u2019avais imagin\u00e9 ce photomontage avec une superposition de personnages et demand\u00e9 de l\u2019aide \u00e0 un photographe pour la r\u00e9alisation. On pensera aujourd\u2019hui que la chose est ultra d\u00e9su\u00e8te, mais \u00e0 l\u2019\u00e9poque dont je parle, la chose \u00e9tait presque une performance pour un lambda de mon acabit\u00a0!<\/p>\n<p>Cette photo est tr\u00e8s symbolique de mon orientation magique \u00e0 cette \u00e9poque. D\u2019un point de vue cr\u00e9atif, j\u2019\u00e9tais en pleine mutation, en pleine r\u00e9volution\u00a0: j\u2019\u00e9tais en fait dans la construction de ce qui allait devenir ma magie hors \u00ab\u00a0cartes avec des cartes \u00e0 jouer\u00a0\u00bb, c\u2019est-\u00e0-dire avec des supports diff\u00e9rents comme ce qui allait devenir mon tour de \u00ab\u00a0La carte cam\u00e9l\u00e9on\u00a0\u00bb, \u00ab\u00a0Le peintre triste\u00a0\u00bb, \u00ab\u00a0Clich\u00e9s int\u00e9rieurs\u00a0\u00bb, pour ne citer que quelques exemples. En fait, cette photo repr\u00e9sente ma situation int\u00e9rieure\u00a0de cette \u00e9poque\u00a0: dois-je poursuivre mes recherches dans ce sens\u00a0? J\u2019interroge. Et c\u2019est un peu comme si le r\u00e9sultat saisissant (pour l\u2019\u00e9poque) de cette photo m\u2019avait donn\u00e9 la certitude que j\u2019\u00e9tais sur la bonne voie\u00a0: je me suis alors lanc\u00e9 \u00e0 corps perdu dans la magie \u00ab\u00a0progressiste\u00a0\u00bb des ann\u00e9es 80\/90\u00a0! Ce que vous voyez l\u00e0 est donc un r\u00e9el document\u2026<\/p>\n","protected":false},"excerpt":{"rendered":"<p>On est \u00e0 la fin des ann\u00e9es 70, \u00e0 Paris, \u00a0dans notre appartement de la rue Arnold Netter, dans le 12\u00e8me en face de l\u2019H\u00f4pital Trousseau. Endroit mythique pour la famille Duvivier s\u2019il en est\u00a0! Dominique regarde Duvivier ou le contraire\u00a0?! Cherchent-ils \u00e0\u00a0mieux se cerner l\u2019un l\u2019autre\u00a0? A mieux se comprendre\u00a0? A tenter un rapprochement\u00a0? &hellip;<\/p>\n","protected":false},"author":2,"featured_media":0,"comment_status":"open","ping_status":"open","sticky":false,"template":"","format":"standard","meta":{"_monsterinsights_skip_tracking":false,"_monsterinsights_sitenote_active":false,"_monsterinsights_sitenote_note":"","_monsterinsights_sitenote_category":0,"ngg_post_thumbnail":0},"categories":[4],"tags":[9,15,18],"yoast_head":"<!-- This site is optimized with the Yoast SEO plugin v17.9 - https:\/\/yoast.com\/wordpress\/plugins\/seo\/ -->\n<title>Dominique versus Duvivier - Entretiens avec Dominique Duvivier - Toute la magie de Dominique Duvivier<\/title>\n<meta name=\"robots\" content=\"index, follow, max-snippet:-1, max-image-preview:large, max-video-preview:-1\" \/>\n<link rel=\"canonical\" href=\"https:\/\/www.dominiqueduvivier.com\/index.php\/2014\/12\/14\/dominique-versus-duvivier\/\" \/>\n<meta property=\"og:locale\" content=\"fr_FR\" \/>\n<meta property=\"og:type\" content=\"article\" \/>\n<meta property=\"og:title\" content=\"Dominique versus Duvivier - Entretiens avec Dominique Duvivier - Toute la magie de Dominique Duvivier\" \/>\n<meta property=\"og:description\" content=\"On est \u00e0 la fin des ann\u00e9es 70, \u00e0 Paris, \u00a0dans notre appartement de la rue Arnold Netter, dans le 12\u00e8me en face de l\u2019H\u00f4pital Trousseau. Endroit mythique pour la famille Duvivier s\u2019il en est\u00a0! Dominique regarde Duvivier ou le contraire\u00a0?! Cherchent-ils \u00e0\u00a0mieux se cerner l\u2019un l\u2019autre\u00a0? A mieux se comprendre\u00a0? A tenter un rapprochement\u00a0? &hellip;\" \/>\n<meta property=\"og:url\" content=\"https:\/\/www.dominiqueduvivier.com\/index.php\/2014\/12\/14\/dominique-versus-duvivier\/\" \/>\n<meta property=\"og:site_name\" content=\"Entretiens avec Dominique Duvivier - Toute la magie de Dominique Duvivier\" \/>\n<meta property=\"article:publisher\" content=\"https:\/\/www.facebook.com\/dominique.duvivier.1232\/\" \/>\n<meta property=\"article:published_time\" content=\"2014-12-14T22:44:02+00:00\" \/>\n<meta property=\"article:modified_time\" content=\"2019-08-12T13:07:02+00:00\" \/>\n<meta property=\"og:image\" content=\"https:\/\/www.dominiqueduvivier.com\/wp-content\/uploads\/2014\/12\/Effet-photo-Dominique-Duvivier-fin-annees-70-1024x683.jpg\" \/>\n<meta name=\"twitter:card\" content=\"summary_large_image\" \/>\n<meta name=\"twitter:creator\" content=\"@DDUVIVIER\" \/>\n<meta name=\"twitter:site\" content=\"@DDUVIVIER\" \/>\n<meta name=\"twitter:label1\" content=\"\u00c9crit par\" \/>\n\t<meta name=\"twitter:data1\" content=\"Dominique Duvivier\" \/>\n\t<meta name=\"twitter:label2\" content=\"Dur\u00e9e de lecture estim\u00e9e\" \/>\n\t<meta name=\"twitter:data2\" content=\"1 minute\" \/>\n<script type=\"application\/ld+json\" class=\"yoast-schema-graph\">{\"@context\":\"https:\/\/schema.org\",\"@graph\":[{\"@type\":\"WebSite\",\"@id\":\"https:\/\/www.dominiqueduvivier.com\/#website\",\"url\":\"https:\/\/www.dominiqueduvivier.com\/\",\"name\":\"Entretiens avec Dominique Duvivier - Toute la magie de Dominique Duvivier\",\"description\":\"Dominique Duvivier | Magicien\",\"potentialAction\":[{\"@type\":\"SearchAction\",\"target\":{\"@type\":\"EntryPoint\",\"urlTemplate\":\"https:\/\/www.dominiqueduvivier.com\/?s={search_term_string}\"},\"query-input\":\"required name=search_term_string\"}],\"inLanguage\":\"fr-FR\"},{\"@type\":\"ImageObject\",\"@id\":\"https:\/\/www.dominiqueduvivier.com\/index.php\/2014\/12\/14\/dominique-versus-duvivier\/#primaryimage\",\"inLanguage\":\"fr-FR\",\"url\":\"https:\/\/www.dominiqueduvivier.com\/wp-content\/uploads\/2014\/12\/Effet-photo-Dominique-Duvivier-fin-annees-70.jpg\",\"contentUrl\":\"https:\/\/www.dominiqueduvivier.com\/wp-content\/uploads\/2014\/12\/Effet-photo-Dominique-Duvivier-fin-annees-70.jpg\",\"width\":3126,\"height\":2088},{\"@type\":\"WebPage\",\"@id\":\"https:\/\/www.dominiqueduvivier.com\/index.php\/2014\/12\/14\/dominique-versus-duvivier\/#webpage\",\"url\":\"https:\/\/www.dominiqueduvivier.com\/index.php\/2014\/12\/14\/dominique-versus-duvivier\/\",\"name\":\"Dominique versus Duvivier - Entretiens avec Dominique Duvivier - Toute la magie de Dominique Duvivier\",\"isPartOf\":{\"@id\":\"https:\/\/www.dominiqueduvivier.com\/#website\"},\"primaryImageOfPage\":{\"@id\":\"https:\/\/www.dominiqueduvivier.com\/index.php\/2014\/12\/14\/dominique-versus-duvivier\/#primaryimage\"},\"datePublished\":\"2014-12-14T22:44:02+00:00\",\"dateModified\":\"2019-08-12T13:07:02+00:00\",\"author\":{\"@id\":\"https:\/\/www.dominiqueduvivier.com\/#\/schema\/person\/677c0bd6d5c5d21949cab39bb529a81c\"},\"breadcrumb\":{\"@id\":\"https:\/\/www.dominiqueduvivier.com\/index.php\/2014\/12\/14\/dominique-versus-duvivier\/#breadcrumb\"},\"inLanguage\":\"fr-FR\",\"potentialAction\":[{\"@type\":\"ReadAction\",\"target\":[\"https:\/\/www.dominiqueduvivier.com\/index.php\/2014\/12\/14\/dominique-versus-duvivier\/\"]}]},{\"@type\":\"BreadcrumbList\",\"@id\":\"https:\/\/www.dominiqueduvivier.com\/index.php\/2014\/12\/14\/dominique-versus-duvivier\/#breadcrumb\",\"itemListElement\":[{\"@type\":\"ListItem\",\"position\":1,\"name\":\"Accueil\",\"item\":\"https:\/\/www.dominiqueduvivier.com\/\"},{\"@type\":\"ListItem\",\"position\":2,\"name\":\"Dominique versus Duvivier\"}]},{\"@type\":\"Person\",\"@id\":\"https:\/\/www.dominiqueduvivier.com\/#\/schema\/person\/677c0bd6d5c5d21949cab39bb529a81c\",\"name\":\"Dominique Duvivier\",\"image\":{\"@type\":\"ImageObject\",\"@id\":\"https:\/\/www.dominiqueduvivier.com\/#personlogo\",\"inLanguage\":\"fr-FR\",\"url\":\"https:\/\/www.dominiqueduvivier.com\/wp-content\/uploads\/2019\/04\/Double-Fond-1-2-excl-groupes-10-150x150.jpg\",\"contentUrl\":\"https:\/\/www.dominiqueduvivier.com\/wp-content\/uploads\/2019\/04\/Double-Fond-1-2-excl-groupes-10-150x150.jpg\",\"caption\":\"Dominique Duvivier\"},\"description\":\"\\u2663\\ufe0f Magicien. \\u2666\\ufe0f Ma\\u00eetre de l\\u2019art du #CloseUp. \\u2665\\ufe0f Cr\\u00e9ateur de tours et professeur. \\u2660\\ufe0f Fondateur @ledoublefond et directeur de Mayette Magie.\",\"url\":\"https:\/\/www.dominiqueduvivier.com\/index.php\/author\/dominique-duvivier\/\"}]}<\/script>\n<!-- \/ Yoast SEO plugin. -->","yoast_head_json":{"title":"Dominique versus Duvivier - Entretiens avec Dominique Duvivier - Toute la magie de Dominique Duvivier","robots":{"index":"index","follow":"follow","max-snippet":"max-snippet:-1","max-image-preview":"max-image-preview:large","max-video-preview":"max-video-preview:-1"},"canonical":"https:\/\/www.dominiqueduvivier.com\/index.php\/2014\/12\/14\/dominique-versus-duvivier\/","og_locale":"fr_FR","og_type":"article","og_title":"Dominique versus Duvivier - Entretiens avec Dominique Duvivier - Toute la magie de Dominique Duvivier","og_description":"On est \u00e0 la fin des ann\u00e9es 70, \u00e0 Paris, \u00a0dans notre appartement de la rue Arnold Netter, dans le 12\u00e8me en face de l\u2019H\u00f4pital Trousseau. Endroit mythique pour la famille Duvivier s\u2019il en est\u00a0! Dominique regarde Duvivier ou le contraire\u00a0?! Cherchent-ils \u00e0\u00a0mieux se cerner l\u2019un l\u2019autre\u00a0? A mieux se comprendre\u00a0? A tenter un rapprochement\u00a0? &hellip;","og_url":"https:\/\/www.dominiqueduvivier.com\/index.php\/2014\/12\/14\/dominique-versus-duvivier\/","og_site_name":"Entretiens avec Dominique Duvivier - Toute la magie de Dominique Duvivier","article_publisher":"https:\/\/www.facebook.com\/dominique.duvivier.1232\/","article_published_time":"2014-12-14T22:44:02+00:00","article_modified_time":"2019-08-12T13:07:02+00:00","og_image":[{"url":"https:\/\/www.dominiqueduvivier.com\/wp-content\/uploads\/2014\/12\/Effet-photo-Dominique-Duvivier-fin-annees-70-1024x683.jpg"}],"twitter_card":"summary_large_image","twitter_creator":"@DDUVIVIER","twitter_site":"@DDUVIVIER","twitter_misc":{"\u00c9crit par":"Dominique Duvivier","Dur\u00e9e de lecture estim\u00e9e":"1 minute"},"schema":{"@context":"https:\/\/schema.org","@graph":[{"@type":"WebSite","@id":"https:\/\/www.dominiqueduvivier.com\/#website","url":"https:\/\/www.dominiqueduvivier.com\/","name":"Entretiens avec Dominique Duvivier - Toute la magie de Dominique Duvivier","description":"Dominique Duvivier | Magicien","potentialAction":[{"@type":"SearchAction","target":{"@type":"EntryPoint","urlTemplate":"https:\/\/www.dominiqueduvivier.com\/?s={search_term_string}"},"query-input":"required name=search_term_string"}],"inLanguage":"fr-FR"},{"@type":"ImageObject","@id":"https:\/\/www.dominiqueduvivier.com\/index.php\/2014\/12\/14\/dominique-versus-duvivier\/#primaryimage","inLanguage":"fr-FR","url":"https:\/\/www.dominiqueduvivier.com\/wp-content\/uploads\/2014\/12\/Effet-photo-Dominique-Duvivier-fin-annees-70.jpg","contentUrl":"https:\/\/www.dominiqueduvivier.com\/wp-content\/uploads\/2014\/12\/Effet-photo-Dominique-Duvivier-fin-annees-70.jpg","width":3126,"height":2088},{"@type":"WebPage","@id":"https:\/\/www.dominiqueduvivier.com\/index.php\/2014\/12\/14\/dominique-versus-duvivier\/#webpage","url":"https:\/\/www.dominiqueduvivier.com\/index.php\/2014\/12\/14\/dominique-versus-duvivier\/","name":"Dominique versus Duvivier - Entretiens avec Dominique Duvivier - Toute la magie de Dominique Duvivier","isPartOf":{"@id":"https:\/\/www.dominiqueduvivier.com\/#website"},"primaryImageOfPage":{"@id":"https:\/\/www.dominiqueduvivier.com\/index.php\/2014\/12\/14\/dominique-versus-duvivier\/#primaryimage"},"datePublished":"2014-12-14T22:44:02+00:00","dateModified":"2019-08-12T13:07:02+00:00","author":{"@id":"https:\/\/www.dominiqueduvivier.com\/#\/schema\/person\/677c0bd6d5c5d21949cab39bb529a81c"},"breadcrumb":{"@id":"https:\/\/www.dominiqueduvivier.com\/index.php\/2014\/12\/14\/dominique-versus-duvivier\/#breadcrumb"},"inLanguage":"fr-FR","potentialAction":[{"@type":"ReadAction","target":["https:\/\/www.dominiqueduvivier.com\/index.php\/2014\/12\/14\/dominique-versus-duvivier\/"]}]},{"@type":"BreadcrumbList","@id":"https:\/\/www.dominiqueduvivier.com\/index.php\/2014\/12\/14\/dominique-versus-duvivier\/#breadcrumb","itemListElement":[{"@type":"ListItem","position":1,"name":"Accueil","item":"https:\/\/www.dominiqueduvivier.com\/"},{"@type":"ListItem","position":2,"name":"Dominique versus Duvivier"}]},{"@type":"Person","@id":"https:\/\/www.dominiqueduvivier.com\/#\/schema\/person\/677c0bd6d5c5d21949cab39bb529a81c","name":"Dominique Duvivier","image":{"@type":"ImageObject","@id":"https:\/\/www.dominiqueduvivier.com\/#personlogo","inLanguage":"fr-FR","url":"https:\/\/www.dominiqueduvivier.com\/wp-content\/uploads\/2019\/04\/Double-Fond-1-2-excl-groupes-10-150x150.jpg","contentUrl":"https:\/\/www.dominiqueduvivier.com\/wp-content\/uploads\/2019\/04\/Double-Fond-1-2-excl-groupes-10-150x150.jpg","caption":"Dominique Duvivier"},"description":"\u2663\ufe0f Magicien. \u2666\ufe0f Ma\u00eetre de l\u2019art du #CloseUp. \u2665\ufe0f Cr\u00e9ateur de tours et professeur. \u2660\ufe0f Fondateur @ledoublefond et directeur de Mayette Magie.","url":"https:\/\/www.dominiqueduvivier.com\/index.php\/author\/dominique-duvivier\/"}]}},"_links":{"self":[{"href":"https:\/\/www.dominiqueduvivier.com\/index.php\/wp-json\/wp\/v2\/posts\/3120"}],"collection":[{"href":"https:\/\/www.dominiqueduvivier.com\/index.php\/wp-json\/wp\/v2\/posts"}],"about":[{"href":"https:\/\/www.dominiqueduvivier.com\/index.php\/wp-json\/wp\/v2\/types\/post"}],"author":[{"embeddable":true,"href":"https:\/\/www.dominiqueduvivier.com\/index.php\/wp-json\/wp\/v2\/users\/2"}],"replies":[{"embeddable":true,"href":"https:\/\/www.dominiqueduvivier.com\/index.php\/wp-json\/wp\/v2\/comments?post=3120"}],"version-history":[{"count":1,"href":"https:\/\/www.dominiqueduvivier.com\/index.php\/wp-json\/wp\/v2\/posts\/3120\/revisions"}],"predecessor-version":[{"id":5536,"href":"https:\/\/www.dominiqueduvivier.com\/index.php\/wp-json\/wp\/v2\/posts\/3120\/revisions\/5536"}],"wp:attachment":[{"href":"https:\/\/www.dominiqueduvivier.com\/index.php\/wp-json\/wp\/v2\/media?parent=3120"}],"wp:term":[{"taxonomy":"category","embeddable":true,"href":"https:\/\/www.dominiqueduvivier.com\/index.php\/wp-json\/wp\/v2\/categories?post=3120"},{"taxonomy":"post_tag","embeddable":true,"href":"https:\/\/www.dominiqueduvivier.com\/index.php\/wp-json\/wp\/v2\/tags?post=3120"}],"curies":[{"name":"wp","href":"https:\/\/api.w.org\/{rel}","templated":true}]}}