{"id":2965,"date":"2014-09-22T00:01:53","date_gmt":"2014-09-21T22:01:53","guid":{"rendered":"http:\/\/www.dominiqueduvivier.com\/?p=2965"},"modified":"2019-08-12T15:07:04","modified_gmt":"2019-08-12T13:07:04","slug":"bientot-la-premiere-de-ce-soir-jouvre-la-boite","status":"publish","type":"post","link":"https:\/\/www.dominiqueduvivier.com\/index.php\/2014\/09\/22\/bientot-la-premiere-de-ce-soir-jouvre-la-boite\/","title":{"rendered":"Bient\u00f4t la Premi\u00e8re de \u00ab Ce Soir, J\u2019ouvre La Bo\u00eete\u2026 \u00bb"},"content":{"rendered":"<p>Alors l\u00e0, vous nous voyez, Alexandra et moi, en train de mettre au point les derniers d\u00e9tails pour notre nouveau spectacle \u00ab\u00a0Ce Soir, J\u2019ouvre La Bo\u00eete\u00a0\u00bb.<\/p>\n<p><a href=\"https:\/\/www.dominiqueduvivier.com\/2014\/09\/21\/bientot-la-premiere-de-ce-soir-jouvre-la-boite\/img_0772\/\" rel=\"attachment wp-att-2966\"><img loading=\"lazy\" class=\"aligncenter size-large wp-image-2966\" alt=\"IMG_0772\" src=\"https:\/\/www.dominiqueduvivier.com\/wp-content\/uploads\/2014\/09\/IMG_0772-e1411311290150-1024x768.jpg\" width=\"540\" height=\"405\" srcset=\"https:\/\/www.dominiqueduvivier.com\/wp-content\/uploads\/2014\/09\/IMG_0772-e1411311290150-1024x768.jpg 1024w, https:\/\/www.dominiqueduvivier.com\/wp-content\/uploads\/2014\/09\/IMG_0772-e1411311290150-300x225.jpg 300w, https:\/\/www.dominiqueduvivier.com\/wp-content\/uploads\/2014\/09\/IMG_0772-e1411311290150-768x576.jpg 768w\" sizes=\"(max-width: 540px) 100vw, 540px\" \/><\/a><\/p>\n<p>Nous sommes dans les coulisses du Double Fond et sur sc\u00e8ne il n\u2019y a personne, puisque nous r\u00e9p\u00e9tons toujours sans public, m\u00eame pour la r\u00e9p\u00e9tition g\u00e9n\u00e9rale. On dirait qu\u2019Adeline (qui prend la photo) vient de saisir ce dernier instant d\u2019intense r\u00e9flexion, juste avant de d\u00e9cider une bonne fois pour toutes la fa\u00e7on dont nous allons pr\u00e9senter notre dernier opus le 3 octobre, date de la Premi\u00e8re\u2026 Faut bien se lancer un jour\/soir, non\u00a0?! La pression est \u00e0 son comble. Des mois, presque des ann\u00e9es de travail et bient\u00f4t ce sera le moment d\u2019entrer en sc\u00e8ne\u2026 Comme toujours on se demande si cela va vous plaire, mais ce qui est s\u00fbr, c\u2019est que nous prenons un pied pas possible \u00e0 travailler ensemble\u00a0!!<\/p>\n<p><a title=\"Soir\u00e9es d'avant-premi\u00e8re &quot;Ce Soir, J'ouvre La Bo\u00eete&quot;\" href=\"http:\/\/www.doublefond.com\/soirees-exceptionnelles\/show-bouillant\/\" target=\"_blank\" rel=\"attachment wp-att-2967 noopener noreferrer\"><img loading=\"lazy\" class=\"aligncenter size-full wp-image-2967\" alt=\"showbouillant-a-2-2014_400\" src=\"https:\/\/www.dominiqueduvivier.com\/wp-content\/uploads\/2014\/09\/showbouillant-a-2-2014_400.jpg\" width=\"283\" height=\"400\" srcset=\"https:\/\/www.dominiqueduvivier.com\/wp-content\/uploads\/2014\/09\/showbouillant-a-2-2014_400.jpg 283w, https:\/\/www.dominiqueduvivier.com\/wp-content\/uploads\/2014\/09\/showbouillant-a-2-2014_400-212x300.jpg 212w\" sizes=\"(max-width: 283px) 100vw, 283px\" \/><\/a><\/p>\n<p>Pour plus d&rsquo;informations, cliquez ici : <a href=\"http:\/\/www.doublefond.com\/soirees-exceptionnelles\/show-bouillant\/\">http:\/\/www.doublefond.com\/soirees-exceptionnelles\/show-bouillant\/<\/a><\/p>\n","protected":false},"excerpt":{"rendered":"<p>Alors l\u00e0, vous nous voyez, Alexandra et moi, en train de mettre au point les derniers d\u00e9tails pour notre nouveau spectacle \u00ab\u00a0Ce Soir, J\u2019ouvre La Bo\u00eete\u00a0\u00bb. Nous sommes dans les coulisses du Double Fond et sur sc\u00e8ne il n\u2019y a personne, puisque nous r\u00e9p\u00e9tons toujours sans public, m\u00eame pour la r\u00e9p\u00e9tition g\u00e9n\u00e9rale. On dirait qu\u2019Adeline &hellip;<\/p>\n","protected":false},"author":2,"featured_media":0,"comment_status":"open","ping_status":"open","sticky":false,"template":"","format":"standard","meta":{"_monsterinsights_skip_tracking":false,"_monsterinsights_sitenote_active":false,"_monsterinsights_sitenote_note":"","_monsterinsights_sitenote_category":0,"ngg_post_thumbnail":0},"categories":[3,4],"tags":[7,15,18,24,25,27],"yoast_head":"<!-- This site is optimized with the Yoast SEO plugin v17.9 - https:\/\/yoast.com\/wordpress\/plugins\/seo\/ -->\n<title>Bient\u00f4t la Premi\u00e8re de \u00ab Ce Soir, J\u2019ouvre La Bo\u00eete\u2026 \u00bb - Entretiens avec Dominique Duvivier - Toute la magie de Dominique Duvivier<\/title>\n<meta name=\"robots\" content=\"index, follow, max-snippet:-1, max-image-preview:large, max-video-preview:-1\" \/>\n<link rel=\"canonical\" href=\"https:\/\/www.dominiqueduvivier.com\/index.php\/2014\/09\/22\/bientot-la-premiere-de-ce-soir-jouvre-la-boite\/\" \/>\n<meta property=\"og:locale\" content=\"fr_FR\" \/>\n<meta property=\"og:type\" content=\"article\" \/>\n<meta property=\"og:title\" content=\"Bient\u00f4t la Premi\u00e8re de \u00ab Ce Soir, J\u2019ouvre La Bo\u00eete\u2026 \u00bb - Entretiens avec Dominique Duvivier - Toute la magie de Dominique Duvivier\" \/>\n<meta property=\"og:description\" content=\"Alors l\u00e0, vous nous voyez, Alexandra et moi, en train de mettre au point les derniers d\u00e9tails pour notre nouveau spectacle \u00ab\u00a0Ce Soir, J\u2019ouvre La Bo\u00eete\u00a0\u00bb. Nous sommes dans les coulisses du Double Fond et sur sc\u00e8ne il n\u2019y a personne, puisque nous r\u00e9p\u00e9tons toujours sans public, m\u00eame pour la r\u00e9p\u00e9tition g\u00e9n\u00e9rale. On dirait qu\u2019Adeline &hellip;\" \/>\n<meta property=\"og:url\" content=\"https:\/\/www.dominiqueduvivier.com\/index.php\/2014\/09\/22\/bientot-la-premiere-de-ce-soir-jouvre-la-boite\/\" \/>\n<meta property=\"og:site_name\" content=\"Entretiens avec Dominique Duvivier - Toute la magie de Dominique Duvivier\" \/>\n<meta property=\"article:publisher\" content=\"https:\/\/www.facebook.com\/dominique.duvivier.1232\/\" \/>\n<meta property=\"article:published_time\" content=\"2014-09-21T22:01:53+00:00\" \/>\n<meta property=\"article:modified_time\" content=\"2019-08-12T13:07:04+00:00\" \/>\n<meta property=\"og:image\" content=\"https:\/\/www.dominiqueduvivier.com\/wp-content\/uploads\/2014\/09\/IMG_0772-e1411311290150-1024x768.jpg\" \/>\n<meta name=\"twitter:card\" content=\"summary_large_image\" \/>\n<meta name=\"twitter:creator\" content=\"@DDUVIVIER\" \/>\n<meta name=\"twitter:site\" content=\"@DDUVIVIER\" \/>\n<meta name=\"twitter:label1\" content=\"\u00c9crit par\" \/>\n\t<meta name=\"twitter:data1\" content=\"Dominique Duvivier\" \/>\n\t<meta name=\"twitter:label2\" content=\"Dur\u00e9e de lecture estim\u00e9e\" \/>\n\t<meta name=\"twitter:data2\" content=\"1 minute\" \/>\n<script type=\"application\/ld+json\" class=\"yoast-schema-graph\">{\"@context\":\"https:\/\/schema.org\",\"@graph\":[{\"@type\":\"WebSite\",\"@id\":\"https:\/\/www.dominiqueduvivier.com\/#website\",\"url\":\"https:\/\/www.dominiqueduvivier.com\/\",\"name\":\"Entretiens avec Dominique Duvivier - Toute la magie de Dominique Duvivier\",\"description\":\"Dominique Duvivier | Magicien\",\"potentialAction\":[{\"@type\":\"SearchAction\",\"target\":{\"@type\":\"EntryPoint\",\"urlTemplate\":\"https:\/\/www.dominiqueduvivier.com\/?s={search_term_string}\"},\"query-input\":\"required name=search_term_string\"}],\"inLanguage\":\"fr-FR\"},{\"@type\":\"ImageObject\",\"@id\":\"https:\/\/www.dominiqueduvivier.com\/index.php\/2014\/09\/22\/bientot-la-premiere-de-ce-soir-jouvre-la-boite\/#primaryimage\",\"inLanguage\":\"fr-FR\",\"url\":\"https:\/\/www.dominiqueduvivier.com\/wp-content\/uploads\/2014\/09\/IMG_0772-e1411311290150.jpg\",\"contentUrl\":\"https:\/\/www.dominiqueduvivier.com\/wp-content\/uploads\/2014\/09\/IMG_0772-e1411311290150.jpg\",\"width\":3264,\"height\":2448},{\"@type\":\"WebPage\",\"@id\":\"https:\/\/www.dominiqueduvivier.com\/index.php\/2014\/09\/22\/bientot-la-premiere-de-ce-soir-jouvre-la-boite\/#webpage\",\"url\":\"https:\/\/www.dominiqueduvivier.com\/index.php\/2014\/09\/22\/bientot-la-premiere-de-ce-soir-jouvre-la-boite\/\",\"name\":\"Bient\\u00f4t la Premi\\u00e8re de \\u00ab Ce Soir, J\\u2019ouvre La Bo\\u00eete\\u2026 \\u00bb - Entretiens avec Dominique Duvivier - Toute la magie de Dominique Duvivier\",\"isPartOf\":{\"@id\":\"https:\/\/www.dominiqueduvivier.com\/#website\"},\"primaryImageOfPage\":{\"@id\":\"https:\/\/www.dominiqueduvivier.com\/index.php\/2014\/09\/22\/bientot-la-premiere-de-ce-soir-jouvre-la-boite\/#primaryimage\"},\"datePublished\":\"2014-09-21T22:01:53+00:00\",\"dateModified\":\"2019-08-12T13:07:04+00:00\",\"author\":{\"@id\":\"https:\/\/www.dominiqueduvivier.com\/#\/schema\/person\/677c0bd6d5c5d21949cab39bb529a81c\"},\"breadcrumb\":{\"@id\":\"https:\/\/www.dominiqueduvivier.com\/index.php\/2014\/09\/22\/bientot-la-premiere-de-ce-soir-jouvre-la-boite\/#breadcrumb\"},\"inLanguage\":\"fr-FR\",\"potentialAction\":[{\"@type\":\"ReadAction\",\"target\":[\"https:\/\/www.dominiqueduvivier.com\/index.php\/2014\/09\/22\/bientot-la-premiere-de-ce-soir-jouvre-la-boite\/\"]}]},{\"@type\":\"BreadcrumbList\",\"@id\":\"https:\/\/www.dominiqueduvivier.com\/index.php\/2014\/09\/22\/bientot-la-premiere-de-ce-soir-jouvre-la-boite\/#breadcrumb\",\"itemListElement\":[{\"@type\":\"ListItem\",\"position\":1,\"name\":\"Accueil\",\"item\":\"https:\/\/www.dominiqueduvivier.com\/\"},{\"@type\":\"ListItem\",\"position\":2,\"name\":\"Bient\\u00f4t la Premi\\u00e8re de \\u00ab Ce Soir, J\\u2019ouvre La Bo\\u00eete\\u2026 \\u00bb\"}]},{\"@type\":\"Person\",\"@id\":\"https:\/\/www.dominiqueduvivier.com\/#\/schema\/person\/677c0bd6d5c5d21949cab39bb529a81c\",\"name\":\"Dominique Duvivier\",\"image\":{\"@type\":\"ImageObject\",\"@id\":\"https:\/\/www.dominiqueduvivier.com\/#personlogo\",\"inLanguage\":\"fr-FR\",\"url\":\"https:\/\/www.dominiqueduvivier.com\/wp-content\/uploads\/2019\/04\/Double-Fond-1-2-excl-groupes-10-150x150.jpg\",\"contentUrl\":\"https:\/\/www.dominiqueduvivier.com\/wp-content\/uploads\/2019\/04\/Double-Fond-1-2-excl-groupes-10-150x150.jpg\",\"caption\":\"Dominique Duvivier\"},\"description\":\"\\u2663\\ufe0f Magicien. \\u2666\\ufe0f Ma\\u00eetre de l\\u2019art du #CloseUp. \\u2665\\ufe0f Cr\\u00e9ateur de tours et professeur. \\u2660\\ufe0f Fondateur @ledoublefond et directeur de Mayette Magie.\",\"url\":\"https:\/\/www.dominiqueduvivier.com\/index.php\/author\/dominique-duvivier\/\"}]}<\/script>\n<!-- \/ Yoast SEO plugin. -->","yoast_head_json":{"title":"Bient\u00f4t la Premi\u00e8re de \u00ab Ce Soir, J\u2019ouvre La Bo\u00eete\u2026 \u00bb - Entretiens avec Dominique Duvivier - Toute la magie de Dominique Duvivier","robots":{"index":"index","follow":"follow","max-snippet":"max-snippet:-1","max-image-preview":"max-image-preview:large","max-video-preview":"max-video-preview:-1"},"canonical":"https:\/\/www.dominiqueduvivier.com\/index.php\/2014\/09\/22\/bientot-la-premiere-de-ce-soir-jouvre-la-boite\/","og_locale":"fr_FR","og_type":"article","og_title":"Bient\u00f4t la Premi\u00e8re de \u00ab Ce Soir, J\u2019ouvre La Bo\u00eete\u2026 \u00bb - Entretiens avec Dominique Duvivier - Toute la magie de Dominique Duvivier","og_description":"Alors l\u00e0, vous nous voyez, Alexandra et moi, en train de mettre au point les derniers d\u00e9tails pour notre nouveau spectacle \u00ab\u00a0Ce Soir, J\u2019ouvre La Bo\u00eete\u00a0\u00bb. Nous sommes dans les coulisses du Double Fond et sur sc\u00e8ne il n\u2019y a personne, puisque nous r\u00e9p\u00e9tons toujours sans public, m\u00eame pour la r\u00e9p\u00e9tition g\u00e9n\u00e9rale. On dirait qu\u2019Adeline &hellip;","og_url":"https:\/\/www.dominiqueduvivier.com\/index.php\/2014\/09\/22\/bientot-la-premiere-de-ce-soir-jouvre-la-boite\/","og_site_name":"Entretiens avec Dominique Duvivier - Toute la magie de Dominique Duvivier","article_publisher":"https:\/\/www.facebook.com\/dominique.duvivier.1232\/","article_published_time":"2014-09-21T22:01:53+00:00","article_modified_time":"2019-08-12T13:07:04+00:00","og_image":[{"url":"https:\/\/www.dominiqueduvivier.com\/wp-content\/uploads\/2014\/09\/IMG_0772-e1411311290150-1024x768.jpg"}],"twitter_card":"summary_large_image","twitter_creator":"@DDUVIVIER","twitter_site":"@DDUVIVIER","twitter_misc":{"\u00c9crit par":"Dominique Duvivier","Dur\u00e9e de lecture estim\u00e9e":"1 minute"},"schema":{"@context":"https:\/\/schema.org","@graph":[{"@type":"WebSite","@id":"https:\/\/www.dominiqueduvivier.com\/#website","url":"https:\/\/www.dominiqueduvivier.com\/","name":"Entretiens avec Dominique Duvivier - Toute la magie de Dominique Duvivier","description":"Dominique Duvivier | Magicien","potentialAction":[{"@type":"SearchAction","target":{"@type":"EntryPoint","urlTemplate":"https:\/\/www.dominiqueduvivier.com\/?s={search_term_string}"},"query-input":"required name=search_term_string"}],"inLanguage":"fr-FR"},{"@type":"ImageObject","@id":"https:\/\/www.dominiqueduvivier.com\/index.php\/2014\/09\/22\/bientot-la-premiere-de-ce-soir-jouvre-la-boite\/#primaryimage","inLanguage":"fr-FR","url":"https:\/\/www.dominiqueduvivier.com\/wp-content\/uploads\/2014\/09\/IMG_0772-e1411311290150.jpg","contentUrl":"https:\/\/www.dominiqueduvivier.com\/wp-content\/uploads\/2014\/09\/IMG_0772-e1411311290150.jpg","width":3264,"height":2448},{"@type":"WebPage","@id":"https:\/\/www.dominiqueduvivier.com\/index.php\/2014\/09\/22\/bientot-la-premiere-de-ce-soir-jouvre-la-boite\/#webpage","url":"https:\/\/www.dominiqueduvivier.com\/index.php\/2014\/09\/22\/bientot-la-premiere-de-ce-soir-jouvre-la-boite\/","name":"Bient\u00f4t la Premi\u00e8re de \u00ab Ce Soir, J\u2019ouvre La Bo\u00eete\u2026 \u00bb - Entretiens avec Dominique Duvivier - Toute la magie de Dominique Duvivier","isPartOf":{"@id":"https:\/\/www.dominiqueduvivier.com\/#website"},"primaryImageOfPage":{"@id":"https:\/\/www.dominiqueduvivier.com\/index.php\/2014\/09\/22\/bientot-la-premiere-de-ce-soir-jouvre-la-boite\/#primaryimage"},"datePublished":"2014-09-21T22:01:53+00:00","dateModified":"2019-08-12T13:07:04+00:00","author":{"@id":"https:\/\/www.dominiqueduvivier.com\/#\/schema\/person\/677c0bd6d5c5d21949cab39bb529a81c"},"breadcrumb":{"@id":"https:\/\/www.dominiqueduvivier.com\/index.php\/2014\/09\/22\/bientot-la-premiere-de-ce-soir-jouvre-la-boite\/#breadcrumb"},"inLanguage":"fr-FR","potentialAction":[{"@type":"ReadAction","target":["https:\/\/www.dominiqueduvivier.com\/index.php\/2014\/09\/22\/bientot-la-premiere-de-ce-soir-jouvre-la-boite\/"]}]},{"@type":"BreadcrumbList","@id":"https:\/\/www.dominiqueduvivier.com\/index.php\/2014\/09\/22\/bientot-la-premiere-de-ce-soir-jouvre-la-boite\/#breadcrumb","itemListElement":[{"@type":"ListItem","position":1,"name":"Accueil","item":"https:\/\/www.dominiqueduvivier.com\/"},{"@type":"ListItem","position":2,"name":"Bient\u00f4t la Premi\u00e8re de \u00ab Ce Soir, J\u2019ouvre La Bo\u00eete\u2026 \u00bb"}]},{"@type":"Person","@id":"https:\/\/www.dominiqueduvivier.com\/#\/schema\/person\/677c0bd6d5c5d21949cab39bb529a81c","name":"Dominique Duvivier","image":{"@type":"ImageObject","@id":"https:\/\/www.dominiqueduvivier.com\/#personlogo","inLanguage":"fr-FR","url":"https:\/\/www.dominiqueduvivier.com\/wp-content\/uploads\/2019\/04\/Double-Fond-1-2-excl-groupes-10-150x150.jpg","contentUrl":"https:\/\/www.dominiqueduvivier.com\/wp-content\/uploads\/2019\/04\/Double-Fond-1-2-excl-groupes-10-150x150.jpg","caption":"Dominique Duvivier"},"description":"\u2663\ufe0f Magicien. \u2666\ufe0f Ma\u00eetre de l\u2019art du #CloseUp. \u2665\ufe0f Cr\u00e9ateur de tours et professeur. \u2660\ufe0f Fondateur @ledoublefond et directeur de Mayette Magie.","url":"https:\/\/www.dominiqueduvivier.com\/index.php\/author\/dominique-duvivier\/"}]}},"_links":{"self":[{"href":"https:\/\/www.dominiqueduvivier.com\/index.php\/wp-json\/wp\/v2\/posts\/2965"}],"collection":[{"href":"https:\/\/www.dominiqueduvivier.com\/index.php\/wp-json\/wp\/v2\/posts"}],"about":[{"href":"https:\/\/www.dominiqueduvivier.com\/index.php\/wp-json\/wp\/v2\/types\/post"}],"author":[{"embeddable":true,"href":"https:\/\/www.dominiqueduvivier.com\/index.php\/wp-json\/wp\/v2\/users\/2"}],"replies":[{"embeddable":true,"href":"https:\/\/www.dominiqueduvivier.com\/index.php\/wp-json\/wp\/v2\/comments?post=2965"}],"version-history":[{"count":1,"href":"https:\/\/www.dominiqueduvivier.com\/index.php\/wp-json\/wp\/v2\/posts\/2965\/revisions"}],"predecessor-version":[{"id":5549,"href":"https:\/\/www.dominiqueduvivier.com\/index.php\/wp-json\/wp\/v2\/posts\/2965\/revisions\/5549"}],"wp:attachment":[{"href":"https:\/\/www.dominiqueduvivier.com\/index.php\/wp-json\/wp\/v2\/media?parent=2965"}],"wp:term":[{"taxonomy":"category","embeddable":true,"href":"https:\/\/www.dominiqueduvivier.com\/index.php\/wp-json\/wp\/v2\/categories?post=2965"},{"taxonomy":"post_tag","embeddable":true,"href":"https:\/\/www.dominiqueduvivier.com\/index.php\/wp-json\/wp\/v2\/tags?post=2965"}],"curies":[{"name":"wp","href":"https:\/\/api.w.org\/{rel}","templated":true}]}}