{"id":29,"date":"2012-05-28T00:01:00","date_gmt":"2012-05-28T00:01:00","guid":{"rendered":"http:\/\/duvivier.celuga.net\/2012\/05\/non-je-naime-pas\/"},"modified":"2019-08-02T13:29:55","modified_gmt":"2019-08-02T11:29:55","slug":"non-je-naime-pas","status":"publish","type":"post","link":"https:\/\/www.dominiqueduvivier.com\/index.php\/2012\/05\/28\/non-je-naime-pas\/","title":{"rendered":"Non, je n&rsquo;aime pas&#8230;"},"content":{"rendered":"<p style=\"text-align: justify;\">En d\u00e9but de si\u00e8cle, il semble qu\u2019il y ait des choses qu\u2019il ne faille pas dire, ou qu\u2019il ne faille pas penser, sous peine de passer pour un fou, ou un ringard, ou un vieux con que sais-je\u00a0? Le \u00ab\u00a0politiquement correct\u00a0\u00bb se niche partout.<\/p>\n<p style=\"text-align: justify;\">Par exemple, il se trouve que je n\u2019aime pas voyager\u2026 c\u2019est vrai\u00a0! C\u2019est mon droit le plus strict, mais c\u2019est dingue\u00a0: \u00e7a ne pla\u00eet pas. Pourquoi\u00a0? Je n\u2019en sais rien. Mais, ce qui est s\u00fbr, c\u2019est que je m\u2019en fous\u00a0! J\u2019ai fait presque le tour du monde et plusieurs fois, mais je continue de ne pas aimer voyager. Un comble, un caprice\u00a0? Non. C\u2019est un principe g\u00e9n\u00e9ral chez moi\u00a0: s\u2019\u00e9vader, pique-niquer, bronzer sur la plage, marcher dans les petits sentiers, gambader dans les champs, se d\u00e9penser, respirer le bon air\u2026 en r\u00e9sum\u00e9, prendre des vacances\u2026 eh bien je d\u00e9teste\u00a0! C\u2019est comme \u00e7a, ce n\u2019est pas mon truc. Je suis hyper casanier, j\u2019aime plus que tout travailler chez moi, ou tout au plus au Double Fond. Je suis pr\u00eat \u00e0 demander des sommes folles pour ne pas honorer les contrats qui d\u00e9passent ma zone acceptable\u00a0! (v\u00e9ridique). Cela me fait penser \u00e0 Gabin qui ne voulait tourner nulle part ailleurs qu\u2019\u00e0 Paris et \u00e0 Deauville maximum\u00a0! Je n\u2019ai pas son talent, mais j\u2019ai au moins ce point commun avec lui\u2026 En vacances ou simplement loin de chez moi, je m\u2019ennuie ferme et tr\u00e8s vite. Le d\u00e9paysement m\u2019est tr\u00e8s difficile. J\u2019aime mes marques, la cuisine que j\u2019aime&#8230; Les habitudes quoi\u00a0! Et puis je n\u2019aime pas la nature non plus. C\u2019est ainsi\u00a0! Je suis un citadin endurci. Un homme qui pr\u00e9f\u00e8re les salles obscures \u00e0 la lumi\u00e8re du jour, les tapis de cartes \u00e0 la verdure. C\u2019est peut-\u00eatre la raison pour laquelle j\u2019ai beaucoup travaill\u00e9 dans ma vie, car j\u2019ai toujours pr\u00e9f\u00e9r\u00e9 bosser que de me promener dans des jardins. Musarder dans les rues de Paris pour acheter des trucs qui vont pouvoir servir en magie \u00e0 un moment ou \u00e0 un autre, \u00e7a OUI, j\u2019aime bien. Mais pour le reste, contrairement \u00e0 la plupart, NON, j\u2019aime pas\u00a0! Pour moi, c\u2019est une perte de temps. Lorsque je suis contraint de partir quelques temps loin de chez moi, j\u2019emm\u00e8ne encore plus de boulot et je me clo\u00eetre d\u00e8s que possible dans ma chambre pour me retrouver un peu dans mon \u00e9l\u00e9ment\u2026 Et quand je peux y garder la semi-obscurit\u00e9, c\u2019est le kif absolu\u00a0! Un vampire r\u00e9incarn\u00e9\u2026 Qui sait\u00a0?<\/p>\n<p style=\"text-align: justify;\">Pour r\u00e9sumer, je suis un tel \u00ab\u00a0fou de magie\u00a0\u00bb que je d\u00e9teste tout ce qui peut m\u2019en \u00e9loigner. J\u2019aime passionn\u00e9ment la magie et tout ce qui peut la faire avancer, tous les jours, toutes les heures, toutes les minutes\u2026. Je suis un vrai compulsif de la magie. Un magiphage quoi\u00a0! Enfin, \u00e7a, vous l\u2019aviez compris je crois\u2026<\/p>\n","protected":false},"excerpt":{"rendered":"<p>(&#8230;) s\u2019\u00e9vader, pique-niquer, bronzer sur la plage, marcher dans les petits sentiers, gambader dans les champs, se d\u00e9penser, respirer le bon air\u2026 en r\u00e9sum\u00e9, prendre des vacances\u2026 eh bien je d\u00e9teste ! C\u2019est comme \u00e7a, ce n\u2019est pas mon truc. Je suis hyper casanier, j\u2019aime plus que tout travailler chez moi, ou tout au plus au Double Fond. (&#8230;)<\/p>\n","protected":false},"author":2,"featured_media":0,"comment_status":"open","ping_status":"open","sticky":false,"template":"","format":"standard","meta":{"_monsterinsights_skip_tracking":false,"_monsterinsights_sitenote_active":false,"_monsterinsights_sitenote_note":"","_monsterinsights_sitenote_category":0,"ngg_post_thumbnail":0},"categories":[4],"tags":[11,12,14,18,23,27],"yoast_head":"<!-- This site is optimized with the Yoast SEO plugin v17.9 - https:\/\/yoast.com\/wordpress\/plugins\/seo\/ -->\n<title>Non, je n&#039;aime pas... - Entretiens avec Dominique Duvivier - Toute la magie de Dominique Duvivier<\/title>\n<meta name=\"robots\" content=\"index, follow, max-snippet:-1, max-image-preview:large, max-video-preview:-1\" \/>\n<link rel=\"canonical\" href=\"https:\/\/www.dominiqueduvivier.com\/index.php\/2012\/05\/28\/non-je-naime-pas\/\" \/>\n<meta property=\"og:locale\" content=\"fr_FR\" \/>\n<meta property=\"og:type\" content=\"article\" \/>\n<meta property=\"og:title\" content=\"Non, je n&#039;aime pas... - Entretiens avec Dominique Duvivier - Toute la magie de Dominique Duvivier\" \/>\n<meta property=\"og:description\" content=\"(...) s\u2019\u00e9vader, pique-niquer, bronzer sur la plage, marcher dans les petits sentiers, gambader dans les champs, se d\u00e9penser, respirer le bon air\u2026 en r\u00e9sum\u00e9, prendre des vacances\u2026 eh bien je d\u00e9teste ! C\u2019est comme \u00e7a, ce n\u2019est pas mon truc. Je suis hyper casanier, j\u2019aime plus que tout travailler chez moi, ou tout au plus au Double Fond. (...)\" \/>\n<meta property=\"og:url\" content=\"https:\/\/www.dominiqueduvivier.com\/index.php\/2012\/05\/28\/non-je-naime-pas\/\" \/>\n<meta property=\"og:site_name\" content=\"Entretiens avec Dominique Duvivier - Toute la magie de Dominique Duvivier\" \/>\n<meta property=\"article:publisher\" content=\"https:\/\/www.facebook.com\/dominique.duvivier.1232\/\" \/>\n<meta property=\"article:published_time\" content=\"2012-05-28T00:01:00+00:00\" \/>\n<meta property=\"article:modified_time\" content=\"2019-08-02T11:29:55+00:00\" \/>\n<meta property=\"og:image\" content=\"https:\/\/www.dominiqueduvivier.com\/wp-content\/uploads\/2014\/08\/Logo-Double-Fond-2014.jpg\" \/>\n\t<meta property=\"og:image:width\" content=\"2145\" \/>\n\t<meta property=\"og:image:height\" content=\"1299\" \/>\n\t<meta property=\"og:image:type\" content=\"image\/jpeg\" \/>\n<meta name=\"twitter:card\" content=\"summary_large_image\" \/>\n<meta name=\"twitter:creator\" content=\"@DDUVIVIER\" \/>\n<meta name=\"twitter:site\" content=\"@DDUVIVIER\" \/>\n<meta name=\"twitter:label1\" content=\"\u00c9crit par\" \/>\n\t<meta name=\"twitter:data1\" content=\"Dominique Duvivier\" \/>\n\t<meta name=\"twitter:label2\" content=\"Dur\u00e9e de lecture estim\u00e9e\" \/>\n\t<meta name=\"twitter:data2\" content=\"3 minutes\" \/>\n<script type=\"application\/ld+json\" class=\"yoast-schema-graph\">{\"@context\":\"https:\/\/schema.org\",\"@graph\":[{\"@type\":\"WebSite\",\"@id\":\"https:\/\/www.dominiqueduvivier.com\/#website\",\"url\":\"https:\/\/www.dominiqueduvivier.com\/\",\"name\":\"Entretiens avec Dominique Duvivier - Toute la magie de Dominique Duvivier\",\"description\":\"Dominique Duvivier | Magicien\",\"potentialAction\":[{\"@type\":\"SearchAction\",\"target\":{\"@type\":\"EntryPoint\",\"urlTemplate\":\"https:\/\/www.dominiqueduvivier.com\/?s={search_term_string}\"},\"query-input\":\"required name=search_term_string\"}],\"inLanguage\":\"fr-FR\"},{\"@type\":\"WebPage\",\"@id\":\"https:\/\/www.dominiqueduvivier.com\/index.php\/2012\/05\/28\/non-je-naime-pas\/#webpage\",\"url\":\"https:\/\/www.dominiqueduvivier.com\/index.php\/2012\/05\/28\/non-je-naime-pas\/\",\"name\":\"Non, je n'aime pas... - Entretiens avec Dominique Duvivier - Toute la magie de Dominique Duvivier\",\"isPartOf\":{\"@id\":\"https:\/\/www.dominiqueduvivier.com\/#website\"},\"datePublished\":\"2012-05-28T00:01:00+00:00\",\"dateModified\":\"2019-08-02T11:29:55+00:00\",\"author\":{\"@id\":\"https:\/\/www.dominiqueduvivier.com\/#\/schema\/person\/677c0bd6d5c5d21949cab39bb529a81c\"},\"breadcrumb\":{\"@id\":\"https:\/\/www.dominiqueduvivier.com\/index.php\/2012\/05\/28\/non-je-naime-pas\/#breadcrumb\"},\"inLanguage\":\"fr-FR\",\"potentialAction\":[{\"@type\":\"ReadAction\",\"target\":[\"https:\/\/www.dominiqueduvivier.com\/index.php\/2012\/05\/28\/non-je-naime-pas\/\"]}]},{\"@type\":\"BreadcrumbList\",\"@id\":\"https:\/\/www.dominiqueduvivier.com\/index.php\/2012\/05\/28\/non-je-naime-pas\/#breadcrumb\",\"itemListElement\":[{\"@type\":\"ListItem\",\"position\":1,\"name\":\"Accueil\",\"item\":\"https:\/\/www.dominiqueduvivier.com\/\"},{\"@type\":\"ListItem\",\"position\":2,\"name\":\"Non, je n&rsquo;aime pas&#8230;\"}]},{\"@type\":\"Person\",\"@id\":\"https:\/\/www.dominiqueduvivier.com\/#\/schema\/person\/677c0bd6d5c5d21949cab39bb529a81c\",\"name\":\"Dominique Duvivier\",\"image\":{\"@type\":\"ImageObject\",\"@id\":\"https:\/\/www.dominiqueduvivier.com\/#personlogo\",\"inLanguage\":\"fr-FR\",\"url\":\"https:\/\/www.dominiqueduvivier.com\/wp-content\/uploads\/2019\/04\/Double-Fond-1-2-excl-groupes-10-150x150.jpg\",\"contentUrl\":\"https:\/\/www.dominiqueduvivier.com\/wp-content\/uploads\/2019\/04\/Double-Fond-1-2-excl-groupes-10-150x150.jpg\",\"caption\":\"Dominique Duvivier\"},\"description\":\"\\u2663\\ufe0f Magicien. \\u2666\\ufe0f Ma\\u00eetre de l\\u2019art du #CloseUp. \\u2665\\ufe0f Cr\\u00e9ateur de tours et professeur. \\u2660\\ufe0f Fondateur @ledoublefond et directeur de Mayette Magie.\",\"url\":\"https:\/\/www.dominiqueduvivier.com\/index.php\/author\/dominique-duvivier\/\"}]}<\/script>\n<!-- \/ Yoast SEO plugin. -->","yoast_head_json":{"title":"Non, je n'aime pas... - Entretiens avec Dominique Duvivier - Toute la magie de Dominique Duvivier","robots":{"index":"index","follow":"follow","max-snippet":"max-snippet:-1","max-image-preview":"max-image-preview:large","max-video-preview":"max-video-preview:-1"},"canonical":"https:\/\/www.dominiqueduvivier.com\/index.php\/2012\/05\/28\/non-je-naime-pas\/","og_locale":"fr_FR","og_type":"article","og_title":"Non, je n'aime pas... - Entretiens avec Dominique Duvivier - Toute la magie de Dominique Duvivier","og_description":"(...) s\u2019\u00e9vader, pique-niquer, bronzer sur la plage, marcher dans les petits sentiers, gambader dans les champs, se d\u00e9penser, respirer le bon air\u2026 en r\u00e9sum\u00e9, prendre des vacances\u2026 eh bien je d\u00e9teste ! C\u2019est comme \u00e7a, ce n\u2019est pas mon truc. Je suis hyper casanier, j\u2019aime plus que tout travailler chez moi, ou tout au plus au Double Fond. (...)","og_url":"https:\/\/www.dominiqueduvivier.com\/index.php\/2012\/05\/28\/non-je-naime-pas\/","og_site_name":"Entretiens avec Dominique Duvivier - Toute la magie de Dominique Duvivier","article_publisher":"https:\/\/www.facebook.com\/dominique.duvivier.1232\/","article_published_time":"2012-05-28T00:01:00+00:00","article_modified_time":"2019-08-02T11:29:55+00:00","og_image":[{"width":2145,"height":1299,"url":"https:\/\/www.dominiqueduvivier.com\/wp-content\/uploads\/2014\/08\/Logo-Double-Fond-2014.jpg","type":"image\/jpeg"}],"twitter_card":"summary_large_image","twitter_creator":"@DDUVIVIER","twitter_site":"@DDUVIVIER","twitter_misc":{"\u00c9crit par":"Dominique Duvivier","Dur\u00e9e de lecture estim\u00e9e":"3 minutes"},"schema":{"@context":"https:\/\/schema.org","@graph":[{"@type":"WebSite","@id":"https:\/\/www.dominiqueduvivier.com\/#website","url":"https:\/\/www.dominiqueduvivier.com\/","name":"Entretiens avec Dominique Duvivier - Toute la magie de Dominique Duvivier","description":"Dominique Duvivier | Magicien","potentialAction":[{"@type":"SearchAction","target":{"@type":"EntryPoint","urlTemplate":"https:\/\/www.dominiqueduvivier.com\/?s={search_term_string}"},"query-input":"required name=search_term_string"}],"inLanguage":"fr-FR"},{"@type":"WebPage","@id":"https:\/\/www.dominiqueduvivier.com\/index.php\/2012\/05\/28\/non-je-naime-pas\/#webpage","url":"https:\/\/www.dominiqueduvivier.com\/index.php\/2012\/05\/28\/non-je-naime-pas\/","name":"Non, je n'aime pas... - Entretiens avec Dominique Duvivier - Toute la magie de Dominique Duvivier","isPartOf":{"@id":"https:\/\/www.dominiqueduvivier.com\/#website"},"datePublished":"2012-05-28T00:01:00+00:00","dateModified":"2019-08-02T11:29:55+00:00","author":{"@id":"https:\/\/www.dominiqueduvivier.com\/#\/schema\/person\/677c0bd6d5c5d21949cab39bb529a81c"},"breadcrumb":{"@id":"https:\/\/www.dominiqueduvivier.com\/index.php\/2012\/05\/28\/non-je-naime-pas\/#breadcrumb"},"inLanguage":"fr-FR","potentialAction":[{"@type":"ReadAction","target":["https:\/\/www.dominiqueduvivier.com\/index.php\/2012\/05\/28\/non-je-naime-pas\/"]}]},{"@type":"BreadcrumbList","@id":"https:\/\/www.dominiqueduvivier.com\/index.php\/2012\/05\/28\/non-je-naime-pas\/#breadcrumb","itemListElement":[{"@type":"ListItem","position":1,"name":"Accueil","item":"https:\/\/www.dominiqueduvivier.com\/"},{"@type":"ListItem","position":2,"name":"Non, je n&rsquo;aime pas&#8230;"}]},{"@type":"Person","@id":"https:\/\/www.dominiqueduvivier.com\/#\/schema\/person\/677c0bd6d5c5d21949cab39bb529a81c","name":"Dominique Duvivier","image":{"@type":"ImageObject","@id":"https:\/\/www.dominiqueduvivier.com\/#personlogo","inLanguage":"fr-FR","url":"https:\/\/www.dominiqueduvivier.com\/wp-content\/uploads\/2019\/04\/Double-Fond-1-2-excl-groupes-10-150x150.jpg","contentUrl":"https:\/\/www.dominiqueduvivier.com\/wp-content\/uploads\/2019\/04\/Double-Fond-1-2-excl-groupes-10-150x150.jpg","caption":"Dominique Duvivier"},"description":"\u2663\ufe0f Magicien. \u2666\ufe0f Ma\u00eetre de l\u2019art du #CloseUp. \u2665\ufe0f Cr\u00e9ateur de tours et professeur. \u2660\ufe0f Fondateur @ledoublefond et directeur de Mayette Magie.","url":"https:\/\/www.dominiqueduvivier.com\/index.php\/author\/dominique-duvivier\/"}]}},"_links":{"self":[{"href":"https:\/\/www.dominiqueduvivier.com\/index.php\/wp-json\/wp\/v2\/posts\/29"}],"collection":[{"href":"https:\/\/www.dominiqueduvivier.com\/index.php\/wp-json\/wp\/v2\/posts"}],"about":[{"href":"https:\/\/www.dominiqueduvivier.com\/index.php\/wp-json\/wp\/v2\/types\/post"}],"author":[{"embeddable":true,"href":"https:\/\/www.dominiqueduvivier.com\/index.php\/wp-json\/wp\/v2\/users\/2"}],"replies":[{"embeddable":true,"href":"https:\/\/www.dominiqueduvivier.com\/index.php\/wp-json\/wp\/v2\/comments?post=29"}],"version-history":[{"count":1,"href":"https:\/\/www.dominiqueduvivier.com\/index.php\/wp-json\/wp\/v2\/posts\/29\/revisions"}],"predecessor-version":[{"id":5696,"href":"https:\/\/www.dominiqueduvivier.com\/index.php\/wp-json\/wp\/v2\/posts\/29\/revisions\/5696"}],"wp:attachment":[{"href":"https:\/\/www.dominiqueduvivier.com\/index.php\/wp-json\/wp\/v2\/media?parent=29"}],"wp:term":[{"taxonomy":"category","embeddable":true,"href":"https:\/\/www.dominiqueduvivier.com\/index.php\/wp-json\/wp\/v2\/categories?post=29"},{"taxonomy":"post_tag","embeddable":true,"href":"https:\/\/www.dominiqueduvivier.com\/index.php\/wp-json\/wp\/v2\/tags?post=29"}],"curies":[{"name":"wp","href":"https:\/\/api.w.org\/{rel}","templated":true}]}}