{"id":2682,"date":"2014-03-10T00:01:43","date_gmt":"2014-03-09T23:01:43","guid":{"rendered":"http:\/\/www.dominiqueduvivier.com\/?p=2682"},"modified":"2019-08-02T13:28:56","modified_gmt":"2019-08-02T11:28:56","slug":"le-lycee-turquetil","status":"publish","type":"post","link":"https:\/\/www.dominiqueduvivier.com\/index.php\/2014\/03\/10\/le-lycee-turquetil\/","title":{"rendered":"Le lyc\u00e9e Turquetil"},"content":{"rendered":"<p>Le lyc\u00e9e Turquetil o\u00f9 toute une vie aurait pu basculer\u2026<br \/>\nEn effet, il se trouve que cet \u00e9tablissement fort respectable et qui existe toujours (Paris 11\u00e8me), me fut presque impos\u00e9, apr\u00e8s mes r\u00e9sultats brillants \u00e0 l\u2019\u00e9cole dite \u00ab normale \u00bb. Pour parler clair et court, j\u2019\u00e9tais un cancre notoire qui n\u2019a jamais \u00e9t\u00e9 jusqu\u2019en 6\u00e8me et qui a \u00e9t\u00e9 davantage habitu\u00e9 aux classes dites de \u00ab rattrapage \u00bb, que j\u2019ai d\u2019ailleurs redoubl\u00e9es autant que la loi le permettait\u2026 Puis, suite logique : le lyc\u00e9e Turquetil semblait \u00eatre l\u2019unique voie qu\u2019il restait encore possible pour attendre mes 16 ans que je puisse voler de mes propres ailes. Cette officine dite d\u2019apprentissage (tellement mon niveau \u00e9tait formidable) se nommait \u00e0 voix basse (par mes parents) \u00ab lyc\u00e9e technique \u00bb. Ce genre d\u2019\u00e9tablissement \u00e9tait donc en principe davantage pr\u00e9vu pour les manuels\u2026 Pourtant, au grand d\u00e9sespoir de ma pauvre petite maman, je n\u2019\u00e9tais pas plus manuel qu\u2019intellectuel ! Pas manuel moi, le magicien que je suis devenu ? Quelle blague pensez-vous ! J\u2019insiste car, en g\u00e9n\u00e9ral, on ne comprend pas qu\u2019un mec comme moi puisse \u00eatre malhabile en dehors de la magie\u2026 Pourtant je vous assure, je suis d\u2019une maladresse assez inimaginable. Aucun bricolage n\u2019est possible pour moi \u00e0 un point qu\u2019on me retire de force les outils que j\u2019aime pourtant prendre pour m\u2019essayer \u00e0 planter un clou ou rogner le bas d\u2019une porte afin qu\u2019elle soit mieux ensuite ! Mes proches n\u2019ont pas vraiment le souvenir d\u2019une am\u00e9lioration apr\u00e8s mon passage (rire), d\u2019o\u00f9 leur peur visc\u00e9rale d\u00e8s lors qu\u2019ils me voient avec autre chose qu\u2019un objet magique direct en pogne ! D\u2019ailleurs, depuis, j\u2019ai remarqu\u00e9 que de nombreuses personnes ultra habiles dans leur domaine, comme les chirurgiens par exemple, rencontrent souvent le m\u00eame probl\u00e8me que votre serviteur : ce sont des cas sociaux pour toute aide dans une maison qui se respecte. Bref, revenons \u00e0 nos moutons. Le lyc\u00e9e technique Turquetil \u00e9tait \u00e0 mon \u00e9poque <a href=\"https:\/\/www.dominiqueduvivier.com\/2014\/03\/10\/le-lycee-turquetil\/fourure\/\" rel=\"attachment wp-att-2695\"><img loading=\"lazy\" class=\"alignright size-medium wp-image-2695\" alt=\"fourure\" src=\"https:\/\/www.dominiqueduvivier.com\/wp-content\/uploads\/2014\/03\/fourure-237x300.jpg\" width=\"237\" height=\"300\" \/><\/a>sp\u00e9cialis\u00e9 dans le cuir (pour la maroquinerie), la fourrure (pour la fourrure) et la gainerie (pour les bo\u00eetes en tous genres). La voie royale parmi ces trois disciplines \u00e9tait la fourrure. Les \u00e9l\u00e8ves qui \u00e9taient dans cette section regardaient tout juste les autres tellement ils se la p\u00e9taient ! Et les profs de la fourrure \u00e9taient particuli\u00e8rement d\u00e9daigneux vis-\u00e0-vis des pauvres bougres comme moi qui n\u2019avaient pas eu d\u2019assez bonnes notes pour entrer dans leurs ateliers. Ces derniers pouvaient encore pr\u00e9tendre au m\u00e9tier de maroquinier, discipline moins noble mais encore tr\u00e8s correcte, pour ces heureux \u00e9lus de rattrapage ! Et, enfin, pour terminer, il restait la lie. Les sans grade. Ceux qui r\u00e9coltaient les mauvaises notes, les pas adroits en tous genres : ils se retrouvaient en \u00ab gainerie \u00bb. Comme moi ! Vous l\u2019avez compris, je n\u2019avais pas choisi cette mati\u00e8re par apostolat\u2026 On me disait que c\u2019\u00e9tait certainement la derni\u00e8re possibilit\u00e9 de me trouver un job pour le futur, si toutefois je r\u00e9ussissais \u00e0 gainer des fameuses bo\u00eetes\u00a0\u00a0 un jour&#8230; En cuir (les bo\u00eetes) ou en carton. Jamais en fourrure ! Mon prof principal, la cigarette ma\u00efs au coin du bec en permanence, me scrutait en coin se demandant parfois qui pouvait bien se cacher derri\u00e8re une telle nullit\u00e9. Une certaine tendresse dans son regard me laissait entendre <a href=\"https:\/\/www.dominiqueduvivier.com\/2014\/03\/10\/le-lycee-turquetil\/cuir2\/\" rel=\"attachment wp-att-2697\"><img loading=\"lazy\" class=\"alignleft size-medium wp-image-2697\" alt=\"cuir2\" src=\"https:\/\/www.dominiqueduvivier.com\/wp-content\/uploads\/2014\/03\/cuir2-300x225.jpg\" width=\"300\" height=\"225\" srcset=\"https:\/\/www.dominiqueduvivier.com\/wp-content\/uploads\/2014\/03\/cuir2-300x225.jpg 300w, https:\/\/www.dominiqueduvivier.com\/wp-content\/uploads\/2014\/03\/cuir2-768x576.jpg 768w, https:\/\/www.dominiqueduvivier.com\/wp-content\/uploads\/2014\/03\/cuir2-1024x768.jpg 1024w, https:\/\/www.dominiqueduvivier.com\/wp-content\/uploads\/2014\/03\/cuir2.jpg 1200w\" sizes=\"(max-width: 300px) 100vw, 300px\" \/><\/a>que je ne devais pas mettre fin \u00e0 mes jours au plus vite ! Monsieur Chalot il s\u2019appelait, si ma m\u00e9moire est bonne. Je prends conscience que je n\u2019ai jamais pens\u00e9 \u00e0 le surnommer \u00ab Salaud \u00bb (Chalot), comme quoi, quand on est jeune, on rate des occasions ! Mais il n\u2019\u00e9tait pas m\u00e9chant. Il avait la r\u00eaverie facile, comme moi. Comme il regardait souvent par la fen\u00eatre, j\u2019avais l\u2019impression qu\u2019il s\u2019\u00e9vadait\u2026 Il faut dire qu\u2019il fallait savoir se pr\u00e9munir pour ne pas devenir ch\u00e8vre avec des ostrogoths dans mon genre ! J\u2019avais souvent honte de ce que je devais pr\u00e9senter\u2026 Mon objet, cens\u00e9 \u00eatre une magnifique bo\u00eete en cuir ou en carton avec tiroirs <a href=\"https:\/\/www.dominiqueduvivier.com\/2014\/03\/10\/le-lycee-turquetil\/gainerie\/\" rel=\"attachment wp-att-2693\"><img loading=\"lazy\" class=\"alignright size-medium wp-image-2693\" alt=\"gainerie\" src=\"https:\/\/www.dominiqueduvivier.com\/wp-content\/uploads\/2014\/03\/gainerie-300x166.jpg\" width=\"300\" height=\"166\" srcset=\"https:\/\/www.dominiqueduvivier.com\/wp-content\/uploads\/2014\/03\/gainerie-300x166.jpg 300w, https:\/\/www.dominiqueduvivier.com\/wp-content\/uploads\/2014\/03\/gainerie-768x426.jpg 768w, https:\/\/www.dominiqueduvivier.com\/wp-content\/uploads\/2014\/03\/gainerie.jpg 790w\" sizes=\"(max-width: 300px) 100vw, 300px\" \/><\/a>incorpor\u00e9s, ne ressemblait plus \u00e0 rien en cuir, ni \u00e0 rien en carton, pour dire vrai !! J\u2019ai beaucoup souffert dans cette \u00e9cole. On pouvait moins d\u00e9conner car la plupart des \u00e9l\u00e8ves travaillaient eux ! Apr\u00e8s mes r\u00e9sultats catastrophiques, je dirais de m\u00e9moire qu\u2019ils m\u2019ont encore gard\u00e9 une seconde ann\u00e9e et puis il m\u2019ont vir\u00e9. A 16 ans, j\u2019ai atterri direct comme vendeur \u00e0 \u00ab Inno Passy \u00bb. Puis vint assez vite mai 68 que j\u2019ai pass\u00e9 dans les rayons bouffe du magasin avec de charmantes vendeuses aux fruits et l\u00e9gumes. Un souvenir imp\u00e9rissable ! Et enfin le B.H.V, au rayon t\u00e9l\u00e9visions et cha\u00eenes HIFI. Puis ce fut le temps de faire mon arm\u00e9e (tr\u00e8s mauvais souvenir) : mes classes \u00e0 Fontainebleau (o\u00f9 j&rsquo;ai notamment enseign\u00e9 les arts martiaux) puis dans \u00ab le Train \u00bb \u00e0 Mortier (\u00e0 Paris) pour 12 mois de gal\u00e8re. En sortant de l\u00e0 mon p\u00e8re, qui a toujours eu de brillantes id\u00e9es, voulait que je devienne un agent de la s\u00e9curit\u00e9 de nuit. Non merci. Je suis retourn\u00e9 un peu travailler au BHV.\u00a0Mais surtout, je me suis lanc\u00e9 \u00e0 corps perdu dans la magie \u00e0 l\u2019\u00e2ge de 22 ans\u2026. Avouez que vous revenez de loin ! Bah si vous r\u00e9fl\u00e9chissez, j\u2019aurais pu devenir fourreur, maroquinier, gaineur, militaire\/prof d&rsquo;arts martiaux, vendeur sp\u00e9cialis\u00e9 en HIFI, gardien de square !<\/p>\n","protected":false},"excerpt":{"rendered":"<p>Le lyc\u00e9e Turquetil o\u00f9 toute une vie aurait pu basculer\u2026 En effet, il se trouve que cet \u00e9tablissement fort respectable et qui existe toujours (Paris 11\u00e8me), me fut presque impos\u00e9, apr\u00e8s mes r\u00e9sultats brillants \u00e0 l\u2019\u00e9cole dite \u00ab normale \u00bb. Pour parler clair et court, j\u2019\u00e9tais un cancre notoire qui n\u2019a jamais \u00e9t\u00e9 jusqu\u2019en 6\u00e8me &hellip;<\/p>\n","protected":false},"author":2,"featured_media":0,"comment_status":"open","ping_status":"open","sticky":false,"template":"","format":"standard","meta":{"_monsterinsights_skip_tracking":false,"_monsterinsights_sitenote_active":false,"_monsterinsights_sitenote_note":"","_monsterinsights_sitenote_category":0,"ngg_post_thumbnail":0},"categories":[4],"tags":[9,15,18],"yoast_head":"<!-- This site is optimized with the Yoast SEO plugin v17.9 - https:\/\/yoast.com\/wordpress\/plugins\/seo\/ -->\n<title>Le lyc\u00e9e Turquetil - Entretiens avec Dominique Duvivier - Toute la magie de Dominique Duvivier<\/title>\n<meta name=\"robots\" content=\"index, follow, max-snippet:-1, max-image-preview:large, max-video-preview:-1\" \/>\n<link rel=\"canonical\" href=\"https:\/\/www.dominiqueduvivier.com\/index.php\/2014\/03\/10\/le-lycee-turquetil\/\" \/>\n<meta property=\"og:locale\" content=\"fr_FR\" \/>\n<meta property=\"og:type\" content=\"article\" \/>\n<meta property=\"og:title\" content=\"Le lyc\u00e9e Turquetil - Entretiens avec Dominique Duvivier - Toute la magie de Dominique Duvivier\" \/>\n<meta property=\"og:description\" content=\"Le lyc\u00e9e Turquetil o\u00f9 toute une vie aurait pu basculer\u2026 En effet, il se trouve que cet \u00e9tablissement fort respectable et qui existe toujours (Paris 11\u00e8me), me fut presque impos\u00e9, apr\u00e8s mes r\u00e9sultats brillants \u00e0 l\u2019\u00e9cole dite \u00ab normale \u00bb. Pour parler clair et court, j\u2019\u00e9tais un cancre notoire qui n\u2019a jamais \u00e9t\u00e9 jusqu\u2019en 6\u00e8me &hellip;\" \/>\n<meta property=\"og:url\" content=\"https:\/\/www.dominiqueduvivier.com\/index.php\/2014\/03\/10\/le-lycee-turquetil\/\" \/>\n<meta property=\"og:site_name\" content=\"Entretiens avec Dominique Duvivier - Toute la magie de Dominique Duvivier\" \/>\n<meta property=\"article:publisher\" content=\"https:\/\/www.facebook.com\/dominique.duvivier.1232\/\" \/>\n<meta property=\"article:published_time\" content=\"2014-03-09T23:01:43+00:00\" \/>\n<meta property=\"article:modified_time\" content=\"2019-08-02T11:28:56+00:00\" \/>\n<meta property=\"og:image\" content=\"https:\/\/www.dominiqueduvivier.com\/wp-content\/uploads\/2014\/03\/fourure-237x300.jpg\" \/>\n<meta name=\"twitter:card\" content=\"summary_large_image\" \/>\n<meta name=\"twitter:creator\" content=\"@DDUVIVIER\" \/>\n<meta name=\"twitter:site\" content=\"@DDUVIVIER\" \/>\n<meta name=\"twitter:label1\" content=\"\u00c9crit par\" \/>\n\t<meta name=\"twitter:data1\" content=\"Dominique Duvivier\" \/>\n\t<meta name=\"twitter:label2\" content=\"Dur\u00e9e de lecture estim\u00e9e\" \/>\n\t<meta name=\"twitter:data2\" content=\"5 minutes\" \/>\n<script type=\"application\/ld+json\" class=\"yoast-schema-graph\">{\"@context\":\"https:\/\/schema.org\",\"@graph\":[{\"@type\":\"WebSite\",\"@id\":\"https:\/\/www.dominiqueduvivier.com\/#website\",\"url\":\"https:\/\/www.dominiqueduvivier.com\/\",\"name\":\"Entretiens avec Dominique Duvivier - Toute la magie de Dominique Duvivier\",\"description\":\"Dominique Duvivier | Magicien\",\"potentialAction\":[{\"@type\":\"SearchAction\",\"target\":{\"@type\":\"EntryPoint\",\"urlTemplate\":\"https:\/\/www.dominiqueduvivier.com\/?s={search_term_string}\"},\"query-input\":\"required name=search_term_string\"}],\"inLanguage\":\"fr-FR\"},{\"@type\":\"ImageObject\",\"@id\":\"https:\/\/www.dominiqueduvivier.com\/index.php\/2014\/03\/10\/le-lycee-turquetil\/#primaryimage\",\"inLanguage\":\"fr-FR\",\"url\":\"https:\/\/www.dominiqueduvivier.com\/wp-content\/uploads\/2014\/03\/fourure.jpg\",\"contentUrl\":\"https:\/\/www.dominiqueduvivier.com\/wp-content\/uploads\/2014\/03\/fourure.jpg\",\"width\":2848,\"height\":3594},{\"@type\":\"WebPage\",\"@id\":\"https:\/\/www.dominiqueduvivier.com\/index.php\/2014\/03\/10\/le-lycee-turquetil\/#webpage\",\"url\":\"https:\/\/www.dominiqueduvivier.com\/index.php\/2014\/03\/10\/le-lycee-turquetil\/\",\"name\":\"Le lyc\\u00e9e Turquetil - Entretiens avec Dominique Duvivier - Toute la magie de Dominique Duvivier\",\"isPartOf\":{\"@id\":\"https:\/\/www.dominiqueduvivier.com\/#website\"},\"primaryImageOfPage\":{\"@id\":\"https:\/\/www.dominiqueduvivier.com\/index.php\/2014\/03\/10\/le-lycee-turquetil\/#primaryimage\"},\"datePublished\":\"2014-03-09T23:01:43+00:00\",\"dateModified\":\"2019-08-02T11:28:56+00:00\",\"author\":{\"@id\":\"https:\/\/www.dominiqueduvivier.com\/#\/schema\/person\/677c0bd6d5c5d21949cab39bb529a81c\"},\"breadcrumb\":{\"@id\":\"https:\/\/www.dominiqueduvivier.com\/index.php\/2014\/03\/10\/le-lycee-turquetil\/#breadcrumb\"},\"inLanguage\":\"fr-FR\",\"potentialAction\":[{\"@type\":\"ReadAction\",\"target\":[\"https:\/\/www.dominiqueduvivier.com\/index.php\/2014\/03\/10\/le-lycee-turquetil\/\"]}]},{\"@type\":\"BreadcrumbList\",\"@id\":\"https:\/\/www.dominiqueduvivier.com\/index.php\/2014\/03\/10\/le-lycee-turquetil\/#breadcrumb\",\"itemListElement\":[{\"@type\":\"ListItem\",\"position\":1,\"name\":\"Accueil\",\"item\":\"https:\/\/www.dominiqueduvivier.com\/\"},{\"@type\":\"ListItem\",\"position\":2,\"name\":\"Le lyc\\u00e9e Turquetil\"}]},{\"@type\":\"Person\",\"@id\":\"https:\/\/www.dominiqueduvivier.com\/#\/schema\/person\/677c0bd6d5c5d21949cab39bb529a81c\",\"name\":\"Dominique Duvivier\",\"image\":{\"@type\":\"ImageObject\",\"@id\":\"https:\/\/www.dominiqueduvivier.com\/#personlogo\",\"inLanguage\":\"fr-FR\",\"url\":\"https:\/\/www.dominiqueduvivier.com\/wp-content\/uploads\/2019\/04\/Double-Fond-1-2-excl-groupes-10-150x150.jpg\",\"contentUrl\":\"https:\/\/www.dominiqueduvivier.com\/wp-content\/uploads\/2019\/04\/Double-Fond-1-2-excl-groupes-10-150x150.jpg\",\"caption\":\"Dominique Duvivier\"},\"description\":\"\\u2663\\ufe0f Magicien. \\u2666\\ufe0f Ma\\u00eetre de l\\u2019art du #CloseUp. \\u2665\\ufe0f Cr\\u00e9ateur de tours et professeur. \\u2660\\ufe0f Fondateur @ledoublefond et directeur de Mayette Magie.\",\"url\":\"https:\/\/www.dominiqueduvivier.com\/index.php\/author\/dominique-duvivier\/\"}]}<\/script>\n<!-- \/ Yoast SEO plugin. -->","yoast_head_json":{"title":"Le lyc\u00e9e Turquetil - Entretiens avec Dominique Duvivier - Toute la magie de Dominique Duvivier","robots":{"index":"index","follow":"follow","max-snippet":"max-snippet:-1","max-image-preview":"max-image-preview:large","max-video-preview":"max-video-preview:-1"},"canonical":"https:\/\/www.dominiqueduvivier.com\/index.php\/2014\/03\/10\/le-lycee-turquetil\/","og_locale":"fr_FR","og_type":"article","og_title":"Le lyc\u00e9e Turquetil - Entretiens avec Dominique Duvivier - Toute la magie de Dominique Duvivier","og_description":"Le lyc\u00e9e Turquetil o\u00f9 toute une vie aurait pu basculer\u2026 En effet, il se trouve que cet \u00e9tablissement fort respectable et qui existe toujours (Paris 11\u00e8me), me fut presque impos\u00e9, apr\u00e8s mes r\u00e9sultats brillants \u00e0 l\u2019\u00e9cole dite \u00ab normale \u00bb. Pour parler clair et court, j\u2019\u00e9tais un cancre notoire qui n\u2019a jamais \u00e9t\u00e9 jusqu\u2019en 6\u00e8me &hellip;","og_url":"https:\/\/www.dominiqueduvivier.com\/index.php\/2014\/03\/10\/le-lycee-turquetil\/","og_site_name":"Entretiens avec Dominique Duvivier - Toute la magie de Dominique Duvivier","article_publisher":"https:\/\/www.facebook.com\/dominique.duvivier.1232\/","article_published_time":"2014-03-09T23:01:43+00:00","article_modified_time":"2019-08-02T11:28:56+00:00","og_image":[{"url":"https:\/\/www.dominiqueduvivier.com\/wp-content\/uploads\/2014\/03\/fourure-237x300.jpg"}],"twitter_card":"summary_large_image","twitter_creator":"@DDUVIVIER","twitter_site":"@DDUVIVIER","twitter_misc":{"\u00c9crit par":"Dominique Duvivier","Dur\u00e9e de lecture estim\u00e9e":"5 minutes"},"schema":{"@context":"https:\/\/schema.org","@graph":[{"@type":"WebSite","@id":"https:\/\/www.dominiqueduvivier.com\/#website","url":"https:\/\/www.dominiqueduvivier.com\/","name":"Entretiens avec Dominique Duvivier - Toute la magie de Dominique Duvivier","description":"Dominique Duvivier | Magicien","potentialAction":[{"@type":"SearchAction","target":{"@type":"EntryPoint","urlTemplate":"https:\/\/www.dominiqueduvivier.com\/?s={search_term_string}"},"query-input":"required name=search_term_string"}],"inLanguage":"fr-FR"},{"@type":"ImageObject","@id":"https:\/\/www.dominiqueduvivier.com\/index.php\/2014\/03\/10\/le-lycee-turquetil\/#primaryimage","inLanguage":"fr-FR","url":"https:\/\/www.dominiqueduvivier.com\/wp-content\/uploads\/2014\/03\/fourure.jpg","contentUrl":"https:\/\/www.dominiqueduvivier.com\/wp-content\/uploads\/2014\/03\/fourure.jpg","width":2848,"height":3594},{"@type":"WebPage","@id":"https:\/\/www.dominiqueduvivier.com\/index.php\/2014\/03\/10\/le-lycee-turquetil\/#webpage","url":"https:\/\/www.dominiqueduvivier.com\/index.php\/2014\/03\/10\/le-lycee-turquetil\/","name":"Le lyc\u00e9e Turquetil - Entretiens avec Dominique Duvivier - Toute la magie de Dominique Duvivier","isPartOf":{"@id":"https:\/\/www.dominiqueduvivier.com\/#website"},"primaryImageOfPage":{"@id":"https:\/\/www.dominiqueduvivier.com\/index.php\/2014\/03\/10\/le-lycee-turquetil\/#primaryimage"},"datePublished":"2014-03-09T23:01:43+00:00","dateModified":"2019-08-02T11:28:56+00:00","author":{"@id":"https:\/\/www.dominiqueduvivier.com\/#\/schema\/person\/677c0bd6d5c5d21949cab39bb529a81c"},"breadcrumb":{"@id":"https:\/\/www.dominiqueduvivier.com\/index.php\/2014\/03\/10\/le-lycee-turquetil\/#breadcrumb"},"inLanguage":"fr-FR","potentialAction":[{"@type":"ReadAction","target":["https:\/\/www.dominiqueduvivier.com\/index.php\/2014\/03\/10\/le-lycee-turquetil\/"]}]},{"@type":"BreadcrumbList","@id":"https:\/\/www.dominiqueduvivier.com\/index.php\/2014\/03\/10\/le-lycee-turquetil\/#breadcrumb","itemListElement":[{"@type":"ListItem","position":1,"name":"Accueil","item":"https:\/\/www.dominiqueduvivier.com\/"},{"@type":"ListItem","position":2,"name":"Le lyc\u00e9e Turquetil"}]},{"@type":"Person","@id":"https:\/\/www.dominiqueduvivier.com\/#\/schema\/person\/677c0bd6d5c5d21949cab39bb529a81c","name":"Dominique Duvivier","image":{"@type":"ImageObject","@id":"https:\/\/www.dominiqueduvivier.com\/#personlogo","inLanguage":"fr-FR","url":"https:\/\/www.dominiqueduvivier.com\/wp-content\/uploads\/2019\/04\/Double-Fond-1-2-excl-groupes-10-150x150.jpg","contentUrl":"https:\/\/www.dominiqueduvivier.com\/wp-content\/uploads\/2019\/04\/Double-Fond-1-2-excl-groupes-10-150x150.jpg","caption":"Dominique Duvivier"},"description":"\u2663\ufe0f Magicien. \u2666\ufe0f Ma\u00eetre de l\u2019art du #CloseUp. \u2665\ufe0f Cr\u00e9ateur de tours et professeur. \u2660\ufe0f Fondateur @ledoublefond et directeur de Mayette Magie.","url":"https:\/\/www.dominiqueduvivier.com\/index.php\/author\/dominique-duvivier\/"}]}},"_links":{"self":[{"href":"https:\/\/www.dominiqueduvivier.com\/index.php\/wp-json\/wp\/v2\/posts\/2682"}],"collection":[{"href":"https:\/\/www.dominiqueduvivier.com\/index.php\/wp-json\/wp\/v2\/posts"}],"about":[{"href":"https:\/\/www.dominiqueduvivier.com\/index.php\/wp-json\/wp\/v2\/types\/post"}],"author":[{"embeddable":true,"href":"https:\/\/www.dominiqueduvivier.com\/index.php\/wp-json\/wp\/v2\/users\/2"}],"replies":[{"embeddable":true,"href":"https:\/\/www.dominiqueduvivier.com\/index.php\/wp-json\/wp\/v2\/comments?post=2682"}],"version-history":[{"count":1,"href":"https:\/\/www.dominiqueduvivier.com\/index.php\/wp-json\/wp\/v2\/posts\/2682\/revisions"}],"predecessor-version":[{"id":5576,"href":"https:\/\/www.dominiqueduvivier.com\/index.php\/wp-json\/wp\/v2\/posts\/2682\/revisions\/5576"}],"wp:attachment":[{"href":"https:\/\/www.dominiqueduvivier.com\/index.php\/wp-json\/wp\/v2\/media?parent=2682"}],"wp:term":[{"taxonomy":"category","embeddable":true,"href":"https:\/\/www.dominiqueduvivier.com\/index.php\/wp-json\/wp\/v2\/categories?post=2682"},{"taxonomy":"post_tag","embeddable":true,"href":"https:\/\/www.dominiqueduvivier.com\/index.php\/wp-json\/wp\/v2\/tags?post=2682"}],"curies":[{"name":"wp","href":"https:\/\/api.w.org\/{rel}","templated":true}]}}