{"id":2609,"date":"2014-01-13T00:01:46","date_gmt":"2014-01-12T23:01:46","guid":{"rendered":"http:\/\/www.dominiqueduvivier.com\/?p=2609"},"modified":"2019-08-02T13:28:58","modified_gmt":"2019-08-02T11:28:58","slug":"podcast-et-si-cetait-vrai-emission-n14","status":"publish","type":"post","link":"https:\/\/www.dominiqueduvivier.com\/index.php\/2014\/01\/13\/podcast-et-si-cetait-vrai-emission-n14\/","title":{"rendered":"Podcast \u00ab Et si c\u2019\u00e9tait vrai ? \u00bb : \u00e9mission n\u00b014"},"content":{"rendered":"<p><a href=\"https:\/\/www.dominiqueduvivier.com\/2013\/05\/27\/podcast-et-si-cetait-vrai-emission-n11\/podcast-enregistrement\/\" rel=\"attachment wp-att-2176\"><img loading=\"lazy\" class=\"alignleft size-medium wp-image-2176\" alt=\"Podcast enregistrement\" src=\"https:\/\/www.dominiqueduvivier.com\/wp-content\/uploads\/2013\/05\/Podcast-enregistrement-300x225.jpg\" width=\"300\" height=\"225\" srcset=\"https:\/\/www.dominiqueduvivier.com\/wp-content\/uploads\/2013\/05\/Podcast-enregistrement-300x225.jpg 300w, https:\/\/www.dominiqueduvivier.com\/wp-content\/uploads\/2013\/05\/Podcast-enregistrement-768x576.jpg 768w, https:\/\/www.dominiqueduvivier.com\/wp-content\/uploads\/2013\/05\/Podcast-enregistrement-1024x768.jpg 1024w, https:\/\/www.dominiqueduvivier.com\/wp-content\/uploads\/2013\/05\/Podcast-enregistrement.jpg 2048w\" sizes=\"(max-width: 300px) 100vw, 300px\" \/><\/a>Chers amis,<\/p>\n<p>Voici maintenant la 14\u00e8me \u00e9mission de mon podcast, enregistr\u00e9e en juin 2012 avec ma fille Alexandra, Lionel dit \u00ab\u00a0Le Marquis\u00a0\u00bb et moi-m\u00eame.<\/p>\n<p>Installez-vous comme d\u2019habitude, confortablement.<\/p>\n<p>Bonne \u00e9coute<\/p>\n<p><a title=\"Pour \u00e9couter le podcast sur Itunes, cliquez ici !\" href=\"http:\/\/itunes.apple.com\/fr\/podcast\/et-si-cetait-vrai-entretiens\/id488572020?l=en \" target=\"_blank\" rel=\"noopener noreferrer\">Pour \u00e9couter le podcast sur Itunes, cliquez ici !<\/a><\/p>\n<p>Sinon, cliquez ci-dessous sur la barre d\u2019\u00e9coute\u2026<\/p>\n<p>Dominique Duvivier<\/p>\n<p>PS : Je vous rappelle que vous pouvez vous abonner au podcast directement par son RSS mais \u00e9galement sur iTunes : les personnes poss\u00e9dant des iPhones, iPod ou iPad peuvent donc s\u2019abonner directement (et gratuitement) sur la plateforme d\u2019Apple et disposeront ainsi automatiquement des prochains num\u00e9ros.<\/p>\n<div class=\"powerpress_player\" id=\"powerpress_player_6135\"><!--[if lt IE 9]><script>document.createElement('audio');<\/script><![endif]-->\n<audio class=\"wp-audio-shortcode\" id=\"audio-2609-1\" preload=\"none\" style=\"width: 100%;\" controls=\"controls\"><source type=\"audio\/mpeg\" src=\"https:\/\/www.dominiqueduvivier.com\/podcast\/etsicetaitvrai014.mp3?_=1\" \/><a href=\"https:\/\/www.dominiqueduvivier.com\/podcast\/etsicetaitvrai014.mp3\">https:\/\/www.dominiqueduvivier.com\/podcast\/etsicetaitvrai014.mp3<\/a><\/audio><\/div><p class=\"powerpress_links powerpress_links_mp3\">Podcast: <a href=\"https:\/\/www.dominiqueduvivier.com\/podcast\/etsicetaitvrai014.mp3\" class=\"powerpress_link_pinw\" target=\"_blank\" title=\"Play in new window\" onclick=\"return powerpress_pinw('https:\/\/www.dominiqueduvivier.com\/?powerpress_pinw=2609-podcast');\" rel=\"nofollow\">Play in new window<\/a> | <a href=\"https:\/\/www.dominiqueduvivier.com\/podcast\/etsicetaitvrai014.mp3\" class=\"powerpress_link_d\" title=\"Download\" rel=\"nofollow\" download=\"etsicetaitvrai014.mp3\">Download<\/a><\/p>","protected":false},"excerpt":{"rendered":"<p>Chers amis, Voici maintenant la 14\u00e8me \u00e9mission de mon podcast, enregistr\u00e9e en juin 2012 avec ma fille Alexandra, Lionel dit \u00ab\u00a0Le Marquis\u00a0\u00bb et moi-m\u00eame. Installez-vous comme d\u2019habitude, confortablement. Bonne \u00e9coute Pour \u00e9couter le podcast sur Itunes, cliquez ici ! Sinon, cliquez ci-dessous sur la barre d\u2019\u00e9coute\u2026 Dominique Duvivier PS : Je vous rappelle que vous &hellip;<\/p>\n","protected":false},"author":2,"featured_media":0,"comment_status":"open","ping_status":"open","sticky":false,"template":"","format":"standard","meta":{"_monsterinsights_skip_tracking":false,"_monsterinsights_sitenote_active":false,"_monsterinsights_sitenote_note":"","_monsterinsights_sitenote_category":0,"ngg_post_thumbnail":0},"categories":[4,5],"tags":[7,11,12,14,15,17,20,25,27,29],"yoast_head":"<!-- This site is optimized with the Yoast SEO plugin v17.9 - https:\/\/yoast.com\/wordpress\/plugins\/seo\/ -->\n<title>Podcast \u00ab Et si c\u2019\u00e9tait vrai ? \u00bb : \u00e9mission n\u00b014 - Entretiens avec Dominique Duvivier - Toute la magie de Dominique Duvivier<\/title>\n<meta name=\"robots\" content=\"index, follow, max-snippet:-1, max-image-preview:large, max-video-preview:-1\" \/>\n<link rel=\"canonical\" href=\"https:\/\/www.dominiqueduvivier.com\/index.php\/2014\/01\/13\/podcast-et-si-cetait-vrai-emission-n14\/\" \/>\n<meta property=\"og:locale\" content=\"fr_FR\" \/>\n<meta property=\"og:type\" content=\"article\" \/>\n<meta property=\"og:title\" content=\"Podcast \u00ab Et si c\u2019\u00e9tait vrai ? \u00bb : \u00e9mission n\u00b014 - Entretiens avec Dominique Duvivier - Toute la magie de Dominique Duvivier\" \/>\n<meta property=\"og:description\" content=\"Chers amis, Voici maintenant la 14\u00e8me \u00e9mission de mon podcast, enregistr\u00e9e en juin 2012 avec ma fille Alexandra, Lionel dit \u00ab\u00a0Le Marquis\u00a0\u00bb et moi-m\u00eame. Installez-vous comme d\u2019habitude, confortablement. Bonne \u00e9coute Pour \u00e9couter le podcast sur Itunes, cliquez ici ! Sinon, cliquez ci-dessous sur la barre d\u2019\u00e9coute\u2026 Dominique Duvivier PS : Je vous rappelle que vous &hellip;\" \/>\n<meta property=\"og:url\" content=\"https:\/\/www.dominiqueduvivier.com\/index.php\/2014\/01\/13\/podcast-et-si-cetait-vrai-emission-n14\/\" \/>\n<meta property=\"og:site_name\" content=\"Entretiens avec Dominique Duvivier - Toute la magie de Dominique Duvivier\" \/>\n<meta property=\"article:publisher\" content=\"https:\/\/www.facebook.com\/dominique.duvivier.1232\/\" \/>\n<meta property=\"article:published_time\" content=\"2014-01-12T23:01:46+00:00\" \/>\n<meta property=\"article:modified_time\" content=\"2019-08-02T11:28:58+00:00\" \/>\n<meta property=\"og:image\" content=\"https:\/\/www.dominiqueduvivier.com\/wp-content\/uploads\/2013\/05\/Podcast-enregistrement-300x225.jpg\" \/>\n<meta name=\"twitter:card\" content=\"summary_large_image\" \/>\n<meta name=\"twitter:creator\" content=\"@DDUVIVIER\" \/>\n<meta name=\"twitter:site\" content=\"@DDUVIVIER\" \/>\n<meta name=\"twitter:label1\" content=\"\u00c9crit par\" \/>\n\t<meta name=\"twitter:data1\" content=\"Dominique Duvivier\" \/>\n<script type=\"application\/ld+json\" class=\"yoast-schema-graph\">{\"@context\":\"https:\/\/schema.org\",\"@graph\":[{\"@type\":\"WebSite\",\"@id\":\"https:\/\/www.dominiqueduvivier.com\/#website\",\"url\":\"https:\/\/www.dominiqueduvivier.com\/\",\"name\":\"Entretiens avec Dominique Duvivier - Toute la magie de Dominique Duvivier\",\"description\":\"Dominique Duvivier | Magicien\",\"potentialAction\":[{\"@type\":\"SearchAction\",\"target\":{\"@type\":\"EntryPoint\",\"urlTemplate\":\"https:\/\/www.dominiqueduvivier.com\/?s={search_term_string}\"},\"query-input\":\"required name=search_term_string\"}],\"inLanguage\":\"fr-FR\"},{\"@type\":\"ImageObject\",\"@id\":\"https:\/\/www.dominiqueduvivier.com\/index.php\/2014\/01\/13\/podcast-et-si-cetait-vrai-emission-n14\/#primaryimage\",\"inLanguage\":\"fr-FR\",\"url\":\"https:\/\/www.dominiqueduvivier.com\/wp-content\/uploads\/2013\/05\/Podcast-enregistrement.jpg\",\"contentUrl\":\"https:\/\/www.dominiqueduvivier.com\/wp-content\/uploads\/2013\/05\/Podcast-enregistrement.jpg\",\"width\":2048,\"height\":1536},{\"@type\":\"WebPage\",\"@id\":\"https:\/\/www.dominiqueduvivier.com\/index.php\/2014\/01\/13\/podcast-et-si-cetait-vrai-emission-n14\/#webpage\",\"url\":\"https:\/\/www.dominiqueduvivier.com\/index.php\/2014\/01\/13\/podcast-et-si-cetait-vrai-emission-n14\/\",\"name\":\"Podcast \\u00ab Et si c\\u2019\\u00e9tait vrai ? \\u00bb : \\u00e9mission n\\u00b014 - Entretiens avec Dominique Duvivier - Toute la magie de Dominique Duvivier\",\"isPartOf\":{\"@id\":\"https:\/\/www.dominiqueduvivier.com\/#website\"},\"primaryImageOfPage\":{\"@id\":\"https:\/\/www.dominiqueduvivier.com\/index.php\/2014\/01\/13\/podcast-et-si-cetait-vrai-emission-n14\/#primaryimage\"},\"datePublished\":\"2014-01-12T23:01:46+00:00\",\"dateModified\":\"2019-08-02T11:28:58+00:00\",\"author\":{\"@id\":\"https:\/\/www.dominiqueduvivier.com\/#\/schema\/person\/677c0bd6d5c5d21949cab39bb529a81c\"},\"breadcrumb\":{\"@id\":\"https:\/\/www.dominiqueduvivier.com\/index.php\/2014\/01\/13\/podcast-et-si-cetait-vrai-emission-n14\/#breadcrumb\"},\"inLanguage\":\"fr-FR\",\"potentialAction\":[{\"@type\":\"ReadAction\",\"target\":[\"https:\/\/www.dominiqueduvivier.com\/index.php\/2014\/01\/13\/podcast-et-si-cetait-vrai-emission-n14\/\"]}]},{\"@type\":\"BreadcrumbList\",\"@id\":\"https:\/\/www.dominiqueduvivier.com\/index.php\/2014\/01\/13\/podcast-et-si-cetait-vrai-emission-n14\/#breadcrumb\",\"itemListElement\":[{\"@type\":\"ListItem\",\"position\":1,\"name\":\"Accueil\",\"item\":\"https:\/\/www.dominiqueduvivier.com\/\"},{\"@type\":\"ListItem\",\"position\":2,\"name\":\"Podcast \\u00ab Et si c\\u2019\\u00e9tait vrai ? \\u00bb : \\u00e9mission n\\u00b014\"}]},{\"@type\":\"Person\",\"@id\":\"https:\/\/www.dominiqueduvivier.com\/#\/schema\/person\/677c0bd6d5c5d21949cab39bb529a81c\",\"name\":\"Dominique Duvivier\",\"image\":{\"@type\":\"ImageObject\",\"@id\":\"https:\/\/www.dominiqueduvivier.com\/#personlogo\",\"inLanguage\":\"fr-FR\",\"url\":\"https:\/\/www.dominiqueduvivier.com\/wp-content\/uploads\/2019\/04\/Double-Fond-1-2-excl-groupes-10-150x150.jpg\",\"contentUrl\":\"https:\/\/www.dominiqueduvivier.com\/wp-content\/uploads\/2019\/04\/Double-Fond-1-2-excl-groupes-10-150x150.jpg\",\"caption\":\"Dominique Duvivier\"},\"description\":\"\\u2663\\ufe0f Magicien. \\u2666\\ufe0f Ma\\u00eetre de l\\u2019art du #CloseUp. \\u2665\\ufe0f Cr\\u00e9ateur de tours et professeur. \\u2660\\ufe0f Fondateur @ledoublefond et directeur de Mayette Magie.\",\"url\":\"https:\/\/www.dominiqueduvivier.com\/index.php\/author\/dominique-duvivier\/\"}]}<\/script>\n<!-- \/ Yoast SEO plugin. -->","yoast_head_json":{"title":"Podcast \u00ab Et si c\u2019\u00e9tait vrai ? \u00bb : \u00e9mission n\u00b014 - Entretiens avec Dominique Duvivier - Toute la magie de Dominique Duvivier","robots":{"index":"index","follow":"follow","max-snippet":"max-snippet:-1","max-image-preview":"max-image-preview:large","max-video-preview":"max-video-preview:-1"},"canonical":"https:\/\/www.dominiqueduvivier.com\/index.php\/2014\/01\/13\/podcast-et-si-cetait-vrai-emission-n14\/","og_locale":"fr_FR","og_type":"article","og_title":"Podcast \u00ab Et si c\u2019\u00e9tait vrai ? \u00bb : \u00e9mission n\u00b014 - Entretiens avec Dominique Duvivier - Toute la magie de Dominique Duvivier","og_description":"Chers amis, Voici maintenant la 14\u00e8me \u00e9mission de mon podcast, enregistr\u00e9e en juin 2012 avec ma fille Alexandra, Lionel dit \u00ab\u00a0Le Marquis\u00a0\u00bb et moi-m\u00eame. Installez-vous comme d\u2019habitude, confortablement. Bonne \u00e9coute Pour \u00e9couter le podcast sur Itunes, cliquez ici ! Sinon, cliquez ci-dessous sur la barre d\u2019\u00e9coute\u2026 Dominique Duvivier PS : Je vous rappelle que vous &hellip;","og_url":"https:\/\/www.dominiqueduvivier.com\/index.php\/2014\/01\/13\/podcast-et-si-cetait-vrai-emission-n14\/","og_site_name":"Entretiens avec Dominique Duvivier - Toute la magie de Dominique Duvivier","article_publisher":"https:\/\/www.facebook.com\/dominique.duvivier.1232\/","article_published_time":"2014-01-12T23:01:46+00:00","article_modified_time":"2019-08-02T11:28:58+00:00","og_image":[{"url":"https:\/\/www.dominiqueduvivier.com\/wp-content\/uploads\/2013\/05\/Podcast-enregistrement-300x225.jpg"}],"twitter_card":"summary_large_image","twitter_creator":"@DDUVIVIER","twitter_site":"@DDUVIVIER","twitter_misc":{"\u00c9crit par":"Dominique Duvivier"},"schema":{"@context":"https:\/\/schema.org","@graph":[{"@type":"WebSite","@id":"https:\/\/www.dominiqueduvivier.com\/#website","url":"https:\/\/www.dominiqueduvivier.com\/","name":"Entretiens avec Dominique Duvivier - Toute la magie de Dominique Duvivier","description":"Dominique Duvivier | Magicien","potentialAction":[{"@type":"SearchAction","target":{"@type":"EntryPoint","urlTemplate":"https:\/\/www.dominiqueduvivier.com\/?s={search_term_string}"},"query-input":"required name=search_term_string"}],"inLanguage":"fr-FR"},{"@type":"ImageObject","@id":"https:\/\/www.dominiqueduvivier.com\/index.php\/2014\/01\/13\/podcast-et-si-cetait-vrai-emission-n14\/#primaryimage","inLanguage":"fr-FR","url":"https:\/\/www.dominiqueduvivier.com\/wp-content\/uploads\/2013\/05\/Podcast-enregistrement.jpg","contentUrl":"https:\/\/www.dominiqueduvivier.com\/wp-content\/uploads\/2013\/05\/Podcast-enregistrement.jpg","width":2048,"height":1536},{"@type":"WebPage","@id":"https:\/\/www.dominiqueduvivier.com\/index.php\/2014\/01\/13\/podcast-et-si-cetait-vrai-emission-n14\/#webpage","url":"https:\/\/www.dominiqueduvivier.com\/index.php\/2014\/01\/13\/podcast-et-si-cetait-vrai-emission-n14\/","name":"Podcast \u00ab Et si c\u2019\u00e9tait vrai ? \u00bb : \u00e9mission n\u00b014 - Entretiens avec Dominique Duvivier - Toute la magie de Dominique Duvivier","isPartOf":{"@id":"https:\/\/www.dominiqueduvivier.com\/#website"},"primaryImageOfPage":{"@id":"https:\/\/www.dominiqueduvivier.com\/index.php\/2014\/01\/13\/podcast-et-si-cetait-vrai-emission-n14\/#primaryimage"},"datePublished":"2014-01-12T23:01:46+00:00","dateModified":"2019-08-02T11:28:58+00:00","author":{"@id":"https:\/\/www.dominiqueduvivier.com\/#\/schema\/person\/677c0bd6d5c5d21949cab39bb529a81c"},"breadcrumb":{"@id":"https:\/\/www.dominiqueduvivier.com\/index.php\/2014\/01\/13\/podcast-et-si-cetait-vrai-emission-n14\/#breadcrumb"},"inLanguage":"fr-FR","potentialAction":[{"@type":"ReadAction","target":["https:\/\/www.dominiqueduvivier.com\/index.php\/2014\/01\/13\/podcast-et-si-cetait-vrai-emission-n14\/"]}]},{"@type":"BreadcrumbList","@id":"https:\/\/www.dominiqueduvivier.com\/index.php\/2014\/01\/13\/podcast-et-si-cetait-vrai-emission-n14\/#breadcrumb","itemListElement":[{"@type":"ListItem","position":1,"name":"Accueil","item":"https:\/\/www.dominiqueduvivier.com\/"},{"@type":"ListItem","position":2,"name":"Podcast \u00ab Et si c\u2019\u00e9tait vrai ? \u00bb : \u00e9mission n\u00b014"}]},{"@type":"Person","@id":"https:\/\/www.dominiqueduvivier.com\/#\/schema\/person\/677c0bd6d5c5d21949cab39bb529a81c","name":"Dominique Duvivier","image":{"@type":"ImageObject","@id":"https:\/\/www.dominiqueduvivier.com\/#personlogo","inLanguage":"fr-FR","url":"https:\/\/www.dominiqueduvivier.com\/wp-content\/uploads\/2019\/04\/Double-Fond-1-2-excl-groupes-10-150x150.jpg","contentUrl":"https:\/\/www.dominiqueduvivier.com\/wp-content\/uploads\/2019\/04\/Double-Fond-1-2-excl-groupes-10-150x150.jpg","caption":"Dominique Duvivier"},"description":"\u2663\ufe0f Magicien. \u2666\ufe0f Ma\u00eetre de l\u2019art du #CloseUp. \u2665\ufe0f Cr\u00e9ateur de tours et professeur. \u2660\ufe0f Fondateur @ledoublefond et directeur de Mayette Magie.","url":"https:\/\/www.dominiqueduvivier.com\/index.php\/author\/dominique-duvivier\/"}]}},"_links":{"self":[{"href":"https:\/\/www.dominiqueduvivier.com\/index.php\/wp-json\/wp\/v2\/posts\/2609"}],"collection":[{"href":"https:\/\/www.dominiqueduvivier.com\/index.php\/wp-json\/wp\/v2\/posts"}],"about":[{"href":"https:\/\/www.dominiqueduvivier.com\/index.php\/wp-json\/wp\/v2\/types\/post"}],"author":[{"embeddable":true,"href":"https:\/\/www.dominiqueduvivier.com\/index.php\/wp-json\/wp\/v2\/users\/2"}],"replies":[{"embeddable":true,"href":"https:\/\/www.dominiqueduvivier.com\/index.php\/wp-json\/wp\/v2\/comments?post=2609"}],"version-history":[{"count":1,"href":"https:\/\/www.dominiqueduvivier.com\/index.php\/wp-json\/wp\/v2\/posts\/2609\/revisions"}],"predecessor-version":[{"id":5585,"href":"https:\/\/www.dominiqueduvivier.com\/index.php\/wp-json\/wp\/v2\/posts\/2609\/revisions\/5585"}],"wp:attachment":[{"href":"https:\/\/www.dominiqueduvivier.com\/index.php\/wp-json\/wp\/v2\/media?parent=2609"}],"wp:term":[{"taxonomy":"category","embeddable":true,"href":"https:\/\/www.dominiqueduvivier.com\/index.php\/wp-json\/wp\/v2\/categories?post=2609"},{"taxonomy":"post_tag","embeddable":true,"href":"https:\/\/www.dominiqueduvivier.com\/index.php\/wp-json\/wp\/v2\/tags?post=2609"}],"curies":[{"name":"wp","href":"https:\/\/api.w.org\/{rel}","templated":true}]}}