{"id":2499,"date":"2013-11-18T00:01:34","date_gmt":"2013-11-17T23:01:34","guid":{"rendered":"http:\/\/www.dominiqueduvivier.com\/?p=2499"},"modified":"2019-08-02T13:23:42","modified_gmt":"2019-08-02T11:23:42","slug":"rendez-vous-sur-france-inter-mercredi-a-17h","status":"publish","type":"post","link":"https:\/\/www.dominiqueduvivier.com\/index.php\/2013\/11\/18\/rendez-vous-sur-france-inter-mercredi-a-17h\/","title":{"rendered":"Rendez-vous sur France Inter mercredi \u00e0 17h"},"content":{"rendered":"<p><a href=\"https:\/\/www.dominiqueduvivier.com\/?attachment_id=2500\" rel=\"attachment wp-att-2500\"><img loading=\"lazy\" class=\"alignleft size-full wp-image-2500\" alt=\"Arthur_dreyfus\" src=\"https:\/\/www.dominiqueduvivier.com\/wp-content\/uploads\/2013\/11\/Arthur_dreyfus.jpg\" width=\"150\" height=\"150\" \/><\/a>L&rsquo;\u00e9crivain, sc\u00e9nariste, r\u00e9alisateur et journaliste Arthur Dreyfus a choisi d&rsquo;inviter Alexandra et Dominique Duvivier pour son \u00e9mission \u00ab\u00a0Encore heureux\u00a0\u00bb le mercredi 20 novembre de 17h \u00e0 18h.<\/p>\n<p>Une heure de discussion avec les deux artistes, autour de leur parcours, leur travail, mais pas que&#8230; Avec eux et en compagnie d&rsquo;Eva Bester, Arthur Dreyfus explore\u00a0notre temps, le bonheur et ses m\u00e9andres&#8230;<\/p>\n","protected":false},"excerpt":{"rendered":"<p>L&rsquo;\u00e9crivain, sc\u00e9nariste, r\u00e9alisateur et journaliste Arthur Dreyfus a choisi d&rsquo;inviter Alexandra et Dominique Duvivier pour son \u00e9mission \u00ab\u00a0Encore heureux\u00a0\u00bb le mercredi 20 novembre de 17h \u00e0 18h. Une heure de discussion avec les deux artistes, autour de leur parcours, leur travail, mais pas que&#8230; Avec eux et en compagnie d&rsquo;Eva Bester, Arthur Dreyfus explore\u00a0notre temps, &hellip;<\/p>\n","protected":false},"author":2,"featured_media":0,"comment_status":"open","ping_status":"open","sticky":false,"template":"","format":"standard","meta":{"_monsterinsights_skip_tracking":false,"_monsterinsights_sitenote_active":false,"_monsterinsights_sitenote_note":"","_monsterinsights_sitenote_category":0,"ngg_post_thumbnail":0},"categories":[4],"tags":[7,11,12,14,15,18,27],"yoast_head":"<!-- This site is optimized with the Yoast SEO plugin v17.9 - https:\/\/yoast.com\/wordpress\/plugins\/seo\/ -->\n<title>Rendez-vous sur France Inter mercredi \u00e0 17h - Entretiens avec Dominique Duvivier - Toute la magie de Dominique Duvivier<\/title>\n<meta name=\"robots\" content=\"index, follow, max-snippet:-1, max-image-preview:large, max-video-preview:-1\" \/>\n<link rel=\"canonical\" href=\"https:\/\/www.dominiqueduvivier.com\/index.php\/2013\/11\/18\/rendez-vous-sur-france-inter-mercredi-a-17h\/\" \/>\n<meta property=\"og:locale\" content=\"fr_FR\" \/>\n<meta property=\"og:type\" content=\"article\" \/>\n<meta property=\"og:title\" content=\"Rendez-vous sur France Inter mercredi \u00e0 17h - Entretiens avec Dominique Duvivier - Toute la magie de Dominique Duvivier\" \/>\n<meta property=\"og:description\" content=\"L&rsquo;\u00e9crivain, sc\u00e9nariste, r\u00e9alisateur et journaliste Arthur Dreyfus a choisi d&rsquo;inviter Alexandra et Dominique Duvivier pour son \u00e9mission \u00ab\u00a0Encore heureux\u00a0\u00bb le mercredi 20 novembre de 17h \u00e0 18h. Une heure de discussion avec les deux artistes, autour de leur parcours, leur travail, mais pas que&#8230; Avec eux et en compagnie d&rsquo;Eva Bester, Arthur Dreyfus explore\u00a0notre temps, &hellip;\" \/>\n<meta property=\"og:url\" content=\"https:\/\/www.dominiqueduvivier.com\/index.php\/2013\/11\/18\/rendez-vous-sur-france-inter-mercredi-a-17h\/\" \/>\n<meta property=\"og:site_name\" content=\"Entretiens avec Dominique Duvivier - Toute la magie de Dominique Duvivier\" \/>\n<meta property=\"article:publisher\" content=\"https:\/\/www.facebook.com\/dominique.duvivier.1232\/\" \/>\n<meta property=\"article:published_time\" content=\"2013-11-17T23:01:34+00:00\" \/>\n<meta property=\"article:modified_time\" content=\"2019-08-02T11:23:42+00:00\" \/>\n<meta property=\"og:image\" content=\"https:\/\/www.dominiqueduvivier.com\/wp-content\/uploads\/2013\/11\/Arthur_dreyfus.jpg\" \/>\n<meta name=\"twitter:card\" content=\"summary_large_image\" \/>\n<meta name=\"twitter:creator\" content=\"@DDUVIVIER\" \/>\n<meta name=\"twitter:site\" content=\"@DDUVIVIER\" \/>\n<meta name=\"twitter:label1\" content=\"\u00c9crit par\" \/>\n\t<meta name=\"twitter:data1\" content=\"Dominique Duvivier\" \/>\n<script type=\"application\/ld+json\" class=\"yoast-schema-graph\">{\"@context\":\"https:\/\/schema.org\",\"@graph\":[{\"@type\":\"WebSite\",\"@id\":\"https:\/\/www.dominiqueduvivier.com\/#website\",\"url\":\"https:\/\/www.dominiqueduvivier.com\/\",\"name\":\"Entretiens avec Dominique Duvivier - Toute la magie de Dominique Duvivier\",\"description\":\"Dominique Duvivier | Magicien\",\"potentialAction\":[{\"@type\":\"SearchAction\",\"target\":{\"@type\":\"EntryPoint\",\"urlTemplate\":\"https:\/\/www.dominiqueduvivier.com\/?s={search_term_string}\"},\"query-input\":\"required name=search_term_string\"}],\"inLanguage\":\"fr-FR\"},{\"@type\":\"ImageObject\",\"@id\":\"https:\/\/www.dominiqueduvivier.com\/index.php\/2013\/11\/18\/rendez-vous-sur-france-inter-mercredi-a-17h\/#primaryimage\",\"inLanguage\":\"fr-FR\",\"url\":\"https:\/\/www.dominiqueduvivier.com\/wp-content\/uploads\/2013\/11\/Arthur_dreyfus.jpg\",\"contentUrl\":\"https:\/\/www.dominiqueduvivier.com\/wp-content\/uploads\/2013\/11\/Arthur_dreyfus.jpg\",\"width\":150,\"height\":150},{\"@type\":\"WebPage\",\"@id\":\"https:\/\/www.dominiqueduvivier.com\/index.php\/2013\/11\/18\/rendez-vous-sur-france-inter-mercredi-a-17h\/#webpage\",\"url\":\"https:\/\/www.dominiqueduvivier.com\/index.php\/2013\/11\/18\/rendez-vous-sur-france-inter-mercredi-a-17h\/\",\"name\":\"Rendez-vous sur France Inter mercredi \\u00e0 17h - Entretiens avec Dominique Duvivier - Toute la magie de Dominique Duvivier\",\"isPartOf\":{\"@id\":\"https:\/\/www.dominiqueduvivier.com\/#website\"},\"primaryImageOfPage\":{\"@id\":\"https:\/\/www.dominiqueduvivier.com\/index.php\/2013\/11\/18\/rendez-vous-sur-france-inter-mercredi-a-17h\/#primaryimage\"},\"datePublished\":\"2013-11-17T23:01:34+00:00\",\"dateModified\":\"2019-08-02T11:23:42+00:00\",\"author\":{\"@id\":\"https:\/\/www.dominiqueduvivier.com\/#\/schema\/person\/677c0bd6d5c5d21949cab39bb529a81c\"},\"breadcrumb\":{\"@id\":\"https:\/\/www.dominiqueduvivier.com\/index.php\/2013\/11\/18\/rendez-vous-sur-france-inter-mercredi-a-17h\/#breadcrumb\"},\"inLanguage\":\"fr-FR\",\"potentialAction\":[{\"@type\":\"ReadAction\",\"target\":[\"https:\/\/www.dominiqueduvivier.com\/index.php\/2013\/11\/18\/rendez-vous-sur-france-inter-mercredi-a-17h\/\"]}]},{\"@type\":\"BreadcrumbList\",\"@id\":\"https:\/\/www.dominiqueduvivier.com\/index.php\/2013\/11\/18\/rendez-vous-sur-france-inter-mercredi-a-17h\/#breadcrumb\",\"itemListElement\":[{\"@type\":\"ListItem\",\"position\":1,\"name\":\"Accueil\",\"item\":\"https:\/\/www.dominiqueduvivier.com\/\"},{\"@type\":\"ListItem\",\"position\":2,\"name\":\"Rendez-vous sur France Inter mercredi \\u00e0 17h\"}]},{\"@type\":\"Person\",\"@id\":\"https:\/\/www.dominiqueduvivier.com\/#\/schema\/person\/677c0bd6d5c5d21949cab39bb529a81c\",\"name\":\"Dominique Duvivier\",\"image\":{\"@type\":\"ImageObject\",\"@id\":\"https:\/\/www.dominiqueduvivier.com\/#personlogo\",\"inLanguage\":\"fr-FR\",\"url\":\"https:\/\/www.dominiqueduvivier.com\/wp-content\/uploads\/2019\/04\/Double-Fond-1-2-excl-groupes-10-150x150.jpg\",\"contentUrl\":\"https:\/\/www.dominiqueduvivier.com\/wp-content\/uploads\/2019\/04\/Double-Fond-1-2-excl-groupes-10-150x150.jpg\",\"caption\":\"Dominique Duvivier\"},\"description\":\"\\u2663\\ufe0f Magicien. \\u2666\\ufe0f Ma\\u00eetre de l\\u2019art du #CloseUp. \\u2665\\ufe0f Cr\\u00e9ateur de tours et professeur. \\u2660\\ufe0f Fondateur @ledoublefond et directeur de Mayette Magie.\",\"url\":\"https:\/\/www.dominiqueduvivier.com\/index.php\/author\/dominique-duvivier\/\"}]}<\/script>\n<!-- \/ Yoast SEO plugin. -->","yoast_head_json":{"title":"Rendez-vous sur France Inter mercredi \u00e0 17h - Entretiens avec Dominique Duvivier - Toute la magie de Dominique Duvivier","robots":{"index":"index","follow":"follow","max-snippet":"max-snippet:-1","max-image-preview":"max-image-preview:large","max-video-preview":"max-video-preview:-1"},"canonical":"https:\/\/www.dominiqueduvivier.com\/index.php\/2013\/11\/18\/rendez-vous-sur-france-inter-mercredi-a-17h\/","og_locale":"fr_FR","og_type":"article","og_title":"Rendez-vous sur France Inter mercredi \u00e0 17h - Entretiens avec Dominique Duvivier - Toute la magie de Dominique Duvivier","og_description":"L&rsquo;\u00e9crivain, sc\u00e9nariste, r\u00e9alisateur et journaliste Arthur Dreyfus a choisi d&rsquo;inviter Alexandra et Dominique Duvivier pour son \u00e9mission \u00ab\u00a0Encore heureux\u00a0\u00bb le mercredi 20 novembre de 17h \u00e0 18h. Une heure de discussion avec les deux artistes, autour de leur parcours, leur travail, mais pas que&#8230; Avec eux et en compagnie d&rsquo;Eva Bester, Arthur Dreyfus explore\u00a0notre temps, &hellip;","og_url":"https:\/\/www.dominiqueduvivier.com\/index.php\/2013\/11\/18\/rendez-vous-sur-france-inter-mercredi-a-17h\/","og_site_name":"Entretiens avec Dominique Duvivier - Toute la magie de Dominique Duvivier","article_publisher":"https:\/\/www.facebook.com\/dominique.duvivier.1232\/","article_published_time":"2013-11-17T23:01:34+00:00","article_modified_time":"2019-08-02T11:23:42+00:00","og_image":[{"url":"https:\/\/www.dominiqueduvivier.com\/wp-content\/uploads\/2013\/11\/Arthur_dreyfus.jpg"}],"twitter_card":"summary_large_image","twitter_creator":"@DDUVIVIER","twitter_site":"@DDUVIVIER","twitter_misc":{"\u00c9crit par":"Dominique Duvivier"},"schema":{"@context":"https:\/\/schema.org","@graph":[{"@type":"WebSite","@id":"https:\/\/www.dominiqueduvivier.com\/#website","url":"https:\/\/www.dominiqueduvivier.com\/","name":"Entretiens avec Dominique Duvivier - Toute la magie de Dominique Duvivier","description":"Dominique Duvivier | Magicien","potentialAction":[{"@type":"SearchAction","target":{"@type":"EntryPoint","urlTemplate":"https:\/\/www.dominiqueduvivier.com\/?s={search_term_string}"},"query-input":"required name=search_term_string"}],"inLanguage":"fr-FR"},{"@type":"ImageObject","@id":"https:\/\/www.dominiqueduvivier.com\/index.php\/2013\/11\/18\/rendez-vous-sur-france-inter-mercredi-a-17h\/#primaryimage","inLanguage":"fr-FR","url":"https:\/\/www.dominiqueduvivier.com\/wp-content\/uploads\/2013\/11\/Arthur_dreyfus.jpg","contentUrl":"https:\/\/www.dominiqueduvivier.com\/wp-content\/uploads\/2013\/11\/Arthur_dreyfus.jpg","width":150,"height":150},{"@type":"WebPage","@id":"https:\/\/www.dominiqueduvivier.com\/index.php\/2013\/11\/18\/rendez-vous-sur-france-inter-mercredi-a-17h\/#webpage","url":"https:\/\/www.dominiqueduvivier.com\/index.php\/2013\/11\/18\/rendez-vous-sur-france-inter-mercredi-a-17h\/","name":"Rendez-vous sur France Inter mercredi \u00e0 17h - Entretiens avec Dominique Duvivier - Toute la magie de Dominique Duvivier","isPartOf":{"@id":"https:\/\/www.dominiqueduvivier.com\/#website"},"primaryImageOfPage":{"@id":"https:\/\/www.dominiqueduvivier.com\/index.php\/2013\/11\/18\/rendez-vous-sur-france-inter-mercredi-a-17h\/#primaryimage"},"datePublished":"2013-11-17T23:01:34+00:00","dateModified":"2019-08-02T11:23:42+00:00","author":{"@id":"https:\/\/www.dominiqueduvivier.com\/#\/schema\/person\/677c0bd6d5c5d21949cab39bb529a81c"},"breadcrumb":{"@id":"https:\/\/www.dominiqueduvivier.com\/index.php\/2013\/11\/18\/rendez-vous-sur-france-inter-mercredi-a-17h\/#breadcrumb"},"inLanguage":"fr-FR","potentialAction":[{"@type":"ReadAction","target":["https:\/\/www.dominiqueduvivier.com\/index.php\/2013\/11\/18\/rendez-vous-sur-france-inter-mercredi-a-17h\/"]}]},{"@type":"BreadcrumbList","@id":"https:\/\/www.dominiqueduvivier.com\/index.php\/2013\/11\/18\/rendez-vous-sur-france-inter-mercredi-a-17h\/#breadcrumb","itemListElement":[{"@type":"ListItem","position":1,"name":"Accueil","item":"https:\/\/www.dominiqueduvivier.com\/"},{"@type":"ListItem","position":2,"name":"Rendez-vous sur France Inter mercredi \u00e0 17h"}]},{"@type":"Person","@id":"https:\/\/www.dominiqueduvivier.com\/#\/schema\/person\/677c0bd6d5c5d21949cab39bb529a81c","name":"Dominique Duvivier","image":{"@type":"ImageObject","@id":"https:\/\/www.dominiqueduvivier.com\/#personlogo","inLanguage":"fr-FR","url":"https:\/\/www.dominiqueduvivier.com\/wp-content\/uploads\/2019\/04\/Double-Fond-1-2-excl-groupes-10-150x150.jpg","contentUrl":"https:\/\/www.dominiqueduvivier.com\/wp-content\/uploads\/2019\/04\/Double-Fond-1-2-excl-groupes-10-150x150.jpg","caption":"Dominique Duvivier"},"description":"\u2663\ufe0f Magicien. \u2666\ufe0f Ma\u00eetre de l\u2019art du #CloseUp. \u2665\ufe0f Cr\u00e9ateur de tours et professeur. \u2660\ufe0f Fondateur @ledoublefond et directeur de Mayette Magie.","url":"https:\/\/www.dominiqueduvivier.com\/index.php\/author\/dominique-duvivier\/"}]}},"_links":{"self":[{"href":"https:\/\/www.dominiqueduvivier.com\/index.php\/wp-json\/wp\/v2\/posts\/2499"}],"collection":[{"href":"https:\/\/www.dominiqueduvivier.com\/index.php\/wp-json\/wp\/v2\/posts"}],"about":[{"href":"https:\/\/www.dominiqueduvivier.com\/index.php\/wp-json\/wp\/v2\/types\/post"}],"author":[{"embeddable":true,"href":"https:\/\/www.dominiqueduvivier.com\/index.php\/wp-json\/wp\/v2\/users\/2"}],"replies":[{"embeddable":true,"href":"https:\/\/www.dominiqueduvivier.com\/index.php\/wp-json\/wp\/v2\/comments?post=2499"}],"version-history":[{"count":1,"href":"https:\/\/www.dominiqueduvivier.com\/index.php\/wp-json\/wp\/v2\/posts\/2499\/revisions"}],"predecessor-version":[{"id":5302,"href":"https:\/\/www.dominiqueduvivier.com\/index.php\/wp-json\/wp\/v2\/posts\/2499\/revisions\/5302"}],"wp:attachment":[{"href":"https:\/\/www.dominiqueduvivier.com\/index.php\/wp-json\/wp\/v2\/media?parent=2499"}],"wp:term":[{"taxonomy":"category","embeddable":true,"href":"https:\/\/www.dominiqueduvivier.com\/index.php\/wp-json\/wp\/v2\/categories?post=2499"},{"taxonomy":"post_tag","embeddable":true,"href":"https:\/\/www.dominiqueduvivier.com\/index.php\/wp-json\/wp\/v2\/tags?post=2499"}],"curies":[{"name":"wp","href":"https:\/\/api.w.org\/{rel}","templated":true}]}}