{"id":2076,"date":"2013-05-06T00:01:04","date_gmt":"2013-05-05T22:01:04","guid":{"rendered":"http:\/\/www.dominiqueduvivier.com\/?p=2076"},"modified":"2019-08-02T13:29:06","modified_gmt":"2019-08-02T11:29:06","slug":"photos-5eme-soiree-anniversaire-des-25-ans-du-double-fond-le-25-avril-2013","status":"publish","type":"post","link":"https:\/\/www.dominiqueduvivier.com\/index.php\/2013\/05\/06\/photos-5eme-soiree-anniversaire-des-25-ans-du-double-fond-le-25-avril-2013\/","title":{"rendered":"Photos : 5\u00e8me soir\u00e9e \u00ab Anniversaire des 25 ans du Double Fond \u00bb le 25 avril 2013"},"content":{"rendered":"<div class=\"mceTemp\">\n<div class=\"mceTemp\">\n<div class=\"mceTemp\">\n<figure id=\"attachment_2087\" aria-describedby=\"caption-attachment-2087\" style=\"width: 540px\" class=\"wp-caption alignnone\"><a href=\"https:\/\/www.dominiqueduvivier.com\/2013\/05\/06\/photos-5eme-soiree-anniversaire-des-25-ans-du-double-fond-le-25-avril-2013\/p1050212_redimensionner\/\" rel=\"attachment wp-att-2087\"><img loading=\"lazy\" class=\"size-large wp-image-2087\" title=\"Les 25 ans du Double Fond : Bruno Podalyd\u00e8s\" src=\"https:\/\/www.dominiqueduvivier.com\/wp-content\/uploads\/2013\/05\/P1050212_redimensionner-1024x768.jpg\" alt=\"\" width=\"540\" height=\"405\" srcset=\"https:\/\/www.dominiqueduvivier.com\/wp-content\/uploads\/2013\/05\/P1050212_redimensionner-1024x768.jpg 1024w, https:\/\/www.dominiqueduvivier.com\/wp-content\/uploads\/2013\/05\/P1050212_redimensionner-300x225.jpg 300w, https:\/\/www.dominiqueduvivier.com\/wp-content\/uploads\/2013\/05\/P1050212_redimensionner-768x576.jpg 768w\" sizes=\"(max-width: 540px) 100vw, 540px\" \/><\/a><figcaption id=\"caption-attachment-2087\" class=\"wp-caption-text\">Les 25 ans du Double Fond : Bruno Podalyd\u00e8s<\/figcaption><\/figure>\n<p>&nbsp;<\/p>\n<figure id=\"attachment_2084\" aria-describedby=\"caption-attachment-2084\" style=\"width: 540px\" class=\"wp-caption alignnone\"><a href=\"https:\/\/www.dominiqueduvivier.com\/2013\/05\/06\/photos-5eme-soiree-anniversaire-des-25-ans-du-double-fond-le-25-avril-2013\/p1050243_redimensionner\/\" rel=\"attachment wp-att-2084\"><img loading=\"lazy\" class=\"size-large wp-image-2084\" title=\"Les 25 ans du Double Fond : Dominique Duvivier\" src=\"https:\/\/www.dominiqueduvivier.com\/wp-content\/uploads\/2013\/05\/P1050243_redimensionner-1024x768.jpg\" alt=\"\" width=\"540\" height=\"405\" srcset=\"https:\/\/www.dominiqueduvivier.com\/wp-content\/uploads\/2013\/05\/P1050243_redimensionner-1024x768.jpg 1024w, https:\/\/www.dominiqueduvivier.com\/wp-content\/uploads\/2013\/05\/P1050243_redimensionner-300x225.jpg 300w, https:\/\/www.dominiqueduvivier.com\/wp-content\/uploads\/2013\/05\/P1050243_redimensionner-768x576.jpg 768w\" sizes=\"(max-width: 540px) 100vw, 540px\" \/><\/a><figcaption id=\"caption-attachment-2084\" class=\"wp-caption-text\">Les 25 ans du Double Fond : Dominique Duvivier<\/figcaption><\/figure>\n<p>&nbsp;<\/p>\n<figure id=\"attachment_2082\" aria-describedby=\"caption-attachment-2082\" style=\"width: 540px\" class=\"wp-caption alignnone\"><a href=\"https:\/\/www.dominiqueduvivier.com\/2013\/05\/06\/photos-5eme-soiree-anniversaire-des-25-ans-du-double-fond-le-25-avril-2013\/p1050272_redimensionner\/\" rel=\"attachment wp-att-2082\"><img loading=\"lazy\" class=\"size-large wp-image-2082\" title=\"Le cube des 25 ans du Double Fond\" src=\"https:\/\/www.dominiqueduvivier.com\/wp-content\/uploads\/2013\/05\/P1050272_redimensionner-1024x768.jpg\" alt=\"\" width=\"540\" height=\"405\" srcset=\"https:\/\/www.dominiqueduvivier.com\/wp-content\/uploads\/2013\/05\/P1050272_redimensionner-1024x768.jpg 1024w, https:\/\/www.dominiqueduvivier.com\/wp-content\/uploads\/2013\/05\/P1050272_redimensionner-300x225.jpg 300w, https:\/\/www.dominiqueduvivier.com\/wp-content\/uploads\/2013\/05\/P1050272_redimensionner-768x576.jpg 768w\" sizes=\"(max-width: 540px) 100vw, 540px\" \/><\/a><figcaption id=\"caption-attachment-2082\" class=\"wp-caption-text\">Le cube des 25 ans du Double Fond : offert \u00e0 chacun des participants !<\/figcaption><\/figure>\n<p>&nbsp;<\/p>\n<figure id=\"attachment_2081\" aria-describedby=\"caption-attachment-2081\" style=\"width: 540px\" class=\"wp-caption alignnone\"><a href=\"https:\/\/www.dominiqueduvivier.com\/2013\/05\/06\/photos-5eme-soiree-anniversaire-des-25-ans-du-double-fond-le-25-avril-2013\/p1050281_redimensionner\/\" rel=\"attachment wp-att-2081\"><img loading=\"lazy\" class=\"size-large wp-image-2081\" title=\"Les 25 ans du Double Fond\" src=\"https:\/\/www.dominiqueduvivier.com\/wp-content\/uploads\/2013\/05\/P1050281_redimensionner-1024x768.jpg\" alt=\"\" width=\"540\" height=\"405\" srcset=\"https:\/\/www.dominiqueduvivier.com\/wp-content\/uploads\/2013\/05\/P1050281_redimensionner-1024x768.jpg 1024w, https:\/\/www.dominiqueduvivier.com\/wp-content\/uploads\/2013\/05\/P1050281_redimensionner-300x225.jpg 300w, https:\/\/www.dominiqueduvivier.com\/wp-content\/uploads\/2013\/05\/P1050281_redimensionner-768x576.jpg 768w\" sizes=\"(max-width: 540px) 100vw, 540px\" \/><\/a><figcaption id=\"caption-attachment-2081\" class=\"wp-caption-text\">Les 25 ans du Double Fond : Alexandra et Dominique Duvivier offrent un jeu Jerry&#39;s Nugget \u00e0 Bruno Podalyd\u00e8s<\/figcaption><\/figure>\n<p>&nbsp;<\/p>\n<figure id=\"attachment_2079\" aria-describedby=\"caption-attachment-2079\" style=\"width: 540px\" class=\"wp-caption alignnone\"><a href=\"https:\/\/www.dominiqueduvivier.com\/2013\/05\/06\/photos-5eme-soiree-anniversaire-des-25-ans-du-double-fond-le-25-avril-2013\/p1050287_redimensionner\/\" rel=\"attachment wp-att-2079\"><img loading=\"lazy\" class=\"size-large wp-image-2079\" title=\"Les 25 ans du Double Fond\" src=\"https:\/\/www.dominiqueduvivier.com\/wp-content\/uploads\/2013\/05\/P1050287_redimensionner-1024x768.jpg\" alt=\"\" width=\"540\" height=\"405\" srcset=\"https:\/\/www.dominiqueduvivier.com\/wp-content\/uploads\/2013\/05\/P1050287_redimensionner-1024x768.jpg 1024w, https:\/\/www.dominiqueduvivier.com\/wp-content\/uploads\/2013\/05\/P1050287_redimensionner-300x225.jpg 300w, https:\/\/www.dominiqueduvivier.com\/wp-content\/uploads\/2013\/05\/P1050287_redimensionner-768x576.jpg 768w\" sizes=\"(max-width: 540px) 100vw, 540px\" \/><\/a><figcaption id=\"caption-attachment-2079\" class=\"wp-caption-text\">Les 25 ans du Double Fond : Quoc Tien Tran, Bruno Podalyd\u00e8s, Alexandra et Dominique Duvivier<\/figcaption><\/figure>\n<p>&nbsp;<\/p>\n<figure id=\"attachment_2086\" aria-describedby=\"caption-attachment-2086\" style=\"width: 540px\" class=\"wp-caption alignnone\"><a href=\"https:\/\/www.dominiqueduvivier.com\/2013\/05\/06\/photos-5eme-soiree-anniversaire-des-25-ans-du-double-fond-le-25-avril-2013\/p1050231_redimensionner\/\" rel=\"attachment wp-att-2086\"><img loading=\"lazy\" class=\"size-large wp-image-2086\" title=\"Les 25 ans du Double Fond : Alexandra Duvivier\" src=\"https:\/\/www.dominiqueduvivier.com\/wp-content\/uploads\/2013\/05\/P1050231_redimensionner-1024x768.jpg\" alt=\"\" width=\"540\" height=\"405\" srcset=\"https:\/\/www.dominiqueduvivier.com\/wp-content\/uploads\/2013\/05\/P1050231_redimensionner-1024x768.jpg 1024w, https:\/\/www.dominiqueduvivier.com\/wp-content\/uploads\/2013\/05\/P1050231_redimensionner-300x225.jpg 300w, https:\/\/www.dominiqueduvivier.com\/wp-content\/uploads\/2013\/05\/P1050231_redimensionner-768x576.jpg 768w\" sizes=\"(max-width: 540px) 100vw, 540px\" \/><\/a><figcaption id=\"caption-attachment-2086\" class=\"wp-caption-text\">Les 25 ans du Double Fond : Alexandra Duvivier<\/figcaption><\/figure>\n<p>&nbsp;<\/p>\n<figure id=\"attachment_2085\" aria-describedby=\"caption-attachment-2085\" style=\"width: 540px\" class=\"wp-caption alignnone\"><a href=\"https:\/\/www.dominiqueduvivier.com\/2013\/05\/06\/photos-5eme-soiree-anniversaire-des-25-ans-du-double-fond-le-25-avril-2013\/p1050234_redimensionner\/\" rel=\"attachment wp-att-2085\"><img loading=\"lazy\" class=\"size-large wp-image-2085\" title=\"Les 25 ans du Double Fond : Alexandra Duvivier\" src=\"https:\/\/www.dominiqueduvivier.com\/wp-content\/uploads\/2013\/05\/P1050234_redimensionner-1024x768.jpg\" alt=\"\" width=\"540\" height=\"405\" srcset=\"https:\/\/www.dominiqueduvivier.com\/wp-content\/uploads\/2013\/05\/P1050234_redimensionner-1024x768.jpg 1024w, https:\/\/www.dominiqueduvivier.com\/wp-content\/uploads\/2013\/05\/P1050234_redimensionner-300x225.jpg 300w, https:\/\/www.dominiqueduvivier.com\/wp-content\/uploads\/2013\/05\/P1050234_redimensionner-768x576.jpg 768w\" sizes=\"(max-width: 540px) 100vw, 540px\" \/><\/a><figcaption id=\"caption-attachment-2085\" class=\"wp-caption-text\">Les 25 ans du Double Fond : Alexandra Duvivier<\/figcaption><\/figure>\n<p>&nbsp;<\/p>\n<figure id=\"attachment_2080\" aria-describedby=\"caption-attachment-2080\" style=\"width: 540px\" class=\"wp-caption alignnone\"><a href=\"https:\/\/www.dominiqueduvivier.com\/2013\/05\/06\/photos-5eme-soiree-anniversaire-des-25-ans-du-double-fond-le-25-avril-2013\/p1050286_redimensionner\/\" rel=\"attachment wp-att-2080\"><img loading=\"lazy\" class=\"size-large wp-image-2080\" title=\"Les 25 ans du Double Fond : un cadeau pour Ga\u00ebtan\" src=\"https:\/\/www.dominiqueduvivier.com\/wp-content\/uploads\/2013\/05\/P1050286_redimensionner-1024x768.jpg\" alt=\"\" width=\"540\" height=\"405\" srcset=\"https:\/\/www.dominiqueduvivier.com\/wp-content\/uploads\/2013\/05\/P1050286_redimensionner-1024x768.jpg 1024w, https:\/\/www.dominiqueduvivier.com\/wp-content\/uploads\/2013\/05\/P1050286_redimensionner-300x225.jpg 300w, https:\/\/www.dominiqueduvivier.com\/wp-content\/uploads\/2013\/05\/P1050286_redimensionner-768x576.jpg 768w\" sizes=\"(max-width: 540px) 100vw, 540px\" \/><\/a><figcaption id=\"caption-attachment-2080\" class=\"wp-caption-text\">Les 25 ans du Double Fond : un cadeau pour Ga\u00ebtan !<\/figcaption><\/figure>\n<p>&nbsp;<\/p>\n<figure id=\"attachment_2083\" aria-describedby=\"caption-attachment-2083\" style=\"width: 540px\" class=\"wp-caption alignnone\"><a href=\"https:\/\/www.dominiqueduvivier.com\/2013\/05\/06\/photos-5eme-soiree-anniversaire-des-25-ans-du-double-fond-le-25-avril-2013\/p1050264_redimensionner\/\" rel=\"attachment wp-att-2083\"><img loading=\"lazy\" class=\"size-large wp-image-2083\" title=\"Les 25 ans du Double Fond\" src=\"https:\/\/www.dominiqueduvivier.com\/wp-content\/uploads\/2013\/05\/P1050264_redimensionner-1024x768.jpg\" alt=\"\" width=\"540\" height=\"405\" srcset=\"https:\/\/www.dominiqueduvivier.com\/wp-content\/uploads\/2013\/05\/P1050264_redimensionner-1024x768.jpg 1024w, https:\/\/www.dominiqueduvivier.com\/wp-content\/uploads\/2013\/05\/P1050264_redimensionner-300x225.jpg 300w, https:\/\/www.dominiqueduvivier.com\/wp-content\/uploads\/2013\/05\/P1050264_redimensionner-768x576.jpg 768w\" sizes=\"(max-width: 540px) 100vw, 540px\" \/><\/a><figcaption id=\"caption-attachment-2083\" class=\"wp-caption-text\">Les 25 ans du Double Fond : Bruno Podalyd\u00e8s, Quoc Tien Tran, Ga\u00ebtan Bloom, Alexandra Duvivier, Dominique Duvivier, Philippe de Perthuis et Sophie Nguyen<\/figcaption><\/figure>\n<\/div>\n<figure id=\"attachment_2078\" aria-describedby=\"caption-attachment-2078\" style=\"width: 540px\" class=\"wp-caption alignnone\"><a href=\"https:\/\/www.dominiqueduvivier.com\/2013\/05\/06\/photos-5eme-soiree-anniversaire-des-25-ans-du-double-fond-le-25-avril-2013\/p1050288_redimensionner\/\" rel=\"attachment wp-att-2078\"><img loading=\"lazy\" class=\"size-large wp-image-2078\" title=\"Les 25 ans du Double Fond\" src=\"https:\/\/www.dominiqueduvivier.com\/wp-content\/uploads\/2013\/05\/P1050288_redimensionner-1024x768.jpg\" alt=\"\" width=\"540\" height=\"405\" srcset=\"https:\/\/www.dominiqueduvivier.com\/wp-content\/uploads\/2013\/05\/P1050288_redimensionner-1024x768.jpg 1024w, https:\/\/www.dominiqueduvivier.com\/wp-content\/uploads\/2013\/05\/P1050288_redimensionner-300x225.jpg 300w, https:\/\/www.dominiqueduvivier.com\/wp-content\/uploads\/2013\/05\/P1050288_redimensionner-768x576.jpg 768w\" sizes=\"(max-width: 540px) 100vw, 540px\" \/><\/a><figcaption id=\"caption-attachment-2078\" class=\"wp-caption-text\">Les 25 ans du Double Fond : Quoc Tien Tran, Bruno Podalyd\u00e8s et Dominique Duvivier<\/figcaption><\/figure>\n<p>&nbsp;<\/p>\n<figure id=\"attachment_2088\" aria-describedby=\"caption-attachment-2088\" style=\"width: 540px\" class=\"wp-caption alignnone\"><a href=\"https:\/\/www.dominiqueduvivier.com\/2013\/05\/06\/photos-5eme-soiree-anniversaire-des-25-ans-du-double-fond-le-25-avril-2013\/p1050209_redimensionner\/\" rel=\"attachment wp-att-2088\"><img loading=\"lazy\" class=\"size-large wp-image-2088\" title=\"Les 25 ans du Double Fond : Dominique Duvivier et Bruno Podalyd\u00e8s\" src=\"https:\/\/www.dominiqueduvivier.com\/wp-content\/uploads\/2013\/05\/P1050209_redimensionner-1024x768.jpg\" alt=\"\" width=\"540\" height=\"405\" srcset=\"https:\/\/www.dominiqueduvivier.com\/wp-content\/uploads\/2013\/05\/P1050209_redimensionner-1024x768.jpg 1024w, https:\/\/www.dominiqueduvivier.com\/wp-content\/uploads\/2013\/05\/P1050209_redimensionner-300x225.jpg 300w, https:\/\/www.dominiqueduvivier.com\/wp-content\/uploads\/2013\/05\/P1050209_redimensionner-768x576.jpg 768w\" sizes=\"(max-width: 540px) 100vw, 540px\" \/><\/a><figcaption id=\"caption-attachment-2088\" class=\"wp-caption-text\">Les 25 ans du Double Fond : Dominique Duvivier et Bruno Podalyd\u00e8s<\/figcaption><\/figure>\n<figure id=\"attachment_2090\" aria-describedby=\"caption-attachment-2090\" style=\"width: 540px\" class=\"wp-caption alignnone\"><a href=\"https:\/\/www.dominiqueduvivier.com\/2013\/05\/06\/photos-5eme-soiree-anniversaire-des-25-ans-du-double-fond-le-25-avril-2013\/p1050150_redimensionner\/\" rel=\"attachment wp-att-2090\"><img loading=\"lazy\" class=\"size-large wp-image-2090\" title=\"Ga\u00ebtan Bloom au Double Fond\" src=\"https:\/\/www.dominiqueduvivier.com\/wp-content\/uploads\/2013\/05\/P1050150_redimensionner-1024x768.jpg\" alt=\"\" width=\"540\" height=\"405\" \/><\/a><figcaption id=\"caption-attachment-2090\" class=\"wp-caption-text\">Ga\u00ebtan Bloom au Double Fond<\/figcaption><\/figure>\n<p>&nbsp;<\/p>\n<figure id=\"attachment_2089\" aria-describedby=\"caption-attachment-2089\" style=\"width: 540px\" class=\"wp-caption alignnone\"><a href=\"https:\/\/www.dominiqueduvivier.com\/2013\/05\/06\/photos-5eme-soiree-anniversaire-des-25-ans-du-double-fond-le-25-avril-2013\/p1050154_redimensionner\/\" rel=\"attachment wp-att-2089\"><img loading=\"lazy\" class=\"size-large wp-image-2089\" title=\"Ga\u00ebtan Bloom au Double Fond\" src=\"https:\/\/www.dominiqueduvivier.com\/wp-content\/uploads\/2013\/05\/P1050154_redimensionner-1024x768.jpg\" alt=\"\" width=\"540\" height=\"405\" srcset=\"https:\/\/www.dominiqueduvivier.com\/wp-content\/uploads\/2013\/05\/P1050154_redimensionner-1024x768.jpg 1024w, https:\/\/www.dominiqueduvivier.com\/wp-content\/uploads\/2013\/05\/P1050154_redimensionner-300x225.jpg 300w, https:\/\/www.dominiqueduvivier.com\/wp-content\/uploads\/2013\/05\/P1050154_redimensionner-768x576.jpg 768w\" sizes=\"(max-width: 540px) 100vw, 540px\" \/><\/a><figcaption id=\"caption-attachment-2089\" class=\"wp-caption-text\">Ga\u00ebtan Bloom au Double Fond<\/figcaption><\/figure>\n<p>&nbsp;<\/p>\n<figure id=\"attachment_2077\" aria-describedby=\"caption-attachment-2077\" style=\"width: 540px\" class=\"wp-caption alignnone\"><a href=\"https:\/\/www.dominiqueduvivier.com\/2013\/05\/06\/photos-5eme-soiree-anniversaire-des-25-ans-du-double-fond-le-25-avril-2013\/p1050291_redimensionner\/\" rel=\"attachment wp-att-2077\"><img loading=\"lazy\" class=\"size-large wp-image-2077\" title=\"Les 25 ans du Double Fond\" src=\"https:\/\/www.dominiqueduvivier.com\/wp-content\/uploads\/2013\/05\/P1050291_redimensionner-1024x768.jpg\" alt=\"\" width=\"540\" height=\"405\" srcset=\"https:\/\/www.dominiqueduvivier.com\/wp-content\/uploads\/2013\/05\/P1050291_redimensionner-1024x768.jpg 1024w, https:\/\/www.dominiqueduvivier.com\/wp-content\/uploads\/2013\/05\/P1050291_redimensionner-300x225.jpg 300w, https:\/\/www.dominiqueduvivier.com\/wp-content\/uploads\/2013\/05\/P1050291_redimensionner-768x576.jpg 768w\" sizes=\"(max-width: 540px) 100vw, 540px\" \/><\/a><figcaption id=\"caption-attachment-2077\" class=\"wp-caption-text\">Les 25 ans du Double Fond : (de gauche \u00e0 droite) derri\u00e8re C\u00e9dric Reimon, Alexandra Duvivier, Ga\u00ebtan Bloom, Sophie Nguyen, Bruno Podalyd\u00e8s, Dominique Duvivier, Marie-Christine Duvivier, Philippe de Perthuis, Jean-Pierre Crispon. Devant : Adeline Galland, Quoc Tien Tran<\/figcaption><\/figure>\n<\/div>\n<\/div>\n","protected":false},"excerpt":{"rendered":"<p>&nbsp; &nbsp; &nbsp; &nbsp; &nbsp; &nbsp; &nbsp; &nbsp; &nbsp; &nbsp; &nbsp;<\/p>\n","protected":false},"author":2,"featured_media":0,"comment_status":"open","ping_status":"open","sticky":false,"template":"","format":"standard","meta":{"_monsterinsights_skip_tracking":false,"_monsterinsights_sitenote_active":false,"_monsterinsights_sitenote_note":"","_monsterinsights_sitenote_category":0,"ngg_post_thumbnail":0},"categories":[4],"tags":[7,11,12,14,15,17,18,27],"yoast_head":"<!-- This site is optimized with the Yoast SEO plugin v17.9 - https:\/\/yoast.com\/wordpress\/plugins\/seo\/ -->\n<title>Photos : 5\u00e8me soir\u00e9e \u00ab Anniversaire des 25 ans du Double Fond \u00bb le 25 avril 2013 - Entretiens avec Dominique Duvivier - Toute la magie de Dominique Duvivier<\/title>\n<meta name=\"robots\" content=\"index, follow, max-snippet:-1, max-image-preview:large, max-video-preview:-1\" \/>\n<link rel=\"canonical\" href=\"https:\/\/www.dominiqueduvivier.com\/index.php\/2013\/05\/06\/photos-5eme-soiree-anniversaire-des-25-ans-du-double-fond-le-25-avril-2013\/\" \/>\n<meta property=\"og:locale\" content=\"fr_FR\" \/>\n<meta property=\"og:type\" content=\"article\" \/>\n<meta property=\"og:title\" content=\"Photos : 5\u00e8me soir\u00e9e \u00ab Anniversaire des 25 ans du Double Fond \u00bb le 25 avril 2013 - Entretiens avec Dominique Duvivier - Toute la magie de Dominique Duvivier\" \/>\n<meta property=\"og:description\" content=\"&nbsp; &nbsp; &nbsp; &nbsp; &nbsp; &nbsp; &nbsp; &nbsp; &nbsp; &nbsp; &nbsp;\" \/>\n<meta property=\"og:url\" content=\"https:\/\/www.dominiqueduvivier.com\/index.php\/2013\/05\/06\/photos-5eme-soiree-anniversaire-des-25-ans-du-double-fond-le-25-avril-2013\/\" \/>\n<meta property=\"og:site_name\" content=\"Entretiens avec Dominique Duvivier - Toute la magie de Dominique Duvivier\" \/>\n<meta property=\"article:publisher\" content=\"https:\/\/www.facebook.com\/dominique.duvivier.1232\/\" \/>\n<meta property=\"article:published_time\" content=\"2013-05-05T22:01:04+00:00\" \/>\n<meta property=\"article:modified_time\" content=\"2019-08-02T11:29:06+00:00\" \/>\n<meta property=\"og:image\" content=\"https:\/\/www.dominiqueduvivier.com\/wp-content\/uploads\/2013\/05\/P1050212_redimensionner-1024x768.jpg\" \/>\n<meta name=\"twitter:card\" content=\"summary_large_image\" \/>\n<meta name=\"twitter:creator\" content=\"@DDUVIVIER\" \/>\n<meta name=\"twitter:site\" content=\"@DDUVIVIER\" \/>\n<meta name=\"twitter:label1\" content=\"\u00c9crit par\" \/>\n\t<meta name=\"twitter:data1\" content=\"Dominique Duvivier\" \/>\n\t<meta name=\"twitter:label2\" content=\"Dur\u00e9e de lecture estim\u00e9e\" \/>\n\t<meta name=\"twitter:data2\" content=\"2 minutes\" \/>\n<script type=\"application\/ld+json\" class=\"yoast-schema-graph\">{\"@context\":\"https:\/\/schema.org\",\"@graph\":[{\"@type\":\"WebSite\",\"@id\":\"https:\/\/www.dominiqueduvivier.com\/#website\",\"url\":\"https:\/\/www.dominiqueduvivier.com\/\",\"name\":\"Entretiens avec Dominique Duvivier - Toute la magie de Dominique Duvivier\",\"description\":\"Dominique Duvivier | Magicien\",\"potentialAction\":[{\"@type\":\"SearchAction\",\"target\":{\"@type\":\"EntryPoint\",\"urlTemplate\":\"https:\/\/www.dominiqueduvivier.com\/?s={search_term_string}\"},\"query-input\":\"required name=search_term_string\"}],\"inLanguage\":\"fr-FR\"},{\"@type\":\"ImageObject\",\"@id\":\"https:\/\/www.dominiqueduvivier.com\/index.php\/2013\/05\/06\/photos-5eme-soiree-anniversaire-des-25-ans-du-double-fond-le-25-avril-2013\/#primaryimage\",\"inLanguage\":\"fr-FR\",\"url\":\"https:\/\/www.dominiqueduvivier.com\/wp-content\/uploads\/2013\/05\/P1050212_redimensionner.jpg\",\"contentUrl\":\"https:\/\/www.dominiqueduvivier.com\/wp-content\/uploads\/2013\/05\/P1050212_redimensionner.jpg\",\"width\":2304,\"height\":1728,\"caption\":\"Les 25 ans du Double Fond : Bruno Podalyd\\u00e8s\"},{\"@type\":\"WebPage\",\"@id\":\"https:\/\/www.dominiqueduvivier.com\/index.php\/2013\/05\/06\/photos-5eme-soiree-anniversaire-des-25-ans-du-double-fond-le-25-avril-2013\/#webpage\",\"url\":\"https:\/\/www.dominiqueduvivier.com\/index.php\/2013\/05\/06\/photos-5eme-soiree-anniversaire-des-25-ans-du-double-fond-le-25-avril-2013\/\",\"name\":\"Photos : 5\\u00e8me soir\\u00e9e \\u00ab Anniversaire des 25 ans du Double Fond \\u00bb le 25 avril 2013 - Entretiens avec Dominique Duvivier - Toute la magie de Dominique Duvivier\",\"isPartOf\":{\"@id\":\"https:\/\/www.dominiqueduvivier.com\/#website\"},\"primaryImageOfPage\":{\"@id\":\"https:\/\/www.dominiqueduvivier.com\/index.php\/2013\/05\/06\/photos-5eme-soiree-anniversaire-des-25-ans-du-double-fond-le-25-avril-2013\/#primaryimage\"},\"datePublished\":\"2013-05-05T22:01:04+00:00\",\"dateModified\":\"2019-08-02T11:29:06+00:00\",\"author\":{\"@id\":\"https:\/\/www.dominiqueduvivier.com\/#\/schema\/person\/677c0bd6d5c5d21949cab39bb529a81c\"},\"breadcrumb\":{\"@id\":\"https:\/\/www.dominiqueduvivier.com\/index.php\/2013\/05\/06\/photos-5eme-soiree-anniversaire-des-25-ans-du-double-fond-le-25-avril-2013\/#breadcrumb\"},\"inLanguage\":\"fr-FR\",\"potentialAction\":[{\"@type\":\"ReadAction\",\"target\":[\"https:\/\/www.dominiqueduvivier.com\/index.php\/2013\/05\/06\/photos-5eme-soiree-anniversaire-des-25-ans-du-double-fond-le-25-avril-2013\/\"]}]},{\"@type\":\"BreadcrumbList\",\"@id\":\"https:\/\/www.dominiqueduvivier.com\/index.php\/2013\/05\/06\/photos-5eme-soiree-anniversaire-des-25-ans-du-double-fond-le-25-avril-2013\/#breadcrumb\",\"itemListElement\":[{\"@type\":\"ListItem\",\"position\":1,\"name\":\"Accueil\",\"item\":\"https:\/\/www.dominiqueduvivier.com\/\"},{\"@type\":\"ListItem\",\"position\":2,\"name\":\"Photos : 5\\u00e8me soir\\u00e9e \\u00ab Anniversaire des 25 ans du Double Fond \\u00bb le 25 avril 2013\"}]},{\"@type\":\"Person\",\"@id\":\"https:\/\/www.dominiqueduvivier.com\/#\/schema\/person\/677c0bd6d5c5d21949cab39bb529a81c\",\"name\":\"Dominique Duvivier\",\"image\":{\"@type\":\"ImageObject\",\"@id\":\"https:\/\/www.dominiqueduvivier.com\/#personlogo\",\"inLanguage\":\"fr-FR\",\"url\":\"https:\/\/www.dominiqueduvivier.com\/wp-content\/uploads\/2019\/04\/Double-Fond-1-2-excl-groupes-10-150x150.jpg\",\"contentUrl\":\"https:\/\/www.dominiqueduvivier.com\/wp-content\/uploads\/2019\/04\/Double-Fond-1-2-excl-groupes-10-150x150.jpg\",\"caption\":\"Dominique Duvivier\"},\"description\":\"\\u2663\\ufe0f Magicien. \\u2666\\ufe0f Ma\\u00eetre de l\\u2019art du #CloseUp. \\u2665\\ufe0f Cr\\u00e9ateur de tours et professeur. \\u2660\\ufe0f Fondateur @ledoublefond et directeur de Mayette Magie.\",\"url\":\"https:\/\/www.dominiqueduvivier.com\/index.php\/author\/dominique-duvivier\/\"}]}<\/script>\n<!-- \/ Yoast SEO plugin. -->","yoast_head_json":{"title":"Photos : 5\u00e8me soir\u00e9e \u00ab Anniversaire des 25 ans du Double Fond \u00bb le 25 avril 2013 - Entretiens avec Dominique Duvivier - Toute la magie de Dominique Duvivier","robots":{"index":"index","follow":"follow","max-snippet":"max-snippet:-1","max-image-preview":"max-image-preview:large","max-video-preview":"max-video-preview:-1"},"canonical":"https:\/\/www.dominiqueduvivier.com\/index.php\/2013\/05\/06\/photos-5eme-soiree-anniversaire-des-25-ans-du-double-fond-le-25-avril-2013\/","og_locale":"fr_FR","og_type":"article","og_title":"Photos : 5\u00e8me soir\u00e9e \u00ab Anniversaire des 25 ans du Double Fond \u00bb le 25 avril 2013 - Entretiens avec Dominique Duvivier - Toute la magie de Dominique Duvivier","og_description":"&nbsp; &nbsp; &nbsp; &nbsp; &nbsp; &nbsp; &nbsp; &nbsp; &nbsp; &nbsp; &nbsp;","og_url":"https:\/\/www.dominiqueduvivier.com\/index.php\/2013\/05\/06\/photos-5eme-soiree-anniversaire-des-25-ans-du-double-fond-le-25-avril-2013\/","og_site_name":"Entretiens avec Dominique Duvivier - Toute la magie de Dominique Duvivier","article_publisher":"https:\/\/www.facebook.com\/dominique.duvivier.1232\/","article_published_time":"2013-05-05T22:01:04+00:00","article_modified_time":"2019-08-02T11:29:06+00:00","og_image":[{"url":"https:\/\/www.dominiqueduvivier.com\/wp-content\/uploads\/2013\/05\/P1050212_redimensionner-1024x768.jpg"}],"twitter_card":"summary_large_image","twitter_creator":"@DDUVIVIER","twitter_site":"@DDUVIVIER","twitter_misc":{"\u00c9crit par":"Dominique Duvivier","Dur\u00e9e de lecture estim\u00e9e":"2 minutes"},"schema":{"@context":"https:\/\/schema.org","@graph":[{"@type":"WebSite","@id":"https:\/\/www.dominiqueduvivier.com\/#website","url":"https:\/\/www.dominiqueduvivier.com\/","name":"Entretiens avec Dominique Duvivier - Toute la magie de Dominique Duvivier","description":"Dominique Duvivier | Magicien","potentialAction":[{"@type":"SearchAction","target":{"@type":"EntryPoint","urlTemplate":"https:\/\/www.dominiqueduvivier.com\/?s={search_term_string}"},"query-input":"required name=search_term_string"}],"inLanguage":"fr-FR"},{"@type":"ImageObject","@id":"https:\/\/www.dominiqueduvivier.com\/index.php\/2013\/05\/06\/photos-5eme-soiree-anniversaire-des-25-ans-du-double-fond-le-25-avril-2013\/#primaryimage","inLanguage":"fr-FR","url":"https:\/\/www.dominiqueduvivier.com\/wp-content\/uploads\/2013\/05\/P1050212_redimensionner.jpg","contentUrl":"https:\/\/www.dominiqueduvivier.com\/wp-content\/uploads\/2013\/05\/P1050212_redimensionner.jpg","width":2304,"height":1728,"caption":"Les 25 ans du Double Fond : Bruno Podalyd\u00e8s"},{"@type":"WebPage","@id":"https:\/\/www.dominiqueduvivier.com\/index.php\/2013\/05\/06\/photos-5eme-soiree-anniversaire-des-25-ans-du-double-fond-le-25-avril-2013\/#webpage","url":"https:\/\/www.dominiqueduvivier.com\/index.php\/2013\/05\/06\/photos-5eme-soiree-anniversaire-des-25-ans-du-double-fond-le-25-avril-2013\/","name":"Photos : 5\u00e8me soir\u00e9e \u00ab Anniversaire des 25 ans du Double Fond \u00bb le 25 avril 2013 - Entretiens avec Dominique Duvivier - Toute la magie de Dominique Duvivier","isPartOf":{"@id":"https:\/\/www.dominiqueduvivier.com\/#website"},"primaryImageOfPage":{"@id":"https:\/\/www.dominiqueduvivier.com\/index.php\/2013\/05\/06\/photos-5eme-soiree-anniversaire-des-25-ans-du-double-fond-le-25-avril-2013\/#primaryimage"},"datePublished":"2013-05-05T22:01:04+00:00","dateModified":"2019-08-02T11:29:06+00:00","author":{"@id":"https:\/\/www.dominiqueduvivier.com\/#\/schema\/person\/677c0bd6d5c5d21949cab39bb529a81c"},"breadcrumb":{"@id":"https:\/\/www.dominiqueduvivier.com\/index.php\/2013\/05\/06\/photos-5eme-soiree-anniversaire-des-25-ans-du-double-fond-le-25-avril-2013\/#breadcrumb"},"inLanguage":"fr-FR","potentialAction":[{"@type":"ReadAction","target":["https:\/\/www.dominiqueduvivier.com\/index.php\/2013\/05\/06\/photos-5eme-soiree-anniversaire-des-25-ans-du-double-fond-le-25-avril-2013\/"]}]},{"@type":"BreadcrumbList","@id":"https:\/\/www.dominiqueduvivier.com\/index.php\/2013\/05\/06\/photos-5eme-soiree-anniversaire-des-25-ans-du-double-fond-le-25-avril-2013\/#breadcrumb","itemListElement":[{"@type":"ListItem","position":1,"name":"Accueil","item":"https:\/\/www.dominiqueduvivier.com\/"},{"@type":"ListItem","position":2,"name":"Photos : 5\u00e8me soir\u00e9e \u00ab Anniversaire des 25 ans du Double Fond \u00bb le 25 avril 2013"}]},{"@type":"Person","@id":"https:\/\/www.dominiqueduvivier.com\/#\/schema\/person\/677c0bd6d5c5d21949cab39bb529a81c","name":"Dominique Duvivier","image":{"@type":"ImageObject","@id":"https:\/\/www.dominiqueduvivier.com\/#personlogo","inLanguage":"fr-FR","url":"https:\/\/www.dominiqueduvivier.com\/wp-content\/uploads\/2019\/04\/Double-Fond-1-2-excl-groupes-10-150x150.jpg","contentUrl":"https:\/\/www.dominiqueduvivier.com\/wp-content\/uploads\/2019\/04\/Double-Fond-1-2-excl-groupes-10-150x150.jpg","caption":"Dominique Duvivier"},"description":"\u2663\ufe0f Magicien. \u2666\ufe0f Ma\u00eetre de l\u2019art du #CloseUp. \u2665\ufe0f Cr\u00e9ateur de tours et professeur. \u2660\ufe0f Fondateur @ledoublefond et directeur de Mayette Magie.","url":"https:\/\/www.dominiqueduvivier.com\/index.php\/author\/dominique-duvivier\/"}]}},"_links":{"self":[{"href":"https:\/\/www.dominiqueduvivier.com\/index.php\/wp-json\/wp\/v2\/posts\/2076"}],"collection":[{"href":"https:\/\/www.dominiqueduvivier.com\/index.php\/wp-json\/wp\/v2\/posts"}],"about":[{"href":"https:\/\/www.dominiqueduvivier.com\/index.php\/wp-json\/wp\/v2\/types\/post"}],"author":[{"embeddable":true,"href":"https:\/\/www.dominiqueduvivier.com\/index.php\/wp-json\/wp\/v2\/users\/2"}],"replies":[{"embeddable":true,"href":"https:\/\/www.dominiqueduvivier.com\/index.php\/wp-json\/wp\/v2\/comments?post=2076"}],"version-history":[{"count":1,"href":"https:\/\/www.dominiqueduvivier.com\/index.php\/wp-json\/wp\/v2\/posts\/2076\/revisions"}],"predecessor-version":[{"id":5625,"href":"https:\/\/www.dominiqueduvivier.com\/index.php\/wp-json\/wp\/v2\/posts\/2076\/revisions\/5625"}],"wp:attachment":[{"href":"https:\/\/www.dominiqueduvivier.com\/index.php\/wp-json\/wp\/v2\/media?parent=2076"}],"wp:term":[{"taxonomy":"category","embeddable":true,"href":"https:\/\/www.dominiqueduvivier.com\/index.php\/wp-json\/wp\/v2\/categories?post=2076"},{"taxonomy":"post_tag","embeddable":true,"href":"https:\/\/www.dominiqueduvivier.com\/index.php\/wp-json\/wp\/v2\/tags?post=2076"}],"curies":[{"name":"wp","href":"https:\/\/api.w.org\/{rel}","templated":true}]}}