{"id":1647,"date":"2012-11-05T00:01:36","date_gmt":"2012-11-04T23:01:36","guid":{"rendered":"http:\/\/www.dominiqueduvivier.com\/?p=1647"},"modified":"2019-08-02T13:29:17","modified_gmt":"2019-08-02T11:29:17","slug":"podcast-et-si-cetait-vrai-emission-n8","status":"publish","type":"post","link":"https:\/\/www.dominiqueduvivier.com\/index.php\/2012\/11\/05\/podcast-et-si-cetait-vrai-emission-n8\/","title":{"rendered":"Podcast \u00ab Et si c\u2019\u00e9tait vrai ? \u00bb : \u00e9mission n\u00b08"},"content":{"rendered":"<p style=\"text-align: justify;\"><a href=\"https:\/\/www.dominiqueduvivier.com\/wp-content\/uploads\/2012\/05\/6a010534fb5e0e970b0162feb400d7970d.jpg\"><img loading=\"lazy\" class=\"alignleft size-thumbnail wp-image-345\" title=\"OLYMPUS DIGITAL CAMERA\" src=\"https:\/\/www.dominiqueduvivier.com\/wp-content\/uploads\/2012\/05\/6a010534fb5e0e970b0162feb400d7970d-150x150.jpg\" alt=\"\" width=\"150\" height=\"150\" srcset=\"https:\/\/www.dominiqueduvivier.com\/wp-content\/uploads\/2012\/05\/6a010534fb5e0e970b0162feb400d7970d-150x150.jpg 150w, https:\/\/www.dominiqueduvivier.com\/wp-content\/uploads\/2012\/05\/6a010534fb5e0e970b0162feb400d7970d-300x300.jpg 300w, https:\/\/www.dominiqueduvivier.com\/wp-content\/uploads\/2012\/05\/6a010534fb5e0e970b0162feb400d7970d.jpg 600w\" sizes=\"(max-width: 150px) 100vw, 150px\" \/><\/a>Chers amis,<\/p>\n<p style=\"text-align: justify;\">Et voici maintenant la 8\u00e8me \u00e9mission de mon podcast !<\/p>\n<p style=\"text-align: justify;\">Je vous rappelle que vous pouvez vous abonner au podcast directement par son RSS mais \u00e9galement sur iTunes : les personnes poss\u00e9dant des iPhones, iPod ou iPad peuvent donc s\u2019abonner directement (et gratuitement) sur la plateforme d\u2019Apple et disposeront ainsi automatiquement des prochains num\u00e9ros.<\/p>\n<p style=\"text-align: justify;\">C&rsquo;est le moment de mettre le volume et&#8230; en route !<\/p>\n<p style=\"text-align: justify;\"><a title=\"Pour \u00e9couter le podcast sur Itunes, cliquez ici !\" href=\"http:\/\/itunes.apple.com\/fr\/podcast\/et-si-cetait-vrai-entretiens\/id488572020?l=en \" target=\"_blank\" rel=\"noopener noreferrer\">Pour \u00e9couter le podcast sur Itunes, cliquez ici !<\/a><\/p>\n<p style=\"text-align: justify;\">Sinon, cliquez ci-dessous sur la barre d&rsquo;\u00e9coute&#8230;<\/p>\n<p style=\"text-align: justify;\">Bonne \u00e9coute \u00e0 tous<\/p>\n<p style=\"text-align: justify;\">Dominique DUVIVIER<\/p>\n<p>&nbsp;<\/p>\n<div class=\"powerpress_player\" id=\"powerpress_player_5635\"><!--[if lt IE 9]><script>document.createElement('audio');<\/script><![endif]-->\n<audio class=\"wp-audio-shortcode\" id=\"audio-1647-1\" preload=\"none\" style=\"width: 100%;\" controls=\"controls\"><source type=\"audio\/mpeg\" src=\"https:\/\/www.dominiqueduvivier.com\/wp-content\/uploads\/2012\/06\/etsicetaitvrai008.mp3?_=1\" \/><a href=\"https:\/\/www.dominiqueduvivier.com\/wp-content\/uploads\/2012\/06\/etsicetaitvrai008.mp3\">https:\/\/www.dominiqueduvivier.com\/wp-content\/uploads\/2012\/06\/etsicetaitvrai008.mp3<\/a><\/audio><\/div><p class=\"powerpress_links powerpress_links_mp3\">Podcast: <a href=\"https:\/\/www.dominiqueduvivier.com\/wp-content\/uploads\/2012\/06\/etsicetaitvrai008.mp3\" class=\"powerpress_link_pinw\" target=\"_blank\" title=\"Play in new window\" onclick=\"return powerpress_pinw('https:\/\/www.dominiqueduvivier.com\/?powerpress_pinw=1647-podcast');\" rel=\"nofollow\">Play in new window<\/a> | <a href=\"https:\/\/www.dominiqueduvivier.com\/wp-content\/uploads\/2012\/06\/etsicetaitvrai008.mp3\" class=\"powerpress_link_d\" title=\"Download\" rel=\"nofollow\" download=\"etsicetaitvrai008.mp3\">Download<\/a><\/p>","protected":false},"excerpt":{"rendered":"<p>Chers amis, Et voici maintenant la 8\u00e8me \u00e9mission de mon podcast ! Je vous rappelle que vous pouvez vous abonner au podcast directement par son RSS mais \u00e9galement sur iTunes : les personnes poss\u00e9dant des iPhones, iPod ou iPad peuvent donc s\u2019abonner directement (et gratuitement) sur la plateforme d\u2019Apple et disposeront ainsi automatiquement des prochains &hellip;<\/p>\n","protected":false},"author":2,"featured_media":0,"comment_status":"open","ping_status":"open","sticky":false,"template":"","format":"standard","meta":{"_monsterinsights_skip_tracking":false,"_monsterinsights_sitenote_active":false,"_monsterinsights_sitenote_note":"","_monsterinsights_sitenote_category":0,"ngg_post_thumbnail":0},"categories":[4,5],"tags":[11,12,14,15,18,23,27,29],"yoast_head":"<!-- This site is optimized with the Yoast SEO plugin v17.9 - https:\/\/yoast.com\/wordpress\/plugins\/seo\/ -->\n<title>Podcast \u00ab Et si c\u2019\u00e9tait vrai ? \u00bb : \u00e9mission n\u00b08 - Entretiens avec Dominique Duvivier - Toute la magie de Dominique Duvivier<\/title>\n<meta name=\"robots\" content=\"index, follow, max-snippet:-1, max-image-preview:large, max-video-preview:-1\" \/>\n<link rel=\"canonical\" href=\"https:\/\/www.dominiqueduvivier.com\/index.php\/2012\/11\/05\/podcast-et-si-cetait-vrai-emission-n8\/\" \/>\n<meta property=\"og:locale\" content=\"fr_FR\" \/>\n<meta property=\"og:type\" content=\"article\" \/>\n<meta property=\"og:title\" content=\"Podcast \u00ab Et si c\u2019\u00e9tait vrai ? \u00bb : \u00e9mission n\u00b08 - Entretiens avec Dominique Duvivier - Toute la magie de Dominique Duvivier\" \/>\n<meta property=\"og:description\" content=\"Chers amis, Et voici maintenant la 8\u00e8me \u00e9mission de mon podcast ! Je vous rappelle que vous pouvez vous abonner au podcast directement par son RSS mais \u00e9galement sur iTunes : les personnes poss\u00e9dant des iPhones, iPod ou iPad peuvent donc s\u2019abonner directement (et gratuitement) sur la plateforme d\u2019Apple et disposeront ainsi automatiquement des prochains &hellip;\" \/>\n<meta property=\"og:url\" content=\"https:\/\/www.dominiqueduvivier.com\/index.php\/2012\/11\/05\/podcast-et-si-cetait-vrai-emission-n8\/\" \/>\n<meta property=\"og:site_name\" content=\"Entretiens avec Dominique Duvivier - Toute la magie de Dominique Duvivier\" \/>\n<meta property=\"article:publisher\" content=\"https:\/\/www.facebook.com\/dominique.duvivier.1232\/\" \/>\n<meta property=\"article:published_time\" content=\"2012-11-04T23:01:36+00:00\" \/>\n<meta property=\"article:modified_time\" content=\"2019-08-02T11:29:17+00:00\" \/>\n<meta property=\"og:image\" content=\"https:\/\/www.dominiqueduvivier.com\/wp-content\/uploads\/2012\/05\/6a010534fb5e0e970b0162feb400d7970d-150x150.jpg\" \/>\n<meta name=\"twitter:card\" content=\"summary_large_image\" \/>\n<meta name=\"twitter:creator\" content=\"@DDUVIVIER\" \/>\n<meta name=\"twitter:site\" content=\"@DDUVIVIER\" \/>\n<meta name=\"twitter:label1\" content=\"\u00c9crit par\" \/>\n\t<meta name=\"twitter:data1\" content=\"Dominique Duvivier\" \/>\n<script type=\"application\/ld+json\" class=\"yoast-schema-graph\">{\"@context\":\"https:\/\/schema.org\",\"@graph\":[{\"@type\":\"WebSite\",\"@id\":\"https:\/\/www.dominiqueduvivier.com\/#website\",\"url\":\"https:\/\/www.dominiqueduvivier.com\/\",\"name\":\"Entretiens avec Dominique Duvivier - Toute la magie de Dominique Duvivier\",\"description\":\"Dominique Duvivier | Magicien\",\"potentialAction\":[{\"@type\":\"SearchAction\",\"target\":{\"@type\":\"EntryPoint\",\"urlTemplate\":\"https:\/\/www.dominiqueduvivier.com\/?s={search_term_string}\"},\"query-input\":\"required name=search_term_string\"}],\"inLanguage\":\"fr-FR\"},{\"@type\":\"ImageObject\",\"@id\":\"https:\/\/www.dominiqueduvivier.com\/index.php\/2012\/11\/05\/podcast-et-si-cetait-vrai-emission-n8\/#primaryimage\",\"inLanguage\":\"fr-FR\",\"url\":\"https:\/\/www.dominiqueduvivier.com\/wp-content\/uploads\/2012\/05\/6a010534fb5e0e970b0162feb400d7970d.jpg\",\"contentUrl\":\"https:\/\/www.dominiqueduvivier.com\/wp-content\/uploads\/2012\/05\/6a010534fb5e0e970b0162feb400d7970d.jpg\",\"width\":600,\"height\":600},{\"@type\":\"WebPage\",\"@id\":\"https:\/\/www.dominiqueduvivier.com\/index.php\/2012\/11\/05\/podcast-et-si-cetait-vrai-emission-n8\/#webpage\",\"url\":\"https:\/\/www.dominiqueduvivier.com\/index.php\/2012\/11\/05\/podcast-et-si-cetait-vrai-emission-n8\/\",\"name\":\"Podcast \\u00ab Et si c\\u2019\\u00e9tait vrai ? \\u00bb : \\u00e9mission n\\u00b08 - Entretiens avec Dominique Duvivier - Toute la magie de Dominique Duvivier\",\"isPartOf\":{\"@id\":\"https:\/\/www.dominiqueduvivier.com\/#website\"},\"primaryImageOfPage\":{\"@id\":\"https:\/\/www.dominiqueduvivier.com\/index.php\/2012\/11\/05\/podcast-et-si-cetait-vrai-emission-n8\/#primaryimage\"},\"datePublished\":\"2012-11-04T23:01:36+00:00\",\"dateModified\":\"2019-08-02T11:29:17+00:00\",\"author\":{\"@id\":\"https:\/\/www.dominiqueduvivier.com\/#\/schema\/person\/677c0bd6d5c5d21949cab39bb529a81c\"},\"breadcrumb\":{\"@id\":\"https:\/\/www.dominiqueduvivier.com\/index.php\/2012\/11\/05\/podcast-et-si-cetait-vrai-emission-n8\/#breadcrumb\"},\"inLanguage\":\"fr-FR\",\"potentialAction\":[{\"@type\":\"ReadAction\",\"target\":[\"https:\/\/www.dominiqueduvivier.com\/index.php\/2012\/11\/05\/podcast-et-si-cetait-vrai-emission-n8\/\"]}]},{\"@type\":\"BreadcrumbList\",\"@id\":\"https:\/\/www.dominiqueduvivier.com\/index.php\/2012\/11\/05\/podcast-et-si-cetait-vrai-emission-n8\/#breadcrumb\",\"itemListElement\":[{\"@type\":\"ListItem\",\"position\":1,\"name\":\"Accueil\",\"item\":\"https:\/\/www.dominiqueduvivier.com\/\"},{\"@type\":\"ListItem\",\"position\":2,\"name\":\"Podcast \\u00ab Et si c\\u2019\\u00e9tait vrai ? \\u00bb : \\u00e9mission n\\u00b08\"}]},{\"@type\":\"Person\",\"@id\":\"https:\/\/www.dominiqueduvivier.com\/#\/schema\/person\/677c0bd6d5c5d21949cab39bb529a81c\",\"name\":\"Dominique Duvivier\",\"image\":{\"@type\":\"ImageObject\",\"@id\":\"https:\/\/www.dominiqueduvivier.com\/#personlogo\",\"inLanguage\":\"fr-FR\",\"url\":\"https:\/\/www.dominiqueduvivier.com\/wp-content\/uploads\/2019\/04\/Double-Fond-1-2-excl-groupes-10-150x150.jpg\",\"contentUrl\":\"https:\/\/www.dominiqueduvivier.com\/wp-content\/uploads\/2019\/04\/Double-Fond-1-2-excl-groupes-10-150x150.jpg\",\"caption\":\"Dominique Duvivier\"},\"description\":\"\\u2663\\ufe0f Magicien. \\u2666\\ufe0f Ma\\u00eetre de l\\u2019art du #CloseUp. \\u2665\\ufe0f Cr\\u00e9ateur de tours et professeur. \\u2660\\ufe0f Fondateur @ledoublefond et directeur de Mayette Magie.\",\"url\":\"https:\/\/www.dominiqueduvivier.com\/index.php\/author\/dominique-duvivier\/\"}]}<\/script>\n<!-- \/ Yoast SEO plugin. -->","yoast_head_json":{"title":"Podcast \u00ab Et si c\u2019\u00e9tait vrai ? \u00bb : \u00e9mission n\u00b08 - Entretiens avec Dominique Duvivier - Toute la magie de Dominique Duvivier","robots":{"index":"index","follow":"follow","max-snippet":"max-snippet:-1","max-image-preview":"max-image-preview:large","max-video-preview":"max-video-preview:-1"},"canonical":"https:\/\/www.dominiqueduvivier.com\/index.php\/2012\/11\/05\/podcast-et-si-cetait-vrai-emission-n8\/","og_locale":"fr_FR","og_type":"article","og_title":"Podcast \u00ab Et si c\u2019\u00e9tait vrai ? \u00bb : \u00e9mission n\u00b08 - Entretiens avec Dominique Duvivier - Toute la magie de Dominique Duvivier","og_description":"Chers amis, Et voici maintenant la 8\u00e8me \u00e9mission de mon podcast ! Je vous rappelle que vous pouvez vous abonner au podcast directement par son RSS mais \u00e9galement sur iTunes : les personnes poss\u00e9dant des iPhones, iPod ou iPad peuvent donc s\u2019abonner directement (et gratuitement) sur la plateforme d\u2019Apple et disposeront ainsi automatiquement des prochains &hellip;","og_url":"https:\/\/www.dominiqueduvivier.com\/index.php\/2012\/11\/05\/podcast-et-si-cetait-vrai-emission-n8\/","og_site_name":"Entretiens avec Dominique Duvivier - Toute la magie de Dominique Duvivier","article_publisher":"https:\/\/www.facebook.com\/dominique.duvivier.1232\/","article_published_time":"2012-11-04T23:01:36+00:00","article_modified_time":"2019-08-02T11:29:17+00:00","og_image":[{"url":"https:\/\/www.dominiqueduvivier.com\/wp-content\/uploads\/2012\/05\/6a010534fb5e0e970b0162feb400d7970d-150x150.jpg"}],"twitter_card":"summary_large_image","twitter_creator":"@DDUVIVIER","twitter_site":"@DDUVIVIER","twitter_misc":{"\u00c9crit par":"Dominique Duvivier"},"schema":{"@context":"https:\/\/schema.org","@graph":[{"@type":"WebSite","@id":"https:\/\/www.dominiqueduvivier.com\/#website","url":"https:\/\/www.dominiqueduvivier.com\/","name":"Entretiens avec Dominique Duvivier - Toute la magie de Dominique Duvivier","description":"Dominique Duvivier | Magicien","potentialAction":[{"@type":"SearchAction","target":{"@type":"EntryPoint","urlTemplate":"https:\/\/www.dominiqueduvivier.com\/?s={search_term_string}"},"query-input":"required name=search_term_string"}],"inLanguage":"fr-FR"},{"@type":"ImageObject","@id":"https:\/\/www.dominiqueduvivier.com\/index.php\/2012\/11\/05\/podcast-et-si-cetait-vrai-emission-n8\/#primaryimage","inLanguage":"fr-FR","url":"https:\/\/www.dominiqueduvivier.com\/wp-content\/uploads\/2012\/05\/6a010534fb5e0e970b0162feb400d7970d.jpg","contentUrl":"https:\/\/www.dominiqueduvivier.com\/wp-content\/uploads\/2012\/05\/6a010534fb5e0e970b0162feb400d7970d.jpg","width":600,"height":600},{"@type":"WebPage","@id":"https:\/\/www.dominiqueduvivier.com\/index.php\/2012\/11\/05\/podcast-et-si-cetait-vrai-emission-n8\/#webpage","url":"https:\/\/www.dominiqueduvivier.com\/index.php\/2012\/11\/05\/podcast-et-si-cetait-vrai-emission-n8\/","name":"Podcast \u00ab Et si c\u2019\u00e9tait vrai ? \u00bb : \u00e9mission n\u00b08 - Entretiens avec Dominique Duvivier - Toute la magie de Dominique Duvivier","isPartOf":{"@id":"https:\/\/www.dominiqueduvivier.com\/#website"},"primaryImageOfPage":{"@id":"https:\/\/www.dominiqueduvivier.com\/index.php\/2012\/11\/05\/podcast-et-si-cetait-vrai-emission-n8\/#primaryimage"},"datePublished":"2012-11-04T23:01:36+00:00","dateModified":"2019-08-02T11:29:17+00:00","author":{"@id":"https:\/\/www.dominiqueduvivier.com\/#\/schema\/person\/677c0bd6d5c5d21949cab39bb529a81c"},"breadcrumb":{"@id":"https:\/\/www.dominiqueduvivier.com\/index.php\/2012\/11\/05\/podcast-et-si-cetait-vrai-emission-n8\/#breadcrumb"},"inLanguage":"fr-FR","potentialAction":[{"@type":"ReadAction","target":["https:\/\/www.dominiqueduvivier.com\/index.php\/2012\/11\/05\/podcast-et-si-cetait-vrai-emission-n8\/"]}]},{"@type":"BreadcrumbList","@id":"https:\/\/www.dominiqueduvivier.com\/index.php\/2012\/11\/05\/podcast-et-si-cetait-vrai-emission-n8\/#breadcrumb","itemListElement":[{"@type":"ListItem","position":1,"name":"Accueil","item":"https:\/\/www.dominiqueduvivier.com\/"},{"@type":"ListItem","position":2,"name":"Podcast \u00ab Et si c\u2019\u00e9tait vrai ? \u00bb : \u00e9mission n\u00b08"}]},{"@type":"Person","@id":"https:\/\/www.dominiqueduvivier.com\/#\/schema\/person\/677c0bd6d5c5d21949cab39bb529a81c","name":"Dominique Duvivier","image":{"@type":"ImageObject","@id":"https:\/\/www.dominiqueduvivier.com\/#personlogo","inLanguage":"fr-FR","url":"https:\/\/www.dominiqueduvivier.com\/wp-content\/uploads\/2019\/04\/Double-Fond-1-2-excl-groupes-10-150x150.jpg","contentUrl":"https:\/\/www.dominiqueduvivier.com\/wp-content\/uploads\/2019\/04\/Double-Fond-1-2-excl-groupes-10-150x150.jpg","caption":"Dominique Duvivier"},"description":"\u2663\ufe0f Magicien. \u2666\ufe0f Ma\u00eetre de l\u2019art du #CloseUp. \u2665\ufe0f Cr\u00e9ateur de tours et professeur. \u2660\ufe0f Fondateur @ledoublefond et directeur de Mayette Magie.","url":"https:\/\/www.dominiqueduvivier.com\/index.php\/author\/dominique-duvivier\/"}]}},"_links":{"self":[{"href":"https:\/\/www.dominiqueduvivier.com\/index.php\/wp-json\/wp\/v2\/posts\/1647"}],"collection":[{"href":"https:\/\/www.dominiqueduvivier.com\/index.php\/wp-json\/wp\/v2\/posts"}],"about":[{"href":"https:\/\/www.dominiqueduvivier.com\/index.php\/wp-json\/wp\/v2\/types\/post"}],"author":[{"embeddable":true,"href":"https:\/\/www.dominiqueduvivier.com\/index.php\/wp-json\/wp\/v2\/users\/2"}],"replies":[{"embeddable":true,"href":"https:\/\/www.dominiqueduvivier.com\/index.php\/wp-json\/wp\/v2\/comments?post=1647"}],"version-history":[{"count":1,"href":"https:\/\/www.dominiqueduvivier.com\/index.php\/wp-json\/wp\/v2\/posts\/1647\/revisions"}],"predecessor-version":[{"id":5665,"href":"https:\/\/www.dominiqueduvivier.com\/index.php\/wp-json\/wp\/v2\/posts\/1647\/revisions\/5665"}],"wp:attachment":[{"href":"https:\/\/www.dominiqueduvivier.com\/index.php\/wp-json\/wp\/v2\/media?parent=1647"}],"wp:term":[{"taxonomy":"category","embeddable":true,"href":"https:\/\/www.dominiqueduvivier.com\/index.php\/wp-json\/wp\/v2\/categories?post=1647"},{"taxonomy":"post_tag","embeddable":true,"href":"https:\/\/www.dominiqueduvivier.com\/index.php\/wp-json\/wp\/v2\/tags?post=1647"}],"curies":[{"name":"wp","href":"https:\/\/api.w.org\/{rel}","templated":true}]}}