{"id":1313,"date":"2012-06-25T01:52:40","date_gmt":"2012-06-24T23:52:40","guid":{"rendered":"http:\/\/www.dominiqueduvivier.com\/?p=1313"},"modified":"2019-08-02T13:23:20","modified_gmt":"2019-08-02T11:23:20","slug":"tommy-wonder-mon-ami","status":"publish","type":"post","link":"https:\/\/www.dominiqueduvivier.com\/index.php\/2012\/06\/25\/tommy-wonder-mon-ami\/","title":{"rendered":"TOMMY WONDER, mon ami"},"content":{"rendered":"<p style=\"text-align: justify;\"><strong>\u00a0<\/strong>Demain, le 26 juin, cela fera 6 ans que mon ami Tommy nous aura quitt\u00e9. Il n\u2019avait que 52 ans. Ma peine est intacte. Je ne veux pas devenir pompeux, mais voil\u00e0\u00a0: il me manque.<\/p>\n<figure id=\"attachment_1314\" aria-describedby=\"caption-attachment-1314\" style=\"width: 225px\" class=\"wp-caption alignleft\"><a href=\"https:\/\/www.dominiqueduvivier.com\/2012\/06\/25\/tommy-wonder-mon-ami\/dscn0125\/\" rel=\"attachment wp-att-1314\"><img loading=\"lazy\" class=\" wp-image-1314\" title=\"Tommy Wonder\" src=\"https:\/\/www.dominiqueduvivier.com\/wp-content\/uploads\/2012\/06\/DSCN0125-225x300.jpg\" alt=\"\" width=\"225\" height=\"300\" srcset=\"https:\/\/www.dominiqueduvivier.com\/wp-content\/uploads\/2012\/06\/DSCN0125-225x300.jpg 225w, https:\/\/www.dominiqueduvivier.com\/wp-content\/uploads\/2012\/06\/DSCN0125-768x1024.jpg 768w, https:\/\/www.dominiqueduvivier.com\/wp-content\/uploads\/2012\/06\/DSCN0125.jpg 1920w\" sizes=\"(max-width: 225px) 100vw, 225px\" \/><\/a><figcaption id=\"caption-attachment-1314\" class=\"wp-caption-text\">Tommy Wonder : 1953-2006<\/figcaption><\/figure>\n<p style=\"text-align: justify;\">Tommy, ce n\u2019est pas possible autrement\u00a0: je sais que tu me lis de l\u00e0 o\u00f9 tu es\u2026 Alors sache que je pense \u00e0 toi et que je t\u2019emm\u00e8ne un peu partout avec moi dans ces moments o\u00f9 je suis \u00e0 ma table en train d\u2019imaginer de nouvelles folies magiques\u2026 Je t\u2019imagine \u00e0 mes c\u00f4t\u00e9s et tu me soutiens\u2026 Tu me donnes la force et l\u2019envie d\u2019aller encore et toujours plus loin, l\u00e0 o\u00f9 personne n\u2019est encore all\u00e9\u00a0! Je suis bien content de te le dire une bonne fois\u2026 Dis-donc, tu as vu ma derni\u00e8re petite nouveaut\u00e9 avec un sac noir\u00a0? \u00e7a le fait, non\u00a0? Sans toi, je n\u2019y serais pas arriv\u00e9 (pas mal l\u2019astuce du contrepoids, n\u2019est-ce pas\u00a0? mais bien s\u00fbr que tu l\u2019as vue\u2026). Et le tour que tu m\u2019as donn\u00e9 juste avant de partir\u2026 le tour avec tes petits couvercles\u00a0? Tu as vu la version que j\u2019ai bricol\u00e9e avec\u00a0? Tu me diras ce que tu en penses, hein\u00a0?<\/p>\n<p style=\"text-align: justify;\">Je t\u2019entends encore au t\u00e9l\u00e9phone quelques jours avant ton d\u00e9part\u2026 Ton seul regret \u00e9tait de ne plus avoir la force de fabriquer ton dernier tour. Tu continuais de p\u00e9tiller. C\u2019est juste la force qui te manquait. Pas le courage. Quelle le\u00e7on.<\/p>\n<p style=\"text-align: justify;\">Je t\u2019aime, mon ami.<\/p>\n","protected":false},"excerpt":{"rendered":"<p>\u00a0Demain, le 26 juin, cela fera 6 ans que mon ami Tommy nous aura quitt\u00e9. Il n\u2019avait que 52 ans. Ma peine est intacte. Je ne veux pas devenir pompeux, mais voil\u00e0\u00a0: il me manque. Tommy, ce n\u2019est pas possible autrement\u00a0: je sais que tu me lis de l\u00e0 o\u00f9 tu es\u2026 Alors sache que &hellip;<\/p>\n","protected":false},"author":2,"featured_media":0,"comment_status":"open","ping_status":"open","sticky":false,"template":"","format":"standard","meta":{"_monsterinsights_skip_tracking":false,"_monsterinsights_sitenote_active":false,"_monsterinsights_sitenote_note":"","_monsterinsights_sitenote_category":0,"ngg_post_thumbnail":0},"categories":[4],"tags":[11,12,14,18,23,27],"yoast_head":"<!-- This site is optimized with the Yoast SEO plugin v17.9 - https:\/\/yoast.com\/wordpress\/plugins\/seo\/ -->\n<title>TOMMY WONDER, mon ami - Entretiens avec Dominique Duvivier - Toute la magie de Dominique Duvivier<\/title>\n<meta name=\"robots\" content=\"index, follow, max-snippet:-1, max-image-preview:large, max-video-preview:-1\" \/>\n<link rel=\"canonical\" href=\"https:\/\/www.dominiqueduvivier.com\/index.php\/2012\/06\/25\/tommy-wonder-mon-ami\/\" \/>\n<meta property=\"og:locale\" content=\"fr_FR\" \/>\n<meta property=\"og:type\" content=\"article\" \/>\n<meta property=\"og:title\" content=\"TOMMY WONDER, mon ami - Entretiens avec Dominique Duvivier - Toute la magie de Dominique Duvivier\" \/>\n<meta property=\"og:description\" content=\"\u00a0Demain, le 26 juin, cela fera 6 ans que mon ami Tommy nous aura quitt\u00e9. Il n\u2019avait que 52 ans. Ma peine est intacte. Je ne veux pas devenir pompeux, mais voil\u00e0\u00a0: il me manque. Tommy, ce n\u2019est pas possible autrement\u00a0: je sais que tu me lis de l\u00e0 o\u00f9 tu es\u2026 Alors sache que &hellip;\" \/>\n<meta property=\"og:url\" content=\"https:\/\/www.dominiqueduvivier.com\/index.php\/2012\/06\/25\/tommy-wonder-mon-ami\/\" \/>\n<meta property=\"og:site_name\" content=\"Entretiens avec Dominique Duvivier - Toute la magie de Dominique Duvivier\" \/>\n<meta property=\"article:publisher\" content=\"https:\/\/www.facebook.com\/dominique.duvivier.1232\/\" \/>\n<meta property=\"article:published_time\" content=\"2012-06-24T23:52:40+00:00\" \/>\n<meta property=\"article:modified_time\" content=\"2019-08-02T11:23:20+00:00\" \/>\n<meta property=\"og:image\" content=\"https:\/\/www.dominiqueduvivier.com\/wp-content\/uploads\/2012\/06\/DSCN0125-225x300.jpg\" \/>\n<meta name=\"twitter:card\" content=\"summary_large_image\" \/>\n<meta name=\"twitter:creator\" content=\"@DDUVIVIER\" \/>\n<meta name=\"twitter:site\" content=\"@DDUVIVIER\" \/>\n<meta name=\"twitter:label1\" content=\"\u00c9crit par\" \/>\n\t<meta name=\"twitter:data1\" content=\"Dominique Duvivier\" \/>\n\t<meta name=\"twitter:label2\" content=\"Dur\u00e9e de lecture estim\u00e9e\" \/>\n\t<meta name=\"twitter:data2\" content=\"1 minute\" \/>\n<script type=\"application\/ld+json\" class=\"yoast-schema-graph\">{\"@context\":\"https:\/\/schema.org\",\"@graph\":[{\"@type\":\"WebSite\",\"@id\":\"https:\/\/www.dominiqueduvivier.com\/#website\",\"url\":\"https:\/\/www.dominiqueduvivier.com\/\",\"name\":\"Entretiens avec Dominique Duvivier - Toute la magie de Dominique Duvivier\",\"description\":\"Dominique Duvivier | Magicien\",\"potentialAction\":[{\"@type\":\"SearchAction\",\"target\":{\"@type\":\"EntryPoint\",\"urlTemplate\":\"https:\/\/www.dominiqueduvivier.com\/?s={search_term_string}\"},\"query-input\":\"required name=search_term_string\"}],\"inLanguage\":\"fr-FR\"},{\"@type\":\"ImageObject\",\"@id\":\"https:\/\/www.dominiqueduvivier.com\/index.php\/2012\/06\/25\/tommy-wonder-mon-ami\/#primaryimage\",\"inLanguage\":\"fr-FR\",\"url\":\"https:\/\/www.dominiqueduvivier.com\/wp-content\/uploads\/2012\/06\/DSCN0125.jpg\",\"contentUrl\":\"https:\/\/www.dominiqueduvivier.com\/wp-content\/uploads\/2012\/06\/DSCN0125.jpg\",\"width\":1920,\"height\":2560,\"caption\":\"1953-2006\"},{\"@type\":\"WebPage\",\"@id\":\"https:\/\/www.dominiqueduvivier.com\/index.php\/2012\/06\/25\/tommy-wonder-mon-ami\/#webpage\",\"url\":\"https:\/\/www.dominiqueduvivier.com\/index.php\/2012\/06\/25\/tommy-wonder-mon-ami\/\",\"name\":\"TOMMY WONDER, mon ami - Entretiens avec Dominique Duvivier - Toute la magie de Dominique Duvivier\",\"isPartOf\":{\"@id\":\"https:\/\/www.dominiqueduvivier.com\/#website\"},\"primaryImageOfPage\":{\"@id\":\"https:\/\/www.dominiqueduvivier.com\/index.php\/2012\/06\/25\/tommy-wonder-mon-ami\/#primaryimage\"},\"datePublished\":\"2012-06-24T23:52:40+00:00\",\"dateModified\":\"2019-08-02T11:23:20+00:00\",\"author\":{\"@id\":\"https:\/\/www.dominiqueduvivier.com\/#\/schema\/person\/677c0bd6d5c5d21949cab39bb529a81c\"},\"breadcrumb\":{\"@id\":\"https:\/\/www.dominiqueduvivier.com\/index.php\/2012\/06\/25\/tommy-wonder-mon-ami\/#breadcrumb\"},\"inLanguage\":\"fr-FR\",\"potentialAction\":[{\"@type\":\"ReadAction\",\"target\":[\"https:\/\/www.dominiqueduvivier.com\/index.php\/2012\/06\/25\/tommy-wonder-mon-ami\/\"]}]},{\"@type\":\"BreadcrumbList\",\"@id\":\"https:\/\/www.dominiqueduvivier.com\/index.php\/2012\/06\/25\/tommy-wonder-mon-ami\/#breadcrumb\",\"itemListElement\":[{\"@type\":\"ListItem\",\"position\":1,\"name\":\"Accueil\",\"item\":\"https:\/\/www.dominiqueduvivier.com\/\"},{\"@type\":\"ListItem\",\"position\":2,\"name\":\"TOMMY WONDER, mon ami\"}]},{\"@type\":\"Person\",\"@id\":\"https:\/\/www.dominiqueduvivier.com\/#\/schema\/person\/677c0bd6d5c5d21949cab39bb529a81c\",\"name\":\"Dominique Duvivier\",\"image\":{\"@type\":\"ImageObject\",\"@id\":\"https:\/\/www.dominiqueduvivier.com\/#personlogo\",\"inLanguage\":\"fr-FR\",\"url\":\"https:\/\/www.dominiqueduvivier.com\/wp-content\/uploads\/2019\/04\/Double-Fond-1-2-excl-groupes-10-150x150.jpg\",\"contentUrl\":\"https:\/\/www.dominiqueduvivier.com\/wp-content\/uploads\/2019\/04\/Double-Fond-1-2-excl-groupes-10-150x150.jpg\",\"caption\":\"Dominique Duvivier\"},\"description\":\"\\u2663\\ufe0f Magicien. \\u2666\\ufe0f Ma\\u00eetre de l\\u2019art du #CloseUp. \\u2665\\ufe0f Cr\\u00e9ateur de tours et professeur. \\u2660\\ufe0f Fondateur @ledoublefond et directeur de Mayette Magie.\",\"url\":\"https:\/\/www.dominiqueduvivier.com\/index.php\/author\/dominique-duvivier\/\"}]}<\/script>\n<!-- \/ Yoast SEO plugin. -->","yoast_head_json":{"title":"TOMMY WONDER, mon ami - Entretiens avec Dominique Duvivier - Toute la magie de Dominique Duvivier","robots":{"index":"index","follow":"follow","max-snippet":"max-snippet:-1","max-image-preview":"max-image-preview:large","max-video-preview":"max-video-preview:-1"},"canonical":"https:\/\/www.dominiqueduvivier.com\/index.php\/2012\/06\/25\/tommy-wonder-mon-ami\/","og_locale":"fr_FR","og_type":"article","og_title":"TOMMY WONDER, mon ami - Entretiens avec Dominique Duvivier - Toute la magie de Dominique Duvivier","og_description":"\u00a0Demain, le 26 juin, cela fera 6 ans que mon ami Tommy nous aura quitt\u00e9. Il n\u2019avait que 52 ans. Ma peine est intacte. Je ne veux pas devenir pompeux, mais voil\u00e0\u00a0: il me manque. Tommy, ce n\u2019est pas possible autrement\u00a0: je sais que tu me lis de l\u00e0 o\u00f9 tu es\u2026 Alors sache que &hellip;","og_url":"https:\/\/www.dominiqueduvivier.com\/index.php\/2012\/06\/25\/tommy-wonder-mon-ami\/","og_site_name":"Entretiens avec Dominique Duvivier - Toute la magie de Dominique Duvivier","article_publisher":"https:\/\/www.facebook.com\/dominique.duvivier.1232\/","article_published_time":"2012-06-24T23:52:40+00:00","article_modified_time":"2019-08-02T11:23:20+00:00","og_image":[{"url":"https:\/\/www.dominiqueduvivier.com\/wp-content\/uploads\/2012\/06\/DSCN0125-225x300.jpg"}],"twitter_card":"summary_large_image","twitter_creator":"@DDUVIVIER","twitter_site":"@DDUVIVIER","twitter_misc":{"\u00c9crit par":"Dominique Duvivier","Dur\u00e9e de lecture estim\u00e9e":"1 minute"},"schema":{"@context":"https:\/\/schema.org","@graph":[{"@type":"WebSite","@id":"https:\/\/www.dominiqueduvivier.com\/#website","url":"https:\/\/www.dominiqueduvivier.com\/","name":"Entretiens avec Dominique Duvivier - Toute la magie de Dominique Duvivier","description":"Dominique Duvivier | Magicien","potentialAction":[{"@type":"SearchAction","target":{"@type":"EntryPoint","urlTemplate":"https:\/\/www.dominiqueduvivier.com\/?s={search_term_string}"},"query-input":"required name=search_term_string"}],"inLanguage":"fr-FR"},{"@type":"ImageObject","@id":"https:\/\/www.dominiqueduvivier.com\/index.php\/2012\/06\/25\/tommy-wonder-mon-ami\/#primaryimage","inLanguage":"fr-FR","url":"https:\/\/www.dominiqueduvivier.com\/wp-content\/uploads\/2012\/06\/DSCN0125.jpg","contentUrl":"https:\/\/www.dominiqueduvivier.com\/wp-content\/uploads\/2012\/06\/DSCN0125.jpg","width":1920,"height":2560,"caption":"1953-2006"},{"@type":"WebPage","@id":"https:\/\/www.dominiqueduvivier.com\/index.php\/2012\/06\/25\/tommy-wonder-mon-ami\/#webpage","url":"https:\/\/www.dominiqueduvivier.com\/index.php\/2012\/06\/25\/tommy-wonder-mon-ami\/","name":"TOMMY WONDER, mon ami - Entretiens avec Dominique Duvivier - Toute la magie de Dominique Duvivier","isPartOf":{"@id":"https:\/\/www.dominiqueduvivier.com\/#website"},"primaryImageOfPage":{"@id":"https:\/\/www.dominiqueduvivier.com\/index.php\/2012\/06\/25\/tommy-wonder-mon-ami\/#primaryimage"},"datePublished":"2012-06-24T23:52:40+00:00","dateModified":"2019-08-02T11:23:20+00:00","author":{"@id":"https:\/\/www.dominiqueduvivier.com\/#\/schema\/person\/677c0bd6d5c5d21949cab39bb529a81c"},"breadcrumb":{"@id":"https:\/\/www.dominiqueduvivier.com\/index.php\/2012\/06\/25\/tommy-wonder-mon-ami\/#breadcrumb"},"inLanguage":"fr-FR","potentialAction":[{"@type":"ReadAction","target":["https:\/\/www.dominiqueduvivier.com\/index.php\/2012\/06\/25\/tommy-wonder-mon-ami\/"]}]},{"@type":"BreadcrumbList","@id":"https:\/\/www.dominiqueduvivier.com\/index.php\/2012\/06\/25\/tommy-wonder-mon-ami\/#breadcrumb","itemListElement":[{"@type":"ListItem","position":1,"name":"Accueil","item":"https:\/\/www.dominiqueduvivier.com\/"},{"@type":"ListItem","position":2,"name":"TOMMY WONDER, mon ami"}]},{"@type":"Person","@id":"https:\/\/www.dominiqueduvivier.com\/#\/schema\/person\/677c0bd6d5c5d21949cab39bb529a81c","name":"Dominique Duvivier","image":{"@type":"ImageObject","@id":"https:\/\/www.dominiqueduvivier.com\/#personlogo","inLanguage":"fr-FR","url":"https:\/\/www.dominiqueduvivier.com\/wp-content\/uploads\/2019\/04\/Double-Fond-1-2-excl-groupes-10-150x150.jpg","contentUrl":"https:\/\/www.dominiqueduvivier.com\/wp-content\/uploads\/2019\/04\/Double-Fond-1-2-excl-groupes-10-150x150.jpg","caption":"Dominique Duvivier"},"description":"\u2663\ufe0f Magicien. \u2666\ufe0f Ma\u00eetre de l\u2019art du #CloseUp. \u2665\ufe0f Cr\u00e9ateur de tours et professeur. \u2660\ufe0f Fondateur @ledoublefond et directeur de Mayette Magie.","url":"https:\/\/www.dominiqueduvivier.com\/index.php\/author\/dominique-duvivier\/"}]}},"_links":{"self":[{"href":"https:\/\/www.dominiqueduvivier.com\/index.php\/wp-json\/wp\/v2\/posts\/1313"}],"collection":[{"href":"https:\/\/www.dominiqueduvivier.com\/index.php\/wp-json\/wp\/v2\/posts"}],"about":[{"href":"https:\/\/www.dominiqueduvivier.com\/index.php\/wp-json\/wp\/v2\/types\/post"}],"author":[{"embeddable":true,"href":"https:\/\/www.dominiqueduvivier.com\/index.php\/wp-json\/wp\/v2\/users\/2"}],"replies":[{"embeddable":true,"href":"https:\/\/www.dominiqueduvivier.com\/index.php\/wp-json\/wp\/v2\/comments?post=1313"}],"version-history":[{"count":1,"href":"https:\/\/www.dominiqueduvivier.com\/index.php\/wp-json\/wp\/v2\/posts\/1313\/revisions"}],"predecessor-version":[{"id":5274,"href":"https:\/\/www.dominiqueduvivier.com\/index.php\/wp-json\/wp\/v2\/posts\/1313\/revisions\/5274"}],"wp:attachment":[{"href":"https:\/\/www.dominiqueduvivier.com\/index.php\/wp-json\/wp\/v2\/media?parent=1313"}],"wp:term":[{"taxonomy":"category","embeddable":true,"href":"https:\/\/www.dominiqueduvivier.com\/index.php\/wp-json\/wp\/v2\/categories?post=1313"},{"taxonomy":"post_tag","embeddable":true,"href":"https:\/\/www.dominiqueduvivier.com\/index.php\/wp-json\/wp\/v2\/tags?post=1313"}],"curies":[{"name":"wp","href":"https:\/\/api.w.org\/{rel}","templated":true}]}}