{"id":1260,"date":"2012-06-17T00:01:50","date_gmt":"2012-06-17T00:01:50","guid":{"rendered":"http:\/\/www.dominiqueduvivier.com\/?p=1260"},"modified":"2019-08-02T13:29:55","modified_gmt":"2019-08-02T11:29:55","slug":"je-suis-bien-avec-vous","status":"publish","type":"post","link":"https:\/\/www.dominiqueduvivier.com\/index.php\/2012\/06\/17\/je-suis-bien-avec-vous\/","title":{"rendered":"JE SUIS BIEN AVEC VOUS\u2026"},"content":{"rendered":"<p style=\"text-align: justify;\">Bient\u00f4t d\u00e9j\u00e0 quatre ans que ce blog existe et moi je dis\u00a0: je suis bien avec vous\u2026<\/p>\n<p style=\"text-align: justify;\">Tellement bien que, comme vous avez pu remarquer, un blog tout beau tout neuf vous attendait pour notre rendez-vous hebdomadaire. Plus rapide, plus clair, plus \u00ab\u00a0mieux\u00a0\u00bb quoi\u00a0! C\u2019est le pied\u2026 Il fallait bien \u00e7a pour continuer le voyage ensemble.<\/p>\n<p style=\"text-align: justify;\">Internet a ses d\u00e9fauts, mais pas que\u2026 il faut l\u2019avouer. Savez-vous, chers lecteurs, que vous \u00eates des milliers \u00e0 vous retrouver chaque semaine sur ce blog\u00a0? Et que vous venez du monde entier\u00a0? C\u2019est assez fascinant\u2026 et encourageant\u00a0!\u00a0 Je vous ai d\u2019ailleurs pr\u00e9par\u00e9 plein de choses pour les ann\u00e9es \u00e0 venir. Je pense que cela devrait vous plaire\u2026<\/p>\n<p style=\"text-align: justify;\">Au fait, si vous avez des suggestions, des envies par rapport \u00e0 ce blog, n\u2019h\u00e9sitez pas\u00a0!<\/p>\n<p style=\"text-align: justify;\">Voil\u00e0, c\u2019est tout\u00a0! C\u2019\u00e9tait le message du jour et cela vous laisse le temps de fouiller le \u00ab\u00a0nouveau\u00a0\u00bb blog sous toutes ses coutures\u2026 Tiens, cliquez sur la galerie de photos \u00ab\u00a0\u00ab En direct du Double Fond\u00a0\u00bb, c\u2019est sympa. Et il y a plein d\u2019autres surprises\u2026<\/p>\n<p style=\"text-align: justify;\">Avec toute mon amiti\u00e9<\/p>\n<p style=\"text-align: justify;\">Dominique Duvivier<\/p>\n","protected":false},"excerpt":{"rendered":"<p>Bient\u00f4t d\u00e9j\u00e0 quatre ans que ce blog existe et moi je dis\u00a0: je suis bien avec vous\u2026 Tellement bien que, comme vous avez pu remarquer, un blog tout beau tout neuf vous attendait pour notre rendez-vous hebdomadaire. Plus rapide, plus clair, plus \u00ab\u00a0mieux\u00a0\u00bb quoi\u00a0! C\u2019est le pied\u2026 Il fallait bien \u00e7a pour continuer le voyage &hellip;<\/p>\n","protected":false},"author":2,"featured_media":0,"comment_status":"open","ping_status":"open","sticky":false,"template":"","format":"standard","meta":{"_monsterinsights_skip_tracking":false,"_monsterinsights_sitenote_active":false,"_monsterinsights_sitenote_note":"","_monsterinsights_sitenote_category":0,"ngg_post_thumbnail":0},"categories":[4],"tags":[11,12,14,18,23,27],"yoast_head":"<!-- This site is optimized with the Yoast SEO plugin v17.9 - https:\/\/yoast.com\/wordpress\/plugins\/seo\/ -->\n<title>JE SUIS BIEN AVEC VOUS\u2026 - Entretiens avec Dominique Duvivier - Toute la magie de Dominique Duvivier<\/title>\n<meta name=\"robots\" content=\"index, follow, max-snippet:-1, max-image-preview:large, max-video-preview:-1\" \/>\n<link rel=\"canonical\" href=\"https:\/\/www.dominiqueduvivier.com\/index.php\/2012\/06\/17\/je-suis-bien-avec-vous\/\" \/>\n<meta property=\"og:locale\" content=\"fr_FR\" \/>\n<meta property=\"og:type\" content=\"article\" \/>\n<meta property=\"og:title\" content=\"JE SUIS BIEN AVEC VOUS\u2026 - Entretiens avec Dominique Duvivier - Toute la magie de Dominique Duvivier\" \/>\n<meta property=\"og:description\" content=\"Bient\u00f4t d\u00e9j\u00e0 quatre ans que ce blog existe et moi je dis\u00a0: je suis bien avec vous\u2026 Tellement bien que, comme vous avez pu remarquer, un blog tout beau tout neuf vous attendait pour notre rendez-vous hebdomadaire. Plus rapide, plus clair, plus \u00ab\u00a0mieux\u00a0\u00bb quoi\u00a0! C\u2019est le pied\u2026 Il fallait bien \u00e7a pour continuer le voyage &hellip;\" \/>\n<meta property=\"og:url\" content=\"https:\/\/www.dominiqueduvivier.com\/index.php\/2012\/06\/17\/je-suis-bien-avec-vous\/\" \/>\n<meta property=\"og:site_name\" content=\"Entretiens avec Dominique Duvivier - Toute la magie de Dominique Duvivier\" \/>\n<meta property=\"article:publisher\" content=\"https:\/\/www.facebook.com\/dominique.duvivier.1232\/\" \/>\n<meta property=\"article:published_time\" content=\"2012-06-17T00:01:50+00:00\" \/>\n<meta property=\"article:modified_time\" content=\"2019-08-02T11:29:55+00:00\" \/>\n<meta property=\"og:image\" content=\"https:\/\/www.dominiqueduvivier.com\/wp-content\/uploads\/2014\/08\/Logo-Double-Fond-2014.jpg\" \/>\n\t<meta property=\"og:image:width\" content=\"2145\" \/>\n\t<meta property=\"og:image:height\" content=\"1299\" \/>\n\t<meta property=\"og:image:type\" content=\"image\/jpeg\" \/>\n<meta name=\"twitter:card\" content=\"summary_large_image\" \/>\n<meta name=\"twitter:creator\" content=\"@DDUVIVIER\" \/>\n<meta name=\"twitter:site\" content=\"@DDUVIVIER\" \/>\n<meta name=\"twitter:label1\" content=\"\u00c9crit par\" \/>\n\t<meta name=\"twitter:data1\" content=\"Dominique Duvivier\" \/>\n\t<meta name=\"twitter:label2\" content=\"Dur\u00e9e de lecture estim\u00e9e\" \/>\n\t<meta name=\"twitter:data2\" content=\"1 minute\" \/>\n<script type=\"application\/ld+json\" class=\"yoast-schema-graph\">{\"@context\":\"https:\/\/schema.org\",\"@graph\":[{\"@type\":\"WebSite\",\"@id\":\"https:\/\/www.dominiqueduvivier.com\/#website\",\"url\":\"https:\/\/www.dominiqueduvivier.com\/\",\"name\":\"Entretiens avec Dominique Duvivier - Toute la magie de Dominique Duvivier\",\"description\":\"Dominique Duvivier | Magicien\",\"potentialAction\":[{\"@type\":\"SearchAction\",\"target\":{\"@type\":\"EntryPoint\",\"urlTemplate\":\"https:\/\/www.dominiqueduvivier.com\/?s={search_term_string}\"},\"query-input\":\"required name=search_term_string\"}],\"inLanguage\":\"fr-FR\"},{\"@type\":\"WebPage\",\"@id\":\"https:\/\/www.dominiqueduvivier.com\/index.php\/2012\/06\/17\/je-suis-bien-avec-vous\/#webpage\",\"url\":\"https:\/\/www.dominiqueduvivier.com\/index.php\/2012\/06\/17\/je-suis-bien-avec-vous\/\",\"name\":\"JE SUIS BIEN AVEC VOUS\\u2026 - Entretiens avec Dominique Duvivier - Toute la magie de Dominique Duvivier\",\"isPartOf\":{\"@id\":\"https:\/\/www.dominiqueduvivier.com\/#website\"},\"datePublished\":\"2012-06-17T00:01:50+00:00\",\"dateModified\":\"2019-08-02T11:29:55+00:00\",\"author\":{\"@id\":\"https:\/\/www.dominiqueduvivier.com\/#\/schema\/person\/677c0bd6d5c5d21949cab39bb529a81c\"},\"breadcrumb\":{\"@id\":\"https:\/\/www.dominiqueduvivier.com\/index.php\/2012\/06\/17\/je-suis-bien-avec-vous\/#breadcrumb\"},\"inLanguage\":\"fr-FR\",\"potentialAction\":[{\"@type\":\"ReadAction\",\"target\":[\"https:\/\/www.dominiqueduvivier.com\/index.php\/2012\/06\/17\/je-suis-bien-avec-vous\/\"]}]},{\"@type\":\"BreadcrumbList\",\"@id\":\"https:\/\/www.dominiqueduvivier.com\/index.php\/2012\/06\/17\/je-suis-bien-avec-vous\/#breadcrumb\",\"itemListElement\":[{\"@type\":\"ListItem\",\"position\":1,\"name\":\"Accueil\",\"item\":\"https:\/\/www.dominiqueduvivier.com\/\"},{\"@type\":\"ListItem\",\"position\":2,\"name\":\"JE SUIS BIEN AVEC VOUS\\u2026\"}]},{\"@type\":\"Person\",\"@id\":\"https:\/\/www.dominiqueduvivier.com\/#\/schema\/person\/677c0bd6d5c5d21949cab39bb529a81c\",\"name\":\"Dominique Duvivier\",\"image\":{\"@type\":\"ImageObject\",\"@id\":\"https:\/\/www.dominiqueduvivier.com\/#personlogo\",\"inLanguage\":\"fr-FR\",\"url\":\"https:\/\/www.dominiqueduvivier.com\/wp-content\/uploads\/2019\/04\/Double-Fond-1-2-excl-groupes-10-150x150.jpg\",\"contentUrl\":\"https:\/\/www.dominiqueduvivier.com\/wp-content\/uploads\/2019\/04\/Double-Fond-1-2-excl-groupes-10-150x150.jpg\",\"caption\":\"Dominique Duvivier\"},\"description\":\"\\u2663\\ufe0f Magicien. \\u2666\\ufe0f Ma\\u00eetre de l\\u2019art du #CloseUp. \\u2665\\ufe0f Cr\\u00e9ateur de tours et professeur. \\u2660\\ufe0f Fondateur @ledoublefond et directeur de Mayette Magie.\",\"url\":\"https:\/\/www.dominiqueduvivier.com\/index.php\/author\/dominique-duvivier\/\"}]}<\/script>\n<!-- \/ Yoast SEO plugin. -->","yoast_head_json":{"title":"JE SUIS BIEN AVEC VOUS\u2026 - Entretiens avec Dominique Duvivier - Toute la magie de Dominique Duvivier","robots":{"index":"index","follow":"follow","max-snippet":"max-snippet:-1","max-image-preview":"max-image-preview:large","max-video-preview":"max-video-preview:-1"},"canonical":"https:\/\/www.dominiqueduvivier.com\/index.php\/2012\/06\/17\/je-suis-bien-avec-vous\/","og_locale":"fr_FR","og_type":"article","og_title":"JE SUIS BIEN AVEC VOUS\u2026 - Entretiens avec Dominique Duvivier - Toute la magie de Dominique Duvivier","og_description":"Bient\u00f4t d\u00e9j\u00e0 quatre ans que ce blog existe et moi je dis\u00a0: je suis bien avec vous\u2026 Tellement bien que, comme vous avez pu remarquer, un blog tout beau tout neuf vous attendait pour notre rendez-vous hebdomadaire. Plus rapide, plus clair, plus \u00ab\u00a0mieux\u00a0\u00bb quoi\u00a0! C\u2019est le pied\u2026 Il fallait bien \u00e7a pour continuer le voyage &hellip;","og_url":"https:\/\/www.dominiqueduvivier.com\/index.php\/2012\/06\/17\/je-suis-bien-avec-vous\/","og_site_name":"Entretiens avec Dominique Duvivier - Toute la magie de Dominique Duvivier","article_publisher":"https:\/\/www.facebook.com\/dominique.duvivier.1232\/","article_published_time":"2012-06-17T00:01:50+00:00","article_modified_time":"2019-08-02T11:29:55+00:00","og_image":[{"width":2145,"height":1299,"url":"https:\/\/www.dominiqueduvivier.com\/wp-content\/uploads\/2014\/08\/Logo-Double-Fond-2014.jpg","type":"image\/jpeg"}],"twitter_card":"summary_large_image","twitter_creator":"@DDUVIVIER","twitter_site":"@DDUVIVIER","twitter_misc":{"\u00c9crit par":"Dominique Duvivier","Dur\u00e9e de lecture estim\u00e9e":"1 minute"},"schema":{"@context":"https:\/\/schema.org","@graph":[{"@type":"WebSite","@id":"https:\/\/www.dominiqueduvivier.com\/#website","url":"https:\/\/www.dominiqueduvivier.com\/","name":"Entretiens avec Dominique Duvivier - Toute la magie de Dominique Duvivier","description":"Dominique Duvivier | Magicien","potentialAction":[{"@type":"SearchAction","target":{"@type":"EntryPoint","urlTemplate":"https:\/\/www.dominiqueduvivier.com\/?s={search_term_string}"},"query-input":"required name=search_term_string"}],"inLanguage":"fr-FR"},{"@type":"WebPage","@id":"https:\/\/www.dominiqueduvivier.com\/index.php\/2012\/06\/17\/je-suis-bien-avec-vous\/#webpage","url":"https:\/\/www.dominiqueduvivier.com\/index.php\/2012\/06\/17\/je-suis-bien-avec-vous\/","name":"JE SUIS BIEN AVEC VOUS\u2026 - Entretiens avec Dominique Duvivier - Toute la magie de Dominique Duvivier","isPartOf":{"@id":"https:\/\/www.dominiqueduvivier.com\/#website"},"datePublished":"2012-06-17T00:01:50+00:00","dateModified":"2019-08-02T11:29:55+00:00","author":{"@id":"https:\/\/www.dominiqueduvivier.com\/#\/schema\/person\/677c0bd6d5c5d21949cab39bb529a81c"},"breadcrumb":{"@id":"https:\/\/www.dominiqueduvivier.com\/index.php\/2012\/06\/17\/je-suis-bien-avec-vous\/#breadcrumb"},"inLanguage":"fr-FR","potentialAction":[{"@type":"ReadAction","target":["https:\/\/www.dominiqueduvivier.com\/index.php\/2012\/06\/17\/je-suis-bien-avec-vous\/"]}]},{"@type":"BreadcrumbList","@id":"https:\/\/www.dominiqueduvivier.com\/index.php\/2012\/06\/17\/je-suis-bien-avec-vous\/#breadcrumb","itemListElement":[{"@type":"ListItem","position":1,"name":"Accueil","item":"https:\/\/www.dominiqueduvivier.com\/"},{"@type":"ListItem","position":2,"name":"JE SUIS BIEN AVEC VOUS\u2026"}]},{"@type":"Person","@id":"https:\/\/www.dominiqueduvivier.com\/#\/schema\/person\/677c0bd6d5c5d21949cab39bb529a81c","name":"Dominique Duvivier","image":{"@type":"ImageObject","@id":"https:\/\/www.dominiqueduvivier.com\/#personlogo","inLanguage":"fr-FR","url":"https:\/\/www.dominiqueduvivier.com\/wp-content\/uploads\/2019\/04\/Double-Fond-1-2-excl-groupes-10-150x150.jpg","contentUrl":"https:\/\/www.dominiqueduvivier.com\/wp-content\/uploads\/2019\/04\/Double-Fond-1-2-excl-groupes-10-150x150.jpg","caption":"Dominique Duvivier"},"description":"\u2663\ufe0f Magicien. \u2666\ufe0f Ma\u00eetre de l\u2019art du #CloseUp. \u2665\ufe0f Cr\u00e9ateur de tours et professeur. \u2660\ufe0f Fondateur @ledoublefond et directeur de Mayette Magie.","url":"https:\/\/www.dominiqueduvivier.com\/index.php\/author\/dominique-duvivier\/"}]}},"_links":{"self":[{"href":"https:\/\/www.dominiqueduvivier.com\/index.php\/wp-json\/wp\/v2\/posts\/1260"}],"collection":[{"href":"https:\/\/www.dominiqueduvivier.com\/index.php\/wp-json\/wp\/v2\/posts"}],"about":[{"href":"https:\/\/www.dominiqueduvivier.com\/index.php\/wp-json\/wp\/v2\/types\/post"}],"author":[{"embeddable":true,"href":"https:\/\/www.dominiqueduvivier.com\/index.php\/wp-json\/wp\/v2\/users\/2"}],"replies":[{"embeddable":true,"href":"https:\/\/www.dominiqueduvivier.com\/index.php\/wp-json\/wp\/v2\/comments?post=1260"}],"version-history":[{"count":1,"href":"https:\/\/www.dominiqueduvivier.com\/index.php\/wp-json\/wp\/v2\/posts\/1260\/revisions"}],"predecessor-version":[{"id":5692,"href":"https:\/\/www.dominiqueduvivier.com\/index.php\/wp-json\/wp\/v2\/posts\/1260\/revisions\/5692"}],"wp:attachment":[{"href":"https:\/\/www.dominiqueduvivier.com\/index.php\/wp-json\/wp\/v2\/media?parent=1260"}],"wp:term":[{"taxonomy":"category","embeddable":true,"href":"https:\/\/www.dominiqueduvivier.com\/index.php\/wp-json\/wp\/v2\/categories?post=1260"},{"taxonomy":"post_tag","embeddable":true,"href":"https:\/\/www.dominiqueduvivier.com\/index.php\/wp-json\/wp\/v2\/tags?post=1260"}],"curies":[{"name":"wp","href":"https:\/\/api.w.org\/{rel}","templated":true}]}}