{"id":121,"date":"2011-07-14T16:41:38","date_gmt":"2011-07-14T16:41:38","guid":{"rendered":"http:\/\/duvivier.celuga.net\/2011\/07\/interview-sur-france-inter-samedi-16-juillet-de-21h-a-22h\/"},"modified":"2022-01-27T16:37:41","modified_gmt":"2022-01-27T15:37:41","slug":"interview-sur-france-inter-samedi-16-juillet-de-21h-a-22h","status":"publish","type":"post","link":"https:\/\/www.dominiqueduvivier.com\/index.php\/2011\/07\/14\/interview-sur-france-inter-samedi-16-juillet-de-21h-a-22h\/","title":{"rendered":"Interview sur France Inter"},"content":{"rendered":"<p style=\"text-align: justify;\">Bonjour !<\/p>\n<p style=\"text-align: justify;\">Ce<strong> samedi 16 juillet de 21h \u00e0 22h sur France Inter, <\/strong>j&rsquo;ai \u00e9t\u00e9 longuement interview\u00e9 avec ma fille Alexandra par le journaliste et producteur Arthur Dreyfus.<\/p>\n<p style=\"text-align: justify;\">Voici le \u00ab\u00a0pitch\u00a0\u00bb de l\u2019\u00e9mission. Je pense que \u00e7a devrait vous plaire\u00a0!<\/p>\n<p style=\"text-align: justify;\">Amiti\u00e9s<\/p>\n<p style=\"text-align: justify;\">Dominique Duvivier<\/p>\n<p style=\"text-align: justify;\"><span style=\"font-size: 11pt;\"><strong>L&rsquo;\u00e9mission \u00ab\u00a0La p\u00e9riode bleue\u00a0\u00bb sur France Inter\u00a0: Alexandra et Dominique Duvivier<\/strong><\/span><\/p>\n<p style=\"text-align: justify;\">\n<a href=\"https:\/\/www.dominiqueduvivier.com\/wp-content\/uploads\/2011\/07\/6a010534fb5e0e970b014e89d662d8970d-pi.jpg\"><img loading=\"lazy\" class=\"aligncenter size-full wp-image-636\" title=\"6a010534fb5e0e970b014e89d662d8970d-pi\" src=\"https:\/\/www.dominiqueduvivier.com\/wp-content\/uploads\/2011\/07\/6a010534fb5e0e970b014e89d662d8970d-pi.jpg\" alt=\"\" width=\"240\" height=\"300\" \/><\/a><\/p>\n<p style=\"text-align: justify;\"><strong>Tous les hommes ont une enfance. Si l\u2019on s\u2019interroge souvent sur la naissance des \u0153uvres, on sait bien peu de choses sur la naissance de leurs cr\u00e9ateurs. Comment devient-on artiste ? <\/strong><strong>Quels chocs esth\u00e9tiques nous font \u00ab sortir de nous-m\u00eames \u00bb pour la premi\u00e8re fois et comment d\u00e9terminent-ils ce rapport particulier \u00e0 la vie qu\u2019est la cr\u00e9ation ?<\/strong><\/p>\n<p style=\"padding-left: 30px; text-align: justify;\">\u00ab La p\u00e9riode bleue \u00bb propose, dans un cadre intime, en direct, d\u2019explorer les premiers \u00ab chocs et exp\u00e9riences artistiques \u00bb d\u2019artistes importants de notre \u00e9poque ; et ce, dans tous les domaines de la cr\u00e9ation. A travers plusieurs s\u00e9quences biographiques, picturales, musicales ou encore cin\u00e9matographiques, Arthur Dreyfus remontera \u00e0 chaque \u00e9pisode le chemin qui a fait dire \u00e0 Picasso qu\u2019il dessinait \u00ab comme un ma\u00eetre \u00bb \u00e0 dix ans et qu\u2019il lui aura fallu attendre la fin de sa vie pour \u00ab apprendre \u00e0 dessiner comme un enfant \u00bb.<\/p>\n<p style=\"text-align: justify;\">Emission un peu sp\u00e9ciale ce soir : <strong>Arthur Dreyfus<\/strong> ne re\u00e7oit pas un seul invit\u00e9, mais deux magiciens\u00a0: un p\u00e8re et une fille, <strong>Dominique et Alexandra Duvivier<\/strong>.<\/p>\n<p style=\"text-align: justify;\"><em>\u00a0<\/em><strong>Dominique Duvivier<\/strong> est le magicien le plus connu aujourd\u2019hui en France. Son tour de cartes, <em>l\u2019imprimerie<\/em>, a \u00e9t\u00e9 vendu \u00e0 plus de 100 000 exemplaires dans le monde, mais il a cr\u00e9\u00e9 au cours de sa \u00ab\u00a0carri\u00e8re magique\u00a0\u00bb plus de 5 000 tours de magie.<\/p>\n<p style=\"text-align: justify;\">\u00a0<strong>Alexandra Duvivier<\/strong> na\u00eet en 1973, et \u00e0 15 ans, en 1988, elle assiste \u00e0 la FISM (l\u2019\u00e9quivalent des Jeux Olympiques pour les magiciens), o\u00f9 son p\u00e8re fait une routine de gobelets. Elle est fascin\u00e9e par cette communaut\u00e9 de magiciens du monde entier, tous sur la m\u00eame longueur d\u2019onde. Et elle d\u00e9couvre <strong>Lisa Menna<\/strong> \u2013 la seule femme de ce congr\u00e8s.<\/p>\n<p style=\"text-align: justify;\">\u00a01988\u00a0: c\u2019est aussi l\u2019ann\u00e9e de la cr\u00e9ation du <strong>Double Fond<\/strong>. <strong>Dominique Duvivier<\/strong> est alors devenu un magicien c\u00e9l\u00e8bre, un as de la \u00ab\u00a0cartomagie\u00a0\u00bb (sp\u00e9cialit\u00e9 de la magie qui recourt \u00e0 l&rsquo;usage de cartes \u00e0 jouer afin de produire des illusions) et il ouvre le premier cabaret magique d\u2019Europe, place du march\u00e9 Sainte-Catherine \u00e0 Paris. Quelques ann\u00e9es plus tard, il rach\u00e8te <strong>Mayette<\/strong>, la boutique de magie de son enfance.<\/p>\n<p style=\"text-align: justify;\">\u00a0Aujourd\u2019hui, au <strong>Double Fond<\/strong>, <strong>Dominique Duvivier<\/strong> se produit plusieurs fois par semaine, tout seul, avec <strong>Alexandra<\/strong>, ou entour\u00e9 de ses fid\u00e8les amis magiciens.<\/p>\n<p style=\"text-align: justify;\">L&rsquo;\u00e9mission \u00e0\u00a0(r\u00e9)\u00e9couter\u00a0ici\u00a0: <a href=\"http:\/\/www.franceinter.fr\/emission-la-periode-bleue-la-periode-bleue-de-dominique-et-alexandra-duvivier\">http:\/\/www.franceinter.fr\/emission-la-periode-bleue-la-periode-bleue-de-dominique-et-alexandra-duvivier<\/a><\/p>\n","protected":false},"excerpt":{"rendered":"<p>Ce samedi 16 juillet de 21h \u00e0 22h sur France Inter, j&rsquo;ai \u00e9t\u00e9 longuement interview\u00e9 avec ma fille Alexandra par le journaliste et producteur Arthur Dreyfus. (&#8230;)  Voici le \u00ab pitch \u00bb de l\u2019\u00e9mission. (&#8230;)<br \/>\nTous les hommes ont une enfance. Si l\u2019on s\u2019interroge souvent sur la naissance des \u0153uvres, on sait bien peu de choses sur la naissance de leurs cr\u00e9ateurs. Comment devient-on artiste ? Quels chocs esth\u00e9tiques nous font \u00ab sortir de nous-m\u00eames \u00bb pour la premi\u00e8re fois et comment d\u00e9terminent-ils ce rapport particulier \u00e0 la vie qu\u2019est la cr\u00e9ation ? (&#8230;)<\/p>\n","protected":false},"author":2,"featured_media":0,"comment_status":"open","ping_status":"open","sticky":false,"template":"","format":"standard","meta":{"_monsterinsights_skip_tracking":false,"_monsterinsights_sitenote_active":false,"_monsterinsights_sitenote_note":"","_monsterinsights_sitenote_category":0,"ngg_post_thumbnail":0},"categories":[216,4,6],"tags":[11,12,14,18,23,27],"yoast_head":"<!-- This site is optimized with the Yoast SEO plugin v17.9 - https:\/\/yoast.com\/wordpress\/plugins\/seo\/ -->\n<title>Interview sur France Inter - Entretiens avec Dominique Duvivier - Toute la magie de Dominique Duvivier<\/title>\n<meta name=\"robots\" content=\"index, follow, max-snippet:-1, max-image-preview:large, max-video-preview:-1\" \/>\n<link rel=\"canonical\" href=\"https:\/\/www.dominiqueduvivier.com\/index.php\/2011\/07\/14\/interview-sur-france-inter-samedi-16-juillet-de-21h-a-22h\/\" \/>\n<meta property=\"og:locale\" content=\"fr_FR\" \/>\n<meta property=\"og:type\" content=\"article\" \/>\n<meta property=\"og:title\" content=\"Interview sur France Inter - Entretiens avec Dominique Duvivier - Toute la magie de Dominique Duvivier\" \/>\n<meta property=\"og:description\" content=\"Ce samedi 16 juillet de 21h \u00e0 22h sur France Inter, j&#039;ai \u00e9t\u00e9 longuement interview\u00e9 avec ma fille Alexandra par le journaliste et producteur Arthur Dreyfus. (...) Voici le \u00ab pitch \u00bb de l\u2019\u00e9mission. (...) Tous les hommes ont une enfance. Si l\u2019on s\u2019interroge souvent sur la naissance des \u0153uvres, on sait bien peu de choses sur la naissance de leurs cr\u00e9ateurs. Comment devient-on artiste ? Quels chocs esth\u00e9tiques nous font \u00ab sortir de nous-m\u00eames \u00bb pour la premi\u00e8re fois et comment d\u00e9terminent-ils ce rapport particulier \u00e0 la vie qu\u2019est la cr\u00e9ation ? (...)\" \/>\n<meta property=\"og:url\" content=\"https:\/\/www.dominiqueduvivier.com\/index.php\/2011\/07\/14\/interview-sur-france-inter-samedi-16-juillet-de-21h-a-22h\/\" \/>\n<meta property=\"og:site_name\" content=\"Entretiens avec Dominique Duvivier - Toute la magie de Dominique Duvivier\" \/>\n<meta property=\"article:publisher\" content=\"https:\/\/www.facebook.com\/dominique.duvivier.1232\/\" \/>\n<meta property=\"article:published_time\" content=\"2011-07-14T16:41:38+00:00\" \/>\n<meta property=\"article:modified_time\" content=\"2022-01-27T15:37:41+00:00\" \/>\n<meta property=\"og:image\" content=\"https:\/\/www.dominiqueduvivier.com\/wp-content\/uploads\/2011\/07\/6a010534fb5e0e970b014e89d662d8970d-pi.jpg\" \/>\n<meta name=\"twitter:card\" content=\"summary_large_image\" \/>\n<meta name=\"twitter:creator\" content=\"@DDUVIVIER\" \/>\n<meta name=\"twitter:site\" content=\"@DDUVIVIER\" \/>\n<meta name=\"twitter:label1\" content=\"\u00c9crit par\" \/>\n\t<meta name=\"twitter:data1\" content=\"Dominique Duvivier\" \/>\n\t<meta name=\"twitter:label2\" content=\"Dur\u00e9e de lecture estim\u00e9e\" \/>\n\t<meta name=\"twitter:data2\" content=\"2 minutes\" \/>\n<script type=\"application\/ld+json\" class=\"yoast-schema-graph\">{\"@context\":\"https:\/\/schema.org\",\"@graph\":[{\"@type\":\"WebSite\",\"@id\":\"https:\/\/www.dominiqueduvivier.com\/#website\",\"url\":\"https:\/\/www.dominiqueduvivier.com\/\",\"name\":\"Entretiens avec Dominique Duvivier - Toute la magie de Dominique Duvivier\",\"description\":\"Dominique Duvivier | Magicien\",\"potentialAction\":[{\"@type\":\"SearchAction\",\"target\":{\"@type\":\"EntryPoint\",\"urlTemplate\":\"https:\/\/www.dominiqueduvivier.com\/?s={search_term_string}\"},\"query-input\":\"required name=search_term_string\"}],\"inLanguage\":\"fr-FR\"},{\"@type\":\"ImageObject\",\"@id\":\"https:\/\/www.dominiqueduvivier.com\/index.php\/2011\/07\/14\/interview-sur-france-inter-samedi-16-juillet-de-21h-a-22h\/#primaryimage\",\"inLanguage\":\"fr-FR\",\"url\":\"https:\/\/www.dominiqueduvivier.com\/wp-content\/uploads\/2011\/07\/6a010534fb5e0e970b014e89d662d8970d-pi.jpg\",\"contentUrl\":\"https:\/\/www.dominiqueduvivier.com\/wp-content\/uploads\/2011\/07\/6a010534fb5e0e970b014e89d662d8970d-pi.jpg\",\"width\":240,\"height\":300},{\"@type\":\"WebPage\",\"@id\":\"https:\/\/www.dominiqueduvivier.com\/index.php\/2011\/07\/14\/interview-sur-france-inter-samedi-16-juillet-de-21h-a-22h\/#webpage\",\"url\":\"https:\/\/www.dominiqueduvivier.com\/index.php\/2011\/07\/14\/interview-sur-france-inter-samedi-16-juillet-de-21h-a-22h\/\",\"name\":\"Interview sur France Inter - Entretiens avec Dominique Duvivier - Toute la magie de Dominique Duvivier\",\"isPartOf\":{\"@id\":\"https:\/\/www.dominiqueduvivier.com\/#website\"},\"primaryImageOfPage\":{\"@id\":\"https:\/\/www.dominiqueduvivier.com\/index.php\/2011\/07\/14\/interview-sur-france-inter-samedi-16-juillet-de-21h-a-22h\/#primaryimage\"},\"datePublished\":\"2011-07-14T16:41:38+00:00\",\"dateModified\":\"2022-01-27T15:37:41+00:00\",\"author\":{\"@id\":\"https:\/\/www.dominiqueduvivier.com\/#\/schema\/person\/677c0bd6d5c5d21949cab39bb529a81c\"},\"breadcrumb\":{\"@id\":\"https:\/\/www.dominiqueduvivier.com\/index.php\/2011\/07\/14\/interview-sur-france-inter-samedi-16-juillet-de-21h-a-22h\/#breadcrumb\"},\"inLanguage\":\"fr-FR\",\"potentialAction\":[{\"@type\":\"ReadAction\",\"target\":[\"https:\/\/www.dominiqueduvivier.com\/index.php\/2011\/07\/14\/interview-sur-france-inter-samedi-16-juillet-de-21h-a-22h\/\"]}]},{\"@type\":\"BreadcrumbList\",\"@id\":\"https:\/\/www.dominiqueduvivier.com\/index.php\/2011\/07\/14\/interview-sur-france-inter-samedi-16-juillet-de-21h-a-22h\/#breadcrumb\",\"itemListElement\":[{\"@type\":\"ListItem\",\"position\":1,\"name\":\"Accueil\",\"item\":\"https:\/\/www.dominiqueduvivier.com\/\"},{\"@type\":\"ListItem\",\"position\":2,\"name\":\"Interview sur France Inter\"}]},{\"@type\":\"Person\",\"@id\":\"https:\/\/www.dominiqueduvivier.com\/#\/schema\/person\/677c0bd6d5c5d21949cab39bb529a81c\",\"name\":\"Dominique Duvivier\",\"image\":{\"@type\":\"ImageObject\",\"@id\":\"https:\/\/www.dominiqueduvivier.com\/#personlogo\",\"inLanguage\":\"fr-FR\",\"url\":\"https:\/\/www.dominiqueduvivier.com\/wp-content\/uploads\/2019\/04\/Double-Fond-1-2-excl-groupes-10-150x150.jpg\",\"contentUrl\":\"https:\/\/www.dominiqueduvivier.com\/wp-content\/uploads\/2019\/04\/Double-Fond-1-2-excl-groupes-10-150x150.jpg\",\"caption\":\"Dominique Duvivier\"},\"description\":\"\\u2663\\ufe0f Magicien. \\u2666\\ufe0f Ma\\u00eetre de l\\u2019art du #CloseUp. \\u2665\\ufe0f Cr\\u00e9ateur de tours et professeur. \\u2660\\ufe0f Fondateur @ledoublefond et directeur de Mayette Magie.\",\"url\":\"https:\/\/www.dominiqueduvivier.com\/index.php\/author\/dominique-duvivier\/\"}]}<\/script>\n<!-- \/ Yoast SEO plugin. -->","yoast_head_json":{"title":"Interview sur France Inter - Entretiens avec Dominique Duvivier - Toute la magie de Dominique Duvivier","robots":{"index":"index","follow":"follow","max-snippet":"max-snippet:-1","max-image-preview":"max-image-preview:large","max-video-preview":"max-video-preview:-1"},"canonical":"https:\/\/www.dominiqueduvivier.com\/index.php\/2011\/07\/14\/interview-sur-france-inter-samedi-16-juillet-de-21h-a-22h\/","og_locale":"fr_FR","og_type":"article","og_title":"Interview sur France Inter - Entretiens avec Dominique Duvivier - Toute la magie de Dominique Duvivier","og_description":"Ce samedi 16 juillet de 21h \u00e0 22h sur France Inter, j'ai \u00e9t\u00e9 longuement interview\u00e9 avec ma fille Alexandra par le journaliste et producteur Arthur Dreyfus. (...) Voici le \u00ab pitch \u00bb de l\u2019\u00e9mission. (...) Tous les hommes ont une enfance. Si l\u2019on s\u2019interroge souvent sur la naissance des \u0153uvres, on sait bien peu de choses sur la naissance de leurs cr\u00e9ateurs. Comment devient-on artiste ? Quels chocs esth\u00e9tiques nous font \u00ab sortir de nous-m\u00eames \u00bb pour la premi\u00e8re fois et comment d\u00e9terminent-ils ce rapport particulier \u00e0 la vie qu\u2019est la cr\u00e9ation ? (...)","og_url":"https:\/\/www.dominiqueduvivier.com\/index.php\/2011\/07\/14\/interview-sur-france-inter-samedi-16-juillet-de-21h-a-22h\/","og_site_name":"Entretiens avec Dominique Duvivier - Toute la magie de Dominique Duvivier","article_publisher":"https:\/\/www.facebook.com\/dominique.duvivier.1232\/","article_published_time":"2011-07-14T16:41:38+00:00","article_modified_time":"2022-01-27T15:37:41+00:00","og_image":[{"url":"https:\/\/www.dominiqueduvivier.com\/wp-content\/uploads\/2011\/07\/6a010534fb5e0e970b014e89d662d8970d-pi.jpg"}],"twitter_card":"summary_large_image","twitter_creator":"@DDUVIVIER","twitter_site":"@DDUVIVIER","twitter_misc":{"\u00c9crit par":"Dominique Duvivier","Dur\u00e9e de lecture estim\u00e9e":"2 minutes"},"schema":{"@context":"https:\/\/schema.org","@graph":[{"@type":"WebSite","@id":"https:\/\/www.dominiqueduvivier.com\/#website","url":"https:\/\/www.dominiqueduvivier.com\/","name":"Entretiens avec Dominique Duvivier - Toute la magie de Dominique Duvivier","description":"Dominique Duvivier | Magicien","potentialAction":[{"@type":"SearchAction","target":{"@type":"EntryPoint","urlTemplate":"https:\/\/www.dominiqueduvivier.com\/?s={search_term_string}"},"query-input":"required name=search_term_string"}],"inLanguage":"fr-FR"},{"@type":"ImageObject","@id":"https:\/\/www.dominiqueduvivier.com\/index.php\/2011\/07\/14\/interview-sur-france-inter-samedi-16-juillet-de-21h-a-22h\/#primaryimage","inLanguage":"fr-FR","url":"https:\/\/www.dominiqueduvivier.com\/wp-content\/uploads\/2011\/07\/6a010534fb5e0e970b014e89d662d8970d-pi.jpg","contentUrl":"https:\/\/www.dominiqueduvivier.com\/wp-content\/uploads\/2011\/07\/6a010534fb5e0e970b014e89d662d8970d-pi.jpg","width":240,"height":300},{"@type":"WebPage","@id":"https:\/\/www.dominiqueduvivier.com\/index.php\/2011\/07\/14\/interview-sur-france-inter-samedi-16-juillet-de-21h-a-22h\/#webpage","url":"https:\/\/www.dominiqueduvivier.com\/index.php\/2011\/07\/14\/interview-sur-france-inter-samedi-16-juillet-de-21h-a-22h\/","name":"Interview sur France Inter - Entretiens avec Dominique Duvivier - Toute la magie de Dominique Duvivier","isPartOf":{"@id":"https:\/\/www.dominiqueduvivier.com\/#website"},"primaryImageOfPage":{"@id":"https:\/\/www.dominiqueduvivier.com\/index.php\/2011\/07\/14\/interview-sur-france-inter-samedi-16-juillet-de-21h-a-22h\/#primaryimage"},"datePublished":"2011-07-14T16:41:38+00:00","dateModified":"2022-01-27T15:37:41+00:00","author":{"@id":"https:\/\/www.dominiqueduvivier.com\/#\/schema\/person\/677c0bd6d5c5d21949cab39bb529a81c"},"breadcrumb":{"@id":"https:\/\/www.dominiqueduvivier.com\/index.php\/2011\/07\/14\/interview-sur-france-inter-samedi-16-juillet-de-21h-a-22h\/#breadcrumb"},"inLanguage":"fr-FR","potentialAction":[{"@type":"ReadAction","target":["https:\/\/www.dominiqueduvivier.com\/index.php\/2011\/07\/14\/interview-sur-france-inter-samedi-16-juillet-de-21h-a-22h\/"]}]},{"@type":"BreadcrumbList","@id":"https:\/\/www.dominiqueduvivier.com\/index.php\/2011\/07\/14\/interview-sur-france-inter-samedi-16-juillet-de-21h-a-22h\/#breadcrumb","itemListElement":[{"@type":"ListItem","position":1,"name":"Accueil","item":"https:\/\/www.dominiqueduvivier.com\/"},{"@type":"ListItem","position":2,"name":"Interview sur France Inter"}]},{"@type":"Person","@id":"https:\/\/www.dominiqueduvivier.com\/#\/schema\/person\/677c0bd6d5c5d21949cab39bb529a81c","name":"Dominique Duvivier","image":{"@type":"ImageObject","@id":"https:\/\/www.dominiqueduvivier.com\/#personlogo","inLanguage":"fr-FR","url":"https:\/\/www.dominiqueduvivier.com\/wp-content\/uploads\/2019\/04\/Double-Fond-1-2-excl-groupes-10-150x150.jpg","contentUrl":"https:\/\/www.dominiqueduvivier.com\/wp-content\/uploads\/2019\/04\/Double-Fond-1-2-excl-groupes-10-150x150.jpg","caption":"Dominique Duvivier"},"description":"\u2663\ufe0f Magicien. \u2666\ufe0f Ma\u00eetre de l\u2019art du #CloseUp. \u2665\ufe0f Cr\u00e9ateur de tours et professeur. \u2660\ufe0f Fondateur @ledoublefond et directeur de Mayette Magie.","url":"https:\/\/www.dominiqueduvivier.com\/index.php\/author\/dominique-duvivier\/"}]}},"_links":{"self":[{"href":"https:\/\/www.dominiqueduvivier.com\/index.php\/wp-json\/wp\/v2\/posts\/121"}],"collection":[{"href":"https:\/\/www.dominiqueduvivier.com\/index.php\/wp-json\/wp\/v2\/posts"}],"about":[{"href":"https:\/\/www.dominiqueduvivier.com\/index.php\/wp-json\/wp\/v2\/types\/post"}],"author":[{"embeddable":true,"href":"https:\/\/www.dominiqueduvivier.com\/index.php\/wp-json\/wp\/v2\/users\/2"}],"replies":[{"embeddable":true,"href":"https:\/\/www.dominiqueduvivier.com\/index.php\/wp-json\/wp\/v2\/comments?post=121"}],"version-history":[{"count":1,"href":"https:\/\/www.dominiqueduvivier.com\/index.php\/wp-json\/wp\/v2\/posts\/121\/revisions"}],"predecessor-version":[{"id":5783,"href":"https:\/\/www.dominiqueduvivier.com\/index.php\/wp-json\/wp\/v2\/posts\/121\/revisions\/5783"}],"wp:attachment":[{"href":"https:\/\/www.dominiqueduvivier.com\/index.php\/wp-json\/wp\/v2\/media?parent=121"}],"wp:term":[{"taxonomy":"category","embeddable":true,"href":"https:\/\/www.dominiqueduvivier.com\/index.php\/wp-json\/wp\/v2\/categories?post=121"},{"taxonomy":"post_tag","embeddable":true,"href":"https:\/\/www.dominiqueduvivier.com\/index.php\/wp-json\/wp\/v2\/tags?post=121"}],"curies":[{"name":"wp","href":"https:\/\/api.w.org\/{rel}","templated":true}]}}