{"id":108,"date":"2011-09-12T00:01:00","date_gmt":"2011-09-12T00:01:00","guid":{"rendered":"http:\/\/duvivier.celuga.net\/2011\/09\/extrait-dune-interview-deric-emmanuel-schmitt\/"},"modified":"2022-01-27T16:37:35","modified_gmt":"2022-01-27T15:37:35","slug":"extrait-dune-interview-deric-emmanuel-schmitt","status":"publish","type":"post","link":"https:\/\/www.dominiqueduvivier.com\/index.php\/2011\/09\/12\/extrait-dune-interview-deric-emmanuel-schmitt\/","title":{"rendered":"Extrait d&rsquo;une interview d&rsquo;Eric-Emmanuel Schmitt"},"content":{"rendered":"<p style=\"text-align: justify;\">Dans un num\u00e9ro r\u00e9cent du magazine \u00ab\u00a0Psychologies\u00a0\u00bb, je suis tomb\u00e9 sur une interview passionnante du romancier Eric-Emmanuel Schmitt. En voici quelques extraits. Vous allez voir, c\u2019est intelligent, c\u2019est bien dit, c\u2019est profond, c\u2019est riche. C\u2019est magique\u00a0!<\/p>\n<p style=\"text-align: justify;\">Amiti\u00e9s \u00e0 tous<\/p>\n<p style=\"text-align: justify;\">Dominique Duvivier<\/p>\n<p style=\"text-align: justify;\"><a href=\"https:\/\/www.dominiqueduvivier.com\/wp-content\/uploads\/2011\/09\/6a010534fb5e0e970b014e8b6d367e970d-pi.jpg\"><img loading=\"lazy\" class=\"aligncenter size-full wp-image-611\" title=\"6a010534fb5e0e970b014e8b6d367e970d-pi\" src=\"https:\/\/www.dominiqueduvivier.com\/wp-content\/uploads\/2011\/09\/6a010534fb5e0e970b014e8b6d367e970d-pi.jpg\" alt=\"\" width=\"277\" height=\"182\" \/><\/a><\/p>\n<p style=\"text-align: justify;\">\u00ab\u00a0Je crois que c\u2019est la fonction des livres, des pi\u00e8ces de th\u00e9atre, des films de nous aider \u00e0 vivre. Pour moi, un livre n\u2019est pas une fin en soi. Il ne doit pas \u00eatre admirable pour ce qu\u2019il est mais pour ce qu\u2019il produit chez son lecteur. Un bon livre doit aider \u00e0 mieux vivre, \u00e0 mieux penser, \u00e0 s\u2019harmoniser, parfois \u00e0 guerir. On peut lire par curiosit\u00e9 des autres, mais il faut un peu plus\u00a0: la volont\u00e9 de comprendre, de r\u00e9parer, de se hisser ou de se hausser un peu plus haut que soi. Et, dans l\u2019\u00e9criture, c\u2019est la m\u00eame chose.\u00a0\u00bb<\/p>\n<p style=\"text-align: justify;\">\n<p style=\"text-align: justify;\">\u00ab\u00a0J\u2019aime cette id\u00e9e de s\u2019all\u00e9ger du path\u00e9tique, s\u2019all\u00e9ger de la peur, de l\u2019angoisse. Pratiquer la joie, c\u2019est se mettre en rapport avec ce qui est, se satisfaire de ce qui existe, c\u2019est un rapport au plein. Alors que la tristesse est rapport au vide, au manque. Voil\u00e0 mon trajet de vie\u00a0: accepter que la vie soit un point d\u2019interrogation joyeux. Le d\u00e9sir de contr\u00f4le est mortif\u00e8re.\u00a0\u00bb<\/p>\n<p style=\"text-align: justify;\">\n<p style=\"text-align: justify;\">\u00ab\u00a0J\u2019ai mis longtemps \u00e0 comprendre que le bonheur ce n\u2019est pas refuser le malheur, c\u2019est l\u2019int\u00e9grer dans le fil des jours et vivre avec la douleur, les regrets, les manques. Bien s\u00fbr, cela fait mal, mais, si on essaie de vivre sans regarder ces douleurs, on se scl\u00e9rose, on fait mourir des parties enti\u00e8res de nous m\u00eame.\u00a0\u00bb<\/p>\n<p style=\"text-align: justify;\">\n<p style=\"text-align: justify;\">\u00ab\u00a0Quand j\u2019ai \u00e9crit <em>La part de l\u2019autre<\/em>, o\u00f9 j\u2019essayais de deviner quel autre homme aurait pu devenir Adolf Hitler, j\u2019ai d\u00e9couvert que le monstre n\u2019est jamais loin parce qu\u2019il est \u00e0 l\u2019int\u00e9rieur de nous, de moi. Il suffirait que je me laisse aller \u00e0 simplifier, \u00e0 ne plus analyser, \u00e0 d\u00e9signer un coupable, \u00e0 penser que j\u2019ai toujours raison\u2026 Le mal fait partie de la nature humaine et nous avons tous un barbare en\u00a0 nous. Il faut le tenir bien enferm\u00e9 dans sa cage. Parce que, Hitler, ce n\u2019est pas l\u2019autre.\u00a0\u00bb<\/p>\n","protected":false},"excerpt":{"rendered":"<p>Je crois que c\u2019est la fonction des livres, des pi\u00e8ces de th\u00e9atre, des films de nous aider \u00e0 vivre. Pour moi, un livre n\u2019est pas une fin en soi. Il ne doit pas \u00eatre admirable pour ce qu\u2019il est mais pour ce qu\u2019il produit chez son lecteur. Un bon livre doit aider \u00e0 mieux vivre, \u00e0 mieux penser, \u00e0 s\u2019harmoniser, parfois \u00e0 guerir. (&#8230;) J\u2019aime cette id\u00e9e de s\u2019all\u00e9ger du path\u00e9tique, s\u2019all\u00e9ger de la peur, de l\u2019angoisse. Pratiquer la joie, c\u2019est se mettre en rapport avec ce qui est, se satisfaire de ce qui existe, c\u2019est un rapport au plein. Alors que la tristesse est rapport au vide, au manque. Voil\u00e0 mon trajet de vie : accepter que la vie soit un point d\u2019interrogation joyeux. Le d\u00e9sir de contr\u00f4le est mortif\u00e8re. (&#8230;)<\/p>\n","protected":false},"author":2,"featured_media":0,"comment_status":"open","ping_status":"open","sticky":false,"template":"","format":"standard","meta":{"_monsterinsights_skip_tracking":false,"_monsterinsights_sitenote_active":false,"_monsterinsights_sitenote_note":"","_monsterinsights_sitenote_category":0,"ngg_post_thumbnail":0},"categories":[216,4,6],"tags":[11,12,14,18,23,27],"yoast_head":"<!-- This site is optimized with the Yoast SEO plugin v17.9 - https:\/\/yoast.com\/wordpress\/plugins\/seo\/ -->\n<title>Extrait d&#039;une interview d&#039;Eric-Emmanuel Schmitt - Entretiens avec Dominique Duvivier - Toute la magie de Dominique Duvivier<\/title>\n<meta name=\"robots\" content=\"index, follow, max-snippet:-1, max-image-preview:large, max-video-preview:-1\" \/>\n<link rel=\"canonical\" href=\"https:\/\/www.dominiqueduvivier.com\/index.php\/2011\/09\/12\/extrait-dune-interview-deric-emmanuel-schmitt\/\" \/>\n<meta property=\"og:locale\" content=\"fr_FR\" \/>\n<meta property=\"og:type\" content=\"article\" \/>\n<meta property=\"og:title\" content=\"Extrait d&#039;une interview d&#039;Eric-Emmanuel Schmitt - Entretiens avec Dominique Duvivier - Toute la magie de Dominique Duvivier\" \/>\n<meta property=\"og:description\" content=\"Je crois que c\u2019est la fonction des livres, des pi\u00e8ces de th\u00e9atre, des films de nous aider \u00e0 vivre. Pour moi, un livre n\u2019est pas une fin en soi. Il ne doit pas \u00eatre admirable pour ce qu\u2019il est mais pour ce qu\u2019il produit chez son lecteur. Un bon livre doit aider \u00e0 mieux vivre, \u00e0 mieux penser, \u00e0 s\u2019harmoniser, parfois \u00e0 guerir. (...) J\u2019aime cette id\u00e9e de s\u2019all\u00e9ger du path\u00e9tique, s\u2019all\u00e9ger de la peur, de l\u2019angoisse. Pratiquer la joie, c\u2019est se mettre en rapport avec ce qui est, se satisfaire de ce qui existe, c\u2019est un rapport au plein. Alors que la tristesse est rapport au vide, au manque. Voil\u00e0 mon trajet de vie : accepter que la vie soit un point d\u2019interrogation joyeux. Le d\u00e9sir de contr\u00f4le est mortif\u00e8re. (...)\" \/>\n<meta property=\"og:url\" content=\"https:\/\/www.dominiqueduvivier.com\/index.php\/2011\/09\/12\/extrait-dune-interview-deric-emmanuel-schmitt\/\" \/>\n<meta property=\"og:site_name\" content=\"Entretiens avec Dominique Duvivier - Toute la magie de Dominique Duvivier\" \/>\n<meta property=\"article:publisher\" content=\"https:\/\/www.facebook.com\/dominique.duvivier.1232\/\" \/>\n<meta property=\"article:published_time\" content=\"2011-09-12T00:01:00+00:00\" \/>\n<meta property=\"article:modified_time\" content=\"2022-01-27T15:37:35+00:00\" \/>\n<meta property=\"og:image\" content=\"https:\/\/www.dominiqueduvivier.com\/wp-content\/uploads\/2011\/09\/6a010534fb5e0e970b014e8b6d367e970d-pi.jpg\" \/>\n<meta name=\"twitter:card\" content=\"summary_large_image\" \/>\n<meta name=\"twitter:creator\" content=\"@DDUVIVIER\" \/>\n<meta name=\"twitter:site\" content=\"@DDUVIVIER\" \/>\n<meta name=\"twitter:label1\" content=\"\u00c9crit par\" \/>\n\t<meta name=\"twitter:data1\" content=\"Dominique Duvivier\" \/>\n\t<meta name=\"twitter:label2\" content=\"Dur\u00e9e de lecture estim\u00e9e\" \/>\n\t<meta name=\"twitter:data2\" content=\"2 minutes\" \/>\n<script type=\"application\/ld+json\" class=\"yoast-schema-graph\">{\"@context\":\"https:\/\/schema.org\",\"@graph\":[{\"@type\":\"WebSite\",\"@id\":\"https:\/\/www.dominiqueduvivier.com\/#website\",\"url\":\"https:\/\/www.dominiqueduvivier.com\/\",\"name\":\"Entretiens avec Dominique Duvivier - Toute la magie de Dominique Duvivier\",\"description\":\"Dominique Duvivier | Magicien\",\"potentialAction\":[{\"@type\":\"SearchAction\",\"target\":{\"@type\":\"EntryPoint\",\"urlTemplate\":\"https:\/\/www.dominiqueduvivier.com\/?s={search_term_string}\"},\"query-input\":\"required name=search_term_string\"}],\"inLanguage\":\"fr-FR\"},{\"@type\":\"ImageObject\",\"@id\":\"https:\/\/www.dominiqueduvivier.com\/index.php\/2011\/09\/12\/extrait-dune-interview-deric-emmanuel-schmitt\/#primaryimage\",\"inLanguage\":\"fr-FR\",\"url\":\"https:\/\/www.dominiqueduvivier.com\/wp-content\/uploads\/2011\/09\/6a010534fb5e0e970b014e8b6d367e970d-pi.jpg\",\"contentUrl\":\"https:\/\/www.dominiqueduvivier.com\/wp-content\/uploads\/2011\/09\/6a010534fb5e0e970b014e8b6d367e970d-pi.jpg\",\"width\":277,\"height\":182},{\"@type\":\"WebPage\",\"@id\":\"https:\/\/www.dominiqueduvivier.com\/index.php\/2011\/09\/12\/extrait-dune-interview-deric-emmanuel-schmitt\/#webpage\",\"url\":\"https:\/\/www.dominiqueduvivier.com\/index.php\/2011\/09\/12\/extrait-dune-interview-deric-emmanuel-schmitt\/\",\"name\":\"Extrait d'une interview d'Eric-Emmanuel Schmitt - Entretiens avec Dominique Duvivier - Toute la magie de Dominique Duvivier\",\"isPartOf\":{\"@id\":\"https:\/\/www.dominiqueduvivier.com\/#website\"},\"primaryImageOfPage\":{\"@id\":\"https:\/\/www.dominiqueduvivier.com\/index.php\/2011\/09\/12\/extrait-dune-interview-deric-emmanuel-schmitt\/#primaryimage\"},\"datePublished\":\"2011-09-12T00:01:00+00:00\",\"dateModified\":\"2022-01-27T15:37:35+00:00\",\"author\":{\"@id\":\"https:\/\/www.dominiqueduvivier.com\/#\/schema\/person\/677c0bd6d5c5d21949cab39bb529a81c\"},\"breadcrumb\":{\"@id\":\"https:\/\/www.dominiqueduvivier.com\/index.php\/2011\/09\/12\/extrait-dune-interview-deric-emmanuel-schmitt\/#breadcrumb\"},\"inLanguage\":\"fr-FR\",\"potentialAction\":[{\"@type\":\"ReadAction\",\"target\":[\"https:\/\/www.dominiqueduvivier.com\/index.php\/2011\/09\/12\/extrait-dune-interview-deric-emmanuel-schmitt\/\"]}]},{\"@type\":\"BreadcrumbList\",\"@id\":\"https:\/\/www.dominiqueduvivier.com\/index.php\/2011\/09\/12\/extrait-dune-interview-deric-emmanuel-schmitt\/#breadcrumb\",\"itemListElement\":[{\"@type\":\"ListItem\",\"position\":1,\"name\":\"Accueil\",\"item\":\"https:\/\/www.dominiqueduvivier.com\/\"},{\"@type\":\"ListItem\",\"position\":2,\"name\":\"Extrait d&#8217;une interview d&#8217;Eric-Emmanuel Schmitt\"}]},{\"@type\":\"Person\",\"@id\":\"https:\/\/www.dominiqueduvivier.com\/#\/schema\/person\/677c0bd6d5c5d21949cab39bb529a81c\",\"name\":\"Dominique Duvivier\",\"image\":{\"@type\":\"ImageObject\",\"@id\":\"https:\/\/www.dominiqueduvivier.com\/#personlogo\",\"inLanguage\":\"fr-FR\",\"url\":\"https:\/\/www.dominiqueduvivier.com\/wp-content\/uploads\/2019\/04\/Double-Fond-1-2-excl-groupes-10-150x150.jpg\",\"contentUrl\":\"https:\/\/www.dominiqueduvivier.com\/wp-content\/uploads\/2019\/04\/Double-Fond-1-2-excl-groupes-10-150x150.jpg\",\"caption\":\"Dominique Duvivier\"},\"description\":\"\\u2663\\ufe0f Magicien. \\u2666\\ufe0f Ma\\u00eetre de l\\u2019art du #CloseUp. \\u2665\\ufe0f Cr\\u00e9ateur de tours et professeur. \\u2660\\ufe0f Fondateur @ledoublefond et directeur de Mayette Magie.\",\"url\":\"https:\/\/www.dominiqueduvivier.com\/index.php\/author\/dominique-duvivier\/\"}]}<\/script>\n<!-- \/ Yoast SEO plugin. -->","yoast_head_json":{"title":"Extrait d'une interview d'Eric-Emmanuel Schmitt - Entretiens avec Dominique Duvivier - Toute la magie de Dominique Duvivier","robots":{"index":"index","follow":"follow","max-snippet":"max-snippet:-1","max-image-preview":"max-image-preview:large","max-video-preview":"max-video-preview:-1"},"canonical":"https:\/\/www.dominiqueduvivier.com\/index.php\/2011\/09\/12\/extrait-dune-interview-deric-emmanuel-schmitt\/","og_locale":"fr_FR","og_type":"article","og_title":"Extrait d'une interview d'Eric-Emmanuel Schmitt - Entretiens avec Dominique Duvivier - Toute la magie de Dominique Duvivier","og_description":"Je crois que c\u2019est la fonction des livres, des pi\u00e8ces de th\u00e9atre, des films de nous aider \u00e0 vivre. Pour moi, un livre n\u2019est pas une fin en soi. Il ne doit pas \u00eatre admirable pour ce qu\u2019il est mais pour ce qu\u2019il produit chez son lecteur. Un bon livre doit aider \u00e0 mieux vivre, \u00e0 mieux penser, \u00e0 s\u2019harmoniser, parfois \u00e0 guerir. (...) J\u2019aime cette id\u00e9e de s\u2019all\u00e9ger du path\u00e9tique, s\u2019all\u00e9ger de la peur, de l\u2019angoisse. Pratiquer la joie, c\u2019est se mettre en rapport avec ce qui est, se satisfaire de ce qui existe, c\u2019est un rapport au plein. Alors que la tristesse est rapport au vide, au manque. Voil\u00e0 mon trajet de vie : accepter que la vie soit un point d\u2019interrogation joyeux. Le d\u00e9sir de contr\u00f4le est mortif\u00e8re. (...)","og_url":"https:\/\/www.dominiqueduvivier.com\/index.php\/2011\/09\/12\/extrait-dune-interview-deric-emmanuel-schmitt\/","og_site_name":"Entretiens avec Dominique Duvivier - Toute la magie de Dominique Duvivier","article_publisher":"https:\/\/www.facebook.com\/dominique.duvivier.1232\/","article_published_time":"2011-09-12T00:01:00+00:00","article_modified_time":"2022-01-27T15:37:35+00:00","og_image":[{"url":"https:\/\/www.dominiqueduvivier.com\/wp-content\/uploads\/2011\/09\/6a010534fb5e0e970b014e8b6d367e970d-pi.jpg"}],"twitter_card":"summary_large_image","twitter_creator":"@DDUVIVIER","twitter_site":"@DDUVIVIER","twitter_misc":{"\u00c9crit par":"Dominique Duvivier","Dur\u00e9e de lecture estim\u00e9e":"2 minutes"},"schema":{"@context":"https:\/\/schema.org","@graph":[{"@type":"WebSite","@id":"https:\/\/www.dominiqueduvivier.com\/#website","url":"https:\/\/www.dominiqueduvivier.com\/","name":"Entretiens avec Dominique Duvivier - Toute la magie de Dominique Duvivier","description":"Dominique Duvivier | Magicien","potentialAction":[{"@type":"SearchAction","target":{"@type":"EntryPoint","urlTemplate":"https:\/\/www.dominiqueduvivier.com\/?s={search_term_string}"},"query-input":"required name=search_term_string"}],"inLanguage":"fr-FR"},{"@type":"ImageObject","@id":"https:\/\/www.dominiqueduvivier.com\/index.php\/2011\/09\/12\/extrait-dune-interview-deric-emmanuel-schmitt\/#primaryimage","inLanguage":"fr-FR","url":"https:\/\/www.dominiqueduvivier.com\/wp-content\/uploads\/2011\/09\/6a010534fb5e0e970b014e8b6d367e970d-pi.jpg","contentUrl":"https:\/\/www.dominiqueduvivier.com\/wp-content\/uploads\/2011\/09\/6a010534fb5e0e970b014e8b6d367e970d-pi.jpg","width":277,"height":182},{"@type":"WebPage","@id":"https:\/\/www.dominiqueduvivier.com\/index.php\/2011\/09\/12\/extrait-dune-interview-deric-emmanuel-schmitt\/#webpage","url":"https:\/\/www.dominiqueduvivier.com\/index.php\/2011\/09\/12\/extrait-dune-interview-deric-emmanuel-schmitt\/","name":"Extrait d'une interview d'Eric-Emmanuel Schmitt - Entretiens avec Dominique Duvivier - Toute la magie de Dominique Duvivier","isPartOf":{"@id":"https:\/\/www.dominiqueduvivier.com\/#website"},"primaryImageOfPage":{"@id":"https:\/\/www.dominiqueduvivier.com\/index.php\/2011\/09\/12\/extrait-dune-interview-deric-emmanuel-schmitt\/#primaryimage"},"datePublished":"2011-09-12T00:01:00+00:00","dateModified":"2022-01-27T15:37:35+00:00","author":{"@id":"https:\/\/www.dominiqueduvivier.com\/#\/schema\/person\/677c0bd6d5c5d21949cab39bb529a81c"},"breadcrumb":{"@id":"https:\/\/www.dominiqueduvivier.com\/index.php\/2011\/09\/12\/extrait-dune-interview-deric-emmanuel-schmitt\/#breadcrumb"},"inLanguage":"fr-FR","potentialAction":[{"@type":"ReadAction","target":["https:\/\/www.dominiqueduvivier.com\/index.php\/2011\/09\/12\/extrait-dune-interview-deric-emmanuel-schmitt\/"]}]},{"@type":"BreadcrumbList","@id":"https:\/\/www.dominiqueduvivier.com\/index.php\/2011\/09\/12\/extrait-dune-interview-deric-emmanuel-schmitt\/#breadcrumb","itemListElement":[{"@type":"ListItem","position":1,"name":"Accueil","item":"https:\/\/www.dominiqueduvivier.com\/"},{"@type":"ListItem","position":2,"name":"Extrait d&#8217;une interview d&#8217;Eric-Emmanuel Schmitt"}]},{"@type":"Person","@id":"https:\/\/www.dominiqueduvivier.com\/#\/schema\/person\/677c0bd6d5c5d21949cab39bb529a81c","name":"Dominique Duvivier","image":{"@type":"ImageObject","@id":"https:\/\/www.dominiqueduvivier.com\/#personlogo","inLanguage":"fr-FR","url":"https:\/\/www.dominiqueduvivier.com\/wp-content\/uploads\/2019\/04\/Double-Fond-1-2-excl-groupes-10-150x150.jpg","contentUrl":"https:\/\/www.dominiqueduvivier.com\/wp-content\/uploads\/2019\/04\/Double-Fond-1-2-excl-groupes-10-150x150.jpg","caption":"Dominique Duvivier"},"description":"\u2663\ufe0f Magicien. \u2666\ufe0f Ma\u00eetre de l\u2019art du #CloseUp. \u2665\ufe0f Cr\u00e9ateur de tours et professeur. \u2660\ufe0f Fondateur @ledoublefond et directeur de Mayette Magie.","url":"https:\/\/www.dominiqueduvivier.com\/index.php\/author\/dominique-duvivier\/"}]}},"_links":{"self":[{"href":"https:\/\/www.dominiqueduvivier.com\/index.php\/wp-json\/wp\/v2\/posts\/108"}],"collection":[{"href":"https:\/\/www.dominiqueduvivier.com\/index.php\/wp-json\/wp\/v2\/posts"}],"about":[{"href":"https:\/\/www.dominiqueduvivier.com\/index.php\/wp-json\/wp\/v2\/types\/post"}],"author":[{"embeddable":true,"href":"https:\/\/www.dominiqueduvivier.com\/index.php\/wp-json\/wp\/v2\/users\/2"}],"replies":[{"embeddable":true,"href":"https:\/\/www.dominiqueduvivier.com\/index.php\/wp-json\/wp\/v2\/comments?post=108"}],"version-history":[{"count":1,"href":"https:\/\/www.dominiqueduvivier.com\/index.php\/wp-json\/wp\/v2\/posts\/108\/revisions"}],"predecessor-version":[{"id":5771,"href":"https:\/\/www.dominiqueduvivier.com\/index.php\/wp-json\/wp\/v2\/posts\/108\/revisions\/5771"}],"wp:attachment":[{"href":"https:\/\/www.dominiqueduvivier.com\/index.php\/wp-json\/wp\/v2\/media?parent=108"}],"wp:term":[{"taxonomy":"category","embeddable":true,"href":"https:\/\/www.dominiqueduvivier.com\/index.php\/wp-json\/wp\/v2\/categories?post=108"},{"taxonomy":"post_tag","embeddable":true,"href":"https:\/\/www.dominiqueduvivier.com\/index.php\/wp-json\/wp\/v2\/tags?post=108"}],"curies":[{"name":"wp","href":"https:\/\/api.w.org\/{rel}","templated":true}]}}