{"id":10135,"date":"2025-06-09T00:01:00","date_gmt":"2025-06-08T22:01:00","guid":{"rendered":"https:\/\/www.dominiqueduvivier.com\/?p=10135"},"modified":"2025-06-06T14:32:55","modified_gmt":"2025-06-06T12:32:55","slug":"podcast-besoin-de-magie-sur-france-inter-episode-2","status":"publish","type":"post","link":"https:\/\/www.dominiqueduvivier.com\/index.php\/2025\/06\/09\/podcast-besoin-de-magie-sur-france-inter-episode-2\/","title":{"rendered":"Podcast \u00ab\u00a0Besoin de magie\u00a0\u00bb sur France Inter \u00e9pisode 2"},"content":{"rendered":"\n<p>\u00a0\u00ab\u00a0Mais quel est donc ce cursus garanti sans trucage&#8230;<\/p>\n\n\n\n<p>Le Double Fond est une \u00e9cole de Magie \u00e0 Paris reconnue par l&rsquo;\u00e9tat, \u00e9quivalence bac + 2.<\/p>\n\n\n\n<p>Elle attire tout type de profil &#8230; Des jeunes qui veulent s&rsquo;orienter vers un art qui aujourd&rsquo;hui offre de plus en plus de d\u00e9bouch\u00e9s mais aussi des plus \u00e2g\u00e9s qui choisissent de tout plaquer pour changer de m\u00e9tier \u2026<\/p>\n\n\n\n<p>Chapeau !\u00a0\u00bb France Inter<\/p>\n\n\n\n<p>Pour plus d&rsquo;informations et pour vous inscrire, rendez-vous sur : <a href=\"https:\/\/doublefond-formation.com\/\">doublefond-formation.com<\/a><\/p>\n\n\n\n<p>Merci France Inter et merci \u00e0 Sandrine Oudin<\/p>\n\n\n\n<p><\/p>\n","protected":false},"excerpt":{"rendered":"<p>\u00a0\u00ab\u00a0Mais quel est donc ce cursus garanti sans trucage&#8230; Le Double Fond est une \u00e9cole de Magie \u00e0 Paris reconnue par l&rsquo;\u00e9tat, \u00e9quivalence bac + 2. Elle attire tout type de profil &#8230; Des jeunes qui veulent s&rsquo;orienter vers un art qui aujourd&rsquo;hui offre de plus en plus de d\u00e9bouch\u00e9s mais aussi des plus \u00e2g\u00e9s &hellip;<\/p>\n","protected":false},"author":2,"featured_media":10096,"comment_status":"open","ping_status":"open","sticky":false,"template":"","format":"standard","meta":{"_monsterinsights_skip_tracking":false,"_monsterinsights_sitenote_active":false,"_monsterinsights_sitenote_note":"","_monsterinsights_sitenote_category":0,"ngg_post_thumbnail":0},"categories":[216,5,6],"tags":[107,14,153,17,109,101,97,108,133,98,99,27,95,139,141,29,30,105],"yoast_head":"<!-- This site is optimized with the Yoast SEO plugin v17.9 - https:\/\/yoast.com\/wordpress\/plugins\/seo\/ -->\n<title>Podcast &quot;Besoin de magie&quot; sur France Inter \u00e9pisode 2 - Entretiens avec Dominique Duvivier - Toute la magie de Dominique Duvivier<\/title>\n<meta name=\"description\" content=\"Voici la 117 \u00e8me \u00e9mission de mon podcast, enregistr\u00e9e le 6 novembre 2021.\" \/>\n<meta name=\"robots\" content=\"index, follow, max-snippet:-1, max-image-preview:large, max-video-preview:-1\" \/>\n<link rel=\"canonical\" href=\"https:\/\/www.dominiqueduvivier.com\/index.php\/2025\/06\/09\/podcast-besoin-de-magie-sur-france-inter-episode-2\/\" \/>\n<meta property=\"og:locale\" content=\"fr_FR\" \/>\n<meta property=\"og:type\" content=\"article\" \/>\n<meta property=\"og:title\" content=\"Podcast &quot;Besoin de magie&quot; sur France Inter \u00e9pisode 2 - Entretiens avec Dominique Duvivier - Toute la magie de Dominique Duvivier\" \/>\n<meta property=\"og:description\" content=\"Voici la 117 \u00e8me \u00e9mission de mon podcast, enregistr\u00e9e le 6 novembre 2021.\" \/>\n<meta property=\"og:url\" content=\"https:\/\/www.dominiqueduvivier.com\/index.php\/2025\/06\/09\/podcast-besoin-de-magie-sur-france-inter-episode-2\/\" \/>\n<meta property=\"og:site_name\" content=\"Entretiens avec Dominique Duvivier - Toute la magie de Dominique Duvivier\" \/>\n<meta property=\"article:publisher\" content=\"https:\/\/www.facebook.com\/dominique.duvivier.1232\/\" \/>\n<meta property=\"article:published_time\" content=\"2025-06-08T22:01:00+00:00\" \/>\n<meta property=\"article:modified_time\" content=\"2025-06-06T12:32:55+00:00\" \/>\n<meta property=\"og:image\" content=\"https:\/\/www.dominiqueduvivier.com\/wp-content\/uploads\/2025\/04\/400x400_sc_les-bonnes-ondes.jpg\" \/>\n\t<meta property=\"og:image:width\" content=\"400\" \/>\n\t<meta property=\"og:image:height\" content=\"400\" \/>\n\t<meta property=\"og:image:type\" content=\"image\/jpeg\" \/>\n<meta name=\"twitter:card\" content=\"summary_large_image\" \/>\n<meta name=\"twitter:creator\" content=\"@DDUVIVIER\" \/>\n<meta name=\"twitter:site\" content=\"@DDUVIVIER\" \/>\n<meta name=\"twitter:label1\" content=\"\u00c9crit par\" \/>\n\t<meta name=\"twitter:data1\" content=\"Dominique Duvivier\" \/>\n\t<meta name=\"twitter:label2\" content=\"Dur\u00e9e de lecture estim\u00e9e\" \/>\n\t<meta name=\"twitter:data2\" content=\"1 minute\" \/>\n<script type=\"application\/ld+json\" class=\"yoast-schema-graph\">{\"@context\":\"https:\/\/schema.org\",\"@graph\":[{\"@type\":\"WebSite\",\"@id\":\"https:\/\/www.dominiqueduvivier.com\/#website\",\"url\":\"https:\/\/www.dominiqueduvivier.com\/\",\"name\":\"Entretiens avec Dominique Duvivier - Toute la magie de Dominique Duvivier\",\"description\":\"Dominique Duvivier | Magicien\",\"potentialAction\":[{\"@type\":\"SearchAction\",\"target\":{\"@type\":\"EntryPoint\",\"urlTemplate\":\"https:\/\/www.dominiqueduvivier.com\/?s={search_term_string}\"},\"query-input\":\"required name=search_term_string\"}],\"inLanguage\":\"fr-FR\"},{\"@type\":\"ImageObject\",\"@id\":\"https:\/\/www.dominiqueduvivier.com\/index.php\/2025\/06\/09\/podcast-besoin-de-magie-sur-france-inter-episode-2\/#primaryimage\",\"inLanguage\":\"fr-FR\",\"url\":\"https:\/\/www.dominiqueduvivier.com\/wp-content\/uploads\/2025\/04\/400x400_sc_les-bonnes-ondes.jpg\",\"contentUrl\":\"https:\/\/www.dominiqueduvivier.com\/wp-content\/uploads\/2025\/04\/400x400_sc_les-bonnes-ondes.jpg\",\"width\":400,\"height\":400},{\"@type\":\"WebPage\",\"@id\":\"https:\/\/www.dominiqueduvivier.com\/index.php\/2025\/06\/09\/podcast-besoin-de-magie-sur-france-inter-episode-2\/#webpage\",\"url\":\"https:\/\/www.dominiqueduvivier.com\/index.php\/2025\/06\/09\/podcast-besoin-de-magie-sur-france-inter-episode-2\/\",\"name\":\"Podcast \\\"Besoin de magie\\\" sur France Inter \\u00e9pisode 2 - Entretiens avec Dominique Duvivier - Toute la magie de Dominique Duvivier\",\"isPartOf\":{\"@id\":\"https:\/\/www.dominiqueduvivier.com\/#website\"},\"primaryImageOfPage\":{\"@id\":\"https:\/\/www.dominiqueduvivier.com\/index.php\/2025\/06\/09\/podcast-besoin-de-magie-sur-france-inter-episode-2\/#primaryimage\"},\"datePublished\":\"2025-06-08T22:01:00+00:00\",\"dateModified\":\"2025-06-06T12:32:55+00:00\",\"author\":{\"@id\":\"https:\/\/www.dominiqueduvivier.com\/#\/schema\/person\/677c0bd6d5c5d21949cab39bb529a81c\"},\"description\":\"Voici la 117 \\u00e8me \\u00e9mission de mon podcast, enregistr\\u00e9e le 6 novembre 2021.\",\"breadcrumb\":{\"@id\":\"https:\/\/www.dominiqueduvivier.com\/index.php\/2025\/06\/09\/podcast-besoin-de-magie-sur-france-inter-episode-2\/#breadcrumb\"},\"inLanguage\":\"fr-FR\",\"potentialAction\":[{\"@type\":\"ReadAction\",\"target\":[\"https:\/\/www.dominiqueduvivier.com\/index.php\/2025\/06\/09\/podcast-besoin-de-magie-sur-france-inter-episode-2\/\"]}]},{\"@type\":\"BreadcrumbList\",\"@id\":\"https:\/\/www.dominiqueduvivier.com\/index.php\/2025\/06\/09\/podcast-besoin-de-magie-sur-france-inter-episode-2\/#breadcrumb\",\"itemListElement\":[{\"@type\":\"ListItem\",\"position\":1,\"name\":\"Accueil\",\"item\":\"https:\/\/www.dominiqueduvivier.com\/\"},{\"@type\":\"ListItem\",\"position\":2,\"name\":\"Podcast \\u00ab\\u00a0Besoin de magie\\u00a0\\u00bb sur France Inter \\u00e9pisode 2\"}]},{\"@type\":\"Person\",\"@id\":\"https:\/\/www.dominiqueduvivier.com\/#\/schema\/person\/677c0bd6d5c5d21949cab39bb529a81c\",\"name\":\"Dominique Duvivier\",\"image\":{\"@type\":\"ImageObject\",\"@id\":\"https:\/\/www.dominiqueduvivier.com\/#personlogo\",\"inLanguage\":\"fr-FR\",\"url\":\"https:\/\/www.dominiqueduvivier.com\/wp-content\/uploads\/2019\/04\/Double-Fond-1-2-excl-groupes-10-150x150.jpg\",\"contentUrl\":\"https:\/\/www.dominiqueduvivier.com\/wp-content\/uploads\/2019\/04\/Double-Fond-1-2-excl-groupes-10-150x150.jpg\",\"caption\":\"Dominique Duvivier\"},\"description\":\"\\u2663\\ufe0f Magicien. \\u2666\\ufe0f Ma\\u00eetre de l\\u2019art du #CloseUp. \\u2665\\ufe0f Cr\\u00e9ateur de tours et professeur. \\u2660\\ufe0f Fondateur @ledoublefond et directeur de Mayette Magie.\",\"url\":\"https:\/\/www.dominiqueduvivier.com\/index.php\/author\/dominique-duvivier\/\"}]}<\/script>\n<!-- \/ Yoast SEO plugin. -->","yoast_head_json":{"title":"Podcast \"Besoin de magie\" sur France Inter \u00e9pisode 2 - Entretiens avec Dominique Duvivier - Toute la magie de Dominique Duvivier","description":"Voici la 117 \u00e8me \u00e9mission de mon podcast, enregistr\u00e9e le 6 novembre 2021.","robots":{"index":"index","follow":"follow","max-snippet":"max-snippet:-1","max-image-preview":"max-image-preview:large","max-video-preview":"max-video-preview:-1"},"canonical":"https:\/\/www.dominiqueduvivier.com\/index.php\/2025\/06\/09\/podcast-besoin-de-magie-sur-france-inter-episode-2\/","og_locale":"fr_FR","og_type":"article","og_title":"Podcast \"Besoin de magie\" sur France Inter \u00e9pisode 2 - Entretiens avec Dominique Duvivier - Toute la magie de Dominique Duvivier","og_description":"Voici la 117 \u00e8me \u00e9mission de mon podcast, enregistr\u00e9e le 6 novembre 2021.","og_url":"https:\/\/www.dominiqueduvivier.com\/index.php\/2025\/06\/09\/podcast-besoin-de-magie-sur-france-inter-episode-2\/","og_site_name":"Entretiens avec Dominique Duvivier - Toute la magie de Dominique Duvivier","article_publisher":"https:\/\/www.facebook.com\/dominique.duvivier.1232\/","article_published_time":"2025-06-08T22:01:00+00:00","article_modified_time":"2025-06-06T12:32:55+00:00","og_image":[{"width":400,"height":400,"url":"https:\/\/www.dominiqueduvivier.com\/wp-content\/uploads\/2025\/04\/400x400_sc_les-bonnes-ondes.jpg","type":"image\/jpeg"}],"twitter_card":"summary_large_image","twitter_creator":"@DDUVIVIER","twitter_site":"@DDUVIVIER","twitter_misc":{"\u00c9crit par":"Dominique Duvivier","Dur\u00e9e de lecture estim\u00e9e":"1 minute"},"schema":{"@context":"https:\/\/schema.org","@graph":[{"@type":"WebSite","@id":"https:\/\/www.dominiqueduvivier.com\/#website","url":"https:\/\/www.dominiqueduvivier.com\/","name":"Entretiens avec Dominique Duvivier - Toute la magie de Dominique Duvivier","description":"Dominique Duvivier | Magicien","potentialAction":[{"@type":"SearchAction","target":{"@type":"EntryPoint","urlTemplate":"https:\/\/www.dominiqueduvivier.com\/?s={search_term_string}"},"query-input":"required name=search_term_string"}],"inLanguage":"fr-FR"},{"@type":"ImageObject","@id":"https:\/\/www.dominiqueduvivier.com\/index.php\/2025\/06\/09\/podcast-besoin-de-magie-sur-france-inter-episode-2\/#primaryimage","inLanguage":"fr-FR","url":"https:\/\/www.dominiqueduvivier.com\/wp-content\/uploads\/2025\/04\/400x400_sc_les-bonnes-ondes.jpg","contentUrl":"https:\/\/www.dominiqueduvivier.com\/wp-content\/uploads\/2025\/04\/400x400_sc_les-bonnes-ondes.jpg","width":400,"height":400},{"@type":"WebPage","@id":"https:\/\/www.dominiqueduvivier.com\/index.php\/2025\/06\/09\/podcast-besoin-de-magie-sur-france-inter-episode-2\/#webpage","url":"https:\/\/www.dominiqueduvivier.com\/index.php\/2025\/06\/09\/podcast-besoin-de-magie-sur-france-inter-episode-2\/","name":"Podcast \"Besoin de magie\" sur France Inter \u00e9pisode 2 - Entretiens avec Dominique Duvivier - Toute la magie de Dominique Duvivier","isPartOf":{"@id":"https:\/\/www.dominiqueduvivier.com\/#website"},"primaryImageOfPage":{"@id":"https:\/\/www.dominiqueduvivier.com\/index.php\/2025\/06\/09\/podcast-besoin-de-magie-sur-france-inter-episode-2\/#primaryimage"},"datePublished":"2025-06-08T22:01:00+00:00","dateModified":"2025-06-06T12:32:55+00:00","author":{"@id":"https:\/\/www.dominiqueduvivier.com\/#\/schema\/person\/677c0bd6d5c5d21949cab39bb529a81c"},"description":"Voici la 117 \u00e8me \u00e9mission de mon podcast, enregistr\u00e9e le 6 novembre 2021.","breadcrumb":{"@id":"https:\/\/www.dominiqueduvivier.com\/index.php\/2025\/06\/09\/podcast-besoin-de-magie-sur-france-inter-episode-2\/#breadcrumb"},"inLanguage":"fr-FR","potentialAction":[{"@type":"ReadAction","target":["https:\/\/www.dominiqueduvivier.com\/index.php\/2025\/06\/09\/podcast-besoin-de-magie-sur-france-inter-episode-2\/"]}]},{"@type":"BreadcrumbList","@id":"https:\/\/www.dominiqueduvivier.com\/index.php\/2025\/06\/09\/podcast-besoin-de-magie-sur-france-inter-episode-2\/#breadcrumb","itemListElement":[{"@type":"ListItem","position":1,"name":"Accueil","item":"https:\/\/www.dominiqueduvivier.com\/"},{"@type":"ListItem","position":2,"name":"Podcast \u00ab\u00a0Besoin de magie\u00a0\u00bb sur France Inter \u00e9pisode 2"}]},{"@type":"Person","@id":"https:\/\/www.dominiqueduvivier.com\/#\/schema\/person\/677c0bd6d5c5d21949cab39bb529a81c","name":"Dominique Duvivier","image":{"@type":"ImageObject","@id":"https:\/\/www.dominiqueduvivier.com\/#personlogo","inLanguage":"fr-FR","url":"https:\/\/www.dominiqueduvivier.com\/wp-content\/uploads\/2019\/04\/Double-Fond-1-2-excl-groupes-10-150x150.jpg","contentUrl":"https:\/\/www.dominiqueduvivier.com\/wp-content\/uploads\/2019\/04\/Double-Fond-1-2-excl-groupes-10-150x150.jpg","caption":"Dominique Duvivier"},"description":"\u2663\ufe0f Magicien. \u2666\ufe0f Ma\u00eetre de l\u2019art du #CloseUp. \u2665\ufe0f Cr\u00e9ateur de tours et professeur. \u2660\ufe0f Fondateur @ledoublefond et directeur de Mayette Magie.","url":"https:\/\/www.dominiqueduvivier.com\/index.php\/author\/dominique-duvivier\/"}]}},"_links":{"self":[{"href":"https:\/\/www.dominiqueduvivier.com\/index.php\/wp-json\/wp\/v2\/posts\/10135"}],"collection":[{"href":"https:\/\/www.dominiqueduvivier.com\/index.php\/wp-json\/wp\/v2\/posts"}],"about":[{"href":"https:\/\/www.dominiqueduvivier.com\/index.php\/wp-json\/wp\/v2\/types\/post"}],"author":[{"embeddable":true,"href":"https:\/\/www.dominiqueduvivier.com\/index.php\/wp-json\/wp\/v2\/users\/2"}],"replies":[{"embeddable":true,"href":"https:\/\/www.dominiqueduvivier.com\/index.php\/wp-json\/wp\/v2\/comments?post=10135"}],"version-history":[{"count":1,"href":"https:\/\/www.dominiqueduvivier.com\/index.php\/wp-json\/wp\/v2\/posts\/10135\/revisions"}],"predecessor-version":[{"id":10136,"href":"https:\/\/www.dominiqueduvivier.com\/index.php\/wp-json\/wp\/v2\/posts\/10135\/revisions\/10136"}],"wp:featuredmedia":[{"embeddable":true,"href":"https:\/\/www.dominiqueduvivier.com\/index.php\/wp-json\/wp\/v2\/media\/10096"}],"wp:attachment":[{"href":"https:\/\/www.dominiqueduvivier.com\/index.php\/wp-json\/wp\/v2\/media?parent=10135"}],"wp:term":[{"taxonomy":"category","embeddable":true,"href":"https:\/\/www.dominiqueduvivier.com\/index.php\/wp-json\/wp\/v2\/categories?post=10135"},{"taxonomy":"post_tag","embeddable":true,"href":"https:\/\/www.dominiqueduvivier.com\/index.php\/wp-json\/wp\/v2\/tags?post=10135"}],"curies":[{"name":"wp","href":"https:\/\/api.w.org\/{rel}","templated":true}]}}